{"id":13969,"date":"2019-01-11T15:23:44","date_gmt":"2019-01-11T15:23:44","guid":{"rendered":"http:\/\/quehacerpolitico.mx\/declara-amlo-a-2019-ano-de-emiliano-zapata\/"},"modified":"2019-01-11T15:23:44","modified_gmt":"2019-01-11T15:23:44","slug":"declara-amlo-a-2019-ano-de-emiliano-zapata","status":"publish","type":"post","link":"https:\/\/quehacerpolitico.mx\/?p=13969","title":{"rendered":"Declara AMLO a 2019 A\u00f1o de Emiliano Zapata"},"content":{"rendered":"<h1 class=\"amp-wp-title\">Declara AMLO a 2019 A\u00f1o de Emiliano Zapata<\/h1>\n<p>Por Redacci\u00f3n QP<\/p>\n<p>El presidente Andr\u00e9s Manuel L\u00f3pez Obrador inform\u00f3 que 2019 se declarar\u00e1 como el A\u00f1o de Emiliano Zapata Salazar, como homenaje al h\u00e9roe de la Revoluci\u00f3n Mexicana.<\/p>\n<blockquote>\n<p>\u201cEl mejor homenaje que se le va a rendir es que el Gobierno surgi\u00f3 del pueblo y va a dar respuesta a las demandas de los mexicanos sobre todo va a atender a la gente m\u00e1s humilde\u201d, afirm\u00f3 L\u00f3pez Obrador.<\/p>\n<\/blockquote>\n<p>Jorge Zapata Gonz\u00e1lez, nieto del icono revolucionario, expres\u00f3 el\u00a0apoyo incondicional de la familia Zapata al mandatario mexicano y record\u00f3 que su abuelo no quiso sentarse en la silla presidencial durante la Revoluci\u00f3n, porque esta enfermaba a quien lo hac\u00eda.<\/p>\n<blockquote>\n<p>\u201cHoy en este lugar estamos con el hombre con el que se pueden cumplir esos anhelos (\u2026) M\u00e9xico tiene una deuda pendiente con los ind\u00edgenas y campesinos pero estamos seguros de que este Gobierno podr\u00e1 reivindicar las cosas\u201d, afirm\u00f3 Zapata Gonz\u00e1lez respecto a que L\u00f3pez Obrador encarna los ideales zapatistas.<\/p>\n<\/blockquote>\n<p>Tambi\u00e9n, le reiter\u00f3 al presidente que tiene el total apoyo del verdadero movimiento zapatista, distinto al Ej\u00e9rcito Zapatista de Liberaci\u00f3n Nacional (EZLN) que ya se expres\u00f3 contra el proyecto del Tren Maya.<\/p>\n<p>Previamente, el presidente recalc\u00f3 que su Gobierno emprendi\u00f3 acciones para sacar a las personas de la pobreza como las becas para aprendices y el apoyo para ni\u00f1os y ni\u00f1as de escasos recursos con alguna discapacidad.<\/p>\n<blockquote>\n<p>\u201cEn el campo los j\u00f3venes recibir\u00e1n becas para aprender\u201d, se\u00f1al\u00f3 respecto a que habr\u00e1 m\u00e1s oportunidades para los campesinos.<\/p>\n<blockquote class=\"twitter-tweet\" data-width=\"550\" data-dnt=\"true\">\n<p lang=\"es\" dir=\"ltr\">\u00bfY ustedes qu\u00e9 tan &#39;Emiliano Zapata&#39; amanecieron este viernes?<\/p>\n<p>\ud83d\ude4a\ud83e\uddd3<\/p>\n<p>(\ud83d\udcfd <a href=\"https:\/\/twitter.com\/ObturadorMX_?ref_src=twsrc%5Etfw\">@ObturadorMX_<\/a>) <a href=\"https:\/\/t.co\/Ex55eJAfCt\">pic.twitter.com\/Ex55eJAfCt<\/a><\/p>\n<p>&mdash; Ruido en la Red (@RuidoEnLaRed) <a href=\"https:\/\/twitter.com\/RuidoEnLaRed\/status\/1083736783165313029?ref_src=twsrc%5Etfw\">January 11, 2019<\/a><\/p><\/blockquote>\n<p><script async src=\"https:\/\/platform.twitter.com\/widgets.js\" charset=\"utf-8\"><\/script><\/p>\n<\/blockquote>\n","protected":false},"excerpt":{"rendered":"<p>Declara AMLO a 2019 A\u00f1o de Emiliano Zapata<br \/>\nPor Redacci\u00f3n QP<\/p>\n","protected":false},"author":2,"featured_media":13968,"comment_status":"open","ping_status":"open","sticky":false,"template":"","format":"standard","meta":{"_monsterinsights_skip_tracking":false,"_monsterinsights_sitenote_active":false,"_monsterinsights_sitenote_note":"","_monsterinsights_sitenote_category":0,"footnotes":""},"categories":[2],"tags":[],"class_list":["post-13969","post","type-post","status-publish","format-standard","has-post-thumbnail","hentry","category-noticias"],"yoast_head":"<!-- This site is optimized with the Yoast SEO plugin v27.3 - https:\/\/yoast.com\/product\/yoast-seo-wordpress\/ -->\n<title>Declara AMLO a 2019 A\u00f1o de Emiliano Zapata -<\/title>\n<meta name=\"robots\" content=\"index, follow, max-snippet:-1, max-image-preview:large, max-video-preview:-1\" \/>\n<link rel=\"canonical\" href=\"https:\/\/quehacerpolitico.mx\/?p=13969\" \/>\n<meta property=\"og:locale\" content=\"es_MX\" \/>\n<meta property=\"og:type\" content=\"article\" \/>\n<meta property=\"og:title\" content=\"Declara AMLO a 2019 A\u00f1o de Emiliano Zapata -\" \/>\n<meta property=\"og:description\" content=\"Declara AMLO a 2019 A\u00f1o de Emiliano Zapata Por Redacci\u00f3n QP\" \/>\n<meta property=\"og:url\" content=\"https:\/\/quehacerpolitico.mx\/?p=13969\" \/>\n<meta property=\"article:published_time\" content=\"2019-01-11T15:23:44+00:00\" \/>\n<meta name=\"author\" content=\"Redacci\u00f3n QP\" \/>\n<meta name=\"twitter:card\" content=\"summary_large_image\" \/>\n<meta name=\"twitter:label1\" content=\"Escrito por\" \/>\n\t<meta name=\"twitter:data1\" content=\"Redacci\u00f3n QP\" \/>\n\t<meta name=\"twitter:label2\" content=\"Tiempo de lectura\" \/>\n\t<meta name=\"twitter:data2\" content=\"1 minuto\" \/>\n<script type=\"application\/ld+json\" class=\"yoast-schema-graph\">{\"@context\":\"https:\\\/\\\/schema.org\",\"@graph\":[{\"@type\":\"Article\",\"@id\":\"https:\\\/\\\/quehacerpolitico.mx\\\/?p=13969#article\",\"isPartOf\":{\"@id\":\"https:\\\/\\\/quehacerpolitico.mx\\\/?p=13969\"},\"author\":{\"name\":\"Redacci\u00f3n QP\",\"@id\":\"https:\\\/\\\/quehacerpolitico.mx\\\/#\\\/schema\\\/person\\\/496d8ad2d1d3f8036101dca7ee39e585\"},\"headline\":\"Declara AMLO a 2019 A\u00f1o de Emiliano Zapata\",\"datePublished\":\"2019-01-11T15:23:44+00:00\",\"mainEntityOfPage\":{\"@id\":\"https:\\\/\\\/quehacerpolitico.mx\\\/?p=13969\"},\"wordCount\":289,\"commentCount\":0,\"image\":{\"@id\":\"https:\\\/\\\/quehacerpolitico.mx\\\/?p=13969#primaryimage\"},\"thumbnailUrl\":\"\",\"articleSection\":[\"Noticias\"],\"inLanguage\":\"es\",\"potentialAction\":[{\"@type\":\"CommentAction\",\"name\":\"Comment\",\"target\":[\"https:\\\/\\\/quehacerpolitico.mx\\\/?p=13969#respond\"]}]},{\"@type\":\"WebPage\",\"@id\":\"https:\\\/\\\/quehacerpolitico.mx\\\/?p=13969\",\"url\":\"https:\\\/\\\/quehacerpolitico.mx\\\/?p=13969\",\"name\":\"Declara AMLO a 2019 A\u00f1o de Emiliano Zapata -\",\"isPartOf\":{\"@id\":\"https:\\\/\\\/quehacerpolitico.mx\\\/#website\"},\"primaryImageOfPage\":{\"@id\":\"https:\\\/\\\/quehacerpolitico.mx\\\/?p=13969#primaryimage\"},\"image\":{\"@id\":\"https:\\\/\\\/quehacerpolitico.mx\\\/?p=13969#primaryimage\"},\"thumbnailUrl\":\"\",\"datePublished\":\"2019-01-11T15:23:44+00:00\",\"author\":{\"@id\":\"https:\\\/\\\/quehacerpolitico.mx\\\/#\\\/schema\\\/person\\\/496d8ad2d1d3f8036101dca7ee39e585\"},\"breadcrumb\":{\"@id\":\"https:\\\/\\\/quehacerpolitico.mx\\\/?p=13969#breadcrumb\"},\"inLanguage\":\"es\",\"potentialAction\":[{\"@type\":\"ReadAction\",\"target\":[\"https:\\\/\\\/quehacerpolitico.mx\\\/?p=13969\"]}]},{\"@type\":\"ImageObject\",\"inLanguage\":\"es\",\"@id\":\"https:\\\/\\\/quehacerpolitico.mx\\\/?p=13969#primaryimage\",\"url\":\"\",\"contentUrl\":\"\"},{\"@type\":\"BreadcrumbList\",\"@id\":\"https:\\\/\\\/quehacerpolitico.mx\\\/?p=13969#breadcrumb\",\"itemListElement\":[{\"@type\":\"ListItem\",\"position\":1,\"name\":\"Inicio\",\"item\":\"https:\\\/\\\/quehacerpolitico.mx\\\/\"},{\"@type\":\"ListItem\",\"position\":2,\"name\":\"Declara AMLO a 2019 A\u00f1o de Emiliano Zapata\"}]},{\"@type\":\"WebSite\",\"@id\":\"https:\\\/\\\/quehacerpolitico.mx\\\/#website\",\"url\":\"https:\\\/\\\/quehacerpolitico.mx\\\/\",\"name\":\"\",\"description\":\"\",\"potentialAction\":[{\"@type\":\"SearchAction\",\"target\":{\"@type\":\"EntryPoint\",\"urlTemplate\":\"https:\\\/\\\/quehacerpolitico.mx\\\/?s={search_term_string}\"},\"query-input\":{\"@type\":\"PropertyValueSpecification\",\"valueRequired\":true,\"valueName\":\"search_term_string\"}}],\"inLanguage\":\"es\"},{\"@type\":\"Person\",\"@id\":\"https:\\\/\\\/quehacerpolitico.mx\\\/#\\\/schema\\\/person\\\/496d8ad2d1d3f8036101dca7ee39e585\",\"name\":\"Redacci\u00f3n QP\",\"image\":{\"@type\":\"ImageObject\",\"inLanguage\":\"es\",\"@id\":\"https:\\\/\\\/secure.gravatar.com\\\/avatar\\\/c7164ed6fdec453195284ad24a5ae5b6e1eed2b848477fa2a4787ba9adf39a41?s=96&d=mm&r=g\",\"url\":\"https:\\\/\\\/secure.gravatar.com\\\/avatar\\\/c7164ed6fdec453195284ad24a5ae5b6e1eed2b848477fa2a4787ba9adf39a41?s=96&d=mm&r=g\",\"contentUrl\":\"https:\\\/\\\/secure.gravatar.com\\\/avatar\\\/c7164ed6fdec453195284ad24a5ae5b6e1eed2b848477fa2a4787ba9adf39a41?s=96&d=mm&r=g\",\"caption\":\"Redacci\u00f3n QP\"},\"url\":\"https:\\\/\\\/quehacerpolitico.mx\\\/?author=2\"}]}<\/script>\n<!-- \/ Yoast SEO plugin. -->","yoast_head_json":{"title":"Declara AMLO a 2019 A\u00f1o de Emiliano Zapata -","robots":{"index":"index","follow":"follow","max-snippet":"max-snippet:-1","max-image-preview":"max-image-preview:large","max-video-preview":"max-video-preview:-1"},"canonical":"https:\/\/quehacerpolitico.mx\/?p=13969","og_locale":"es_MX","og_type":"article","og_title":"Declara AMLO a 2019 A\u00f1o de Emiliano Zapata -","og_description":"Declara AMLO a 2019 A\u00f1o de Emiliano Zapata Por Redacci\u00f3n QP","og_url":"https:\/\/quehacerpolitico.mx\/?p=13969","article_published_time":"2019-01-11T15:23:44+00:00","author":"Redacci\u00f3n QP","twitter_card":"summary_large_image","twitter_misc":{"Escrito por":"Redacci\u00f3n QP","Tiempo de lectura":"1 minuto"},"schema":{"@context":"https:\/\/schema.org","@graph":[{"@type":"Article","@id":"https:\/\/quehacerpolitico.mx\/?p=13969#article","isPartOf":{"@id":"https:\/\/quehacerpolitico.mx\/?p=13969"},"author":{"name":"Redacci\u00f3n QP","@id":"https:\/\/quehacerpolitico.mx\/#\/schema\/person\/496d8ad2d1d3f8036101dca7ee39e585"},"headline":"Declara AMLO a 2019 A\u00f1o de Emiliano Zapata","datePublished":"2019-01-11T15:23:44+00:00","mainEntityOfPage":{"@id":"https:\/\/quehacerpolitico.mx\/?p=13969"},"wordCount":289,"commentCount":0,"image":{"@id":"https:\/\/quehacerpolitico.mx\/?p=13969#primaryimage"},"thumbnailUrl":"","articleSection":["Noticias"],"inLanguage":"es","potentialAction":[{"@type":"CommentAction","name":"Comment","target":["https:\/\/quehacerpolitico.mx\/?p=13969#respond"]}]},{"@type":"WebPage","@id":"https:\/\/quehacerpolitico.mx\/?p=13969","url":"https:\/\/quehacerpolitico.mx\/?p=13969","name":"Declara AMLO a 2019 A\u00f1o de Emiliano Zapata -","isPartOf":{"@id":"https:\/\/quehacerpolitico.mx\/#website"},"primaryImageOfPage":{"@id":"https:\/\/quehacerpolitico.mx\/?p=13969#primaryimage"},"image":{"@id":"https:\/\/quehacerpolitico.mx\/?p=13969#primaryimage"},"thumbnailUrl":"","datePublished":"2019-01-11T15:23:44+00:00","author":{"@id":"https:\/\/quehacerpolitico.mx\/#\/schema\/person\/496d8ad2d1d3f8036101dca7ee39e585"},"breadcrumb":{"@id":"https:\/\/quehacerpolitico.mx\/?p=13969#breadcrumb"},"inLanguage":"es","potentialAction":[{"@type":"ReadAction","target":["https:\/\/quehacerpolitico.mx\/?p=13969"]}]},{"@type":"ImageObject","inLanguage":"es","@id":"https:\/\/quehacerpolitico.mx\/?p=13969#primaryimage","url":"","contentUrl":""},{"@type":"BreadcrumbList","@id":"https:\/\/quehacerpolitico.mx\/?p=13969#breadcrumb","itemListElement":[{"@type":"ListItem","position":1,"name":"Inicio","item":"https:\/\/quehacerpolitico.mx\/"},{"@type":"ListItem","position":2,"name":"Declara AMLO a 2019 A\u00f1o de Emiliano Zapata"}]},{"@type":"WebSite","@id":"https:\/\/quehacerpolitico.mx\/#website","url":"https:\/\/quehacerpolitico.mx\/","name":"","description":"","potentialAction":[{"@type":"SearchAction","target":{"@type":"EntryPoint","urlTemplate":"https:\/\/quehacerpolitico.mx\/?s={search_term_string}"},"query-input":{"@type":"PropertyValueSpecification","valueRequired":true,"valueName":"search_term_string"}}],"inLanguage":"es"},{"@type":"Person","@id":"https:\/\/quehacerpolitico.mx\/#\/schema\/person\/496d8ad2d1d3f8036101dca7ee39e585","name":"Redacci\u00f3n QP","image":{"@type":"ImageObject","inLanguage":"es","@id":"https:\/\/secure.gravatar.com\/avatar\/c7164ed6fdec453195284ad24a5ae5b6e1eed2b848477fa2a4787ba9adf39a41?s=96&d=mm&r=g","url":"https:\/\/secure.gravatar.com\/avatar\/c7164ed6fdec453195284ad24a5ae5b6e1eed2b848477fa2a4787ba9adf39a41?s=96&d=mm&r=g","contentUrl":"https:\/\/secure.gravatar.com\/avatar\/c7164ed6fdec453195284ad24a5ae5b6e1eed2b848477fa2a4787ba9adf39a41?s=96&d=mm&r=g","caption":"Redacci\u00f3n QP"},"url":"https:\/\/quehacerpolitico.mx\/?author=2"}]}},"featured_image_urls":{"full":"","thumbnail":"","medium":"","medium_large":"","large":"","1536x1536":"","2048x2048":"","covernews-featured":"","covernews-medium":""},"author_info":{"display_name":"Redacci\u00f3n QP","author_link":"https:\/\/quehacerpolitico.mx\/?author=2"},"category_info":"<a href=\"https:\/\/quehacerpolitico.mx\/?cat=2\" rel=\"category\">Noticias<\/a>","tag_info":"Noticias","comment_count":"0","_links":{"self":[{"href":"https:\/\/quehacerpolitico.mx\/index.php?rest_route=\/wp\/v2\/posts\/13969","targetHints":{"allow":["GET"]}}],"collection":[{"href":"https:\/\/quehacerpolitico.mx\/index.php?rest_route=\/wp\/v2\/posts"}],"about":[{"href":"https:\/\/quehacerpolitico.mx\/index.php?rest_route=\/wp\/v2\/types\/post"}],"author":[{"embeddable":true,"href":"https:\/\/quehacerpolitico.mx\/index.php?rest_route=\/wp\/v2\/users\/2"}],"replies":[{"embeddable":true,"href":"https:\/\/quehacerpolitico.mx\/index.php?rest_route=%2Fwp%2Fv2%2Fcomments&post=13969"}],"version-history":[{"count":0,"href":"https:\/\/quehacerpolitico.mx\/index.php?rest_route=\/wp\/v2\/posts\/13969\/revisions"}],"wp:featuredmedia":[{"embeddable":true,"href":"https:\/\/quehacerpolitico.mx\/index.php?rest_route=\/"}],"wp:attachment":[{"href":"https:\/\/quehacerpolitico.mx\/index.php?rest_route=%2Fwp%2Fv2%2Fmedia&parent=13969"}],"wp:term":[{"taxonomy":"category","embeddable":true,"href":"https:\/\/quehacerpolitico.mx\/index.php?rest_route=%2Fwp%2Fv2%2Fcategories&post=13969"},{"taxonomy":"post_tag","embeddable":true,"href":"https:\/\/quehacerpolitico.mx\/index.php?rest_route=%2Fwp%2Fv2%2Ftags&post=13969"}],"curies":[{"name":"wp","href":"https:\/\/api.w.org\/{rel}","templated":true}]}}