{"id":13963,"date":"2019-01-11T15:08:56","date_gmt":"2019-01-11T15:08:56","guid":{"rendered":"http:\/\/quehacerpolitico.mx\/los-soldados-son-gente-del-pueblo-solo-que-uniformados-confien-en-la-guardia-nacional-amlo\/"},"modified":"2019-01-11T15:08:56","modified_gmt":"2019-01-11T15:08:56","slug":"los-soldados-son-gente-del-pueblo-solo-que-uniformados-confien-en-la-guardia-nacional-amlo","status":"publish","type":"post","link":"https:\/\/quehacerpolitico.mx\/?p=13963","title":{"rendered":"Los soldados son gente del pueblo s\u00f3lo que uniformados. Conf\u00eden en la Guardia Nacional: AMLO"},"content":{"rendered":"<h1 class=\"amp-wp-title\">Los soldados son gente del pueblo s\u00f3lo que uniformados. Conf\u00eden en la Guardia Nacional: AMLO<\/h1>\n<p>Por Redacci\u00f3n QP<\/p>\n<p>El Presidente de la <strong>Rep\u00fablica<\/strong>, <strong>Andr\u00e9s Manuel L\u00f3pez Obrador,<\/strong> asegur\u00f3 que la <strong>Guardia Nacional<\/strong>no deber\u00eda darle <strong>desconfianza<\/strong> a la <strong>gente<\/strong> porque los <strong>soldados<\/strong> son gente del pueblo s\u00f3lo que <strong>uniformados<\/strong>.<\/p>\n<blockquote>\n<p>\u201cHay soldados que son del pueblo, s\u00f3lo que <strong>uniformados<\/strong> y no se les puede descalificar, hay que <strong>confiar en ellos<\/strong>\u201c, asegur\u00f3 AMLO<\/p>\n<\/blockquote>\n<p>Adem\u00e1s, <strong>reiter\u00f3<\/strong> que la iniciativa se sigue\u00a0analizando, van comparecer los secretarios \u201cEs importante y necesaria la Guardia Nacional, necesitamos que se cuente con un cuerpo para garantizar la <strong>seguridad<\/strong> <strong>p\u00fablica.<\/strong> No hab\u00eda protecci\u00f3n para los <strong>ciudadanos<\/strong> se orientaban a enfrentar a lo que se llama crimen organizado y no se proteg\u00eda a los ciudadanos\u201d.<\/p>\n<blockquote>\n<p>\u201cAl <strong>final<\/strong> lo que hab\u00eda era una falta de <strong>atenci\u00f3n<\/strong>. No se protege a los <strong>ciudadanos<\/strong> y promovemos que los integrantes sean la Polic\u00eda <strong>Militar<\/strong>, <strong>Naval<\/strong> y <strong>Federal<\/strong>. Tengo la confianza en el Ej\u00e9rcito como la tengo en todos los <strong>seres humanos, <\/strong>yo confi\u00f3 en la <strong>gente<\/strong>\u201c.<\/p>\n<\/blockquote>\n<p>Tambi\u00e9n, mand\u00f3 un mensaje a los <strong>soldados<\/strong> \u201cLes pido que nos ayuden para que haya <strong>seguridad<\/strong>, son muchos los homicidios y robo y no hay seguridad. Necesitamos esta <strong>Guardia Nacional<\/strong> con el compromiso de que no habr\u00e1 <strong>represi\u00f3n<\/strong>\u201c.<\/p>\n<blockquote>\n<p>\u201c Nunca dar\u00e9 la orden de reprimir al pueblo\u201d, enfatiz\u00f3 AMLO.<\/p>\n<\/blockquote>\n","protected":false},"excerpt":{"rendered":"<p>Los soldados son gente del pueblo s\u00f3lo que uniformados. Conf\u00eden en la Guardia Nacional: AMLO<br \/>\nPor Redacci\u00f3n QP<\/p>\n","protected":false},"author":2,"featured_media":13962,"comment_status":"open","ping_status":"open","sticky":false,"template":"","format":"standard","meta":{"_monsterinsights_skip_tracking":false,"_monsterinsights_sitenote_active":false,"_monsterinsights_sitenote_note":"","_monsterinsights_sitenote_category":0,"footnotes":""},"categories":[2],"tags":[],"class_list":["post-13963","post","type-post","status-publish","format-standard","has-post-thumbnail","hentry","category-noticias"],"yoast_head":"<!-- This site is optimized with the Yoast SEO plugin v27.3 - https:\/\/yoast.com\/product\/yoast-seo-wordpress\/ -->\n<title>Los soldados son gente del pueblo s\u00f3lo que uniformados. Conf\u00eden en la Guardia Nacional: AMLO -<\/title>\n<meta name=\"robots\" content=\"index, follow, max-snippet:-1, max-image-preview:large, max-video-preview:-1\" \/>\n<link rel=\"canonical\" href=\"https:\/\/quehacerpolitico.mx\/?p=13963\" \/>\n<meta property=\"og:locale\" content=\"es_MX\" \/>\n<meta property=\"og:type\" content=\"article\" \/>\n<meta property=\"og:title\" content=\"Los soldados son gente del pueblo s\u00f3lo que uniformados. Conf\u00eden en la Guardia Nacional: AMLO -\" \/>\n<meta property=\"og:description\" content=\"Los soldados son gente del pueblo s\u00f3lo que uniformados. Conf\u00eden en la Guardia Nacional: AMLO Por Redacci\u00f3n QP\" \/>\n<meta property=\"og:url\" content=\"https:\/\/quehacerpolitico.mx\/?p=13963\" \/>\n<meta property=\"article:published_time\" content=\"2019-01-11T15:08:56+00:00\" \/>\n<meta name=\"author\" content=\"Redacci\u00f3n QP\" \/>\n<meta name=\"twitter:card\" content=\"summary_large_image\" \/>\n<meta name=\"twitter:label1\" content=\"Escrito por\" \/>\n\t<meta name=\"twitter:data1\" content=\"Redacci\u00f3n QP\" \/>\n\t<meta name=\"twitter:label2\" content=\"Tiempo de lectura\" \/>\n\t<meta name=\"twitter:data2\" content=\"1 minuto\" \/>\n<script type=\"application\/ld+json\" class=\"yoast-schema-graph\">{\"@context\":\"https:\\\/\\\/schema.org\",\"@graph\":[{\"@type\":\"Article\",\"@id\":\"https:\\\/\\\/quehacerpolitico.mx\\\/?p=13963#article\",\"isPartOf\":{\"@id\":\"https:\\\/\\\/quehacerpolitico.mx\\\/?p=13963\"},\"author\":{\"name\":\"Redacci\u00f3n QP\",\"@id\":\"https:\\\/\\\/quehacerpolitico.mx\\\/#\\\/schema\\\/person\\\/496d8ad2d1d3f8036101dca7ee39e585\"},\"headline\":\"Los soldados son gente del pueblo s\u00f3lo que uniformados. Conf\u00eden en la Guardia Nacional: AMLO\",\"datePublished\":\"2019-01-11T15:08:56+00:00\",\"mainEntityOfPage\":{\"@id\":\"https:\\\/\\\/quehacerpolitico.mx\\\/?p=13963\"},\"wordCount\":257,\"commentCount\":0,\"image\":{\"@id\":\"https:\\\/\\\/quehacerpolitico.mx\\\/?p=13963#primaryimage\"},\"thumbnailUrl\":\"\",\"articleSection\":[\"Noticias\"],\"inLanguage\":\"es\",\"potentialAction\":[{\"@type\":\"CommentAction\",\"name\":\"Comment\",\"target\":[\"https:\\\/\\\/quehacerpolitico.mx\\\/?p=13963#respond\"]}]},{\"@type\":\"WebPage\",\"@id\":\"https:\\\/\\\/quehacerpolitico.mx\\\/?p=13963\",\"url\":\"https:\\\/\\\/quehacerpolitico.mx\\\/?p=13963\",\"name\":\"Los soldados son gente del pueblo s\u00f3lo que uniformados. Conf\u00eden en la Guardia Nacional: AMLO -\",\"isPartOf\":{\"@id\":\"https:\\\/\\\/quehacerpolitico.mx\\\/#website\"},\"primaryImageOfPage\":{\"@id\":\"https:\\\/\\\/quehacerpolitico.mx\\\/?p=13963#primaryimage\"},\"image\":{\"@id\":\"https:\\\/\\\/quehacerpolitico.mx\\\/?p=13963#primaryimage\"},\"thumbnailUrl\":\"\",\"datePublished\":\"2019-01-11T15:08:56+00:00\",\"author\":{\"@id\":\"https:\\\/\\\/quehacerpolitico.mx\\\/#\\\/schema\\\/person\\\/496d8ad2d1d3f8036101dca7ee39e585\"},\"breadcrumb\":{\"@id\":\"https:\\\/\\\/quehacerpolitico.mx\\\/?p=13963#breadcrumb\"},\"inLanguage\":\"es\",\"potentialAction\":[{\"@type\":\"ReadAction\",\"target\":[\"https:\\\/\\\/quehacerpolitico.mx\\\/?p=13963\"]}]},{\"@type\":\"ImageObject\",\"inLanguage\":\"es\",\"@id\":\"https:\\\/\\\/quehacerpolitico.mx\\\/?p=13963#primaryimage\",\"url\":\"\",\"contentUrl\":\"\"},{\"@type\":\"BreadcrumbList\",\"@id\":\"https:\\\/\\\/quehacerpolitico.mx\\\/?p=13963#breadcrumb\",\"itemListElement\":[{\"@type\":\"ListItem\",\"position\":1,\"name\":\"Inicio\",\"item\":\"https:\\\/\\\/quehacerpolitico.mx\\\/\"},{\"@type\":\"ListItem\",\"position\":2,\"name\":\"Los soldados son gente del pueblo s\u00f3lo que uniformados. Conf\u00eden en la Guardia Nacional: AMLO\"}]},{\"@type\":\"WebSite\",\"@id\":\"https:\\\/\\\/quehacerpolitico.mx\\\/#website\",\"url\":\"https:\\\/\\\/quehacerpolitico.mx\\\/\",\"name\":\"\",\"description\":\"\",\"potentialAction\":[{\"@type\":\"SearchAction\",\"target\":{\"@type\":\"EntryPoint\",\"urlTemplate\":\"https:\\\/\\\/quehacerpolitico.mx\\\/?s={search_term_string}\"},\"query-input\":{\"@type\":\"PropertyValueSpecification\",\"valueRequired\":true,\"valueName\":\"search_term_string\"}}],\"inLanguage\":\"es\"},{\"@type\":\"Person\",\"@id\":\"https:\\\/\\\/quehacerpolitico.mx\\\/#\\\/schema\\\/person\\\/496d8ad2d1d3f8036101dca7ee39e585\",\"name\":\"Redacci\u00f3n QP\",\"image\":{\"@type\":\"ImageObject\",\"inLanguage\":\"es\",\"@id\":\"https:\\\/\\\/secure.gravatar.com\\\/avatar\\\/c7164ed6fdec453195284ad24a5ae5b6e1eed2b848477fa2a4787ba9adf39a41?s=96&d=mm&r=g\",\"url\":\"https:\\\/\\\/secure.gravatar.com\\\/avatar\\\/c7164ed6fdec453195284ad24a5ae5b6e1eed2b848477fa2a4787ba9adf39a41?s=96&d=mm&r=g\",\"contentUrl\":\"https:\\\/\\\/secure.gravatar.com\\\/avatar\\\/c7164ed6fdec453195284ad24a5ae5b6e1eed2b848477fa2a4787ba9adf39a41?s=96&d=mm&r=g\",\"caption\":\"Redacci\u00f3n QP\"},\"url\":\"https:\\\/\\\/quehacerpolitico.mx\\\/?author=2\"}]}<\/script>\n<!-- \/ Yoast SEO plugin. -->","yoast_head_json":{"title":"Los soldados son gente del pueblo s\u00f3lo que uniformados. Conf\u00eden en la Guardia Nacional: AMLO -","robots":{"index":"index","follow":"follow","max-snippet":"max-snippet:-1","max-image-preview":"max-image-preview:large","max-video-preview":"max-video-preview:-1"},"canonical":"https:\/\/quehacerpolitico.mx\/?p=13963","og_locale":"es_MX","og_type":"article","og_title":"Los soldados son gente del pueblo s\u00f3lo que uniformados. Conf\u00eden en la Guardia Nacional: AMLO -","og_description":"Los soldados son gente del pueblo s\u00f3lo que uniformados. Conf\u00eden en la Guardia Nacional: AMLO Por Redacci\u00f3n QP","og_url":"https:\/\/quehacerpolitico.mx\/?p=13963","article_published_time":"2019-01-11T15:08:56+00:00","author":"Redacci\u00f3n QP","twitter_card":"summary_large_image","twitter_misc":{"Escrito por":"Redacci\u00f3n QP","Tiempo de lectura":"1 minuto"},"schema":{"@context":"https:\/\/schema.org","@graph":[{"@type":"Article","@id":"https:\/\/quehacerpolitico.mx\/?p=13963#article","isPartOf":{"@id":"https:\/\/quehacerpolitico.mx\/?p=13963"},"author":{"name":"Redacci\u00f3n QP","@id":"https:\/\/quehacerpolitico.mx\/#\/schema\/person\/496d8ad2d1d3f8036101dca7ee39e585"},"headline":"Los soldados son gente del pueblo s\u00f3lo que uniformados. Conf\u00eden en la Guardia Nacional: AMLO","datePublished":"2019-01-11T15:08:56+00:00","mainEntityOfPage":{"@id":"https:\/\/quehacerpolitico.mx\/?p=13963"},"wordCount":257,"commentCount":0,"image":{"@id":"https:\/\/quehacerpolitico.mx\/?p=13963#primaryimage"},"thumbnailUrl":"","articleSection":["Noticias"],"inLanguage":"es","potentialAction":[{"@type":"CommentAction","name":"Comment","target":["https:\/\/quehacerpolitico.mx\/?p=13963#respond"]}]},{"@type":"WebPage","@id":"https:\/\/quehacerpolitico.mx\/?p=13963","url":"https:\/\/quehacerpolitico.mx\/?p=13963","name":"Los soldados son gente del pueblo s\u00f3lo que uniformados. Conf\u00eden en la Guardia Nacional: AMLO -","isPartOf":{"@id":"https:\/\/quehacerpolitico.mx\/#website"},"primaryImageOfPage":{"@id":"https:\/\/quehacerpolitico.mx\/?p=13963#primaryimage"},"image":{"@id":"https:\/\/quehacerpolitico.mx\/?p=13963#primaryimage"},"thumbnailUrl":"","datePublished":"2019-01-11T15:08:56+00:00","author":{"@id":"https:\/\/quehacerpolitico.mx\/#\/schema\/person\/496d8ad2d1d3f8036101dca7ee39e585"},"breadcrumb":{"@id":"https:\/\/quehacerpolitico.mx\/?p=13963#breadcrumb"},"inLanguage":"es","potentialAction":[{"@type":"ReadAction","target":["https:\/\/quehacerpolitico.mx\/?p=13963"]}]},{"@type":"ImageObject","inLanguage":"es","@id":"https:\/\/quehacerpolitico.mx\/?p=13963#primaryimage","url":"","contentUrl":""},{"@type":"BreadcrumbList","@id":"https:\/\/quehacerpolitico.mx\/?p=13963#breadcrumb","itemListElement":[{"@type":"ListItem","position":1,"name":"Inicio","item":"https:\/\/quehacerpolitico.mx\/"},{"@type":"ListItem","position":2,"name":"Los soldados son gente del pueblo s\u00f3lo que uniformados. Conf\u00eden en la Guardia Nacional: AMLO"}]},{"@type":"WebSite","@id":"https:\/\/quehacerpolitico.mx\/#website","url":"https:\/\/quehacerpolitico.mx\/","name":"","description":"","potentialAction":[{"@type":"SearchAction","target":{"@type":"EntryPoint","urlTemplate":"https:\/\/quehacerpolitico.mx\/?s={search_term_string}"},"query-input":{"@type":"PropertyValueSpecification","valueRequired":true,"valueName":"search_term_string"}}],"inLanguage":"es"},{"@type":"Person","@id":"https:\/\/quehacerpolitico.mx\/#\/schema\/person\/496d8ad2d1d3f8036101dca7ee39e585","name":"Redacci\u00f3n QP","image":{"@type":"ImageObject","inLanguage":"es","@id":"https:\/\/secure.gravatar.com\/avatar\/c7164ed6fdec453195284ad24a5ae5b6e1eed2b848477fa2a4787ba9adf39a41?s=96&d=mm&r=g","url":"https:\/\/secure.gravatar.com\/avatar\/c7164ed6fdec453195284ad24a5ae5b6e1eed2b848477fa2a4787ba9adf39a41?s=96&d=mm&r=g","contentUrl":"https:\/\/secure.gravatar.com\/avatar\/c7164ed6fdec453195284ad24a5ae5b6e1eed2b848477fa2a4787ba9adf39a41?s=96&d=mm&r=g","caption":"Redacci\u00f3n QP"},"url":"https:\/\/quehacerpolitico.mx\/?author=2"}]}},"featured_image_urls":{"full":"","thumbnail":"","medium":"","medium_large":"","large":"","1536x1536":"","2048x2048":"","covernews-featured":"","covernews-medium":""},"author_info":{"display_name":"Redacci\u00f3n QP","author_link":"https:\/\/quehacerpolitico.mx\/?author=2"},"category_info":"<a href=\"https:\/\/quehacerpolitico.mx\/?cat=2\" rel=\"category\">Noticias<\/a>","tag_info":"Noticias","comment_count":"0","_links":{"self":[{"href":"https:\/\/quehacerpolitico.mx\/index.php?rest_route=\/wp\/v2\/posts\/13963","targetHints":{"allow":["GET"]}}],"collection":[{"href":"https:\/\/quehacerpolitico.mx\/index.php?rest_route=\/wp\/v2\/posts"}],"about":[{"href":"https:\/\/quehacerpolitico.mx\/index.php?rest_route=\/wp\/v2\/types\/post"}],"author":[{"embeddable":true,"href":"https:\/\/quehacerpolitico.mx\/index.php?rest_route=\/wp\/v2\/users\/2"}],"replies":[{"embeddable":true,"href":"https:\/\/quehacerpolitico.mx\/index.php?rest_route=%2Fwp%2Fv2%2Fcomments&post=13963"}],"version-history":[{"count":0,"href":"https:\/\/quehacerpolitico.mx\/index.php?rest_route=\/wp\/v2\/posts\/13963\/revisions"}],"wp:featuredmedia":[{"embeddable":true,"href":"https:\/\/quehacerpolitico.mx\/index.php?rest_route=\/"}],"wp:attachment":[{"href":"https:\/\/quehacerpolitico.mx\/index.php?rest_route=%2Fwp%2Fv2%2Fmedia&parent=13963"}],"wp:term":[{"taxonomy":"category","embeddable":true,"href":"https:\/\/quehacerpolitico.mx\/index.php?rest_route=%2Fwp%2Fv2%2Fcategories&post=13963"},{"taxonomy":"post_tag","embeddable":true,"href":"https:\/\/quehacerpolitico.mx\/index.php?rest_route=%2Fwp%2Fv2%2Ftags&post=13963"}],"curies":[{"name":"wp","href":"https:\/\/api.w.org\/{rel}","templated":true}]}}