{"id":13959,"date":"2019-01-11T14:52:10","date_gmt":"2019-01-11T14:52:10","guid":{"rendered":"http:\/\/quehacerpolitico.mx\/gobierno-de-amlo-y-albores-destinara-8-mil-500-millones-para-apoyar-a-personas-con-discapacidad\/"},"modified":"2019-01-11T14:52:10","modified_gmt":"2019-01-11T14:52:10","slug":"gobierno-de-amlo-y-albores-destinara-8-mil-500-millones-para-apoyar-a-personas-con-discapacidad","status":"publish","type":"post","link":"https:\/\/quehacerpolitico.mx\/?p=13959","title":{"rendered":"Gobierno de AMLO y Albores destinar\u00e1 8 mil 500 millones para apoyar a personas con discapacidad"},"content":{"rendered":"<p>Gobierno de AMLO y Albores destinar\u00e1 8 mil 500 millones para apoyar a personas con discapacidad<\/p>\n<p>Por Redacci\u00f3n QP<\/p>\n<p>El presidente de M\u00e9xico, <strong>Andr\u00e9s Manuel L\u00f3pez Obrador,<\/strong> arrancar\u00e1 en <strong>Tlapa, Guerrero<\/strong>, el programa de apoyo a personas con discapacidad al cual destinar\u00e1 en un primer arranque de ocho mil 500 millones.<\/p>\n<p>En conferencia de prensa en Palacio Nacional, el mandatario afirm\u00f3 que las personas van a recibir un apoyo mensual de <strong>1274 pesos.<\/strong><\/p>\n<p>Por su parte, la <strong>secretaria de Bienestar<\/strong>, inform\u00f3 que el sector m\u00e1s vulnerable es la ind\u00edgena, por lo que el arranque de este programa federal arrancar\u00e1 en una de las regiones con m\u00e1s rezago social en el pa\u00eds, que es <strong>Tlapa, Guerrero; una de las regiones ubicadas en la monta\u00f1a de la entidad<\/strong>.<\/p>\n<p>Afirm\u00f3 que durante la convenci\u00f3n de <strong>Naciones Unidas<\/strong> arroj\u00f3 un an\u00e1lisis de pobreza y exclusi\u00f3n de las personas con discapacidad, en M\u00e9xico hay siete millones con discapacidad, 3 millones de adultos mayores, los 4 millones restantes son ni\u00f1os y adultos.<\/p>\n<div id=\"attachment_284713\" class=\"wp-caption alignnone amp-wp-inline-e8f60a0c49454e49ba6bdfa1e7de907c\"><img decoding=\"async\" class=\"i-amphtml-fill-content i-amphtml-replaced-content\" src=\"https:\/\/elbigdata.mx\/wp-content\/uploads\/2019\/01\/tlapa_guerrero-768x386.jpg\" sizes=\"(min-width: 768px) 768px, 100vw\" srcset=\"https:\/\/elbigdata.mx\/wp-content\/uploads\/2019\/01\/tlapa_guerrero-768x386.jpg 768w, https:\/\/elbigdata.mx\/wp-content\/uploads\/2019\/01\/tlapa_guerrero-360x181.jpg 360w, https:\/\/elbigdata.mx\/wp-content\/uploads\/2019\/01\/tlapa_guerrero.jpg 1193w\" alt=\"\" \/><\/p>\n<p class=\"wp-caption-text\">Foto: Google<\/p>\n<\/div>\n<p>Por lo anterior, <strong>la poblaci\u00f3n ind\u00edgena tendr\u00e1 esta pensi\u00f3n al 100%.<\/strong><\/p>\n<p>Afirm\u00f3 que el apoyo mensual ayudar\u00e1 al pago de medicinas y otras atenciones que requieran para su atenci\u00f3n.<\/p>\n<p>La Secretaria de Bienestar, Mar\u00eda Luisa Albores Gonz\u00e1lez, detall\u00f3 que hoy comienza en el municipio de Tlapa, Guerrero, el programa de apoyos para las personas con discapacidad bajo la atenci\u00f3n de derechos humanos. \u201cEn M\u00e9xico, tenemos siete millones de personas con discapacidad, de las cuales, tres millones ser\u00e1n atendidos bajo el esquema de pensiones para adultos mayores. [..] Esta pensi\u00f3n atender\u00e1 como prioridad a ni\u00f1os y j\u00f3venes de sectores ind\u00edgenas\u201d, destac\u00f3.<\/p>\n<p>https:\/\/www.facebook.com\/lopezobrador.org.mx\/videos\/1214902311998837\/<\/p>\n","protected":false},"excerpt":{"rendered":"<p>Gobierno de AMLO y Albores destinar\u00e1 8 mil 500 millones para apoyar a personas con discapacidad<br \/>\nPor Redacci\u00f3n QP<\/p>\n","protected":false},"author":2,"featured_media":13958,"comment_status":"open","ping_status":"open","sticky":false,"template":"","format":"standard","meta":{"_monsterinsights_skip_tracking":false,"_monsterinsights_sitenote_active":false,"_monsterinsights_sitenote_note":"","_monsterinsights_sitenote_category":0,"footnotes":""},"categories":[2],"tags":[],"class_list":["post-13959","post","type-post","status-publish","format-standard","has-post-thumbnail","hentry","category-noticias"],"yoast_head":"<!-- This site is optimized with the Yoast SEO plugin v27.3 - https:\/\/yoast.com\/product\/yoast-seo-wordpress\/ -->\n<title>Gobierno de AMLO y Albores destinar\u00e1 8 mil 500 millones para apoyar a personas con discapacidad -<\/title>\n<meta name=\"robots\" content=\"index, follow, max-snippet:-1, max-image-preview:large, max-video-preview:-1\" \/>\n<link rel=\"canonical\" href=\"https:\/\/quehacerpolitico.mx\/?p=13959\" \/>\n<meta property=\"og:locale\" content=\"es_MX\" \/>\n<meta property=\"og:type\" content=\"article\" \/>\n<meta property=\"og:title\" content=\"Gobierno de AMLO y Albores destinar\u00e1 8 mil 500 millones para apoyar a personas con discapacidad -\" \/>\n<meta property=\"og:description\" content=\"Gobierno de AMLO y Albores destinar\u00e1 8 mil 500 millones para apoyar a personas con discapacidad Por Redacci\u00f3n QP\" \/>\n<meta property=\"og:url\" content=\"https:\/\/quehacerpolitico.mx\/?p=13959\" \/>\n<meta property=\"article:published_time\" content=\"2019-01-11T14:52:10+00:00\" \/>\n<meta name=\"author\" content=\"Redacci\u00f3n QP\" \/>\n<meta name=\"twitter:card\" content=\"summary_large_image\" \/>\n<meta name=\"twitter:label1\" content=\"Escrito por\" \/>\n\t<meta name=\"twitter:data1\" content=\"Redacci\u00f3n QP\" \/>\n\t<meta name=\"twitter:label2\" content=\"Tiempo de lectura\" \/>\n\t<meta name=\"twitter:data2\" content=\"1 minuto\" \/>\n<script type=\"application\/ld+json\" class=\"yoast-schema-graph\">{\"@context\":\"https:\\\/\\\/schema.org\",\"@graph\":[{\"@type\":\"Article\",\"@id\":\"https:\\\/\\\/quehacerpolitico.mx\\\/?p=13959#article\",\"isPartOf\":{\"@id\":\"https:\\\/\\\/quehacerpolitico.mx\\\/?p=13959\"},\"author\":{\"name\":\"Redacci\u00f3n QP\",\"@id\":\"https:\\\/\\\/quehacerpolitico.mx\\\/#\\\/schema\\\/person\\\/496d8ad2d1d3f8036101dca7ee39e585\"},\"headline\":\"Gobierno de AMLO y Albores destinar\u00e1 8 mil 500 millones para apoyar a personas con discapacidad\",\"datePublished\":\"2019-01-11T14:52:10+00:00\",\"mainEntityOfPage\":{\"@id\":\"https:\\\/\\\/quehacerpolitico.mx\\\/?p=13959\"},\"wordCount\":309,\"commentCount\":0,\"image\":{\"@id\":\"https:\\\/\\\/quehacerpolitico.mx\\\/?p=13959#primaryimage\"},\"thumbnailUrl\":\"\",\"articleSection\":[\"Noticias\"],\"inLanguage\":\"es\",\"potentialAction\":[{\"@type\":\"CommentAction\",\"name\":\"Comment\",\"target\":[\"https:\\\/\\\/quehacerpolitico.mx\\\/?p=13959#respond\"]}]},{\"@type\":\"WebPage\",\"@id\":\"https:\\\/\\\/quehacerpolitico.mx\\\/?p=13959\",\"url\":\"https:\\\/\\\/quehacerpolitico.mx\\\/?p=13959\",\"name\":\"Gobierno de AMLO y Albores destinar\u00e1 8 mil 500 millones para apoyar a personas con discapacidad -\",\"isPartOf\":{\"@id\":\"https:\\\/\\\/quehacerpolitico.mx\\\/#website\"},\"primaryImageOfPage\":{\"@id\":\"https:\\\/\\\/quehacerpolitico.mx\\\/?p=13959#primaryimage\"},\"image\":{\"@id\":\"https:\\\/\\\/quehacerpolitico.mx\\\/?p=13959#primaryimage\"},\"thumbnailUrl\":\"\",\"datePublished\":\"2019-01-11T14:52:10+00:00\",\"author\":{\"@id\":\"https:\\\/\\\/quehacerpolitico.mx\\\/#\\\/schema\\\/person\\\/496d8ad2d1d3f8036101dca7ee39e585\"},\"breadcrumb\":{\"@id\":\"https:\\\/\\\/quehacerpolitico.mx\\\/?p=13959#breadcrumb\"},\"inLanguage\":\"es\",\"potentialAction\":[{\"@type\":\"ReadAction\",\"target\":[\"https:\\\/\\\/quehacerpolitico.mx\\\/?p=13959\"]}]},{\"@type\":\"ImageObject\",\"inLanguage\":\"es\",\"@id\":\"https:\\\/\\\/quehacerpolitico.mx\\\/?p=13959#primaryimage\",\"url\":\"\",\"contentUrl\":\"\"},{\"@type\":\"BreadcrumbList\",\"@id\":\"https:\\\/\\\/quehacerpolitico.mx\\\/?p=13959#breadcrumb\",\"itemListElement\":[{\"@type\":\"ListItem\",\"position\":1,\"name\":\"Inicio\",\"item\":\"https:\\\/\\\/quehacerpolitico.mx\\\/\"},{\"@type\":\"ListItem\",\"position\":2,\"name\":\"Gobierno de AMLO y Albores destinar\u00e1 8 mil 500 millones para apoyar a personas con discapacidad\"}]},{\"@type\":\"WebSite\",\"@id\":\"https:\\\/\\\/quehacerpolitico.mx\\\/#website\",\"url\":\"https:\\\/\\\/quehacerpolitico.mx\\\/\",\"name\":\"\",\"description\":\"\",\"potentialAction\":[{\"@type\":\"SearchAction\",\"target\":{\"@type\":\"EntryPoint\",\"urlTemplate\":\"https:\\\/\\\/quehacerpolitico.mx\\\/?s={search_term_string}\"},\"query-input\":{\"@type\":\"PropertyValueSpecification\",\"valueRequired\":true,\"valueName\":\"search_term_string\"}}],\"inLanguage\":\"es\"},{\"@type\":\"Person\",\"@id\":\"https:\\\/\\\/quehacerpolitico.mx\\\/#\\\/schema\\\/person\\\/496d8ad2d1d3f8036101dca7ee39e585\",\"name\":\"Redacci\u00f3n QP\",\"image\":{\"@type\":\"ImageObject\",\"inLanguage\":\"es\",\"@id\":\"https:\\\/\\\/secure.gravatar.com\\\/avatar\\\/c7164ed6fdec453195284ad24a5ae5b6e1eed2b848477fa2a4787ba9adf39a41?s=96&d=mm&r=g\",\"url\":\"https:\\\/\\\/secure.gravatar.com\\\/avatar\\\/c7164ed6fdec453195284ad24a5ae5b6e1eed2b848477fa2a4787ba9adf39a41?s=96&d=mm&r=g\",\"contentUrl\":\"https:\\\/\\\/secure.gravatar.com\\\/avatar\\\/c7164ed6fdec453195284ad24a5ae5b6e1eed2b848477fa2a4787ba9adf39a41?s=96&d=mm&r=g\",\"caption\":\"Redacci\u00f3n QP\"},\"url\":\"https:\\\/\\\/quehacerpolitico.mx\\\/?author=2\"}]}<\/script>\n<!-- \/ Yoast SEO plugin. -->","yoast_head_json":{"title":"Gobierno de AMLO y Albores destinar\u00e1 8 mil 500 millones para apoyar a personas con discapacidad -","robots":{"index":"index","follow":"follow","max-snippet":"max-snippet:-1","max-image-preview":"max-image-preview:large","max-video-preview":"max-video-preview:-1"},"canonical":"https:\/\/quehacerpolitico.mx\/?p=13959","og_locale":"es_MX","og_type":"article","og_title":"Gobierno de AMLO y Albores destinar\u00e1 8 mil 500 millones para apoyar a personas con discapacidad -","og_description":"Gobierno de AMLO y Albores destinar\u00e1 8 mil 500 millones para apoyar a personas con discapacidad Por Redacci\u00f3n QP","og_url":"https:\/\/quehacerpolitico.mx\/?p=13959","article_published_time":"2019-01-11T14:52:10+00:00","author":"Redacci\u00f3n QP","twitter_card":"summary_large_image","twitter_misc":{"Escrito por":"Redacci\u00f3n QP","Tiempo de lectura":"1 minuto"},"schema":{"@context":"https:\/\/schema.org","@graph":[{"@type":"Article","@id":"https:\/\/quehacerpolitico.mx\/?p=13959#article","isPartOf":{"@id":"https:\/\/quehacerpolitico.mx\/?p=13959"},"author":{"name":"Redacci\u00f3n QP","@id":"https:\/\/quehacerpolitico.mx\/#\/schema\/person\/496d8ad2d1d3f8036101dca7ee39e585"},"headline":"Gobierno de AMLO y Albores destinar\u00e1 8 mil 500 millones para apoyar a personas con discapacidad","datePublished":"2019-01-11T14:52:10+00:00","mainEntityOfPage":{"@id":"https:\/\/quehacerpolitico.mx\/?p=13959"},"wordCount":309,"commentCount":0,"image":{"@id":"https:\/\/quehacerpolitico.mx\/?p=13959#primaryimage"},"thumbnailUrl":"","articleSection":["Noticias"],"inLanguage":"es","potentialAction":[{"@type":"CommentAction","name":"Comment","target":["https:\/\/quehacerpolitico.mx\/?p=13959#respond"]}]},{"@type":"WebPage","@id":"https:\/\/quehacerpolitico.mx\/?p=13959","url":"https:\/\/quehacerpolitico.mx\/?p=13959","name":"Gobierno de AMLO y Albores destinar\u00e1 8 mil 500 millones para apoyar a personas con discapacidad -","isPartOf":{"@id":"https:\/\/quehacerpolitico.mx\/#website"},"primaryImageOfPage":{"@id":"https:\/\/quehacerpolitico.mx\/?p=13959#primaryimage"},"image":{"@id":"https:\/\/quehacerpolitico.mx\/?p=13959#primaryimage"},"thumbnailUrl":"","datePublished":"2019-01-11T14:52:10+00:00","author":{"@id":"https:\/\/quehacerpolitico.mx\/#\/schema\/person\/496d8ad2d1d3f8036101dca7ee39e585"},"breadcrumb":{"@id":"https:\/\/quehacerpolitico.mx\/?p=13959#breadcrumb"},"inLanguage":"es","potentialAction":[{"@type":"ReadAction","target":["https:\/\/quehacerpolitico.mx\/?p=13959"]}]},{"@type":"ImageObject","inLanguage":"es","@id":"https:\/\/quehacerpolitico.mx\/?p=13959#primaryimage","url":"","contentUrl":""},{"@type":"BreadcrumbList","@id":"https:\/\/quehacerpolitico.mx\/?p=13959#breadcrumb","itemListElement":[{"@type":"ListItem","position":1,"name":"Inicio","item":"https:\/\/quehacerpolitico.mx\/"},{"@type":"ListItem","position":2,"name":"Gobierno de AMLO y Albores destinar\u00e1 8 mil 500 millones para apoyar a personas con discapacidad"}]},{"@type":"WebSite","@id":"https:\/\/quehacerpolitico.mx\/#website","url":"https:\/\/quehacerpolitico.mx\/","name":"","description":"","potentialAction":[{"@type":"SearchAction","target":{"@type":"EntryPoint","urlTemplate":"https:\/\/quehacerpolitico.mx\/?s={search_term_string}"},"query-input":{"@type":"PropertyValueSpecification","valueRequired":true,"valueName":"search_term_string"}}],"inLanguage":"es"},{"@type":"Person","@id":"https:\/\/quehacerpolitico.mx\/#\/schema\/person\/496d8ad2d1d3f8036101dca7ee39e585","name":"Redacci\u00f3n QP","image":{"@type":"ImageObject","inLanguage":"es","@id":"https:\/\/secure.gravatar.com\/avatar\/c7164ed6fdec453195284ad24a5ae5b6e1eed2b848477fa2a4787ba9adf39a41?s=96&d=mm&r=g","url":"https:\/\/secure.gravatar.com\/avatar\/c7164ed6fdec453195284ad24a5ae5b6e1eed2b848477fa2a4787ba9adf39a41?s=96&d=mm&r=g","contentUrl":"https:\/\/secure.gravatar.com\/avatar\/c7164ed6fdec453195284ad24a5ae5b6e1eed2b848477fa2a4787ba9adf39a41?s=96&d=mm&r=g","caption":"Redacci\u00f3n QP"},"url":"https:\/\/quehacerpolitico.mx\/?author=2"}]}},"featured_image_urls":{"full":"","thumbnail":"","medium":"","medium_large":"","large":"","1536x1536":"","2048x2048":"","covernews-featured":"","covernews-medium":""},"author_info":{"display_name":"Redacci\u00f3n QP","author_link":"https:\/\/quehacerpolitico.mx\/?author=2"},"category_info":"<a href=\"https:\/\/quehacerpolitico.mx\/?cat=2\" rel=\"category\">Noticias<\/a>","tag_info":"Noticias","comment_count":"0","_links":{"self":[{"href":"https:\/\/quehacerpolitico.mx\/index.php?rest_route=\/wp\/v2\/posts\/13959","targetHints":{"allow":["GET"]}}],"collection":[{"href":"https:\/\/quehacerpolitico.mx\/index.php?rest_route=\/wp\/v2\/posts"}],"about":[{"href":"https:\/\/quehacerpolitico.mx\/index.php?rest_route=\/wp\/v2\/types\/post"}],"author":[{"embeddable":true,"href":"https:\/\/quehacerpolitico.mx\/index.php?rest_route=\/wp\/v2\/users\/2"}],"replies":[{"embeddable":true,"href":"https:\/\/quehacerpolitico.mx\/index.php?rest_route=%2Fwp%2Fv2%2Fcomments&post=13959"}],"version-history":[{"count":0,"href":"https:\/\/quehacerpolitico.mx\/index.php?rest_route=\/wp\/v2\/posts\/13959\/revisions"}],"wp:featuredmedia":[{"embeddable":true,"href":"https:\/\/quehacerpolitico.mx\/index.php?rest_route=\/"}],"wp:attachment":[{"href":"https:\/\/quehacerpolitico.mx\/index.php?rest_route=%2Fwp%2Fv2%2Fmedia&parent=13959"}],"wp:term":[{"taxonomy":"category","embeddable":true,"href":"https:\/\/quehacerpolitico.mx\/index.php?rest_route=%2Fwp%2Fv2%2Fcategories&post=13959"},{"taxonomy":"post_tag","embeddable":true,"href":"https:\/\/quehacerpolitico.mx\/index.php?rest_route=%2Fwp%2Fv2%2Ftags&post=13959"}],"curies":[{"name":"wp","href":"https:\/\/api.w.org\/{rel}","templated":true}]}}