{"id":13897,"date":"2019-01-11T02:24:32","date_gmt":"2019-01-11T02:24:32","guid":{"rendered":"http:\/\/quehacerpolitico.mx\/internacionales-carolina-alonso-romei-eu-prepara-declaracion-de-emergencia-nacional-para-construir-el-muro-dicen-fuentes-a-twp\/"},"modified":"2019-01-11T02:24:32","modified_gmt":"2019-01-11T02:24:32","slug":"internacionales-carolina-alonso-romei-eu-prepara-declaracion-de-emergencia-nacional-para-construir-el-muro-dicen-fuentes-a-twp","status":"publish","type":"post","link":"https:\/\/quehacerpolitico.mx\/?p=13897","title":{"rendered":"Internacionales\/\/\/Carolina Alonso Romei\/\/\/EU prepara declaraci\u00f3n de emergencia nacional para construir el muro, dicen fuentes a TWP"},"content":{"rendered":"<h1>EU prepara declaraci\u00f3n de emergencia nacional para construir el muro, dicen fuentes a <em>TWP<\/em><\/h1>\n<p>Por Carolina Alonso Romei\u00a0<\/p>\n<p>Internacionalista<\/p>\n<p>El <strong>Gobierno de Estados Unidos<\/strong> prepara una declaraci\u00f3n de <strong>emergencia nacional<\/strong> para construir el muro que prometi\u00f3 <strong>Donald Trump<\/strong>, seg\u00fan fuentes del diario\u00a0<em>The Washington Post<\/em>.<\/p>\n<blockquote>\n<p>\u201cLa <strong>Casa Blanca<\/strong> comenz\u00f3 a sentar las bases para una declaraci\u00f3n de<strong> emergencia nacional<\/strong> para construir el muro fronterizo del presidente Trump, incluida la b\u00fasqueda de dinero no utilizado en el presupuesto del <strong>Cuerpo de Ingenieros del Ej\u00e9rcito<\/strong>, dijeron el jueves dos personas con conocimiento de los preparativos\u201d, se se\u00f1ala en un texto de Erica Werner y Josh Dawsey.<\/p>\n<\/blockquote>\n<p>\u201cUna declaraci\u00f3n de este tipo provocar\u00eda una tormenta de oposici\u00f3n y, sin duda, ser\u00eda impugnada ante los tribunales. Pero tambi\u00e9n podr\u00eda ser una forma de salir del actual callej\u00f3n sin salida, permitiendo a Trump citar acciones en su largo muro prometido, incluso sin que el Congreso le conceda sus demandas de financiamiento, y allanar el camino para que el Gobierno vuelva a abrir. El cierre se encuentra ahora en su tercera semana\u201d, se abunda.<\/p>\n<p>Trump visit\u00f3 hoy la frontera sur de su pa\u00eds con M\u00e9xico para recalcar la \u201cnecesidad\u201d de construir un muro en el l\u00edmite entre ambas naciones.<\/p>\n<p>Desde el pasado 22 de diciembre, Trump ha insistido en incluir fondos para la construcci\u00f3n de la barrera fronteriza en los presupuestos federales, una propuesta que ha chocado frontalmente con la nueva mayor\u00eda dem\u00f3crata en la C\u00e1mara Baja.<\/p>\n<p>Ante esta situaci\u00f3n, el mandatario ha sopesado la idea de declarar una emergencia nacional en Estados Unidos para tener la posibilidad de reasignar fondos militares para la construcci\u00f3n del muro, una amenaza que repiti\u00f3 hoy en la zona lim\u00edtrofe con M\u00e9xico.<\/p>\n<p>\u201cTengo el derecho absoluto para declarar una emergencia nacional. No deber\u00eda de llegar a declararla porque esto es de sentido com\u00fan. (\u2026) Necesitamos un muro\u201d, apunt\u00f3 Trump en declaraciones a los periodistas en la localidad fronteriza de McAllen (Texas, Estados Unidos).<\/p>\n<p>El plan de Trump para financiar el muro a trav\u00e9s de una orden ejecutiva, que inicialmente fue vista como una medida radical entre los republicanos, ha empezado a reunir apoyos entre los miembros de su partido, incluyendo al senador Lindsey Graham, uno de los m\u00e1s influyentes en la C\u00e1mara Alta.<\/p>\n<p><em>Con informaci\u00f3n de Alex\u00a0Segura Lozano, de EFE.\u00a0<\/em><\/p>\n","protected":false},"excerpt":{"rendered":"<p>EU prepara declaraci\u00f3n de emergencia nacional para construir el muro, dicen fuentes a TWP<br \/>\nPor Carolina Alonso Romei<br \/>\nInternacionalista<\/p>\n","protected":false},"author":2,"featured_media":13896,"comment_status":"open","ping_status":"open","sticky":false,"template":"","format":"standard","meta":{"_monsterinsights_skip_tracking":false,"_monsterinsights_sitenote_active":false,"_monsterinsights_sitenote_note":"","_monsterinsights_sitenote_category":0,"footnotes":""},"categories":[1],"tags":[],"class_list":["post-13897","post","type-post","status-publish","format-standard","has-post-thumbnail","hentry","category-sin-categoria"],"yoast_head":"<!-- This site is optimized with the Yoast SEO plugin v27.3 - https:\/\/yoast.com\/product\/yoast-seo-wordpress\/ -->\n<title>Internacionales\/\/\/Carolina Alonso Romei\/\/\/EU prepara declaraci\u00f3n de emergencia nacional para construir el muro, dicen fuentes a TWP -<\/title>\n<meta name=\"robots\" content=\"index, follow, max-snippet:-1, max-image-preview:large, max-video-preview:-1\" \/>\n<link rel=\"canonical\" href=\"https:\/\/quehacerpolitico.mx\/?p=13897\" \/>\n<meta property=\"og:locale\" content=\"es_MX\" \/>\n<meta property=\"og:type\" content=\"article\" \/>\n<meta property=\"og:title\" content=\"Internacionales\/\/\/Carolina Alonso Romei\/\/\/EU prepara declaraci\u00f3n de emergencia nacional para construir el muro, dicen fuentes a TWP -\" \/>\n<meta property=\"og:description\" content=\"EU prepara declaraci\u00f3n de emergencia nacional para construir el muro, dicen fuentes a TWP Por Carolina Alonso Romei Internacionalista\" \/>\n<meta property=\"og:url\" content=\"https:\/\/quehacerpolitico.mx\/?p=13897\" \/>\n<meta property=\"article:published_time\" content=\"2019-01-11T02:24:32+00:00\" \/>\n<meta name=\"author\" content=\"Redacci\u00f3n QP\" \/>\n<meta name=\"twitter:card\" content=\"summary_large_image\" \/>\n<meta name=\"twitter:label1\" content=\"Escrito por\" \/>\n\t<meta name=\"twitter:data1\" content=\"Redacci\u00f3n QP\" \/>\n\t<meta name=\"twitter:label2\" content=\"Tiempo de lectura\" \/>\n\t<meta name=\"twitter:data2\" content=\"2 minutos\" \/>\n<script type=\"application\/ld+json\" class=\"yoast-schema-graph\">{\"@context\":\"https:\\\/\\\/schema.org\",\"@graph\":[{\"@type\":\"Article\",\"@id\":\"https:\\\/\\\/quehacerpolitico.mx\\\/?p=13897#article\",\"isPartOf\":{\"@id\":\"https:\\\/\\\/quehacerpolitico.mx\\\/?p=13897\"},\"author\":{\"name\":\"Redacci\u00f3n QP\",\"@id\":\"https:\\\/\\\/quehacerpolitico.mx\\\/#\\\/schema\\\/person\\\/496d8ad2d1d3f8036101dca7ee39e585\"},\"headline\":\"Internacionales\\\/\\\/\\\/Carolina Alonso Romei\\\/\\\/\\\/EU prepara declaraci\u00f3n de emergencia nacional para construir el muro, dicen fuentes a TWP\",\"datePublished\":\"2019-01-11T02:24:32+00:00\",\"mainEntityOfPage\":{\"@id\":\"https:\\\/\\\/quehacerpolitico.mx\\\/?p=13897\"},\"wordCount\":429,\"commentCount\":0,\"image\":{\"@id\":\"https:\\\/\\\/quehacerpolitico.mx\\\/?p=13897#primaryimage\"},\"thumbnailUrl\":\"\",\"articleSection\":[\"Internacionales\"],\"inLanguage\":\"es\",\"potentialAction\":[{\"@type\":\"CommentAction\",\"name\":\"Comment\",\"target\":[\"https:\\\/\\\/quehacerpolitico.mx\\\/?p=13897#respond\"]}]},{\"@type\":\"WebPage\",\"@id\":\"https:\\\/\\\/quehacerpolitico.mx\\\/?p=13897\",\"url\":\"https:\\\/\\\/quehacerpolitico.mx\\\/?p=13897\",\"name\":\"Internacionales\\\/\\\/\\\/Carolina Alonso Romei\\\/\\\/\\\/EU prepara declaraci\u00f3n de emergencia nacional para construir el muro, dicen fuentes a TWP -\",\"isPartOf\":{\"@id\":\"https:\\\/\\\/quehacerpolitico.mx\\\/#website\"},\"primaryImageOfPage\":{\"@id\":\"https:\\\/\\\/quehacerpolitico.mx\\\/?p=13897#primaryimage\"},\"image\":{\"@id\":\"https:\\\/\\\/quehacerpolitico.mx\\\/?p=13897#primaryimage\"},\"thumbnailUrl\":\"\",\"datePublished\":\"2019-01-11T02:24:32+00:00\",\"author\":{\"@id\":\"https:\\\/\\\/quehacerpolitico.mx\\\/#\\\/schema\\\/person\\\/496d8ad2d1d3f8036101dca7ee39e585\"},\"breadcrumb\":{\"@id\":\"https:\\\/\\\/quehacerpolitico.mx\\\/?p=13897#breadcrumb\"},\"inLanguage\":\"es\",\"potentialAction\":[{\"@type\":\"ReadAction\",\"target\":[\"https:\\\/\\\/quehacerpolitico.mx\\\/?p=13897\"]}]},{\"@type\":\"ImageObject\",\"inLanguage\":\"es\",\"@id\":\"https:\\\/\\\/quehacerpolitico.mx\\\/?p=13897#primaryimage\",\"url\":\"\",\"contentUrl\":\"\"},{\"@type\":\"BreadcrumbList\",\"@id\":\"https:\\\/\\\/quehacerpolitico.mx\\\/?p=13897#breadcrumb\",\"itemListElement\":[{\"@type\":\"ListItem\",\"position\":1,\"name\":\"Inicio\",\"item\":\"https:\\\/\\\/quehacerpolitico.mx\\\/\"},{\"@type\":\"ListItem\",\"position\":2,\"name\":\"Internacionales\\\/\\\/\\\/Carolina Alonso Romei\\\/\\\/\\\/EU prepara declaraci\u00f3n de emergencia nacional para construir el muro, dicen fuentes a TWP\"}]},{\"@type\":\"WebSite\",\"@id\":\"https:\\\/\\\/quehacerpolitico.mx\\\/#website\",\"url\":\"https:\\\/\\\/quehacerpolitico.mx\\\/\",\"name\":\"\",\"description\":\"\",\"potentialAction\":[{\"@type\":\"SearchAction\",\"target\":{\"@type\":\"EntryPoint\",\"urlTemplate\":\"https:\\\/\\\/quehacerpolitico.mx\\\/?s={search_term_string}\"},\"query-input\":{\"@type\":\"PropertyValueSpecification\",\"valueRequired\":true,\"valueName\":\"search_term_string\"}}],\"inLanguage\":\"es\"},{\"@type\":\"Person\",\"@id\":\"https:\\\/\\\/quehacerpolitico.mx\\\/#\\\/schema\\\/person\\\/496d8ad2d1d3f8036101dca7ee39e585\",\"name\":\"Redacci\u00f3n QP\",\"image\":{\"@type\":\"ImageObject\",\"inLanguage\":\"es\",\"@id\":\"https:\\\/\\\/secure.gravatar.com\\\/avatar\\\/c7164ed6fdec453195284ad24a5ae5b6e1eed2b848477fa2a4787ba9adf39a41?s=96&d=mm&r=g\",\"url\":\"https:\\\/\\\/secure.gravatar.com\\\/avatar\\\/c7164ed6fdec453195284ad24a5ae5b6e1eed2b848477fa2a4787ba9adf39a41?s=96&d=mm&r=g\",\"contentUrl\":\"https:\\\/\\\/secure.gravatar.com\\\/avatar\\\/c7164ed6fdec453195284ad24a5ae5b6e1eed2b848477fa2a4787ba9adf39a41?s=96&d=mm&r=g\",\"caption\":\"Redacci\u00f3n QP\"},\"url\":\"https:\\\/\\\/quehacerpolitico.mx\\\/?author=2\"}]}<\/script>\n<!-- \/ Yoast SEO plugin. -->","yoast_head_json":{"title":"Internacionales\/\/\/Carolina Alonso Romei\/\/\/EU prepara declaraci\u00f3n de emergencia nacional para construir el muro, dicen fuentes a TWP -","robots":{"index":"index","follow":"follow","max-snippet":"max-snippet:-1","max-image-preview":"max-image-preview:large","max-video-preview":"max-video-preview:-1"},"canonical":"https:\/\/quehacerpolitico.mx\/?p=13897","og_locale":"es_MX","og_type":"article","og_title":"Internacionales\/\/\/Carolina Alonso Romei\/\/\/EU prepara declaraci\u00f3n de emergencia nacional para construir el muro, dicen fuentes a TWP -","og_description":"EU prepara declaraci\u00f3n de emergencia nacional para construir el muro, dicen fuentes a TWP Por Carolina Alonso Romei Internacionalista","og_url":"https:\/\/quehacerpolitico.mx\/?p=13897","article_published_time":"2019-01-11T02:24:32+00:00","author":"Redacci\u00f3n QP","twitter_card":"summary_large_image","twitter_misc":{"Escrito por":"Redacci\u00f3n QP","Tiempo de lectura":"2 minutos"},"schema":{"@context":"https:\/\/schema.org","@graph":[{"@type":"Article","@id":"https:\/\/quehacerpolitico.mx\/?p=13897#article","isPartOf":{"@id":"https:\/\/quehacerpolitico.mx\/?p=13897"},"author":{"name":"Redacci\u00f3n QP","@id":"https:\/\/quehacerpolitico.mx\/#\/schema\/person\/496d8ad2d1d3f8036101dca7ee39e585"},"headline":"Internacionales\/\/\/Carolina Alonso Romei\/\/\/EU prepara declaraci\u00f3n de emergencia nacional para construir el muro, dicen fuentes a TWP","datePublished":"2019-01-11T02:24:32+00:00","mainEntityOfPage":{"@id":"https:\/\/quehacerpolitico.mx\/?p=13897"},"wordCount":429,"commentCount":0,"image":{"@id":"https:\/\/quehacerpolitico.mx\/?p=13897#primaryimage"},"thumbnailUrl":"","articleSection":["Internacionales"],"inLanguage":"es","potentialAction":[{"@type":"CommentAction","name":"Comment","target":["https:\/\/quehacerpolitico.mx\/?p=13897#respond"]}]},{"@type":"WebPage","@id":"https:\/\/quehacerpolitico.mx\/?p=13897","url":"https:\/\/quehacerpolitico.mx\/?p=13897","name":"Internacionales\/\/\/Carolina Alonso Romei\/\/\/EU prepara declaraci\u00f3n de emergencia nacional para construir el muro, dicen fuentes a TWP -","isPartOf":{"@id":"https:\/\/quehacerpolitico.mx\/#website"},"primaryImageOfPage":{"@id":"https:\/\/quehacerpolitico.mx\/?p=13897#primaryimage"},"image":{"@id":"https:\/\/quehacerpolitico.mx\/?p=13897#primaryimage"},"thumbnailUrl":"","datePublished":"2019-01-11T02:24:32+00:00","author":{"@id":"https:\/\/quehacerpolitico.mx\/#\/schema\/person\/496d8ad2d1d3f8036101dca7ee39e585"},"breadcrumb":{"@id":"https:\/\/quehacerpolitico.mx\/?p=13897#breadcrumb"},"inLanguage":"es","potentialAction":[{"@type":"ReadAction","target":["https:\/\/quehacerpolitico.mx\/?p=13897"]}]},{"@type":"ImageObject","inLanguage":"es","@id":"https:\/\/quehacerpolitico.mx\/?p=13897#primaryimage","url":"","contentUrl":""},{"@type":"BreadcrumbList","@id":"https:\/\/quehacerpolitico.mx\/?p=13897#breadcrumb","itemListElement":[{"@type":"ListItem","position":1,"name":"Inicio","item":"https:\/\/quehacerpolitico.mx\/"},{"@type":"ListItem","position":2,"name":"Internacionales\/\/\/Carolina Alonso Romei\/\/\/EU prepara declaraci\u00f3n de emergencia nacional para construir el muro, dicen fuentes a TWP"}]},{"@type":"WebSite","@id":"https:\/\/quehacerpolitico.mx\/#website","url":"https:\/\/quehacerpolitico.mx\/","name":"","description":"","potentialAction":[{"@type":"SearchAction","target":{"@type":"EntryPoint","urlTemplate":"https:\/\/quehacerpolitico.mx\/?s={search_term_string}"},"query-input":{"@type":"PropertyValueSpecification","valueRequired":true,"valueName":"search_term_string"}}],"inLanguage":"es"},{"@type":"Person","@id":"https:\/\/quehacerpolitico.mx\/#\/schema\/person\/496d8ad2d1d3f8036101dca7ee39e585","name":"Redacci\u00f3n QP","image":{"@type":"ImageObject","inLanguage":"es","@id":"https:\/\/secure.gravatar.com\/avatar\/c7164ed6fdec453195284ad24a5ae5b6e1eed2b848477fa2a4787ba9adf39a41?s=96&d=mm&r=g","url":"https:\/\/secure.gravatar.com\/avatar\/c7164ed6fdec453195284ad24a5ae5b6e1eed2b848477fa2a4787ba9adf39a41?s=96&d=mm&r=g","contentUrl":"https:\/\/secure.gravatar.com\/avatar\/c7164ed6fdec453195284ad24a5ae5b6e1eed2b848477fa2a4787ba9adf39a41?s=96&d=mm&r=g","caption":"Redacci\u00f3n QP"},"url":"https:\/\/quehacerpolitico.mx\/?author=2"}]}},"featured_image_urls":{"full":"","thumbnail":"","medium":"","medium_large":"","large":"","1536x1536":"","2048x2048":"","covernews-featured":"","covernews-medium":""},"author_info":{"display_name":"Redacci\u00f3n QP","author_link":"https:\/\/quehacerpolitico.mx\/?author=2"},"category_info":"<a href=\"https:\/\/quehacerpolitico.mx\/?cat=1\" rel=\"category\">Internacionales<\/a>","tag_info":"Internacionales","comment_count":"0","_links":{"self":[{"href":"https:\/\/quehacerpolitico.mx\/index.php?rest_route=\/wp\/v2\/posts\/13897","targetHints":{"allow":["GET"]}}],"collection":[{"href":"https:\/\/quehacerpolitico.mx\/index.php?rest_route=\/wp\/v2\/posts"}],"about":[{"href":"https:\/\/quehacerpolitico.mx\/index.php?rest_route=\/wp\/v2\/types\/post"}],"author":[{"embeddable":true,"href":"https:\/\/quehacerpolitico.mx\/index.php?rest_route=\/wp\/v2\/users\/2"}],"replies":[{"embeddable":true,"href":"https:\/\/quehacerpolitico.mx\/index.php?rest_route=%2Fwp%2Fv2%2Fcomments&post=13897"}],"version-history":[{"count":0,"href":"https:\/\/quehacerpolitico.mx\/index.php?rest_route=\/wp\/v2\/posts\/13897\/revisions"}],"wp:featuredmedia":[{"embeddable":true,"href":"https:\/\/quehacerpolitico.mx\/index.php?rest_route=\/"}],"wp:attachment":[{"href":"https:\/\/quehacerpolitico.mx\/index.php?rest_route=%2Fwp%2Fv2%2Fmedia&parent=13897"}],"wp:term":[{"taxonomy":"category","embeddable":true,"href":"https:\/\/quehacerpolitico.mx\/index.php?rest_route=%2Fwp%2Fv2%2Fcategories&post=13897"},{"taxonomy":"post_tag","embeddable":true,"href":"https:\/\/quehacerpolitico.mx\/index.php?rest_route=%2Fwp%2Fv2%2Ftags&post=13897"}],"curies":[{"name":"wp","href":"https:\/\/api.w.org\/{rel}","templated":true}]}}