{"id":13887,"date":"2019-01-10T22:32:42","date_gmt":"2019-01-10T22:32:42","guid":{"rendered":"http:\/\/quehacerpolitico.mx\/el-mando-militar-va-a-terminar-diciendo-quien-nos-gobernara-en-los-proximos-6-anos-dice-tatiana\/"},"modified":"2019-01-10T22:32:42","modified_gmt":"2019-01-10T22:32:42","slug":"el-mando-militar-va-a-terminar-diciendo-quien-nos-gobernara-en-los-proximos-6-anos-dice-tatiana","status":"publish","type":"post","link":"https:\/\/quehacerpolitico.mx\/?p=13887","title":{"rendered":"\u201cEl mando militar va a terminar diciendo qui\u00e9n nos gobernar\u00e1 en los pr\u00f3ximos 6 a\u00f1os\u201d, dice Tatiana"},"content":{"rendered":"<h1>\u201cEl mando militar va a terminar diciendo qui\u00e9n nos gobernar\u00e1 en los pr\u00f3ximos 6 a\u00f1os\u201d, dice Tatiana<\/h1>\n<p>Por Redacci\u00f3n QP<\/p>\n<p><strong>Tatiana Clouthier Carrillo<\/strong>, vicecoordinadora del <strong>Movimiento Regeneraci\u00f3n Nacional (Morena)<\/strong> en la C\u00e1mara de Diputados, advirti\u00f3 que si se aprueba en sus t\u00e9rminos la creaci\u00f3n de la <strong>Guardia Nacional<\/strong>, militares podr\u00edan determinar qui\u00e9n dirigir\u00e1 el Gobierno federal en el 2024.<\/p>\n<p>\u201cLo pongo por varias vertientes, <strong>el tener 5 a\u00f1os el mando militar<\/strong> estar\u00eda hablando de decir que el mando militar va a terminar determinando <strong>qui\u00e9n nos gobernar\u00e1<\/strong> en los pr\u00f3ximos 6 a\u00f1os en este pa\u00eds. Me niego a poner esto como una antesala\u201d, dijo\u00a0<strong>Clouthier Carrillo<\/strong>, de acuerdo con informaci\u00f3n de Reforma y El Economista.<\/p>\n<blockquote>\n<p>\u201cQuitemos la simulaci\u00f3n y no porque tengamos que tener la <strong>coadyuvancia del Ej\u00e9rcito<\/strong> tengamos que hacer una reforma constitucional de la que despu\u00e9s nos <strong>podamos arrepentir<\/strong>\u201c,\u00a0 a\u00f1adi\u00f3 Tatiana.<\/p>\n<div id=\"attachment_3521094\" class=\"wp-caption alignnone\"><img loading=\"lazy\" decoding=\"async\" class=\"wp-image-3521094 size-full\" src=\"https:\/\/www.sinembargo.mx\/wp-content\/uploads\/2019\/01\/captura-de-pantalla-2019-01-10-a-las-16-03-33.png\" sizes=\"auto, (max-width: 700px) 100vw, 700px\" srcset=\"https:\/\/www.sinembargo.mx\/wp-content\/uploads\/2019\/01\/captura-de-pantalla-2019-01-10-a-las-16-03-33.png 700w, https:\/\/www.sinembargo.mx\/wp-content\/uploads\/2019\/01\/captura-de-pantalla-2019-01-10-a-las-16-03-33-203x300.png 203w\" alt=\"\" width=\"700\" height=\"1034\" \/><\/p>\n<p class=\"wp-caption-text\">Tatiana Clouthier Carrillo. Foto: Cuartoscuro.<\/p>\n<\/div>\n<p>El Alto Comisionado de las Naciones Unidas para los Derechos Humanos en M\u00e9xico, <strong>Jan Jarab<\/strong>, alert\u00f3 que la propuesta de la <strong>Guardia Nacional<\/strong>, impulsada por el Presidente <strong>Andr\u00e9s Manuel L\u00f3pez Obrador<\/strong>, no brinda garant\u00edas de no repetici\u00f3n ni permite inferir que no volver\u00e1n a suceder las graves violaciones de derechos humanos cometidas por las Fuerzas Armadas en el pasado.<\/p>\n<p>Mientras,\u00a0Luis Ra\u00fal Gonz\u00e1lez P\u00e9rez, titular de la Comisi\u00f3n Nacional de los Derechos Humanos (<strong>CNDH<\/strong>) propuso crear una corporaci\u00f3n intermedia, civil y especializada para enfrentar el problema de inseguridad que se vive en el pa\u00eds luego de que descalificara la creaci\u00f3n de una Guardia Nacional.<\/p>\n<p>Jan Jarab asegur\u00f3 que la Guardia Nacional mantiene una adscripci\u00f3n al ramo de la Defensa Nacional por un plazo m\u00e1ximo de cinco a\u00f1os, lo cual trastoca la l\u00ednea inmediata de autoridad civil al inicio de su gesti\u00f3n.<\/p>\n<p>El Alto Comisionado calific\u00f3 como preocupante la modificaci\u00f3n que propone el Dictamen al primer p\u00e1rrafo del art\u00edculo 21 constitucional, para establecer que la Guardia Nacional tendr\u00e1 competencia para investigar delitos.<\/p>\n<p>La ONU expres\u00f3 su preocupaci\u00f3n por el impacto que llegar\u00eda a tener la reforma en labores de investigaci\u00f3n del delito y el sistema de justicia penal y por la idoneidad y la efectividad de la medida para abordar la inseguridad.<\/p>\n<blockquote>\n<p>\u201cDesde que comenz\u00f3 el despliegue de las fuerzas armadas en tareas de seguridad la violencia en el pa\u00eds se ha disparado, por lo que \u00e9sta no parece la forma id\u00f3nea de lograr seguridad\u201d, dijo Jarab.<\/p>\n<p>La ONU-DH reiter\u00f3 la propuesta a la que consider\u00f3 como \u201cla definici\u00f3n constitucional m\u00e1s relevante que adopte la presente legislatura en materia de seguridad\u201d, se realice de manera pausada y reflexiva y en estricto apego a los compromisos internacionales de derechos humanos adoptados por el estado mexicano.<\/p>\n<p>\u201cLa Oficina refrenda su plena disposici\u00f3n de seguir brindando su asistencia y cooperaci\u00f3n t\u00e9cnicas al honorable Congreso de la Uni\u00f3n\u201d.<\/p>\n<p><strong>CNDH PIDE GUARDIA CIVIL<\/strong><\/p>\n<p>El Ombudsman nacional Luis Ra\u00fal Gonz\u00e1lez P\u00e9rez\u00a0\u00a0descalific\u00f3 la creaci\u00f3n de una Guardia Nacional y propuso la creaci\u00f3n de\u00a0una corporaci\u00f3n intermedia, civil y especializada.<\/p>\n<p>Durante el tercer d\u00eda de audiencia publicas realizada en la C\u00e1mara de Diputados para analizar la propuesta de la creaci\u00f3n de la Guardia Nacional, Gonz\u00e1lez P\u00e9rez indic\u00f3 que se necesita una corporaci\u00f3n que con disciplina y adiestramiento especializado, coadyuve en transici\u00f3n entre intervenci\u00f3n militar directa y el que polic\u00edas civiles recuperen sus funciones.<\/p>\n<blockquote>\n<p>\u201cNo podemos depositar la garant\u00eda directa de los derechos, dentro de nuestro sistema constitucional, en \u00f3rganos o estructuras militares\u201d, dijo.<\/p>\n<\/blockquote>\n<p>El Ombudsman nacional pidi\u00f3 escuchar a las v\u00edctimas y que el Gobierno solicite a la Corte Interamericana de Derechos Humanos\u00a0(CIDH) una opini\u00f3n consultiva sobre la compatibilidad de la Guardia Nacional con el r\u00e9gimen de derechos humanos interamericano.<\/p>\n<blockquote>\n<p>\u201cLa propuesta de la Guardia Nacional no establece c\u00f3mo ni cu\u00e1ndo vamos a desarrollar a polic\u00edas civiles sin tinte militar, ni cu\u00e1l ser\u00e1 el destino y papel de las polic\u00edas que actualmente se encuentran operando\u201d.<\/p>\n<p>El Plan Nacional de Paz y Seguridad 2018-2024 del Presidente de M\u00e9xico, Andr\u00e9s Manuel L\u00f3pez Obrador, propuso como eje central una Guardia Nacional formada por las polic\u00edas militar, naval y federal con el objetivo de preservar la seguridad y combatir la delincuencia que ha ido en aumento en los \u00faltimos a\u00f1os.<\/p>\n<p>La Guardia Nacional, que para su creaci\u00f3n requerir\u00e1 una reforma constitucional que est\u00e1 siendo debatida en el Congreso, ser\u00e1 encabezada por las Fuerzas Armadas y formada por militares, efectivos navales y polic\u00edas federales.<\/p>\n<p>La creaci\u00f3n del organismo ha sido muy criticada por organizaciones nacionales e internacionales, como ONU Derechos Humanos, al considerar que perpet\u00faa la militarizaci\u00f3n de la seguridad p\u00fablica en M\u00e9xico, que arranc\u00f3 con la salida a las calles de los militares en 2006 bajo el mandato de Felipe Calder\u00f3n (2006-2012) que continu\u00f3 bajo el mandato del ex Presidente Enrique Pe\u00f1a Nieto (2012-2018).<\/p>\n<blockquote class=\"twitter-tweet\" data-width=\"550\" data-dnt=\"true\">\n<p lang=\"es\" dir=\"ltr\">La Mesa 5 de las <a href=\"https:\/\/twitter.com\/hashtag\/AudienciasGuardiaNacional?src=hash&amp;ref_src=twsrc%5Etfw\">#AudienciasGuardiaNacional<\/a> abordar\u00e1 el tema: Derechos Humanos y Guardia Nacional <a href=\"https:\/\/t.co\/Q6kAafB3cL\">https:\/\/t.co\/Q6kAafB3cL<\/a><\/p>\n<p>&mdash; H. C\u00e1mara de Diputados (@Mx_Diputados) <a href=\"https:\/\/twitter.com\/Mx_Diputados\/status\/1083411456811401216?ref_src=twsrc%5Etfw\">January 10, 2019<\/a><\/p><\/blockquote>\n<p><script async src=\"https:\/\/platform.twitter.com\/widgets.js\" charset=\"utf-8\"><\/script><\/p>\n<\/blockquote>\n<\/blockquote>\n<\/blockquote>\n","protected":false},"excerpt":{"rendered":"<p>\u201cEl mando militar va a terminar diciendo qui\u00e9n nos gobernar\u00e1 en los pr\u00f3ximos 6 a\u00f1os\u201d, dice Tatiana<br \/>\nPor Redacci\u00f3n QP<\/p>\n","protected":false},"author":2,"featured_media":13886,"comment_status":"open","ping_status":"open","sticky":false,"template":"","format":"standard","meta":{"_monsterinsights_skip_tracking":false,"_monsterinsights_sitenote_active":false,"_monsterinsights_sitenote_note":"","_monsterinsights_sitenote_category":0,"footnotes":""},"categories":[2],"tags":[],"class_list":["post-13887","post","type-post","status-publish","format-standard","has-post-thumbnail","hentry","category-noticias"],"yoast_head":"<!-- This site is optimized with the Yoast SEO plugin v27.3 - https:\/\/yoast.com\/product\/yoast-seo-wordpress\/ -->\n<title>\u201cEl mando militar va a terminar diciendo qui\u00e9n nos gobernar\u00e1 en los pr\u00f3ximos 6 a\u00f1os\u201d, dice Tatiana -<\/title>\n<meta name=\"robots\" content=\"index, follow, max-snippet:-1, max-image-preview:large, max-video-preview:-1\" \/>\n<link rel=\"canonical\" href=\"https:\/\/quehacerpolitico.mx\/?p=13887\" \/>\n<meta property=\"og:locale\" content=\"es_MX\" \/>\n<meta property=\"og:type\" content=\"article\" \/>\n<meta property=\"og:title\" content=\"\u201cEl mando militar va a terminar diciendo qui\u00e9n nos gobernar\u00e1 en los pr\u00f3ximos 6 a\u00f1os\u201d, dice Tatiana -\" \/>\n<meta property=\"og:description\" content=\"\u201cEl mando militar va a terminar diciendo qui\u00e9n nos gobernar\u00e1 en los pr\u00f3ximos 6 a\u00f1os\u201d, dice Tatiana Por Redacci\u00f3n QP\" \/>\n<meta property=\"og:url\" content=\"https:\/\/quehacerpolitico.mx\/?p=13887\" \/>\n<meta property=\"article:published_time\" content=\"2019-01-10T22:32:42+00:00\" \/>\n<meta name=\"author\" content=\"Redacci\u00f3n QP\" \/>\n<meta name=\"twitter:card\" content=\"summary_large_image\" \/>\n<meta name=\"twitter:label1\" content=\"Escrito por\" \/>\n\t<meta name=\"twitter:data1\" content=\"Redacci\u00f3n QP\" \/>\n\t<meta name=\"twitter:label2\" content=\"Tiempo de lectura\" \/>\n\t<meta name=\"twitter:data2\" content=\"4 minutos\" \/>\n<script type=\"application\/ld+json\" class=\"yoast-schema-graph\">{\"@context\":\"https:\\\/\\\/schema.org\",\"@graph\":[{\"@type\":\"Article\",\"@id\":\"https:\\\/\\\/quehacerpolitico.mx\\\/?p=13887#article\",\"isPartOf\":{\"@id\":\"https:\\\/\\\/quehacerpolitico.mx\\\/?p=13887\"},\"author\":{\"name\":\"Redacci\u00f3n QP\",\"@id\":\"https:\\\/\\\/quehacerpolitico.mx\\\/#\\\/schema\\\/person\\\/496d8ad2d1d3f8036101dca7ee39e585\"},\"headline\":\"\u201cEl mando militar va a terminar diciendo qui\u00e9n nos gobernar\u00e1 en los pr\u00f3ximos 6 a\u00f1os\u201d, dice Tatiana\",\"datePublished\":\"2019-01-10T22:32:42+00:00\",\"mainEntityOfPage\":{\"@id\":\"https:\\\/\\\/quehacerpolitico.mx\\\/?p=13887\"},\"wordCount\":891,\"commentCount\":0,\"image\":{\"@id\":\"https:\\\/\\\/quehacerpolitico.mx\\\/?p=13887#primaryimage\"},\"thumbnailUrl\":\"\",\"articleSection\":[\"Noticias\"],\"inLanguage\":\"es\",\"potentialAction\":[{\"@type\":\"CommentAction\",\"name\":\"Comment\",\"target\":[\"https:\\\/\\\/quehacerpolitico.mx\\\/?p=13887#respond\"]}]},{\"@type\":\"WebPage\",\"@id\":\"https:\\\/\\\/quehacerpolitico.mx\\\/?p=13887\",\"url\":\"https:\\\/\\\/quehacerpolitico.mx\\\/?p=13887\",\"name\":\"\u201cEl mando militar va a terminar diciendo qui\u00e9n nos gobernar\u00e1 en los pr\u00f3ximos 6 a\u00f1os\u201d, dice Tatiana -\",\"isPartOf\":{\"@id\":\"https:\\\/\\\/quehacerpolitico.mx\\\/#website\"},\"primaryImageOfPage\":{\"@id\":\"https:\\\/\\\/quehacerpolitico.mx\\\/?p=13887#primaryimage\"},\"image\":{\"@id\":\"https:\\\/\\\/quehacerpolitico.mx\\\/?p=13887#primaryimage\"},\"thumbnailUrl\":\"\",\"datePublished\":\"2019-01-10T22:32:42+00:00\",\"author\":{\"@id\":\"https:\\\/\\\/quehacerpolitico.mx\\\/#\\\/schema\\\/person\\\/496d8ad2d1d3f8036101dca7ee39e585\"},\"breadcrumb\":{\"@id\":\"https:\\\/\\\/quehacerpolitico.mx\\\/?p=13887#breadcrumb\"},\"inLanguage\":\"es\",\"potentialAction\":[{\"@type\":\"ReadAction\",\"target\":[\"https:\\\/\\\/quehacerpolitico.mx\\\/?p=13887\"]}]},{\"@type\":\"ImageObject\",\"inLanguage\":\"es\",\"@id\":\"https:\\\/\\\/quehacerpolitico.mx\\\/?p=13887#primaryimage\",\"url\":\"\",\"contentUrl\":\"\"},{\"@type\":\"BreadcrumbList\",\"@id\":\"https:\\\/\\\/quehacerpolitico.mx\\\/?p=13887#breadcrumb\",\"itemListElement\":[{\"@type\":\"ListItem\",\"position\":1,\"name\":\"Inicio\",\"item\":\"https:\\\/\\\/quehacerpolitico.mx\\\/\"},{\"@type\":\"ListItem\",\"position\":2,\"name\":\"\u201cEl mando militar va a terminar diciendo qui\u00e9n nos gobernar\u00e1 en los pr\u00f3ximos 6 a\u00f1os\u201d, dice Tatiana\"}]},{\"@type\":\"WebSite\",\"@id\":\"https:\\\/\\\/quehacerpolitico.mx\\\/#website\",\"url\":\"https:\\\/\\\/quehacerpolitico.mx\\\/\",\"name\":\"\",\"description\":\"\",\"potentialAction\":[{\"@type\":\"SearchAction\",\"target\":{\"@type\":\"EntryPoint\",\"urlTemplate\":\"https:\\\/\\\/quehacerpolitico.mx\\\/?s={search_term_string}\"},\"query-input\":{\"@type\":\"PropertyValueSpecification\",\"valueRequired\":true,\"valueName\":\"search_term_string\"}}],\"inLanguage\":\"es\"},{\"@type\":\"Person\",\"@id\":\"https:\\\/\\\/quehacerpolitico.mx\\\/#\\\/schema\\\/person\\\/496d8ad2d1d3f8036101dca7ee39e585\",\"name\":\"Redacci\u00f3n QP\",\"image\":{\"@type\":\"ImageObject\",\"inLanguage\":\"es\",\"@id\":\"https:\\\/\\\/secure.gravatar.com\\\/avatar\\\/c7164ed6fdec453195284ad24a5ae5b6e1eed2b848477fa2a4787ba9adf39a41?s=96&d=mm&r=g\",\"url\":\"https:\\\/\\\/secure.gravatar.com\\\/avatar\\\/c7164ed6fdec453195284ad24a5ae5b6e1eed2b848477fa2a4787ba9adf39a41?s=96&d=mm&r=g\",\"contentUrl\":\"https:\\\/\\\/secure.gravatar.com\\\/avatar\\\/c7164ed6fdec453195284ad24a5ae5b6e1eed2b848477fa2a4787ba9adf39a41?s=96&d=mm&r=g\",\"caption\":\"Redacci\u00f3n QP\"},\"url\":\"https:\\\/\\\/quehacerpolitico.mx\\\/?author=2\"}]}<\/script>\n<!-- \/ Yoast SEO plugin. -->","yoast_head_json":{"title":"\u201cEl mando militar va a terminar diciendo qui\u00e9n nos gobernar\u00e1 en los pr\u00f3ximos 6 a\u00f1os\u201d, dice Tatiana -","robots":{"index":"index","follow":"follow","max-snippet":"max-snippet:-1","max-image-preview":"max-image-preview:large","max-video-preview":"max-video-preview:-1"},"canonical":"https:\/\/quehacerpolitico.mx\/?p=13887","og_locale":"es_MX","og_type":"article","og_title":"\u201cEl mando militar va a terminar diciendo qui\u00e9n nos gobernar\u00e1 en los pr\u00f3ximos 6 a\u00f1os\u201d, dice Tatiana -","og_description":"\u201cEl mando militar va a terminar diciendo qui\u00e9n nos gobernar\u00e1 en los pr\u00f3ximos 6 a\u00f1os\u201d, dice Tatiana Por Redacci\u00f3n QP","og_url":"https:\/\/quehacerpolitico.mx\/?p=13887","article_published_time":"2019-01-10T22:32:42+00:00","author":"Redacci\u00f3n QP","twitter_card":"summary_large_image","twitter_misc":{"Escrito por":"Redacci\u00f3n QP","Tiempo de lectura":"4 minutos"},"schema":{"@context":"https:\/\/schema.org","@graph":[{"@type":"Article","@id":"https:\/\/quehacerpolitico.mx\/?p=13887#article","isPartOf":{"@id":"https:\/\/quehacerpolitico.mx\/?p=13887"},"author":{"name":"Redacci\u00f3n QP","@id":"https:\/\/quehacerpolitico.mx\/#\/schema\/person\/496d8ad2d1d3f8036101dca7ee39e585"},"headline":"\u201cEl mando militar va a terminar diciendo qui\u00e9n nos gobernar\u00e1 en los pr\u00f3ximos 6 a\u00f1os\u201d, dice Tatiana","datePublished":"2019-01-10T22:32:42+00:00","mainEntityOfPage":{"@id":"https:\/\/quehacerpolitico.mx\/?p=13887"},"wordCount":891,"commentCount":0,"image":{"@id":"https:\/\/quehacerpolitico.mx\/?p=13887#primaryimage"},"thumbnailUrl":"","articleSection":["Noticias"],"inLanguage":"es","potentialAction":[{"@type":"CommentAction","name":"Comment","target":["https:\/\/quehacerpolitico.mx\/?p=13887#respond"]}]},{"@type":"WebPage","@id":"https:\/\/quehacerpolitico.mx\/?p=13887","url":"https:\/\/quehacerpolitico.mx\/?p=13887","name":"\u201cEl mando militar va a terminar diciendo qui\u00e9n nos gobernar\u00e1 en los pr\u00f3ximos 6 a\u00f1os\u201d, dice Tatiana -","isPartOf":{"@id":"https:\/\/quehacerpolitico.mx\/#website"},"primaryImageOfPage":{"@id":"https:\/\/quehacerpolitico.mx\/?p=13887#primaryimage"},"image":{"@id":"https:\/\/quehacerpolitico.mx\/?p=13887#primaryimage"},"thumbnailUrl":"","datePublished":"2019-01-10T22:32:42+00:00","author":{"@id":"https:\/\/quehacerpolitico.mx\/#\/schema\/person\/496d8ad2d1d3f8036101dca7ee39e585"},"breadcrumb":{"@id":"https:\/\/quehacerpolitico.mx\/?p=13887#breadcrumb"},"inLanguage":"es","potentialAction":[{"@type":"ReadAction","target":["https:\/\/quehacerpolitico.mx\/?p=13887"]}]},{"@type":"ImageObject","inLanguage":"es","@id":"https:\/\/quehacerpolitico.mx\/?p=13887#primaryimage","url":"","contentUrl":""},{"@type":"BreadcrumbList","@id":"https:\/\/quehacerpolitico.mx\/?p=13887#breadcrumb","itemListElement":[{"@type":"ListItem","position":1,"name":"Inicio","item":"https:\/\/quehacerpolitico.mx\/"},{"@type":"ListItem","position":2,"name":"\u201cEl mando militar va a terminar diciendo qui\u00e9n nos gobernar\u00e1 en los pr\u00f3ximos 6 a\u00f1os\u201d, dice Tatiana"}]},{"@type":"WebSite","@id":"https:\/\/quehacerpolitico.mx\/#website","url":"https:\/\/quehacerpolitico.mx\/","name":"","description":"","potentialAction":[{"@type":"SearchAction","target":{"@type":"EntryPoint","urlTemplate":"https:\/\/quehacerpolitico.mx\/?s={search_term_string}"},"query-input":{"@type":"PropertyValueSpecification","valueRequired":true,"valueName":"search_term_string"}}],"inLanguage":"es"},{"@type":"Person","@id":"https:\/\/quehacerpolitico.mx\/#\/schema\/person\/496d8ad2d1d3f8036101dca7ee39e585","name":"Redacci\u00f3n QP","image":{"@type":"ImageObject","inLanguage":"es","@id":"https:\/\/secure.gravatar.com\/avatar\/c7164ed6fdec453195284ad24a5ae5b6e1eed2b848477fa2a4787ba9adf39a41?s=96&d=mm&r=g","url":"https:\/\/secure.gravatar.com\/avatar\/c7164ed6fdec453195284ad24a5ae5b6e1eed2b848477fa2a4787ba9adf39a41?s=96&d=mm&r=g","contentUrl":"https:\/\/secure.gravatar.com\/avatar\/c7164ed6fdec453195284ad24a5ae5b6e1eed2b848477fa2a4787ba9adf39a41?s=96&d=mm&r=g","caption":"Redacci\u00f3n QP"},"url":"https:\/\/quehacerpolitico.mx\/?author=2"}]}},"featured_image_urls":{"full":"","thumbnail":"","medium":"","medium_large":"","large":"","1536x1536":"","2048x2048":"","covernews-featured":"","covernews-medium":""},"author_info":{"display_name":"Redacci\u00f3n QP","author_link":"https:\/\/quehacerpolitico.mx\/?author=2"},"category_info":"<a href=\"https:\/\/quehacerpolitico.mx\/?cat=2\" rel=\"category\">Noticias<\/a>","tag_info":"Noticias","comment_count":"0","_links":{"self":[{"href":"https:\/\/quehacerpolitico.mx\/index.php?rest_route=\/wp\/v2\/posts\/13887","targetHints":{"allow":["GET"]}}],"collection":[{"href":"https:\/\/quehacerpolitico.mx\/index.php?rest_route=\/wp\/v2\/posts"}],"about":[{"href":"https:\/\/quehacerpolitico.mx\/index.php?rest_route=\/wp\/v2\/types\/post"}],"author":[{"embeddable":true,"href":"https:\/\/quehacerpolitico.mx\/index.php?rest_route=\/wp\/v2\/users\/2"}],"replies":[{"embeddable":true,"href":"https:\/\/quehacerpolitico.mx\/index.php?rest_route=%2Fwp%2Fv2%2Fcomments&post=13887"}],"version-history":[{"count":0,"href":"https:\/\/quehacerpolitico.mx\/index.php?rest_route=\/wp\/v2\/posts\/13887\/revisions"}],"wp:featuredmedia":[{"embeddable":true,"href":"https:\/\/quehacerpolitico.mx\/index.php?rest_route=\/"}],"wp:attachment":[{"href":"https:\/\/quehacerpolitico.mx\/index.php?rest_route=%2Fwp%2Fv2%2Fmedia&parent=13887"}],"wp:term":[{"taxonomy":"category","embeddable":true,"href":"https:\/\/quehacerpolitico.mx\/index.php?rest_route=%2Fwp%2Fv2%2Fcategories&post=13887"},{"taxonomy":"post_tag","embeddable":true,"href":"https:\/\/quehacerpolitico.mx\/index.php?rest_route=%2Fwp%2Fv2%2Ftags&post=13887"}],"curies":[{"name":"wp","href":"https:\/\/api.w.org\/{rel}","templated":true}]}}