{"id":13875,"date":"2019-01-10T19:10:16","date_gmt":"2019-01-10T19:10:16","guid":{"rendered":"http:\/\/quehacerpolitico.mx\/alfredo-del-mazo-gonzalez-padre-del-gobernador-de-edomex-y-politico-del-pri-muere-a-los-75\/"},"modified":"2019-01-10T19:10:16","modified_gmt":"2019-01-10T19:10:16","slug":"alfredo-del-mazo-gonzalez-padre-del-gobernador-de-edomex-y-politico-del-pri-muere-a-los-75","status":"publish","type":"post","link":"https:\/\/quehacerpolitico.mx\/?p=13875","title":{"rendered":"Alfredo del Mazo Gonz\u00e1lez, padre del Gobernador de Edomex y pol\u00edtico del PRI, muere a los 75"},"content":{"rendered":"<h1>Alfredo del Mazo Gonz\u00e1lez, padre del Gobernador de Edomex y pol\u00edtico del PRI, muere a los 75<\/h1>\n<p>Por Redacci\u00f3n QP<\/p>\n<p><strong>Alfredo Del Mazo Gonz\u00e1lez<\/strong>, ex Gobernador del<strong> Estado de M\u00e9xico<\/strong> (1981-1986), <strong>falleci\u00f3<\/strong>este jueves a los <strong>75 a\u00f1os de edad.<\/strong><\/p>\n<p>Su hijo, el Gobernador mexiquense, Alfredo Del Mazo Maza, confirm\u00f3 la noticia a trav\u00e9s de su cuenta de Twitter.<\/p>\n<blockquote>\n<p>\u201cCon profunda tristeza, les comparto el fallecimiento de mi padre Alfredo Del Mazo Gonz\u00e1lez.<br \/>Quienes tuvimos la dicha de ser parte de su vida, estaremos agradecidos por su amor y sus ense\u00f1anzas.<br \/>Que Dios lo tenga cerca de \u00e9l\u201d, escribi\u00f3 el mandatario estatal.<\/p>\n<blockquote class=\"twitter-tweet\" data-width=\"550\" data-dnt=\"true\">\n<p lang=\"es\" dir=\"ltr\">Con profunda tristeza, les comparto el fallecimiento de mi padre Alfredo Del Mazo Gonz\u00e1lez.<br \/>Quienes tuvimos la dicha de ser parte de su vida, estaremos agradecidos por su amor y sus ense\u00f1anzas.<br \/>Que Dios lo tenga cerca de \u00e9l.<\/p>\n<p>&mdash; Alfredo Del Mazo (@alfredodelmazo) <a href=\"https:\/\/twitter.com\/alfredodelmazo\/status\/1083427510417801216?ref_src=twsrc%5Etfw\">January 10, 2019<\/a><\/p><\/blockquote>\n<p><script async src=\"https:\/\/platform.twitter.com\/widgets.js\" charset=\"utf-8\"><\/script><\/p>\n<p>El Presidente Andr\u00e9s Manuel L\u00f3pez Obrador pidi\u00f3 un minuto de silencio por el fallecimiento de Alfredo Del Mazo Gonz\u00e1lez, durante el evento del arranque del programa \u201cJ\u00f3venes Construyento el Futuro\u201d que encabeza esta tarde en Tlalnepantla.<\/p>\n<p>Detall\u00f3 que el Gobernador mexiquense no estuvo presente en el acto por el fallecimiento de su padre. Indic\u00f3 que \u00e9l tuvo la oportunidad de darle su p\u00e9same al mandatario estatal previo al evento.<\/p>\n<p>Pidi\u00f3 a los asistentes al encuentro ponerse de pie y guardar un minuto de silencio en honor al padre del Gobernador.<\/p>\n<div id=\"attachment_3520976\" class=\"wp-caption alignnone\"><img loading=\"lazy\" decoding=\"async\" class=\"size-full wp-image-3520976\" src=\"https:\/\/www.sinembargo.mx\/wp-content\/uploads\/2019\/01\/del-mazo-1.jpg\" sizes=\"auto, (max-width: 700px) 100vw, 700px\" srcset=\"https:\/\/www.sinembargo.mx\/wp-content\/uploads\/2019\/01\/del-mazo-1.jpg 700w, https:\/\/www.sinembargo.mx\/wp-content\/uploads\/2019\/01\/del-mazo-1-200x300.jpg 200w\" alt=\"\" width=\"700\" height=\"1050\" \/><\/p>\n<p class=\"wp-caption-text\">Alfredo del Mazo Gonz\u00e1lez, ex gobernador y padre de Alfredo del Mazo Maza durante la toma de protesta de su hijo el 15 de septiembre de 2017. Foto: Cuartoscuro<\/p>\n<\/div>\n<p>Alfredo del Mazo Gonz\u00e1lez, tambi\u00e9n t\u00edo del ex Presidente Enrique Pe\u00f1a Nieto y quien fue tambi\u00e9n su \u201ccerebro\u201d pol\u00edtico, fue un priista mexiquense que anhel\u00f3 la Presidencia y no obtuvo ni la candidatura de su partido.<\/p>\n<section class=\"post-content\">\n<p>Del Mazo Gonz\u00e1lez era, adem\u00e1s, parte de esa dinast\u00eda pol\u00edtica mexiquense bautizada como Grupo Atlacomulco y, como tal, heredero y promotor de una forma de hacer pol\u00edtica cuya principal caracter\u00edstica es la lealtad a la familia, ya sea la consangu\u00ednea o la forjada a trav\u00e9s de relaciones y negocios.<\/p>\n<p>Alfredo Del Mazo Gonz\u00e1lez fue el priista que llev\u00f3 al Estado de M\u00e9xico a personajes como Gerardo Ruiz Esparza, Luis Miranda Nava y Juan Armando Hinojosa Cant\u00fa.<\/p>\n<p>El mismo a\u00f1o que comenz\u00f3 su carrera de Administraci\u00f3n de Empresas en la Universidad Nacional Aut\u00f3noma de M\u00e9xico (UNAM), Del Mazo Gonz\u00e1lez se afili\u00f3 al PRI. Era 1962. Para entonces, su padre, Alfredo del Mazo V\u00e9lez, ya hab\u00eda sido Gobernador del Estado de M\u00e9xico y Senador, adem\u00e1s de haber fungido como Tesorero General y Secretario General de Gobierno durante la gubernatura de Isidro Fabela en la entidad. El abuelo de Del Mazo Gonz\u00e1lez, Manuel del Mazo Villasante, hab\u00eda sido Presidente Municipal de Atlacomulco.<\/p>\n<p>Sin embargo, para Del Mazo Gonz\u00e1lez la posibilidad de involucrarse directamente en la pol\u00edtica lleg\u00f3 hasta 1981, cuando fue postulado como candidato del PRI a la gubernatura de su estado natal, la cual gan\u00f3 con un amplio margen. Eran los tiempos en que la oposici\u00f3n no exist\u00eda, am\u00e9n de que Del Mazo Gonz\u00e1lez hab\u00eda conseguido su candidatura gracias al respaldo de dos personajes clave en su carrera: el l\u00edder sindical Fidel Vel\u00e1zquez S\u00e1nchez y Miguel de la Madrid Hurtado, quien el mismo a\u00f1o que Del Mazo Gonz\u00e1lez lleg\u00f3 a la gubernatura, se convirti\u00f3 en Presidente del pa\u00eds.<\/p>\n<p>Despu\u00e9s de eso, no ocup\u00f3 ning\u00fan otro cargo de elecci\u00f3n popular, pese a sus aspiraciones por convertirse en el sucesor de su amigo De la Madrid, quien pese a referirse a \u00e9l como \u201cel hermano que nunca tuvo\u201d, no lo eligi\u00f3 para ser el candidato del partido oficial a la Presidencia. Ese lugar fue para Carlos Salinas de Gortari.<\/p>\n<p>La carrera pol\u00edtica de Del Mazo Gonz\u00e1lez no fue, pues, m\u00e1s all\u00e1 de Toluca. Y sin embargo, se convirti\u00f3 en el personaje que m\u00e1s parece haber influido en el ex Presidente, proveniente de la misma casta y heredero del mismo estilo que Del Mazo Gonz\u00e1lez, definido por el periodista y escritor Francisco Cruz Jim\u00e9nez como de \u201cbonitos, guapos, rudos e incapaces\u201d.<\/p>\n<div class=\"at-below-post addthis_tool\" data-url=\"https:\/\/www.sinembargo.mx\/10-01-2019\/3520974\">\u00a0<\/div>\n<\/section>\n<div class=\"app-share-buttons\">\u00a0<\/div>\n<\/blockquote>\n","protected":false},"excerpt":{"rendered":"<p>Alfredo del Mazo Gonz\u00e1lez, padre del Gobernador de Edomex y pol\u00edtico del PRI, muere a los 75<br \/>\nPor Redacci\u00f3n QP<\/p>\n","protected":false},"author":2,"featured_media":13874,"comment_status":"open","ping_status":"open","sticky":false,"template":"","format":"standard","meta":{"_monsterinsights_skip_tracking":false,"_monsterinsights_sitenote_active":false,"_monsterinsights_sitenote_note":"","_monsterinsights_sitenote_category":0,"footnotes":""},"categories":[2],"tags":[],"class_list":["post-13875","post","type-post","status-publish","format-standard","has-post-thumbnail","hentry","category-noticias"],"yoast_head":"<!-- This site is optimized with the Yoast SEO plugin v27.3 - https:\/\/yoast.com\/product\/yoast-seo-wordpress\/ -->\n<title>Alfredo del Mazo Gonz\u00e1lez, padre del Gobernador de Edomex y pol\u00edtico del PRI, muere a los 75 -<\/title>\n<meta name=\"robots\" content=\"index, follow, max-snippet:-1, max-image-preview:large, max-video-preview:-1\" \/>\n<link rel=\"canonical\" href=\"https:\/\/quehacerpolitico.mx\/?p=13875\" \/>\n<meta property=\"og:locale\" content=\"es_MX\" \/>\n<meta property=\"og:type\" content=\"article\" \/>\n<meta property=\"og:title\" content=\"Alfredo del Mazo Gonz\u00e1lez, padre del Gobernador de Edomex y pol\u00edtico del PRI, muere a los 75 -\" \/>\n<meta property=\"og:description\" content=\"Alfredo del Mazo Gonz\u00e1lez, padre del Gobernador de Edomex y pol\u00edtico del PRI, muere a los 75 Por Redacci\u00f3n QP\" \/>\n<meta property=\"og:url\" content=\"https:\/\/quehacerpolitico.mx\/?p=13875\" \/>\n<meta property=\"article:published_time\" content=\"2019-01-10T19:10:16+00:00\" \/>\n<meta name=\"author\" content=\"Redacci\u00f3n QP\" \/>\n<meta name=\"twitter:card\" content=\"summary_large_image\" \/>\n<meta name=\"twitter:label1\" content=\"Escrito por\" \/>\n\t<meta name=\"twitter:data1\" content=\"Redacci\u00f3n QP\" \/>\n\t<meta name=\"twitter:label2\" content=\"Tiempo de lectura\" \/>\n\t<meta name=\"twitter:data2\" content=\"3 minutos\" \/>\n<script type=\"application\/ld+json\" class=\"yoast-schema-graph\">{\"@context\":\"https:\\\/\\\/schema.org\",\"@graph\":[{\"@type\":\"Article\",\"@id\":\"https:\\\/\\\/quehacerpolitico.mx\\\/?p=13875#article\",\"isPartOf\":{\"@id\":\"https:\\\/\\\/quehacerpolitico.mx\\\/?p=13875\"},\"author\":{\"name\":\"Redacci\u00f3n QP\",\"@id\":\"https:\\\/\\\/quehacerpolitico.mx\\\/#\\\/schema\\\/person\\\/496d8ad2d1d3f8036101dca7ee39e585\"},\"headline\":\"Alfredo del Mazo Gonz\u00e1lez, padre del Gobernador de Edomex y pol\u00edtico del PRI, muere a los 75\",\"datePublished\":\"2019-01-10T19:10:16+00:00\",\"mainEntityOfPage\":{\"@id\":\"https:\\\/\\\/quehacerpolitico.mx\\\/?p=13875\"},\"wordCount\":715,\"commentCount\":0,\"image\":{\"@id\":\"https:\\\/\\\/quehacerpolitico.mx\\\/?p=13875#primaryimage\"},\"thumbnailUrl\":\"\",\"articleSection\":[\"Noticias\"],\"inLanguage\":\"es\",\"potentialAction\":[{\"@type\":\"CommentAction\",\"name\":\"Comment\",\"target\":[\"https:\\\/\\\/quehacerpolitico.mx\\\/?p=13875#respond\"]}]},{\"@type\":\"WebPage\",\"@id\":\"https:\\\/\\\/quehacerpolitico.mx\\\/?p=13875\",\"url\":\"https:\\\/\\\/quehacerpolitico.mx\\\/?p=13875\",\"name\":\"Alfredo del Mazo Gonz\u00e1lez, padre del Gobernador de Edomex y pol\u00edtico del PRI, muere a los 75 -\",\"isPartOf\":{\"@id\":\"https:\\\/\\\/quehacerpolitico.mx\\\/#website\"},\"primaryImageOfPage\":{\"@id\":\"https:\\\/\\\/quehacerpolitico.mx\\\/?p=13875#primaryimage\"},\"image\":{\"@id\":\"https:\\\/\\\/quehacerpolitico.mx\\\/?p=13875#primaryimage\"},\"thumbnailUrl\":\"\",\"datePublished\":\"2019-01-10T19:10:16+00:00\",\"author\":{\"@id\":\"https:\\\/\\\/quehacerpolitico.mx\\\/#\\\/schema\\\/person\\\/496d8ad2d1d3f8036101dca7ee39e585\"},\"breadcrumb\":{\"@id\":\"https:\\\/\\\/quehacerpolitico.mx\\\/?p=13875#breadcrumb\"},\"inLanguage\":\"es\",\"potentialAction\":[{\"@type\":\"ReadAction\",\"target\":[\"https:\\\/\\\/quehacerpolitico.mx\\\/?p=13875\"]}]},{\"@type\":\"ImageObject\",\"inLanguage\":\"es\",\"@id\":\"https:\\\/\\\/quehacerpolitico.mx\\\/?p=13875#primaryimage\",\"url\":\"\",\"contentUrl\":\"\"},{\"@type\":\"BreadcrumbList\",\"@id\":\"https:\\\/\\\/quehacerpolitico.mx\\\/?p=13875#breadcrumb\",\"itemListElement\":[{\"@type\":\"ListItem\",\"position\":1,\"name\":\"Inicio\",\"item\":\"https:\\\/\\\/quehacerpolitico.mx\\\/\"},{\"@type\":\"ListItem\",\"position\":2,\"name\":\"Alfredo del Mazo Gonz\u00e1lez, padre del Gobernador de Edomex y pol\u00edtico del PRI, muere a los 75\"}]},{\"@type\":\"WebSite\",\"@id\":\"https:\\\/\\\/quehacerpolitico.mx\\\/#website\",\"url\":\"https:\\\/\\\/quehacerpolitico.mx\\\/\",\"name\":\"\",\"description\":\"\",\"potentialAction\":[{\"@type\":\"SearchAction\",\"target\":{\"@type\":\"EntryPoint\",\"urlTemplate\":\"https:\\\/\\\/quehacerpolitico.mx\\\/?s={search_term_string}\"},\"query-input\":{\"@type\":\"PropertyValueSpecification\",\"valueRequired\":true,\"valueName\":\"search_term_string\"}}],\"inLanguage\":\"es\"},{\"@type\":\"Person\",\"@id\":\"https:\\\/\\\/quehacerpolitico.mx\\\/#\\\/schema\\\/person\\\/496d8ad2d1d3f8036101dca7ee39e585\",\"name\":\"Redacci\u00f3n QP\",\"image\":{\"@type\":\"ImageObject\",\"inLanguage\":\"es\",\"@id\":\"https:\\\/\\\/secure.gravatar.com\\\/avatar\\\/c7164ed6fdec453195284ad24a5ae5b6e1eed2b848477fa2a4787ba9adf39a41?s=96&d=mm&r=g\",\"url\":\"https:\\\/\\\/secure.gravatar.com\\\/avatar\\\/c7164ed6fdec453195284ad24a5ae5b6e1eed2b848477fa2a4787ba9adf39a41?s=96&d=mm&r=g\",\"contentUrl\":\"https:\\\/\\\/secure.gravatar.com\\\/avatar\\\/c7164ed6fdec453195284ad24a5ae5b6e1eed2b848477fa2a4787ba9adf39a41?s=96&d=mm&r=g\",\"caption\":\"Redacci\u00f3n QP\"},\"url\":\"https:\\\/\\\/quehacerpolitico.mx\\\/?author=2\"}]}<\/script>\n<!-- \/ Yoast SEO plugin. -->","yoast_head_json":{"title":"Alfredo del Mazo Gonz\u00e1lez, padre del Gobernador de Edomex y pol\u00edtico del PRI, muere a los 75 -","robots":{"index":"index","follow":"follow","max-snippet":"max-snippet:-1","max-image-preview":"max-image-preview:large","max-video-preview":"max-video-preview:-1"},"canonical":"https:\/\/quehacerpolitico.mx\/?p=13875","og_locale":"es_MX","og_type":"article","og_title":"Alfredo del Mazo Gonz\u00e1lez, padre del Gobernador de Edomex y pol\u00edtico del PRI, muere a los 75 -","og_description":"Alfredo del Mazo Gonz\u00e1lez, padre del Gobernador de Edomex y pol\u00edtico del PRI, muere a los 75 Por Redacci\u00f3n QP","og_url":"https:\/\/quehacerpolitico.mx\/?p=13875","article_published_time":"2019-01-10T19:10:16+00:00","author":"Redacci\u00f3n QP","twitter_card":"summary_large_image","twitter_misc":{"Escrito por":"Redacci\u00f3n QP","Tiempo de lectura":"3 minutos"},"schema":{"@context":"https:\/\/schema.org","@graph":[{"@type":"Article","@id":"https:\/\/quehacerpolitico.mx\/?p=13875#article","isPartOf":{"@id":"https:\/\/quehacerpolitico.mx\/?p=13875"},"author":{"name":"Redacci\u00f3n QP","@id":"https:\/\/quehacerpolitico.mx\/#\/schema\/person\/496d8ad2d1d3f8036101dca7ee39e585"},"headline":"Alfredo del Mazo Gonz\u00e1lez, padre del Gobernador de Edomex y pol\u00edtico del PRI, muere a los 75","datePublished":"2019-01-10T19:10:16+00:00","mainEntityOfPage":{"@id":"https:\/\/quehacerpolitico.mx\/?p=13875"},"wordCount":715,"commentCount":0,"image":{"@id":"https:\/\/quehacerpolitico.mx\/?p=13875#primaryimage"},"thumbnailUrl":"","articleSection":["Noticias"],"inLanguage":"es","potentialAction":[{"@type":"CommentAction","name":"Comment","target":["https:\/\/quehacerpolitico.mx\/?p=13875#respond"]}]},{"@type":"WebPage","@id":"https:\/\/quehacerpolitico.mx\/?p=13875","url":"https:\/\/quehacerpolitico.mx\/?p=13875","name":"Alfredo del Mazo Gonz\u00e1lez, padre del Gobernador de Edomex y pol\u00edtico del PRI, muere a los 75 -","isPartOf":{"@id":"https:\/\/quehacerpolitico.mx\/#website"},"primaryImageOfPage":{"@id":"https:\/\/quehacerpolitico.mx\/?p=13875#primaryimage"},"image":{"@id":"https:\/\/quehacerpolitico.mx\/?p=13875#primaryimage"},"thumbnailUrl":"","datePublished":"2019-01-10T19:10:16+00:00","author":{"@id":"https:\/\/quehacerpolitico.mx\/#\/schema\/person\/496d8ad2d1d3f8036101dca7ee39e585"},"breadcrumb":{"@id":"https:\/\/quehacerpolitico.mx\/?p=13875#breadcrumb"},"inLanguage":"es","potentialAction":[{"@type":"ReadAction","target":["https:\/\/quehacerpolitico.mx\/?p=13875"]}]},{"@type":"ImageObject","inLanguage":"es","@id":"https:\/\/quehacerpolitico.mx\/?p=13875#primaryimage","url":"","contentUrl":""},{"@type":"BreadcrumbList","@id":"https:\/\/quehacerpolitico.mx\/?p=13875#breadcrumb","itemListElement":[{"@type":"ListItem","position":1,"name":"Inicio","item":"https:\/\/quehacerpolitico.mx\/"},{"@type":"ListItem","position":2,"name":"Alfredo del Mazo Gonz\u00e1lez, padre del Gobernador de Edomex y pol\u00edtico del PRI, muere a los 75"}]},{"@type":"WebSite","@id":"https:\/\/quehacerpolitico.mx\/#website","url":"https:\/\/quehacerpolitico.mx\/","name":"","description":"","potentialAction":[{"@type":"SearchAction","target":{"@type":"EntryPoint","urlTemplate":"https:\/\/quehacerpolitico.mx\/?s={search_term_string}"},"query-input":{"@type":"PropertyValueSpecification","valueRequired":true,"valueName":"search_term_string"}}],"inLanguage":"es"},{"@type":"Person","@id":"https:\/\/quehacerpolitico.mx\/#\/schema\/person\/496d8ad2d1d3f8036101dca7ee39e585","name":"Redacci\u00f3n QP","image":{"@type":"ImageObject","inLanguage":"es","@id":"https:\/\/secure.gravatar.com\/avatar\/c7164ed6fdec453195284ad24a5ae5b6e1eed2b848477fa2a4787ba9adf39a41?s=96&d=mm&r=g","url":"https:\/\/secure.gravatar.com\/avatar\/c7164ed6fdec453195284ad24a5ae5b6e1eed2b848477fa2a4787ba9adf39a41?s=96&d=mm&r=g","contentUrl":"https:\/\/secure.gravatar.com\/avatar\/c7164ed6fdec453195284ad24a5ae5b6e1eed2b848477fa2a4787ba9adf39a41?s=96&d=mm&r=g","caption":"Redacci\u00f3n QP"},"url":"https:\/\/quehacerpolitico.mx\/?author=2"}]}},"featured_image_urls":{"full":"","thumbnail":"","medium":"","medium_large":"","large":"","1536x1536":"","2048x2048":"","covernews-featured":"","covernews-medium":""},"author_info":{"display_name":"Redacci\u00f3n QP","author_link":"https:\/\/quehacerpolitico.mx\/?author=2"},"category_info":"<a href=\"https:\/\/quehacerpolitico.mx\/?cat=2\" rel=\"category\">Noticias<\/a>","tag_info":"Noticias","comment_count":"0","_links":{"self":[{"href":"https:\/\/quehacerpolitico.mx\/index.php?rest_route=\/wp\/v2\/posts\/13875","targetHints":{"allow":["GET"]}}],"collection":[{"href":"https:\/\/quehacerpolitico.mx\/index.php?rest_route=\/wp\/v2\/posts"}],"about":[{"href":"https:\/\/quehacerpolitico.mx\/index.php?rest_route=\/wp\/v2\/types\/post"}],"author":[{"embeddable":true,"href":"https:\/\/quehacerpolitico.mx\/index.php?rest_route=\/wp\/v2\/users\/2"}],"replies":[{"embeddable":true,"href":"https:\/\/quehacerpolitico.mx\/index.php?rest_route=%2Fwp%2Fv2%2Fcomments&post=13875"}],"version-history":[{"count":0,"href":"https:\/\/quehacerpolitico.mx\/index.php?rest_route=\/wp\/v2\/posts\/13875\/revisions"}],"wp:featuredmedia":[{"embeddable":true,"href":"https:\/\/quehacerpolitico.mx\/index.php?rest_route=\/"}],"wp:attachment":[{"href":"https:\/\/quehacerpolitico.mx\/index.php?rest_route=%2Fwp%2Fv2%2Fmedia&parent=13875"}],"wp:term":[{"taxonomy":"category","embeddable":true,"href":"https:\/\/quehacerpolitico.mx\/index.php?rest_route=%2Fwp%2Fv2%2Fcategories&post=13875"},{"taxonomy":"post_tag","embeddable":true,"href":"https:\/\/quehacerpolitico.mx\/index.php?rest_route=%2Fwp%2Fv2%2Ftags&post=13875"}],"curies":[{"name":"wp","href":"https:\/\/api.w.org\/{rel}","templated":true}]}}