{"id":13837,"date":"2019-01-10T04:44:38","date_gmt":"2019-01-10T04:44:38","guid":{"rendered":"http:\/\/quehacerpolitico.mx\/abasto-de-gasolina-se-normalizaria-tentativamente-el-lunes-rocio-nahle\/"},"modified":"2019-01-10T04:44:38","modified_gmt":"2019-01-10T04:44:38","slug":"abasto-de-gasolina-se-normalizaria-tentativamente-el-lunes-rocio-nahle","status":"publish","type":"post","link":"https:\/\/quehacerpolitico.mx\/?p=13837","title":{"rendered":"Abasto de gasolina se normalizar\u00eda tentativamente el lunes: Roc\u00edo Nahle"},"content":{"rendered":"<h1 class=\"amp-wp-title\">Abasto de gasolina se normalizar\u00eda tentativamente el lunes: Roc\u00edo Nahle<\/h1>\n<p>Por Redacci\u00f3n QP<\/p>\n<p>La secretaria de Energ\u00eda Roc\u00edo Nahle inform\u00f3 hoy que el abasto de gasolina podr\u00eda normalizarse a partir del pr\u00f3ximo lunes.<\/p>\n<p>En entrevista la funcionaria dijo que la actual crisis de combustible que se vive en varios estados de la rep\u00fablica podr\u00eda estar resuelta para el d\u00eda 14 de enero.<\/p>\n<p>Nahle coment\u00f3 que en diciembre el Gobierno Federal sostuvo reuniones con Pemex para conocer y detectar fugas dentro de las instalaciones.<\/p>\n<p>La secretar\u00eda asegur\u00f3 que si no se cerraban las v\u00e1lvulas se convertir\u00edan en c\u00f3mplices de robo.<\/p>\n<blockquote>\n<p>\u201cAl cerrar las v\u00e1lvulas tenemos que esperar a que los ductos se vac\u00eden en su totalidad y as\u00ed poder revisar las fugas que tienen\u201d, sostuvo.<\/p>\n<\/blockquote>\n<p>Seg\u00fan lo que coment\u00f3 la funcionaria se lleva a cabo una revisi\u00f3n, tras la cual los primeros detenidos son trabajadores de Pemex que eran c\u00f3mplices del robo de combustible.<\/p>\n<p>En total, hasta el momento van cinco detenidos por el saqueo.<\/p>\n<blockquote>\n<p>\u201cTenemos detectadas algunas gasolineras que vend\u00edan producto de huachicoleros, ellas son las que tienen m\u00e1s desabasto en estos momentos\u201d, afirm\u00f3.<\/p>\n<\/blockquote>\n<p>Detall\u00f3 que algunas gasolineras compraban 100 litros legalmente, pero en realidad venden 300 por lo que los otros 200 los consegu\u00edan ilegalmente.<\/p>\n<blockquote>\n<p>\u201cEs m\u00e1s tardado repartir la gasolina por pipas, pero queremos decirle a la gente que si hay gasolina en el pa\u00eds, por eso le pedimos a la gente no entrar en p\u00e1nico\u201d<\/p>\n<\/blockquote>\n<p>Nahle pidi\u00f3 a la ciudadan\u00eda no caer en p\u00e1nico pues ello causa desabasto de gasolina y que ellos trabajan en la repartici\u00f3n de combustible en gasolineras sean de la empresa que sean.<\/p>\n<blockquote>\n<p>\u201cNosotros estamos trabajando para normalizar el servicio, esperemos que en los pr\u00f3ximos d\u00edas se encuentre normal\u2026 podr\u00eda ser el lunes, esperemos, pero no podemos asegurar nada\u201d, dijo.<\/p>\n<\/blockquote>\n<p>La secretaria destac\u00f3 que ella considera que la estrategia del Presidente, Andr\u00e9s Manuel L\u00f3pez Obrador, es un acierto ante 18 a\u00f1os de impunidad.<\/p>\n","protected":false},"excerpt":{"rendered":"<p>Abasto de gasolina se normalizar\u00eda tentativamente el lunes: Roc\u00edo Nahle<br \/>\nPor Redacci\u00f3n QP<\/p>\n","protected":false},"author":2,"featured_media":13836,"comment_status":"open","ping_status":"open","sticky":false,"template":"","format":"standard","meta":{"_monsterinsights_skip_tracking":false,"_monsterinsights_sitenote_active":false,"_monsterinsights_sitenote_note":"","_monsterinsights_sitenote_category":0,"footnotes":""},"categories":[2],"tags":[],"class_list":["post-13837","post","type-post","status-publish","format-standard","has-post-thumbnail","hentry","category-noticias"],"yoast_head":"<!-- This site is optimized with the Yoast SEO plugin v27.3 - https:\/\/yoast.com\/product\/yoast-seo-wordpress\/ -->\n<title>Abasto de gasolina se normalizar\u00eda tentativamente el lunes: Roc\u00edo Nahle -<\/title>\n<meta name=\"robots\" content=\"index, follow, max-snippet:-1, max-image-preview:large, max-video-preview:-1\" \/>\n<link rel=\"canonical\" href=\"https:\/\/quehacerpolitico.mx\/?p=13837\" \/>\n<meta property=\"og:locale\" content=\"es_MX\" \/>\n<meta property=\"og:type\" content=\"article\" \/>\n<meta property=\"og:title\" content=\"Abasto de gasolina se normalizar\u00eda tentativamente el lunes: Roc\u00edo Nahle -\" \/>\n<meta property=\"og:description\" content=\"Abasto de gasolina se normalizar\u00eda tentativamente el lunes: Roc\u00edo Nahle Por Redacci\u00f3n QP\" \/>\n<meta property=\"og:url\" content=\"https:\/\/quehacerpolitico.mx\/?p=13837\" \/>\n<meta property=\"article:published_time\" content=\"2019-01-10T04:44:38+00:00\" \/>\n<meta name=\"author\" content=\"Redacci\u00f3n QP\" \/>\n<meta name=\"twitter:card\" content=\"summary_large_image\" \/>\n<meta name=\"twitter:label1\" content=\"Escrito por\" \/>\n\t<meta name=\"twitter:data1\" content=\"Redacci\u00f3n QP\" \/>\n\t<meta name=\"twitter:label2\" content=\"Tiempo de lectura\" \/>\n\t<meta name=\"twitter:data2\" content=\"2 minutos\" \/>\n<script type=\"application\/ld+json\" class=\"yoast-schema-graph\">{\"@context\":\"https:\\\/\\\/schema.org\",\"@graph\":[{\"@type\":\"Article\",\"@id\":\"https:\\\/\\\/quehacerpolitico.mx\\\/?p=13837#article\",\"isPartOf\":{\"@id\":\"https:\\\/\\\/quehacerpolitico.mx\\\/?p=13837\"},\"author\":{\"name\":\"Redacci\u00f3n QP\",\"@id\":\"https:\\\/\\\/quehacerpolitico.mx\\\/#\\\/schema\\\/person\\\/496d8ad2d1d3f8036101dca7ee39e585\"},\"headline\":\"Abasto de gasolina se normalizar\u00eda tentativamente el lunes: Roc\u00edo Nahle\",\"datePublished\":\"2019-01-10T04:44:38+00:00\",\"mainEntityOfPage\":{\"@id\":\"https:\\\/\\\/quehacerpolitico.mx\\\/?p=13837\"},\"wordCount\":361,\"commentCount\":0,\"image\":{\"@id\":\"https:\\\/\\\/quehacerpolitico.mx\\\/?p=13837#primaryimage\"},\"thumbnailUrl\":\"\",\"articleSection\":[\"Noticias\"],\"inLanguage\":\"es\",\"potentialAction\":[{\"@type\":\"CommentAction\",\"name\":\"Comment\",\"target\":[\"https:\\\/\\\/quehacerpolitico.mx\\\/?p=13837#respond\"]}]},{\"@type\":\"WebPage\",\"@id\":\"https:\\\/\\\/quehacerpolitico.mx\\\/?p=13837\",\"url\":\"https:\\\/\\\/quehacerpolitico.mx\\\/?p=13837\",\"name\":\"Abasto de gasolina se normalizar\u00eda tentativamente el lunes: Roc\u00edo Nahle -\",\"isPartOf\":{\"@id\":\"https:\\\/\\\/quehacerpolitico.mx\\\/#website\"},\"primaryImageOfPage\":{\"@id\":\"https:\\\/\\\/quehacerpolitico.mx\\\/?p=13837#primaryimage\"},\"image\":{\"@id\":\"https:\\\/\\\/quehacerpolitico.mx\\\/?p=13837#primaryimage\"},\"thumbnailUrl\":\"\",\"datePublished\":\"2019-01-10T04:44:38+00:00\",\"author\":{\"@id\":\"https:\\\/\\\/quehacerpolitico.mx\\\/#\\\/schema\\\/person\\\/496d8ad2d1d3f8036101dca7ee39e585\"},\"breadcrumb\":{\"@id\":\"https:\\\/\\\/quehacerpolitico.mx\\\/?p=13837#breadcrumb\"},\"inLanguage\":\"es\",\"potentialAction\":[{\"@type\":\"ReadAction\",\"target\":[\"https:\\\/\\\/quehacerpolitico.mx\\\/?p=13837\"]}]},{\"@type\":\"ImageObject\",\"inLanguage\":\"es\",\"@id\":\"https:\\\/\\\/quehacerpolitico.mx\\\/?p=13837#primaryimage\",\"url\":\"\",\"contentUrl\":\"\"},{\"@type\":\"BreadcrumbList\",\"@id\":\"https:\\\/\\\/quehacerpolitico.mx\\\/?p=13837#breadcrumb\",\"itemListElement\":[{\"@type\":\"ListItem\",\"position\":1,\"name\":\"Inicio\",\"item\":\"https:\\\/\\\/quehacerpolitico.mx\\\/\"},{\"@type\":\"ListItem\",\"position\":2,\"name\":\"Abasto de gasolina se normalizar\u00eda tentativamente el lunes: Roc\u00edo Nahle\"}]},{\"@type\":\"WebSite\",\"@id\":\"https:\\\/\\\/quehacerpolitico.mx\\\/#website\",\"url\":\"https:\\\/\\\/quehacerpolitico.mx\\\/\",\"name\":\"\",\"description\":\"\",\"potentialAction\":[{\"@type\":\"SearchAction\",\"target\":{\"@type\":\"EntryPoint\",\"urlTemplate\":\"https:\\\/\\\/quehacerpolitico.mx\\\/?s={search_term_string}\"},\"query-input\":{\"@type\":\"PropertyValueSpecification\",\"valueRequired\":true,\"valueName\":\"search_term_string\"}}],\"inLanguage\":\"es\"},{\"@type\":\"Person\",\"@id\":\"https:\\\/\\\/quehacerpolitico.mx\\\/#\\\/schema\\\/person\\\/496d8ad2d1d3f8036101dca7ee39e585\",\"name\":\"Redacci\u00f3n QP\",\"image\":{\"@type\":\"ImageObject\",\"inLanguage\":\"es\",\"@id\":\"https:\\\/\\\/secure.gravatar.com\\\/avatar\\\/c7164ed6fdec453195284ad24a5ae5b6e1eed2b848477fa2a4787ba9adf39a41?s=96&d=mm&r=g\",\"url\":\"https:\\\/\\\/secure.gravatar.com\\\/avatar\\\/c7164ed6fdec453195284ad24a5ae5b6e1eed2b848477fa2a4787ba9adf39a41?s=96&d=mm&r=g\",\"contentUrl\":\"https:\\\/\\\/secure.gravatar.com\\\/avatar\\\/c7164ed6fdec453195284ad24a5ae5b6e1eed2b848477fa2a4787ba9adf39a41?s=96&d=mm&r=g\",\"caption\":\"Redacci\u00f3n QP\"},\"url\":\"https:\\\/\\\/quehacerpolitico.mx\\\/?author=2\"}]}<\/script>\n<!-- \/ Yoast SEO plugin. -->","yoast_head_json":{"title":"Abasto de gasolina se normalizar\u00eda tentativamente el lunes: Roc\u00edo Nahle -","robots":{"index":"index","follow":"follow","max-snippet":"max-snippet:-1","max-image-preview":"max-image-preview:large","max-video-preview":"max-video-preview:-1"},"canonical":"https:\/\/quehacerpolitico.mx\/?p=13837","og_locale":"es_MX","og_type":"article","og_title":"Abasto de gasolina se normalizar\u00eda tentativamente el lunes: Roc\u00edo Nahle -","og_description":"Abasto de gasolina se normalizar\u00eda tentativamente el lunes: Roc\u00edo Nahle Por Redacci\u00f3n QP","og_url":"https:\/\/quehacerpolitico.mx\/?p=13837","article_published_time":"2019-01-10T04:44:38+00:00","author":"Redacci\u00f3n QP","twitter_card":"summary_large_image","twitter_misc":{"Escrito por":"Redacci\u00f3n QP","Tiempo de lectura":"2 minutos"},"schema":{"@context":"https:\/\/schema.org","@graph":[{"@type":"Article","@id":"https:\/\/quehacerpolitico.mx\/?p=13837#article","isPartOf":{"@id":"https:\/\/quehacerpolitico.mx\/?p=13837"},"author":{"name":"Redacci\u00f3n QP","@id":"https:\/\/quehacerpolitico.mx\/#\/schema\/person\/496d8ad2d1d3f8036101dca7ee39e585"},"headline":"Abasto de gasolina se normalizar\u00eda tentativamente el lunes: Roc\u00edo Nahle","datePublished":"2019-01-10T04:44:38+00:00","mainEntityOfPage":{"@id":"https:\/\/quehacerpolitico.mx\/?p=13837"},"wordCount":361,"commentCount":0,"image":{"@id":"https:\/\/quehacerpolitico.mx\/?p=13837#primaryimage"},"thumbnailUrl":"","articleSection":["Noticias"],"inLanguage":"es","potentialAction":[{"@type":"CommentAction","name":"Comment","target":["https:\/\/quehacerpolitico.mx\/?p=13837#respond"]}]},{"@type":"WebPage","@id":"https:\/\/quehacerpolitico.mx\/?p=13837","url":"https:\/\/quehacerpolitico.mx\/?p=13837","name":"Abasto de gasolina se normalizar\u00eda tentativamente el lunes: Roc\u00edo Nahle -","isPartOf":{"@id":"https:\/\/quehacerpolitico.mx\/#website"},"primaryImageOfPage":{"@id":"https:\/\/quehacerpolitico.mx\/?p=13837#primaryimage"},"image":{"@id":"https:\/\/quehacerpolitico.mx\/?p=13837#primaryimage"},"thumbnailUrl":"","datePublished":"2019-01-10T04:44:38+00:00","author":{"@id":"https:\/\/quehacerpolitico.mx\/#\/schema\/person\/496d8ad2d1d3f8036101dca7ee39e585"},"breadcrumb":{"@id":"https:\/\/quehacerpolitico.mx\/?p=13837#breadcrumb"},"inLanguage":"es","potentialAction":[{"@type":"ReadAction","target":["https:\/\/quehacerpolitico.mx\/?p=13837"]}]},{"@type":"ImageObject","inLanguage":"es","@id":"https:\/\/quehacerpolitico.mx\/?p=13837#primaryimage","url":"","contentUrl":""},{"@type":"BreadcrumbList","@id":"https:\/\/quehacerpolitico.mx\/?p=13837#breadcrumb","itemListElement":[{"@type":"ListItem","position":1,"name":"Inicio","item":"https:\/\/quehacerpolitico.mx\/"},{"@type":"ListItem","position":2,"name":"Abasto de gasolina se normalizar\u00eda tentativamente el lunes: Roc\u00edo Nahle"}]},{"@type":"WebSite","@id":"https:\/\/quehacerpolitico.mx\/#website","url":"https:\/\/quehacerpolitico.mx\/","name":"","description":"","potentialAction":[{"@type":"SearchAction","target":{"@type":"EntryPoint","urlTemplate":"https:\/\/quehacerpolitico.mx\/?s={search_term_string}"},"query-input":{"@type":"PropertyValueSpecification","valueRequired":true,"valueName":"search_term_string"}}],"inLanguage":"es"},{"@type":"Person","@id":"https:\/\/quehacerpolitico.mx\/#\/schema\/person\/496d8ad2d1d3f8036101dca7ee39e585","name":"Redacci\u00f3n QP","image":{"@type":"ImageObject","inLanguage":"es","@id":"https:\/\/secure.gravatar.com\/avatar\/c7164ed6fdec453195284ad24a5ae5b6e1eed2b848477fa2a4787ba9adf39a41?s=96&d=mm&r=g","url":"https:\/\/secure.gravatar.com\/avatar\/c7164ed6fdec453195284ad24a5ae5b6e1eed2b848477fa2a4787ba9adf39a41?s=96&d=mm&r=g","contentUrl":"https:\/\/secure.gravatar.com\/avatar\/c7164ed6fdec453195284ad24a5ae5b6e1eed2b848477fa2a4787ba9adf39a41?s=96&d=mm&r=g","caption":"Redacci\u00f3n QP"},"url":"https:\/\/quehacerpolitico.mx\/?author=2"}]}},"featured_image_urls":{"full":"","thumbnail":"","medium":"","medium_large":"","large":"","1536x1536":"","2048x2048":"","covernews-featured":"","covernews-medium":""},"author_info":{"display_name":"Redacci\u00f3n QP","author_link":"https:\/\/quehacerpolitico.mx\/?author=2"},"category_info":"<a href=\"https:\/\/quehacerpolitico.mx\/?cat=2\" rel=\"category\">Noticias<\/a>","tag_info":"Noticias","comment_count":"0","_links":{"self":[{"href":"https:\/\/quehacerpolitico.mx\/index.php?rest_route=\/wp\/v2\/posts\/13837","targetHints":{"allow":["GET"]}}],"collection":[{"href":"https:\/\/quehacerpolitico.mx\/index.php?rest_route=\/wp\/v2\/posts"}],"about":[{"href":"https:\/\/quehacerpolitico.mx\/index.php?rest_route=\/wp\/v2\/types\/post"}],"author":[{"embeddable":true,"href":"https:\/\/quehacerpolitico.mx\/index.php?rest_route=\/wp\/v2\/users\/2"}],"replies":[{"embeddable":true,"href":"https:\/\/quehacerpolitico.mx\/index.php?rest_route=%2Fwp%2Fv2%2Fcomments&post=13837"}],"version-history":[{"count":0,"href":"https:\/\/quehacerpolitico.mx\/index.php?rest_route=\/wp\/v2\/posts\/13837\/revisions"}],"wp:featuredmedia":[{"embeddable":true,"href":"https:\/\/quehacerpolitico.mx\/index.php?rest_route=\/"}],"wp:attachment":[{"href":"https:\/\/quehacerpolitico.mx\/index.php?rest_route=%2Fwp%2Fv2%2Fmedia&parent=13837"}],"wp:term":[{"taxonomy":"category","embeddable":true,"href":"https:\/\/quehacerpolitico.mx\/index.php?rest_route=%2Fwp%2Fv2%2Fcategories&post=13837"},{"taxonomy":"post_tag","embeddable":true,"href":"https:\/\/quehacerpolitico.mx\/index.php?rest_route=%2Fwp%2Fv2%2Ftags&post=13837"}],"curies":[{"name":"wp","href":"https:\/\/api.w.org\/{rel}","templated":true}]}}