{"id":13830,"date":"2019-01-10T04:15:04","date_gmt":"2019-01-10T04:15:04","guid":{"rendered":"http:\/\/quehacerpolitico.mx\/exigen-explicacion-trabajadores-del-gcdmx-por-desvio-de-250-mdp\/"},"modified":"2019-01-10T04:15:04","modified_gmt":"2019-01-10T04:15:04","slug":"exigen-explicacion-trabajadores-del-gcdmx-por-desvio-de-250-mdp","status":"publish","type":"post","link":"https:\/\/quehacerpolitico.mx\/?p=13830","title":{"rendered":"EXIGEN EXPLICACION TRABAJADORES DEL GCDMX POR DESVIO DE 250 MDP"},"content":{"rendered":"<h3 class=\"post-title entry-title\">EXIGEN EXPLICACION TRABAJADORES DEL GCDMX POR DESVIO DE 250 MDP<\/h3>\n<p>Por Redacci\u00f3n QP<\/p>\n<p class=\"mobile-photo\"><a href=\"https:\/\/1.bp.blogspot.com\/-r8CTfVwOpqU\/XDavQAZgHVI\/AAAAAAADRDA\/rAdLW1aKlccbAPeBEEjLvkpUvpLzIGgYQCK4BGAYYCw\/s1600\/IMG-20190109-WA0277-779061.jpg\" data-src=\"https:\/\/1.bp.blogspot.com\/-r8CTfVwOpqU\/XDavQAZgHVI\/AAAAAAADRDA\/rAdLW1aKlccbAPeBEEjLvkpUvpLzIGgYQCK4BGAYYCw\/s1600\/IMG-20190109-WA0277-779061.jpg\" data-thumb=\"https:\/\/1.bp.blogspot.com\/-r8CTfVwOpqU\/XDavQAZgHVI\/AAAAAAADRDA\/rAdLW1aKlccbAPeBEEjLvkpUvpLzIGgYQCK4BGAYYCw\/s320\/IMG-20190109-WA0277-779061.jpg\" class=\"ml-lightbox-enabled\"><img decoding=\"async\" id=\"BLOGGER_PHOTO_ID_6644690989751475538\" src=\"https:\/\/1.bp.blogspot.com\/-r8CTfVwOpqU\/XDavQAZgHVI\/AAAAAAADRDA\/rAdLW1aKlccbAPeBEEjLvkpUvpLzIGgYQCK4BGAYYCw\/s320\/IMG-20190109-WA0277-779061.jpg\" alt=\"\" border=\"0\" \/><\/a><\/p>\n<p class=\"mobile-photo\"><a href=\"https:\/\/3.bp.blogspot.com\/-ciVvXpzK1Ew\/XDavQxgD85I\/AAAAAAADRDI\/NU2gEAXLnJscV0QHd6yeb81vr26FzJeFACK4BGAYYCw\/s1600\/IMG-20190109-WA0276-781703.jpg\" data-src=\"https:\/\/3.bp.blogspot.com\/-ciVvXpzK1Ew\/XDavQxgD85I\/AAAAAAADRDI\/NU2gEAXLnJscV0QHd6yeb81vr26FzJeFACK4BGAYYCw\/s1600\/IMG-20190109-WA0276-781703.jpg\" data-thumb=\"https:\/\/3.bp.blogspot.com\/-ciVvXpzK1Ew\/XDavQxgD85I\/AAAAAAADRDI\/NU2gEAXLnJscV0QHd6yeb81vr26FzJeFACK4BGAYYCw\/s320\/IMG-20190109-WA0276-781703.jpg\" class=\"ml-lightbox-enabled\"><img decoding=\"async\" id=\"BLOGGER_PHOTO_ID_6644691002932327314\" src=\"https:\/\/3.bp.blogspot.com\/-ciVvXpzK1Ew\/XDavQxgD85I\/AAAAAAADRDI\/NU2gEAXLnJscV0QHd6yeb81vr26FzJeFACK4BGAYYCw\/s320\/IMG-20190109-WA0276-781703.jpg\" alt=\"\" border=\"0\" \/><\/a><\/p>\n<p class=\"mobile-photo\"><a href=\"https:\/\/4.bp.blogspot.com\/-62y3EpGS3tI\/XDavRUf6YUI\/AAAAAAADRDQ\/yqLAfFZJ1Dgqg3mcAsmoGosOYM43aC3-gCK4BGAYYCw\/s1600\/IMG-20190109-WA0275-784444.jpg\" data-src=\"https:\/\/4.bp.blogspot.com\/-62y3EpGS3tI\/XDavRUf6YUI\/AAAAAAADRDQ\/yqLAfFZJ1Dgqg3mcAsmoGosOYM43aC3-gCK4BGAYYCw\/s1600\/IMG-20190109-WA0275-784444.jpg\" data-thumb=\"https:\/\/4.bp.blogspot.com\/-62y3EpGS3tI\/XDavRUf6YUI\/AAAAAAADRDQ\/yqLAfFZJ1Dgqg3mcAsmoGosOYM43aC3-gCK4BGAYYCw\/s320\/IMG-20190109-WA0275-784444.jpg\" class=\"ml-lightbox-enabled\"><img decoding=\"async\" id=\"BLOGGER_PHOTO_ID_6644691012326940994\" src=\"https:\/\/4.bp.blogspot.com\/-62y3EpGS3tI\/XDavRUf6YUI\/AAAAAAADRDQ\/yqLAfFZJ1Dgqg3mcAsmoGosOYM43aC3-gCK4BGAYYCw\/s320\/IMG-20190109-WA0275-784444.jpg\" alt=\"\" border=\"0\" \/><\/a><\/p>\n<div>\n<div dir=\"ltr\">Trabajadores del Gobierno de la Ciudad de M\u00e9xico exigen una explicaci\u00f3n sobre los 250 millones de pesos que nunca fueron utilizados para beneficio de los trabajadores de la capital del pa\u00eds, y que hasta el momento no se ha dado una explicaci\u00f3n de c\u00f3mo fueron utilizados por Juan Ayala y Miguel Angel V\u00e1zquez, quienes fueron quienes tuvieron acceso a este dinero.<\/p>\n<p>Curiosamente Miguel \u00c1ngel V\u00e1zquez Reyes, quien fuera Subsecretario de Capital Humano de la Ciudad de M\u00e9xico, y el actual Presidente del SUTGCDMX, Juan Ayala Rivero, fueron quienes manejaron el dinero que debi\u00f3 haber sido utilizado para los festejos del D\u00eda Internacional de la Mujer en los a\u00f1os 2017 y 2018.<\/p>\n<p>Para estos festejos la Asamblea Legislativa destin\u00f3 un presupuesto de 80 millones por a\u00f1o para ser utilizados en el sal\u00f3n, banquete, grupos musicales y regalos, entre otros gastos, para la fiesta del D\u00eda Internacional de la Mujer, que a\u00f1o con a\u00f1o se realiza para benepl\u00e1cito de los trabajadores del Gobierno de la CDMX.<\/p>\n<p>V\u00e1zquez y Ayala han sido objeto de denuncias por parte de la base trabajadora de la Ciudad de M\u00e9xico por el mal uso de las plazas y los recursos financieros, como es el caso tambi\u00e9n del Edificio Sindical ubicado en la calle de Antonio Caso #47, Col. Tabacalera, el cual sufri\u00f3 da\u00f1os estructurales tras el sismo del 19 de septiembre de 2017, y que luego del dictamen le fueron destinados 90 millones de pesos para su reconstrucci\u00f3n, mismos de los que &#8220;misteriosamente&#8221; se ignora su destino, pues a m\u00e1s de un a\u00f1o del sismo el edificio sindical sigue igual y los trabajadores del gobierno capitalino est\u00e1n en constante riesgo en dichas instalaciones.<\/p>\n<p>Por tal raz\u00f3n, los trabajadores del Gobierno de la Ciudad de M\u00e9xico piden una investigaci\u00f3n minuciosa por parte de la Comisi\u00f3n para la Reconstrucci\u00f3n de la Ciudad de M\u00e9xico, y en especial a su titular C\u00e9sar Cravioto Romero, para que aclare este desv\u00edo de recursos por parte de Miguel \u00c1ngel V\u00e1zquez y Juan Ayala. <\/p>\n<p>Asimismo hacen un llamado al Instituto de Transparencia, Acceso a la Informaci\u00f3n P\u00fablica, Protecci\u00f3n\u00a0 de datos Personales y Rendici\u00f3n de cuentas de la Ciudad de M\u00e9xico, se haga valer ante la Contraloria General de la Ciudad de M\u00e9xico, su acuerdo que est\u00e1 radicado en el expediente: RR.IP.0549\/2018, de fecha doce de noviembre de 2018, en el que se ordena se inicie el procedimiento disciplinario y de sanci\u00f3n\u00a0 a Juan Ayala Rivero, ya que de lo contrario el actual Gobierno de la Ciudad de M\u00e9xico lo estar\u00eda solapando.<\/p><\/div>\n<\/div>\n","protected":false},"excerpt":{"rendered":"<p>EXIGEN EXPLICACION TRABAJADORES DEL GCDMX POR DESVIO DE 250 MDP<br \/>\nPor Redacci\u00f3n QP<\/p>\n","protected":false},"author":2,"featured_media":13829,"comment_status":"open","ping_status":"open","sticky":false,"template":"","format":"standard","meta":{"_monsterinsights_skip_tracking":false,"_monsterinsights_sitenote_active":false,"_monsterinsights_sitenote_note":"","_monsterinsights_sitenote_category":0,"footnotes":""},"categories":[55],"tags":[],"class_list":["post-13830","post","type-post","status-publish","format-standard","has-post-thumbnail","hentry","category-cdmx"],"yoast_head":"<!-- This site is optimized with the Yoast SEO plugin v27.3 - https:\/\/yoast.com\/product\/yoast-seo-wordpress\/ -->\n<title>EXIGEN EXPLICACION TRABAJADORES DEL GCDMX POR DESVIO DE 250 MDP -<\/title>\n<meta name=\"robots\" content=\"index, follow, max-snippet:-1, max-image-preview:large, max-video-preview:-1\" \/>\n<link rel=\"canonical\" href=\"https:\/\/quehacerpolitico.mx\/?p=13830\" \/>\n<meta property=\"og:locale\" content=\"es_MX\" \/>\n<meta property=\"og:type\" content=\"article\" \/>\n<meta property=\"og:title\" content=\"EXIGEN EXPLICACION TRABAJADORES DEL GCDMX POR DESVIO DE 250 MDP -\" \/>\n<meta property=\"og:description\" content=\"EXIGEN EXPLICACION TRABAJADORES DEL GCDMX POR DESVIO DE 250 MDP Por Redacci\u00f3n QP\" \/>\n<meta property=\"og:url\" content=\"https:\/\/quehacerpolitico.mx\/?p=13830\" \/>\n<meta property=\"article:published_time\" content=\"2019-01-10T04:15:04+00:00\" \/>\n<meta name=\"author\" content=\"Redacci\u00f3n QP\" \/>\n<meta name=\"twitter:card\" content=\"summary_large_image\" \/>\n<meta name=\"twitter:label1\" content=\"Escrito por\" \/>\n\t<meta name=\"twitter:data1\" content=\"Redacci\u00f3n QP\" \/>\n\t<meta name=\"twitter:label2\" content=\"Tiempo de lectura\" \/>\n\t<meta name=\"twitter:data2\" content=\"2 minutos\" \/>\n<script type=\"application\/ld+json\" class=\"yoast-schema-graph\">{\"@context\":\"https:\\\/\\\/schema.org\",\"@graph\":[{\"@type\":\"Article\",\"@id\":\"https:\\\/\\\/quehacerpolitico.mx\\\/?p=13830#article\",\"isPartOf\":{\"@id\":\"https:\\\/\\\/quehacerpolitico.mx\\\/?p=13830\"},\"author\":{\"name\":\"Redacci\u00f3n QP\",\"@id\":\"https:\\\/\\\/quehacerpolitico.mx\\\/#\\\/schema\\\/person\\\/496d8ad2d1d3f8036101dca7ee39e585\"},\"headline\":\"EXIGEN EXPLICACION TRABAJADORES DEL GCDMX POR DESVIO DE 250 MDP\",\"datePublished\":\"2019-01-10T04:15:04+00:00\",\"mainEntityOfPage\":{\"@id\":\"https:\\\/\\\/quehacerpolitico.mx\\\/?p=13830\"},\"wordCount\":473,\"commentCount\":0,\"image\":{\"@id\":\"https:\\\/\\\/quehacerpolitico.mx\\\/?p=13830#primaryimage\"},\"thumbnailUrl\":\"\",\"articleSection\":[\"CDMX\"],\"inLanguage\":\"es\",\"potentialAction\":[{\"@type\":\"CommentAction\",\"name\":\"Comment\",\"target\":[\"https:\\\/\\\/quehacerpolitico.mx\\\/?p=13830#respond\"]}]},{\"@type\":\"WebPage\",\"@id\":\"https:\\\/\\\/quehacerpolitico.mx\\\/?p=13830\",\"url\":\"https:\\\/\\\/quehacerpolitico.mx\\\/?p=13830\",\"name\":\"EXIGEN EXPLICACION TRABAJADORES DEL GCDMX POR DESVIO DE 250 MDP -\",\"isPartOf\":{\"@id\":\"https:\\\/\\\/quehacerpolitico.mx\\\/#website\"},\"primaryImageOfPage\":{\"@id\":\"https:\\\/\\\/quehacerpolitico.mx\\\/?p=13830#primaryimage\"},\"image\":{\"@id\":\"https:\\\/\\\/quehacerpolitico.mx\\\/?p=13830#primaryimage\"},\"thumbnailUrl\":\"\",\"datePublished\":\"2019-01-10T04:15:04+00:00\",\"author\":{\"@id\":\"https:\\\/\\\/quehacerpolitico.mx\\\/#\\\/schema\\\/person\\\/496d8ad2d1d3f8036101dca7ee39e585\"},\"breadcrumb\":{\"@id\":\"https:\\\/\\\/quehacerpolitico.mx\\\/?p=13830#breadcrumb\"},\"inLanguage\":\"es\",\"potentialAction\":[{\"@type\":\"ReadAction\",\"target\":[\"https:\\\/\\\/quehacerpolitico.mx\\\/?p=13830\"]}]},{\"@type\":\"ImageObject\",\"inLanguage\":\"es\",\"@id\":\"https:\\\/\\\/quehacerpolitico.mx\\\/?p=13830#primaryimage\",\"url\":\"\",\"contentUrl\":\"\"},{\"@type\":\"BreadcrumbList\",\"@id\":\"https:\\\/\\\/quehacerpolitico.mx\\\/?p=13830#breadcrumb\",\"itemListElement\":[{\"@type\":\"ListItem\",\"position\":1,\"name\":\"Inicio\",\"item\":\"https:\\\/\\\/quehacerpolitico.mx\\\/\"},{\"@type\":\"ListItem\",\"position\":2,\"name\":\"EXIGEN EXPLICACION TRABAJADORES DEL GCDMX POR DESVIO DE 250 MDP\"}]},{\"@type\":\"WebSite\",\"@id\":\"https:\\\/\\\/quehacerpolitico.mx\\\/#website\",\"url\":\"https:\\\/\\\/quehacerpolitico.mx\\\/\",\"name\":\"\",\"description\":\"\",\"potentialAction\":[{\"@type\":\"SearchAction\",\"target\":{\"@type\":\"EntryPoint\",\"urlTemplate\":\"https:\\\/\\\/quehacerpolitico.mx\\\/?s={search_term_string}\"},\"query-input\":{\"@type\":\"PropertyValueSpecification\",\"valueRequired\":true,\"valueName\":\"search_term_string\"}}],\"inLanguage\":\"es\"},{\"@type\":\"Person\",\"@id\":\"https:\\\/\\\/quehacerpolitico.mx\\\/#\\\/schema\\\/person\\\/496d8ad2d1d3f8036101dca7ee39e585\",\"name\":\"Redacci\u00f3n QP\",\"image\":{\"@type\":\"ImageObject\",\"inLanguage\":\"es\",\"@id\":\"https:\\\/\\\/secure.gravatar.com\\\/avatar\\\/c7164ed6fdec453195284ad24a5ae5b6e1eed2b848477fa2a4787ba9adf39a41?s=96&d=mm&r=g\",\"url\":\"https:\\\/\\\/secure.gravatar.com\\\/avatar\\\/c7164ed6fdec453195284ad24a5ae5b6e1eed2b848477fa2a4787ba9adf39a41?s=96&d=mm&r=g\",\"contentUrl\":\"https:\\\/\\\/secure.gravatar.com\\\/avatar\\\/c7164ed6fdec453195284ad24a5ae5b6e1eed2b848477fa2a4787ba9adf39a41?s=96&d=mm&r=g\",\"caption\":\"Redacci\u00f3n QP\"},\"url\":\"https:\\\/\\\/quehacerpolitico.mx\\\/?author=2\"}]}<\/script>\n<!-- \/ Yoast SEO plugin. -->","yoast_head_json":{"title":"EXIGEN EXPLICACION TRABAJADORES DEL GCDMX POR DESVIO DE 250 MDP -","robots":{"index":"index","follow":"follow","max-snippet":"max-snippet:-1","max-image-preview":"max-image-preview:large","max-video-preview":"max-video-preview:-1"},"canonical":"https:\/\/quehacerpolitico.mx\/?p=13830","og_locale":"es_MX","og_type":"article","og_title":"EXIGEN EXPLICACION TRABAJADORES DEL GCDMX POR DESVIO DE 250 MDP -","og_description":"EXIGEN EXPLICACION TRABAJADORES DEL GCDMX POR DESVIO DE 250 MDP Por Redacci\u00f3n QP","og_url":"https:\/\/quehacerpolitico.mx\/?p=13830","article_published_time":"2019-01-10T04:15:04+00:00","author":"Redacci\u00f3n QP","twitter_card":"summary_large_image","twitter_misc":{"Escrito por":"Redacci\u00f3n QP","Tiempo de lectura":"2 minutos"},"schema":{"@context":"https:\/\/schema.org","@graph":[{"@type":"Article","@id":"https:\/\/quehacerpolitico.mx\/?p=13830#article","isPartOf":{"@id":"https:\/\/quehacerpolitico.mx\/?p=13830"},"author":{"name":"Redacci\u00f3n QP","@id":"https:\/\/quehacerpolitico.mx\/#\/schema\/person\/496d8ad2d1d3f8036101dca7ee39e585"},"headline":"EXIGEN EXPLICACION TRABAJADORES DEL GCDMX POR DESVIO DE 250 MDP","datePublished":"2019-01-10T04:15:04+00:00","mainEntityOfPage":{"@id":"https:\/\/quehacerpolitico.mx\/?p=13830"},"wordCount":473,"commentCount":0,"image":{"@id":"https:\/\/quehacerpolitico.mx\/?p=13830#primaryimage"},"thumbnailUrl":"","articleSection":["CDMX"],"inLanguage":"es","potentialAction":[{"@type":"CommentAction","name":"Comment","target":["https:\/\/quehacerpolitico.mx\/?p=13830#respond"]}]},{"@type":"WebPage","@id":"https:\/\/quehacerpolitico.mx\/?p=13830","url":"https:\/\/quehacerpolitico.mx\/?p=13830","name":"EXIGEN EXPLICACION TRABAJADORES DEL GCDMX POR DESVIO DE 250 MDP -","isPartOf":{"@id":"https:\/\/quehacerpolitico.mx\/#website"},"primaryImageOfPage":{"@id":"https:\/\/quehacerpolitico.mx\/?p=13830#primaryimage"},"image":{"@id":"https:\/\/quehacerpolitico.mx\/?p=13830#primaryimage"},"thumbnailUrl":"","datePublished":"2019-01-10T04:15:04+00:00","author":{"@id":"https:\/\/quehacerpolitico.mx\/#\/schema\/person\/496d8ad2d1d3f8036101dca7ee39e585"},"breadcrumb":{"@id":"https:\/\/quehacerpolitico.mx\/?p=13830#breadcrumb"},"inLanguage":"es","potentialAction":[{"@type":"ReadAction","target":["https:\/\/quehacerpolitico.mx\/?p=13830"]}]},{"@type":"ImageObject","inLanguage":"es","@id":"https:\/\/quehacerpolitico.mx\/?p=13830#primaryimage","url":"","contentUrl":""},{"@type":"BreadcrumbList","@id":"https:\/\/quehacerpolitico.mx\/?p=13830#breadcrumb","itemListElement":[{"@type":"ListItem","position":1,"name":"Inicio","item":"https:\/\/quehacerpolitico.mx\/"},{"@type":"ListItem","position":2,"name":"EXIGEN EXPLICACION TRABAJADORES DEL GCDMX POR DESVIO DE 250 MDP"}]},{"@type":"WebSite","@id":"https:\/\/quehacerpolitico.mx\/#website","url":"https:\/\/quehacerpolitico.mx\/","name":"","description":"","potentialAction":[{"@type":"SearchAction","target":{"@type":"EntryPoint","urlTemplate":"https:\/\/quehacerpolitico.mx\/?s={search_term_string}"},"query-input":{"@type":"PropertyValueSpecification","valueRequired":true,"valueName":"search_term_string"}}],"inLanguage":"es"},{"@type":"Person","@id":"https:\/\/quehacerpolitico.mx\/#\/schema\/person\/496d8ad2d1d3f8036101dca7ee39e585","name":"Redacci\u00f3n QP","image":{"@type":"ImageObject","inLanguage":"es","@id":"https:\/\/secure.gravatar.com\/avatar\/c7164ed6fdec453195284ad24a5ae5b6e1eed2b848477fa2a4787ba9adf39a41?s=96&d=mm&r=g","url":"https:\/\/secure.gravatar.com\/avatar\/c7164ed6fdec453195284ad24a5ae5b6e1eed2b848477fa2a4787ba9adf39a41?s=96&d=mm&r=g","contentUrl":"https:\/\/secure.gravatar.com\/avatar\/c7164ed6fdec453195284ad24a5ae5b6e1eed2b848477fa2a4787ba9adf39a41?s=96&d=mm&r=g","caption":"Redacci\u00f3n QP"},"url":"https:\/\/quehacerpolitico.mx\/?author=2"}]}},"featured_image_urls":{"full":"","thumbnail":"","medium":"","medium_large":"","large":"","1536x1536":"","2048x2048":"","covernews-featured":"","covernews-medium":""},"author_info":{"display_name":"Redacci\u00f3n QP","author_link":"https:\/\/quehacerpolitico.mx\/?author=2"},"category_info":"<a href=\"https:\/\/quehacerpolitico.mx\/?cat=55\" rel=\"category\">CDMX<\/a>","tag_info":"CDMX","comment_count":"0","_links":{"self":[{"href":"https:\/\/quehacerpolitico.mx\/index.php?rest_route=\/wp\/v2\/posts\/13830","targetHints":{"allow":["GET"]}}],"collection":[{"href":"https:\/\/quehacerpolitico.mx\/index.php?rest_route=\/wp\/v2\/posts"}],"about":[{"href":"https:\/\/quehacerpolitico.mx\/index.php?rest_route=\/wp\/v2\/types\/post"}],"author":[{"embeddable":true,"href":"https:\/\/quehacerpolitico.mx\/index.php?rest_route=\/wp\/v2\/users\/2"}],"replies":[{"embeddable":true,"href":"https:\/\/quehacerpolitico.mx\/index.php?rest_route=%2Fwp%2Fv2%2Fcomments&post=13830"}],"version-history":[{"count":0,"href":"https:\/\/quehacerpolitico.mx\/index.php?rest_route=\/wp\/v2\/posts\/13830\/revisions"}],"wp:featuredmedia":[{"embeddable":true,"href":"https:\/\/quehacerpolitico.mx\/index.php?rest_route=\/"}],"wp:attachment":[{"href":"https:\/\/quehacerpolitico.mx\/index.php?rest_route=%2Fwp%2Fv2%2Fmedia&parent=13830"}],"wp:term":[{"taxonomy":"category","embeddable":true,"href":"https:\/\/quehacerpolitico.mx\/index.php?rest_route=%2Fwp%2Fv2%2Fcategories&post=13830"},{"taxonomy":"post_tag","embeddable":true,"href":"https:\/\/quehacerpolitico.mx\/index.php?rest_route=%2Fwp%2Fv2%2Ftags&post=13830"}],"curies":[{"name":"wp","href":"https:\/\/api.w.org\/{rel}","templated":true}]}}