{"id":13828,"date":"2019-01-10T04:10:01","date_gmt":"2019-01-10T04:10:01","guid":{"rendered":"http:\/\/quehacerpolitico.mx\/internacionales-carolina-alonso-romei-mundo-gobierno-britanico-tendra-que-presentar-plan-b-del-brexit\/"},"modified":"2019-01-10T04:10:01","modified_gmt":"2019-01-10T04:10:01","slug":"internacionales-carolina-alonso-romei-mundo-gobierno-britanico-tendra-que-presentar-plan-b-del-brexit","status":"publish","type":"post","link":"https:\/\/quehacerpolitico.mx\/?p=13828","title":{"rendered":"Internacionales\/\/\/Carolina Alonso Romei\/\/\/Mundo\/\/ Gobierno brit\u00e1nico tendr\u00e1 que presentar plan B del \u201cbrexit\u201d"},"content":{"rendered":"<h3 class=\"post-title entry-title\">Mundo\/\/ Gobierno brit\u00e1nico tendr\u00e1 que presentar plan B del \u201cbrexit\u201d<\/h3>\n<p>Por Carolina Alonso Romei\u00a0<\/p>\n<p>Internacionalista<\/p>\n<p class=\"mobile-photo\"><a href=\"https:\/\/1.bp.blogspot.com\/-hMUyQnrBy9Y\/XDaSf9VhVgI\/AAAAAAADRCw\/OuCP894AUfI6VBJ6wrky2mEKafKvmjeygCK4BGAYYCw\/s1600\/Chapo-Guzman-717822.jpg\" data-src=\"https:\/\/1.bp.blogspot.com\/-hMUyQnrBy9Y\/XDaSf9VhVgI\/AAAAAAADRCw\/OuCP894AUfI6VBJ6wrky2mEKafKvmjeygCK4BGAYYCw\/s1600\/Chapo-Guzman-717822.jpg\" data-thumb=\"https:\/\/1.bp.blogspot.com\/-hMUyQnrBy9Y\/XDaSf9VhVgI\/AAAAAAADRCw\/OuCP894AUfI6VBJ6wrky2mEKafKvmjeygCK4BGAYYCw\/s320\/Chapo-Guzman-717822.jpg\" class=\"ml-lightbox-enabled\"><img decoding=\"async\" id=\"BLOGGER_PHOTO_ID_6644659377970173442\" src=\"https:\/\/1.bp.blogspot.com\/-hMUyQnrBy9Y\/XDaSf9VhVgI\/AAAAAAADRCw\/OuCP894AUfI6VBJ6wrky2mEKafKvmjeygCK4BGAYYCw\/s320\/Chapo-Guzman-717822.jpg\" alt=\"\" border=\"0\" \/><\/a><\/p>\n<div dir=\"ltr\">\n<div dir=\"ltr\">\n<div>Gobierno brit\u00e1nico tendr\u00e1 que<\/div>\n<div>\u00a0presentar plan B del &#8220;brexit&#8221;<\/div>\n<div>Manifestantes pro y anti-Brexit en Londres \/ Reuters<\/div>\n<div>\u00a0<\/div>\n<div>Londres.-El Parlamento brit\u00e1nico acord\u00f3 obligar a Theresa May a presentar planes alternativos sobre el brexit en los siguientes tres d\u00edas h\u00e1biles posteriores a la votaci\u00f3n del 15 de enero.<\/div>\n<div>El Parlamento brit\u00e1nico aprob\u00f3 este mi\u00e9rcoles una enmienda que obliga al Gobierno a presentar un &#8220;plan B&#8221; del &#8220;brexit&#8221; en tres d\u00edas, si el acuerdo de salida del Reino Unido de la Uni\u00f3n Europea es rechazado el pr\u00f3ximo martes 15 de enero.<\/div>\n<div>La C\u00e1mara de los Comunes vot\u00f3, por 308 votos a favor y 297 en contra, la enmienda presentada por el diputado conservador Dominic Grieve, que recorta en 18 d\u00edas el tiempo de reacci\u00f3n del Ejecutivo de la primera ministra, Theresa May, si su pacto no pasa el tr\u00e1mite parlamentario la pr\u00f3xima semana.<\/div>\n<div>La aceptaci\u00f3n de la iniciativa por parte del presidente de la c\u00e1mara, John Bercow, caus\u00f3 gran enfado entre los diputados conservadores, que alegaron que no se conocen precedentes sobre enmiendas a la agenda parlamentaria propuesta por el Gobierno.<\/div>\n<div>En virtud de la ley brit\u00e1nica de salida de la UE, y en el caso de perder la votaci\u00f3n del martes, May contaba con 21 d\u00edas para hacer una declaraci\u00f3n sobre sus futuras intenciones y someterla a la aprobaci\u00f3n de la c\u00e1mara en los siguientes 7 d\u00edas h\u00e1biles.<\/div>\n<div>Sin embargo, por un margen de 11 votos, los parlamentarios acordaron acelerar ese proceso y obligar a la &#8220;premier&#8221; a presentar esos planes alternativos en los siguientes tres d\u00edas h\u00e1biles posteriores a la votaci\u00f3n, es decir, antes del pr\u00f3ximo lunes 21 de enero.<\/div>\n<div>La votaci\u00f3n de la enmienda se produjo escasos momentos antes de que el ministro del &#8220;brexit&#8221;, Steve Barclay, iniciara los cinco d\u00edas de debate sobre el acuerdo de salida de la UE pactado por May con Bruselas.<\/div>\n<div>Durante las pr\u00f3ximas jornadas los diputados deliberar\u00e1n sobre el texto acordado el pasado 25 de noviembre entre Londres y Bruselas y que ha causado gran controversia en el Reino Unido.<\/div>\n<div>Tanto es as\u00ed, que la primera ministra decidi\u00f3 cancelar su votaci\u00f3n, prevista para el pasado 11 de diciembre en la C\u00e1mara de los Comunes, ante la perspectiva de una humillante derrota.<\/div>\n<div>Finalmente, la decisi\u00f3n final se adoptar\u00e1 el pr\u00f3ximo martes, m\u00e1s de un mes despu\u00e9s de esa fecha inicial, un tiempo en el que el Gobierno ha tratado de conseguir garant\u00edas adicionales al tratado que convenzan a los diputados para apoyarlo.<\/div>\n<div>Foto: Manifestantes pro y anti-Brexit en Londres \/ Reuters<\/div>\n<div>+++++++++++++++++++<\/div>\n<div>Holanda intercept\u00f3 llamadas<\/div>\n<div>del Chapo Guzm\u00e1n para el FBI<\/div>\n<div>\u00a0<\/div>\n<div>Nueva York.-La intercepci\u00f3n de comunicaciones del narcotraficante Joaqu\u00edn &#8220;el Chapo&#8221; Guzm\u00e1n Loera se realiz\u00f3 durante 18 meses, entre 2011 y 2012.<\/div>\n<div>La Polic\u00eda holandesa intercept\u00f3 las comunicaciones telef\u00f3nicas del narcotraficante Joaqu\u00edn &#8220;el Chapo&#8221; Guzm\u00e1n Loera a petici\u00f3n del FBI porque las leyes de privacidad de Holanda son menos estrictas que las de Estados Unidos o Canad\u00e1, confirm\u00f3 este mi\u00e9rcoles una fuente oficial.<\/div>\n<div>Las escuchas telef\u00f3nicas se llevaron a cabo durante 18 meses, entre 2011 y 2012, aunque el equipo especializado de la Polic\u00eda solo fue informado de que se trataba de &#8220;comunicaciones entre miembros del c\u00e1rtel de Sinaloa&#8221; y no de que se trataba del entonces l\u00edder de la organizaci\u00f3n, seg\u00fan recoge el diario holand\u00e9s Volkskrant.<\/div>\n<div>En 2013, dos agentes del FBI viajaron a Holanda para informar al equipo holand\u00e9s de la importancia de la operaci\u00f3n que hab\u00edan realizado y de que el objetivo principal de las escuchas era &#8220;El Chapo&#8221;.<\/div>\n<div>Gracias a esta operaci\u00f3n de espionaje, el FBI pudo escuchar por primera vez en a\u00f1os la voz de &#8220;El Chapo&#8221; y obtener una imagen completa de su extensa organizaci\u00f3n criminal y de su estilo de vida.<\/div>\n<div>Las operaciones de escuchas telef\u00f3nicas fueron habilitadas por un informante del FBI, quien hab\u00eda establecido una red Blackberry para las comunicaciones de la organizaci\u00f3n de &#8220;El Chapo&#8221;.<\/div>\n<div>El servidor utilizado para almacenar las conversaciones telef\u00f3nicas se hab\u00eda colocado primero en Canad\u00e1, pero las estrictas leyes de privacidad obligaron a buscar alternativa colocando el sistema en un centro de datos operado por Leaseweb en las afueras de la ciudad holandesa de Haarlem, subray\u00f3 la fuente.<\/div>\n<div>&#8220;El Chapo&#8221;, que logr\u00f3 escapar de prisi\u00f3n varias veces, est\u00e1 siendo juzgado desde oto\u00f1o en Estados Unidos, acusado de once cargos relacionados con el narcotr\u00e1fico y el lavado de dinero.<\/div>\n<div>Seg\u00fan el diario holand\u00e9s, la cooperaci\u00f3n entre Holanda y Estados Unidos en las investigaciones de delitos es &#8220;muy estrecha&#8221; y a d\u00eda de hoy hay 125 solicitudes similares, cuya legalidad est\u00e1 siendo revisadas por la fiscal\u00eda porque van desde el uso de servidores inform\u00e1ticos hasta historiales de Whatsapp.<\/div>\n<div>Foto: Joaqu\u00edn &#8220;El Chapo&#8221; Guzm\u00e1n durante su juicio en el tribunal federal de Brooklyn, Nueva York \/ Reuter<\/div>\n<div>++++++++++++++++++++<\/div>\n<div>Breves<\/div>\n<div>1.- &#8220;Una total p\u00e9rdida de tiempo&#8221;, dice<\/div>\n<div>\u00a0 \u00a0 \u00a0 Trump sobre reuni\u00f3n con dem\u00f3cratas<\/div>\n<div>Washington.-El presidente de EEUU, Donald Trump, abandon\u00f3 la reuni\u00f3n con dem\u00f3cratas tras la negativa de otorgar recursos para seguridad fronteriza.<\/div>\n<div>El presidente estadounidense, Donald Trump, se levant\u00f3 este mi\u00e9rcoles de una reuni\u00f3n con los l\u00edderes dem\u00f3cratas destinada terminar con la par\u00e1lisis presupuestaria que se encamina a ser la m\u00e1s larga de la historia del pa\u00eds, insistiendo en la necesidad de construir un muro en la frontera con M\u00e9xico.<\/div>\n<div>Era &#8220;una total p\u00e9rdida de tiempo&#8221;, escribi\u00f3 en Twitter Trump despu\u00e9s del final abrupto de la reuni\u00f3n con la l\u00edder de la C\u00e1mara de Representantes, Nancy Pelosi, y el l\u00edder de la minor\u00eda en el Senado, Chuck Schumer.\u00a0<\/div>\n<div>&#8220;Les dije adi\u00f3s&#8221;, agreg\u00f3 el presidente estadounidense, que el martes en su esperado discurso en el Despacho Oval utiliz\u00f3 un tono dram\u00e1tico para intentar convencer a la opini\u00f3n p\u00fablica de la necesidad de erigir una barrera de acero en la frontera con un costo de 5.700 millones de d\u00f3lares.<\/div>\n<div>Mientras, unos 800 mil funcionarios federales afectados esperan una resoluci\u00f3n del conflicto que los tiene en ascuas desde el 22 de diciembre. Muchos de ellos se encuentran a una baja obligatoria sin sueldo, que los enfrenta a graves problemas financieros que se agudizan con cada d\u00eda que pasa.<\/div>\n<div>Pelosi y Schumer hab\u00edan acudido a la Casa Blanca, en un momento en que el tono de las discusiones se ha endurecido.<\/div>\n<div>\u00a0<\/div>\n<div>2.- R\u00e9gimen de Maduro tortura a\u00a0<\/div>\n<div>\u00a0 \u00a0 \u00a0militares y civiles: Human Rights Watch\u00a0<\/div>\n<div>Nueva York.-La organizaci\u00f3n Human Rights Watch acus\u00f3 a la administraci\u00f3n de Nicol\u00e1s Maduro de someter y torturar a individuos acusados de conspirar contra el gobierno.<\/div>\n<div>\u00a0<\/div>\n<div>Las fuerzas de seguridad venezolanas han detenido y torturado a decenas de militares y algunos civiles acusados de conspirar contra el gobierno de Nicol\u00e1s Maduro en los \u00faltimos a\u00f1os, denunciaron las organizaciones Human Rights Watch (HRW) y Foro Penal.<\/div>\n<div>En el informe publicado este mi\u00e9rcoles de 10 p\u00e1ginas se citan hasta 32 casos en los que personas detenidas por la Direcci\u00f3n General de Contrainteligencia Militar (DGCIM) o el Servicio Bolivariano de Inteligencia Nacional (Sebin) fueron sometidas a golpes, intentos de asfixia con bolsas de pl\u00e1stico, cortes con hojas de afeitar en las plantas de los pies y descargas el\u00e9ctricas.<\/div>\n<div>&#8220;El Gobierno venezolano ha arremetido brutalmente contra militares acusados de conspiraci\u00f3n&#8221;, se\u00f1al\u00f3 el director de HRW para las Am\u00e9ricas, Jos\u00e9 Miguel Vivanco.<\/div>\n<div>Los agentes de inteligencia &#8220;no solo est\u00e1n deteniendo y torturando a militares, sino que en algunos casos tambi\u00e9n van tras sus familiares u otros civiles cuando no pueden encontrar a los supuestos responsables a quienes buscan&#8221;, acus\u00f3.<\/div>\n<div>\u00a0<\/div>\n<div>3.-. Dem\u00f3cratas critican postura sobre\u00a0<\/div>\n<div>\u00a0 \u00a0 \u00a0 crisis migratoria de Trump\u00a0<\/div>\n<div>Washington.-Los l\u00edderes dem\u00f3cratas en el Congreso estadunidense, Nancy Pelosi y Chuck Schumer, tambi\u00e9n exigieron al presidente Donald Trump que reabra el Gobierno.<\/div>\n<div>Los l\u00edderes dem\u00f3cratas en el Congreso estadunidense criticaron este martes el discurso del presidente de Estados Unidos, Donald Trump, en el que habl\u00f3 de una &#8220;crisis creciente&#8221; en la frontera con M\u00e9xico, y exigieron al mandatario que reabra la Administraci\u00f3n, que lleva 18 d\u00edas parcialmente cerrada.<\/div>\n<div>&#8220;El presidente Trump debe dejar de mantener como reh\u00e9n al pueblo estadunidense, dejar de fabricar una crisis y debe volver a abrir la Administraci\u00f3n&#8221;, dijo la presidenta de la C\u00e1mara Baja, la dem\u00f3crata Nancy Pelosi, en un discurso inmediatamente posterior al de Trump.<\/div>\n<div>Pelosi lament\u00f3 que Trump haya optado por mantener la Administraci\u00f3n cerrada por culpa de la disputa que mantienen dem\u00f3cratas y republicanos por los fondos para construir un muro en la frontera con M\u00e9xico, en vez de aceptar una propuesta dem\u00f3crata que volver\u00eda a abrir parte del Gobierno.<\/div>\n<\/div>\n<\/div>\n","protected":false},"excerpt":{"rendered":"<p>Mundo\/\/ Gobierno brit\u00e1nico tendr\u00e1 que presentar plan B del \u201cbrexit\u201d<br \/>\nPor Carolina Alonso Romei<br \/>\nInternacionalista<\/p>\n","protected":false},"author":2,"featured_media":13827,"comment_status":"open","ping_status":"open","sticky":false,"template":"","format":"standard","meta":{"_monsterinsights_skip_tracking":false,"_monsterinsights_sitenote_active":false,"_monsterinsights_sitenote_note":"","_monsterinsights_sitenote_category":0,"footnotes":""},"categories":[1],"tags":[],"class_list":["post-13828","post","type-post","status-publish","format-standard","has-post-thumbnail","hentry","category-sin-categoria"],"yoast_head":"<!-- This site is optimized with the Yoast SEO plugin v27.3 - https:\/\/yoast.com\/product\/yoast-seo-wordpress\/ -->\n<title>Internacionales\/\/\/Carolina Alonso Romei\/\/\/Mundo\/\/ Gobierno brit\u00e1nico tendr\u00e1 que presentar plan B del \u201cbrexit\u201d -<\/title>\n<meta name=\"robots\" content=\"index, follow, max-snippet:-1, max-image-preview:large, max-video-preview:-1\" \/>\n<link rel=\"canonical\" href=\"https:\/\/quehacerpolitico.mx\/?p=13828\" \/>\n<meta property=\"og:locale\" content=\"es_MX\" \/>\n<meta property=\"og:type\" content=\"article\" \/>\n<meta property=\"og:title\" content=\"Internacionales\/\/\/Carolina Alonso Romei\/\/\/Mundo\/\/ Gobierno brit\u00e1nico tendr\u00e1 que presentar plan B del \u201cbrexit\u201d -\" \/>\n<meta property=\"og:description\" content=\"Mundo\/\/ Gobierno brit\u00e1nico tendr\u00e1 que presentar plan B del \u201cbrexit\u201d Por Carolina Alonso Romei Internacionalista\" \/>\n<meta property=\"og:url\" content=\"https:\/\/quehacerpolitico.mx\/?p=13828\" \/>\n<meta property=\"article:published_time\" content=\"2019-01-10T04:10:01+00:00\" \/>\n<meta name=\"author\" content=\"Redacci\u00f3n QP\" \/>\n<meta name=\"twitter:card\" content=\"summary_large_image\" \/>\n<meta name=\"twitter:label1\" content=\"Escrito por\" \/>\n\t<meta name=\"twitter:data1\" content=\"Redacci\u00f3n QP\" \/>\n\t<meta name=\"twitter:label2\" content=\"Tiempo de lectura\" \/>\n\t<meta name=\"twitter:data2\" content=\"8 minutos\" \/>\n<script type=\"application\/ld+json\" class=\"yoast-schema-graph\">{\"@context\":\"https:\\\/\\\/schema.org\",\"@graph\":[{\"@type\":\"Article\",\"@id\":\"https:\\\/\\\/quehacerpolitico.mx\\\/?p=13828#article\",\"isPartOf\":{\"@id\":\"https:\\\/\\\/quehacerpolitico.mx\\\/?p=13828\"},\"author\":{\"name\":\"Redacci\u00f3n QP\",\"@id\":\"https:\\\/\\\/quehacerpolitico.mx\\\/#\\\/schema\\\/person\\\/496d8ad2d1d3f8036101dca7ee39e585\"},\"headline\":\"Internacionales\\\/\\\/\\\/Carolina Alonso Romei\\\/\\\/\\\/Mundo\\\/\\\/ Gobierno brit\u00e1nico tendr\u00e1 que presentar plan B del \u201cbrexit\u201d\",\"datePublished\":\"2019-01-10T04:10:01+00:00\",\"mainEntityOfPage\":{\"@id\":\"https:\\\/\\\/quehacerpolitico.mx\\\/?p=13828\"},\"wordCount\":1531,\"commentCount\":0,\"image\":{\"@id\":\"https:\\\/\\\/quehacerpolitico.mx\\\/?p=13828#primaryimage\"},\"thumbnailUrl\":\"\",\"articleSection\":[\"Internacionales\"],\"inLanguage\":\"es\",\"potentialAction\":[{\"@type\":\"CommentAction\",\"name\":\"Comment\",\"target\":[\"https:\\\/\\\/quehacerpolitico.mx\\\/?p=13828#respond\"]}]},{\"@type\":\"WebPage\",\"@id\":\"https:\\\/\\\/quehacerpolitico.mx\\\/?p=13828\",\"url\":\"https:\\\/\\\/quehacerpolitico.mx\\\/?p=13828\",\"name\":\"Internacionales\\\/\\\/\\\/Carolina Alonso Romei\\\/\\\/\\\/Mundo\\\/\\\/ Gobierno brit\u00e1nico tendr\u00e1 que presentar plan B del \u201cbrexit\u201d -\",\"isPartOf\":{\"@id\":\"https:\\\/\\\/quehacerpolitico.mx\\\/#website\"},\"primaryImageOfPage\":{\"@id\":\"https:\\\/\\\/quehacerpolitico.mx\\\/?p=13828#primaryimage\"},\"image\":{\"@id\":\"https:\\\/\\\/quehacerpolitico.mx\\\/?p=13828#primaryimage\"},\"thumbnailUrl\":\"\",\"datePublished\":\"2019-01-10T04:10:01+00:00\",\"author\":{\"@id\":\"https:\\\/\\\/quehacerpolitico.mx\\\/#\\\/schema\\\/person\\\/496d8ad2d1d3f8036101dca7ee39e585\"},\"breadcrumb\":{\"@id\":\"https:\\\/\\\/quehacerpolitico.mx\\\/?p=13828#breadcrumb\"},\"inLanguage\":\"es\",\"potentialAction\":[{\"@type\":\"ReadAction\",\"target\":[\"https:\\\/\\\/quehacerpolitico.mx\\\/?p=13828\"]}]},{\"@type\":\"ImageObject\",\"inLanguage\":\"es\",\"@id\":\"https:\\\/\\\/quehacerpolitico.mx\\\/?p=13828#primaryimage\",\"url\":\"\",\"contentUrl\":\"\"},{\"@type\":\"BreadcrumbList\",\"@id\":\"https:\\\/\\\/quehacerpolitico.mx\\\/?p=13828#breadcrumb\",\"itemListElement\":[{\"@type\":\"ListItem\",\"position\":1,\"name\":\"Inicio\",\"item\":\"https:\\\/\\\/quehacerpolitico.mx\\\/\"},{\"@type\":\"ListItem\",\"position\":2,\"name\":\"Internacionales\\\/\\\/\\\/Carolina Alonso Romei\\\/\\\/\\\/Mundo\\\/\\\/ Gobierno brit\u00e1nico tendr\u00e1 que presentar plan B del \u201cbrexit\u201d\"}]},{\"@type\":\"WebSite\",\"@id\":\"https:\\\/\\\/quehacerpolitico.mx\\\/#website\",\"url\":\"https:\\\/\\\/quehacerpolitico.mx\\\/\",\"name\":\"\",\"description\":\"\",\"potentialAction\":[{\"@type\":\"SearchAction\",\"target\":{\"@type\":\"EntryPoint\",\"urlTemplate\":\"https:\\\/\\\/quehacerpolitico.mx\\\/?s={search_term_string}\"},\"query-input\":{\"@type\":\"PropertyValueSpecification\",\"valueRequired\":true,\"valueName\":\"search_term_string\"}}],\"inLanguage\":\"es\"},{\"@type\":\"Person\",\"@id\":\"https:\\\/\\\/quehacerpolitico.mx\\\/#\\\/schema\\\/person\\\/496d8ad2d1d3f8036101dca7ee39e585\",\"name\":\"Redacci\u00f3n QP\",\"image\":{\"@type\":\"ImageObject\",\"inLanguage\":\"es\",\"@id\":\"https:\\\/\\\/secure.gravatar.com\\\/avatar\\\/c7164ed6fdec453195284ad24a5ae5b6e1eed2b848477fa2a4787ba9adf39a41?s=96&d=mm&r=g\",\"url\":\"https:\\\/\\\/secure.gravatar.com\\\/avatar\\\/c7164ed6fdec453195284ad24a5ae5b6e1eed2b848477fa2a4787ba9adf39a41?s=96&d=mm&r=g\",\"contentUrl\":\"https:\\\/\\\/secure.gravatar.com\\\/avatar\\\/c7164ed6fdec453195284ad24a5ae5b6e1eed2b848477fa2a4787ba9adf39a41?s=96&d=mm&r=g\",\"caption\":\"Redacci\u00f3n QP\"},\"url\":\"https:\\\/\\\/quehacerpolitico.mx\\\/?author=2\"}]}<\/script>\n<!-- \/ Yoast SEO plugin. -->","yoast_head_json":{"title":"Internacionales\/\/\/Carolina Alonso Romei\/\/\/Mundo\/\/ Gobierno brit\u00e1nico tendr\u00e1 que presentar plan B del \u201cbrexit\u201d -","robots":{"index":"index","follow":"follow","max-snippet":"max-snippet:-1","max-image-preview":"max-image-preview:large","max-video-preview":"max-video-preview:-1"},"canonical":"https:\/\/quehacerpolitico.mx\/?p=13828","og_locale":"es_MX","og_type":"article","og_title":"Internacionales\/\/\/Carolina Alonso Romei\/\/\/Mundo\/\/ Gobierno brit\u00e1nico tendr\u00e1 que presentar plan B del \u201cbrexit\u201d -","og_description":"Mundo\/\/ Gobierno brit\u00e1nico tendr\u00e1 que presentar plan B del \u201cbrexit\u201d Por Carolina Alonso Romei Internacionalista","og_url":"https:\/\/quehacerpolitico.mx\/?p=13828","article_published_time":"2019-01-10T04:10:01+00:00","author":"Redacci\u00f3n QP","twitter_card":"summary_large_image","twitter_misc":{"Escrito por":"Redacci\u00f3n QP","Tiempo de lectura":"8 minutos"},"schema":{"@context":"https:\/\/schema.org","@graph":[{"@type":"Article","@id":"https:\/\/quehacerpolitico.mx\/?p=13828#article","isPartOf":{"@id":"https:\/\/quehacerpolitico.mx\/?p=13828"},"author":{"name":"Redacci\u00f3n QP","@id":"https:\/\/quehacerpolitico.mx\/#\/schema\/person\/496d8ad2d1d3f8036101dca7ee39e585"},"headline":"Internacionales\/\/\/Carolina Alonso Romei\/\/\/Mundo\/\/ Gobierno brit\u00e1nico tendr\u00e1 que presentar plan B del \u201cbrexit\u201d","datePublished":"2019-01-10T04:10:01+00:00","mainEntityOfPage":{"@id":"https:\/\/quehacerpolitico.mx\/?p=13828"},"wordCount":1531,"commentCount":0,"image":{"@id":"https:\/\/quehacerpolitico.mx\/?p=13828#primaryimage"},"thumbnailUrl":"","articleSection":["Internacionales"],"inLanguage":"es","potentialAction":[{"@type":"CommentAction","name":"Comment","target":["https:\/\/quehacerpolitico.mx\/?p=13828#respond"]}]},{"@type":"WebPage","@id":"https:\/\/quehacerpolitico.mx\/?p=13828","url":"https:\/\/quehacerpolitico.mx\/?p=13828","name":"Internacionales\/\/\/Carolina Alonso Romei\/\/\/Mundo\/\/ Gobierno brit\u00e1nico tendr\u00e1 que presentar plan B del \u201cbrexit\u201d -","isPartOf":{"@id":"https:\/\/quehacerpolitico.mx\/#website"},"primaryImageOfPage":{"@id":"https:\/\/quehacerpolitico.mx\/?p=13828#primaryimage"},"image":{"@id":"https:\/\/quehacerpolitico.mx\/?p=13828#primaryimage"},"thumbnailUrl":"","datePublished":"2019-01-10T04:10:01+00:00","author":{"@id":"https:\/\/quehacerpolitico.mx\/#\/schema\/person\/496d8ad2d1d3f8036101dca7ee39e585"},"breadcrumb":{"@id":"https:\/\/quehacerpolitico.mx\/?p=13828#breadcrumb"},"inLanguage":"es","potentialAction":[{"@type":"ReadAction","target":["https:\/\/quehacerpolitico.mx\/?p=13828"]}]},{"@type":"ImageObject","inLanguage":"es","@id":"https:\/\/quehacerpolitico.mx\/?p=13828#primaryimage","url":"","contentUrl":""},{"@type":"BreadcrumbList","@id":"https:\/\/quehacerpolitico.mx\/?p=13828#breadcrumb","itemListElement":[{"@type":"ListItem","position":1,"name":"Inicio","item":"https:\/\/quehacerpolitico.mx\/"},{"@type":"ListItem","position":2,"name":"Internacionales\/\/\/Carolina Alonso Romei\/\/\/Mundo\/\/ Gobierno brit\u00e1nico tendr\u00e1 que presentar plan B del \u201cbrexit\u201d"}]},{"@type":"WebSite","@id":"https:\/\/quehacerpolitico.mx\/#website","url":"https:\/\/quehacerpolitico.mx\/","name":"","description":"","potentialAction":[{"@type":"SearchAction","target":{"@type":"EntryPoint","urlTemplate":"https:\/\/quehacerpolitico.mx\/?s={search_term_string}"},"query-input":{"@type":"PropertyValueSpecification","valueRequired":true,"valueName":"search_term_string"}}],"inLanguage":"es"},{"@type":"Person","@id":"https:\/\/quehacerpolitico.mx\/#\/schema\/person\/496d8ad2d1d3f8036101dca7ee39e585","name":"Redacci\u00f3n QP","image":{"@type":"ImageObject","inLanguage":"es","@id":"https:\/\/secure.gravatar.com\/avatar\/c7164ed6fdec453195284ad24a5ae5b6e1eed2b848477fa2a4787ba9adf39a41?s=96&d=mm&r=g","url":"https:\/\/secure.gravatar.com\/avatar\/c7164ed6fdec453195284ad24a5ae5b6e1eed2b848477fa2a4787ba9adf39a41?s=96&d=mm&r=g","contentUrl":"https:\/\/secure.gravatar.com\/avatar\/c7164ed6fdec453195284ad24a5ae5b6e1eed2b848477fa2a4787ba9adf39a41?s=96&d=mm&r=g","caption":"Redacci\u00f3n QP"},"url":"https:\/\/quehacerpolitico.mx\/?author=2"}]}},"featured_image_urls":{"full":"","thumbnail":"","medium":"","medium_large":"","large":"","1536x1536":"","2048x2048":"","covernews-featured":"","covernews-medium":""},"author_info":{"display_name":"Redacci\u00f3n QP","author_link":"https:\/\/quehacerpolitico.mx\/?author=2"},"category_info":"<a href=\"https:\/\/quehacerpolitico.mx\/?cat=1\" rel=\"category\">Internacionales<\/a>","tag_info":"Internacionales","comment_count":"0","_links":{"self":[{"href":"https:\/\/quehacerpolitico.mx\/index.php?rest_route=\/wp\/v2\/posts\/13828","targetHints":{"allow":["GET"]}}],"collection":[{"href":"https:\/\/quehacerpolitico.mx\/index.php?rest_route=\/wp\/v2\/posts"}],"about":[{"href":"https:\/\/quehacerpolitico.mx\/index.php?rest_route=\/wp\/v2\/types\/post"}],"author":[{"embeddable":true,"href":"https:\/\/quehacerpolitico.mx\/index.php?rest_route=\/wp\/v2\/users\/2"}],"replies":[{"embeddable":true,"href":"https:\/\/quehacerpolitico.mx\/index.php?rest_route=%2Fwp%2Fv2%2Fcomments&post=13828"}],"version-history":[{"count":0,"href":"https:\/\/quehacerpolitico.mx\/index.php?rest_route=\/wp\/v2\/posts\/13828\/revisions"}],"wp:featuredmedia":[{"embeddable":true,"href":"https:\/\/quehacerpolitico.mx\/index.php?rest_route=\/"}],"wp:attachment":[{"href":"https:\/\/quehacerpolitico.mx\/index.php?rest_route=%2Fwp%2Fv2%2Fmedia&parent=13828"}],"wp:term":[{"taxonomy":"category","embeddable":true,"href":"https:\/\/quehacerpolitico.mx\/index.php?rest_route=%2Fwp%2Fv2%2Fcategories&post=13828"},{"taxonomy":"post_tag","embeddable":true,"href":"https:\/\/quehacerpolitico.mx\/index.php?rest_route=%2Fwp%2Fv2%2Ftags&post=13828"}],"curies":[{"name":"wp","href":"https:\/\/api.w.org\/{rel}","templated":true}]}}