{"id":13824,"date":"2019-01-10T03:59:12","date_gmt":"2019-01-10T03:59:12","guid":{"rendered":"http:\/\/quehacerpolitico.mx\/apoyan-presidentes-municipales-creacion-de-guardia-nacional-evv\/"},"modified":"2019-01-10T03:59:12","modified_gmt":"2019-01-10T03:59:12","slug":"apoyan-presidentes-municipales-creacion-de-guardia-nacional-evv","status":"publish","type":"post","link":"https:\/\/quehacerpolitico.mx\/?p=13824","title":{"rendered":"APOYAN PRESIDENTES MUNICIPALES CREACI\u00d3N DE GUARDIA NACIONAL: EVV"},"content":{"rendered":"<h3 class=\"post-title entry-title\">APOYAN PRESIDENTES MUNICIPALES CREACI\u00d3N DE GUARDIA NACIONAL: EVV<\/h3>\n<p>Por Redacci\u00f3n QP<\/p>\n<p class=\"yiv3791361003MsoNormal\">&#8220;Los Presidentes Municipales apoyamos la creaci\u00f3n de la Guardia Nacional, pero no la construcci\u00f3n de un cuerpo que le sea inservible al pa\u00eds, manifest\u00f3 el alcalde de Huixquilucan, Enrique Vargas del Villar.<\/p>\n<p class=\"yiv3791361003MsoNormal\">\u00a0<\/p>\n<p class=\"yiv3791361003MsoNormal\">En el marco de la audiencia para la Guardia Nacional: Estrategias Municipales para la Seguridad, coment\u00f3 que a los Ediles les interesa que la Guardia Nacional surja de un debate profundo, que se corrija lo que se tenga que corregir, que se ajuste todo aquello que no le da certeza jur\u00eddica y que tenga claridad en el mando y su operaci\u00f3n, en apego estricto al 115 Constitucional.<\/p>\n<p class=\"yiv3791361003MsoNormal\">\u00a0<\/p>\n<p class=\"yiv3791361003MsoNormal\">El tambi\u00e9n presidente de la Asociaci\u00f3n Nacional de Alcaldes (ANAC), precis\u00f3 que apoyan la construcci\u00f3n de una seguridad con justicia, paz y recuperaci\u00f3n plena del estado de Derecho en los 2 mil 458 municipios del pa\u00eds.<\/p>\n<p class=\"yiv3791361003MsoNormal\">\u00a0<\/p>\n<p class=\"yiv3791361003MsoNormal\">A nombre de los alcaldes que conforman la ANAC, Vargas del Villar dijo s\u00ed a la Guardia Nacional pero con 10 condiciones que hagan viable su implementaci\u00f3n:<\/p>\n<p class=\"yiv3791361003MsoNormal\">\u00a0<\/p>\n<p class=\"yiv3791361003MsoNormal\">1.\u00a0\u00a0\u00a0\u00a0\u00a0\u00a0\u00a0\u00a0 La Guardia Nacional debe ser encabezada por un mando civil y no por un mando militar.\u00a0<\/p>\n<p class=\"yiv3791361003MsoNormal\">\u00a0<\/p>\n<p class=\"yiv3791361003MsoNormal\">2.\u00a0\u00a0\u00a0\u00a0\u00a0\u00a0\u00a0\u00a0 Que sean respetadas las competencias de los \u00f3rdenes de gobierno en materia de Seguridad P\u00fablica. Los delitos de orden com\u00fan corresponden a las autoridades locales y los de orden federal correspondan a la Guardia Nacional.<\/p>\n<p class=\"yiv3791361003MsoNormal\">\u00a0<\/p>\n<p class=\"yiv3791361003MsoNormal\">3.\u00a0\u00a0\u00a0\u00a0\u00a0\u00a0\u00a0\u00a0 Que se defina con total claridad y en el marco de la Ley el r\u00e9gimen de participaci\u00f3n de las fuerzas armadas. Definiendo la temporalidad y l\u00edmites en el mando y la actuaci\u00f3n.<\/p>\n<p class=\"yiv3791361003MsoNormal\">\u00a0<\/p>\n<p class=\"yiv3791361003MsoNormal\">4.\u00a0\u00a0\u00a0\u00a0\u00a0\u00a0\u00a0\u00a0 Que en los criterios y formas de evaluaci\u00f3n a realizarse las Asociaciones Municipales tengan participaci\u00f3n, para tener transparencia en su aplicaci\u00f3n, as\u00ed como el contar con indicadores claros<\/p>\n<p class=\"yiv3791361003MsoNormal\">\u00a0<\/p>\n<p class=\"yiv3791361003MsoNormal\">5.\u00a0\u00a0\u00a0\u00a0\u00a0\u00a0\u00a0\u00a0 Que sean creados los diagn\u00f3sticos, protocolos y reglas claras ante la posibilidad de intervenir o suprimir polic\u00edas locales.<\/p>\n<p class=\"yiv3791361003MsoNormal\">6.\u00a0\u00a0\u00a0\u00a0\u00a0\u00a0\u00a0\u00a0 Que queden establecidos los marcos de colaboraci\u00f3n y coordinaci\u00f3n<\/p>\n<p class=\"yiv3791361003MsoNormal\">Decimos NO a la subordinaci\u00f3n para el fortalecimiento de las capacidades de los cuerpos locales.<\/p>\n<p class=\"yiv3791361003MsoNormal\">\u00a0<\/p>\n<p class=\"yiv3791361003MsoNormal\">7.\u00a0\u00a0\u00a0\u00a0\u00a0\u00a0\u00a0\u00a0 Que se definan las estrategias de apoyo para que aquellos municipios que no aprueben las evaluaciones que puedan construir sus capacidades operativas en un esquema de mando mixto.<\/p>\n<p class=\"yiv3791361003MsoNormal\">\u00a0<\/p>\n<p class=\"yiv3791361003MsoNormal\">8.\u00a0\u00a0\u00a0\u00a0\u00a0\u00a0\u00a0\u00a0 Que se revisen y fortalezcan los fondos en el PEF destinados a cuestiones de Seguridad a fin de no dejar en riesgo a las corporaciones municipales y privilegiar la estrategia de la Guardia Nacional, as\u00ed como la simplificaci\u00f3n de las reglas de operaci\u00f3n.<\/p>\n<p class=\"yiv3791361003MsoNormal\">\u00a0<\/p>\n<p class=\"yiv3791361003MsoNormal\">9.\u00a0\u00a0\u00a0\u00a0\u00a0\u00a0\u00a0\u00a0 Que se garantice que no se afectar\u00e1n recursos municipales de las Participaciones Federales (Ramo 28 y Ramo 33) para cubrir el costo de permanencia de la Guardia Nacional en los gobiernos locales.\u00a0<\/p>\n<p class=\"yiv3791361003MsoNormal\">\u00a0<\/p>\n<p class=\"yiv3791361003MsoNormal\">10.\u00a0\u00a0\u00a0\u00a0\u00a0 Que la actuaci\u00f3n de la Guardia Nacional se d\u00e9 en estricto sentido con apego a los est\u00e1ndares internacionales de respeto a los Derechos Humanos.<\/p>\n<p class=\"yiv3791361003MsoNormal\">\u00a0<\/p>\n<p class=\"yiv3791361003MsoNormal\">Ante diputados y Presidentes Municipales del pa\u00eds, Vargas del Villar, lament\u00f3 la ausencia de una propuesta por parte del Gobierno Federal, para apoyar las polic\u00edas locales. &#8220;Es urgente se profesionalicen, se equipen y eval\u00faen para fortalecerlas, ya que son el primer contacto con la ciudadan\u00eda&#8221;.<\/p>\n<p class=\"yiv3791361003MsoNormal\">\u00a0<\/p>\n<p class=\"yiv3791361003MsoNormal\">Al reiterar que los alcaldes no buscan deslindarse del tema de seguridad, por el contrario, dijo, &#8220;debemos ser objetivos y ejercer con responsabilidad nuestro derecho de cr\u00edtica, en la construcci\u00f3n de una opci\u00f3n que recupere la seguridad con paz y justicia, porque M\u00e9xico merece tener una opci\u00f3n que funcione, y no un experimento que fracase&#8221;.<\/p>\n<p class=\"yiv3791361003MsoNormal\">\u00a0<\/p>\n<p class=\"yiv3791361003MsoNormal\">El Edil de Huixquilucan confi\u00f3 en que el debate en torno a la creaci\u00f3n de la Guardia Nacional lleve a un resultado viable, ya que \u00fanicamente con el trabajo coordinado entre los tres niveles de gobierno se lograr\u00e1 un frente com\u00fan contra la delincuencia.\u00a0\u00a0<\/p>\n","protected":false},"excerpt":{"rendered":"<p>APOYAN PRESIDENTES MUNICIPALES CREACI\u00d3N DE GUARDIA NACIONAL: EVV<br \/>\nPor Redacci\u00f3n QP<\/p>\n","protected":false},"author":2,"featured_media":13823,"comment_status":"open","ping_status":"open","sticky":false,"template":"","format":"standard","meta":{"_monsterinsights_skip_tracking":false,"_monsterinsights_sitenote_active":false,"_monsterinsights_sitenote_note":"","_monsterinsights_sitenote_category":0,"footnotes":""},"categories":[2],"tags":[],"class_list":["post-13824","post","type-post","status-publish","format-standard","has-post-thumbnail","hentry","category-noticias"],"yoast_head":"<!-- This site is optimized with the Yoast SEO plugin v27.3 - https:\/\/yoast.com\/product\/yoast-seo-wordpress\/ -->\n<title>APOYAN PRESIDENTES MUNICIPALES CREACI\u00d3N DE GUARDIA NACIONAL: EVV -<\/title>\n<meta name=\"robots\" content=\"index, follow, max-snippet:-1, max-image-preview:large, max-video-preview:-1\" \/>\n<link rel=\"canonical\" href=\"https:\/\/quehacerpolitico.mx\/?p=13824\" \/>\n<meta property=\"og:locale\" content=\"es_MX\" \/>\n<meta property=\"og:type\" content=\"article\" \/>\n<meta property=\"og:title\" content=\"APOYAN PRESIDENTES MUNICIPALES CREACI\u00d3N DE GUARDIA NACIONAL: EVV -\" \/>\n<meta property=\"og:description\" content=\"APOYAN PRESIDENTES MUNICIPALES CREACI\u00d3N DE GUARDIA NACIONAL: EVV Por Redacci\u00f3n QP\" \/>\n<meta property=\"og:url\" content=\"https:\/\/quehacerpolitico.mx\/?p=13824\" \/>\n<meta property=\"article:published_time\" content=\"2019-01-10T03:59:12+00:00\" \/>\n<meta name=\"author\" content=\"Redacci\u00f3n QP\" \/>\n<meta name=\"twitter:card\" content=\"summary_large_image\" \/>\n<meta name=\"twitter:label1\" content=\"Escrito por\" \/>\n\t<meta name=\"twitter:data1\" content=\"Redacci\u00f3n QP\" \/>\n\t<meta name=\"twitter:label2\" content=\"Tiempo de lectura\" \/>\n\t<meta name=\"twitter:data2\" content=\"3 minutos\" \/>\n<script type=\"application\/ld+json\" class=\"yoast-schema-graph\">{\"@context\":\"https:\\\/\\\/schema.org\",\"@graph\":[{\"@type\":\"Article\",\"@id\":\"https:\\\/\\\/quehacerpolitico.mx\\\/?p=13824#article\",\"isPartOf\":{\"@id\":\"https:\\\/\\\/quehacerpolitico.mx\\\/?p=13824\"},\"author\":{\"name\":\"Redacci\u00f3n QP\",\"@id\":\"https:\\\/\\\/quehacerpolitico.mx\\\/#\\\/schema\\\/person\\\/496d8ad2d1d3f8036101dca7ee39e585\"},\"headline\":\"APOYAN PRESIDENTES MUNICIPALES CREACI\u00d3N DE GUARDIA NACIONAL: EVV\",\"datePublished\":\"2019-01-10T03:59:12+00:00\",\"mainEntityOfPage\":{\"@id\":\"https:\\\/\\\/quehacerpolitico.mx\\\/?p=13824\"},\"wordCount\":643,\"commentCount\":0,\"image\":{\"@id\":\"https:\\\/\\\/quehacerpolitico.mx\\\/?p=13824#primaryimage\"},\"thumbnailUrl\":\"\",\"articleSection\":[\"Noticias\"],\"inLanguage\":\"es\",\"potentialAction\":[{\"@type\":\"CommentAction\",\"name\":\"Comment\",\"target\":[\"https:\\\/\\\/quehacerpolitico.mx\\\/?p=13824#respond\"]}]},{\"@type\":\"WebPage\",\"@id\":\"https:\\\/\\\/quehacerpolitico.mx\\\/?p=13824\",\"url\":\"https:\\\/\\\/quehacerpolitico.mx\\\/?p=13824\",\"name\":\"APOYAN PRESIDENTES MUNICIPALES CREACI\u00d3N DE GUARDIA NACIONAL: EVV -\",\"isPartOf\":{\"@id\":\"https:\\\/\\\/quehacerpolitico.mx\\\/#website\"},\"primaryImageOfPage\":{\"@id\":\"https:\\\/\\\/quehacerpolitico.mx\\\/?p=13824#primaryimage\"},\"image\":{\"@id\":\"https:\\\/\\\/quehacerpolitico.mx\\\/?p=13824#primaryimage\"},\"thumbnailUrl\":\"\",\"datePublished\":\"2019-01-10T03:59:12+00:00\",\"author\":{\"@id\":\"https:\\\/\\\/quehacerpolitico.mx\\\/#\\\/schema\\\/person\\\/496d8ad2d1d3f8036101dca7ee39e585\"},\"breadcrumb\":{\"@id\":\"https:\\\/\\\/quehacerpolitico.mx\\\/?p=13824#breadcrumb\"},\"inLanguage\":\"es\",\"potentialAction\":[{\"@type\":\"ReadAction\",\"target\":[\"https:\\\/\\\/quehacerpolitico.mx\\\/?p=13824\"]}]},{\"@type\":\"ImageObject\",\"inLanguage\":\"es\",\"@id\":\"https:\\\/\\\/quehacerpolitico.mx\\\/?p=13824#primaryimage\",\"url\":\"\",\"contentUrl\":\"\"},{\"@type\":\"BreadcrumbList\",\"@id\":\"https:\\\/\\\/quehacerpolitico.mx\\\/?p=13824#breadcrumb\",\"itemListElement\":[{\"@type\":\"ListItem\",\"position\":1,\"name\":\"Inicio\",\"item\":\"https:\\\/\\\/quehacerpolitico.mx\\\/\"},{\"@type\":\"ListItem\",\"position\":2,\"name\":\"APOYAN PRESIDENTES MUNICIPALES CREACI\u00d3N DE GUARDIA NACIONAL: EVV\"}]},{\"@type\":\"WebSite\",\"@id\":\"https:\\\/\\\/quehacerpolitico.mx\\\/#website\",\"url\":\"https:\\\/\\\/quehacerpolitico.mx\\\/\",\"name\":\"\",\"description\":\"\",\"potentialAction\":[{\"@type\":\"SearchAction\",\"target\":{\"@type\":\"EntryPoint\",\"urlTemplate\":\"https:\\\/\\\/quehacerpolitico.mx\\\/?s={search_term_string}\"},\"query-input\":{\"@type\":\"PropertyValueSpecification\",\"valueRequired\":true,\"valueName\":\"search_term_string\"}}],\"inLanguage\":\"es\"},{\"@type\":\"Person\",\"@id\":\"https:\\\/\\\/quehacerpolitico.mx\\\/#\\\/schema\\\/person\\\/496d8ad2d1d3f8036101dca7ee39e585\",\"name\":\"Redacci\u00f3n QP\",\"image\":{\"@type\":\"ImageObject\",\"inLanguage\":\"es\",\"@id\":\"https:\\\/\\\/secure.gravatar.com\\\/avatar\\\/c7164ed6fdec453195284ad24a5ae5b6e1eed2b848477fa2a4787ba9adf39a41?s=96&d=mm&r=g\",\"url\":\"https:\\\/\\\/secure.gravatar.com\\\/avatar\\\/c7164ed6fdec453195284ad24a5ae5b6e1eed2b848477fa2a4787ba9adf39a41?s=96&d=mm&r=g\",\"contentUrl\":\"https:\\\/\\\/secure.gravatar.com\\\/avatar\\\/c7164ed6fdec453195284ad24a5ae5b6e1eed2b848477fa2a4787ba9adf39a41?s=96&d=mm&r=g\",\"caption\":\"Redacci\u00f3n QP\"},\"url\":\"https:\\\/\\\/quehacerpolitico.mx\\\/?author=2\"}]}<\/script>\n<!-- \/ Yoast SEO plugin. -->","yoast_head_json":{"title":"APOYAN PRESIDENTES MUNICIPALES CREACI\u00d3N DE GUARDIA NACIONAL: EVV -","robots":{"index":"index","follow":"follow","max-snippet":"max-snippet:-1","max-image-preview":"max-image-preview:large","max-video-preview":"max-video-preview:-1"},"canonical":"https:\/\/quehacerpolitico.mx\/?p=13824","og_locale":"es_MX","og_type":"article","og_title":"APOYAN PRESIDENTES MUNICIPALES CREACI\u00d3N DE GUARDIA NACIONAL: EVV -","og_description":"APOYAN PRESIDENTES MUNICIPALES CREACI\u00d3N DE GUARDIA NACIONAL: EVV Por Redacci\u00f3n QP","og_url":"https:\/\/quehacerpolitico.mx\/?p=13824","article_published_time":"2019-01-10T03:59:12+00:00","author":"Redacci\u00f3n QP","twitter_card":"summary_large_image","twitter_misc":{"Escrito por":"Redacci\u00f3n QP","Tiempo de lectura":"3 minutos"},"schema":{"@context":"https:\/\/schema.org","@graph":[{"@type":"Article","@id":"https:\/\/quehacerpolitico.mx\/?p=13824#article","isPartOf":{"@id":"https:\/\/quehacerpolitico.mx\/?p=13824"},"author":{"name":"Redacci\u00f3n QP","@id":"https:\/\/quehacerpolitico.mx\/#\/schema\/person\/496d8ad2d1d3f8036101dca7ee39e585"},"headline":"APOYAN PRESIDENTES MUNICIPALES CREACI\u00d3N DE GUARDIA NACIONAL: EVV","datePublished":"2019-01-10T03:59:12+00:00","mainEntityOfPage":{"@id":"https:\/\/quehacerpolitico.mx\/?p=13824"},"wordCount":643,"commentCount":0,"image":{"@id":"https:\/\/quehacerpolitico.mx\/?p=13824#primaryimage"},"thumbnailUrl":"","articleSection":["Noticias"],"inLanguage":"es","potentialAction":[{"@type":"CommentAction","name":"Comment","target":["https:\/\/quehacerpolitico.mx\/?p=13824#respond"]}]},{"@type":"WebPage","@id":"https:\/\/quehacerpolitico.mx\/?p=13824","url":"https:\/\/quehacerpolitico.mx\/?p=13824","name":"APOYAN PRESIDENTES MUNICIPALES CREACI\u00d3N DE GUARDIA NACIONAL: EVV -","isPartOf":{"@id":"https:\/\/quehacerpolitico.mx\/#website"},"primaryImageOfPage":{"@id":"https:\/\/quehacerpolitico.mx\/?p=13824#primaryimage"},"image":{"@id":"https:\/\/quehacerpolitico.mx\/?p=13824#primaryimage"},"thumbnailUrl":"","datePublished":"2019-01-10T03:59:12+00:00","author":{"@id":"https:\/\/quehacerpolitico.mx\/#\/schema\/person\/496d8ad2d1d3f8036101dca7ee39e585"},"breadcrumb":{"@id":"https:\/\/quehacerpolitico.mx\/?p=13824#breadcrumb"},"inLanguage":"es","potentialAction":[{"@type":"ReadAction","target":["https:\/\/quehacerpolitico.mx\/?p=13824"]}]},{"@type":"ImageObject","inLanguage":"es","@id":"https:\/\/quehacerpolitico.mx\/?p=13824#primaryimage","url":"","contentUrl":""},{"@type":"BreadcrumbList","@id":"https:\/\/quehacerpolitico.mx\/?p=13824#breadcrumb","itemListElement":[{"@type":"ListItem","position":1,"name":"Inicio","item":"https:\/\/quehacerpolitico.mx\/"},{"@type":"ListItem","position":2,"name":"APOYAN PRESIDENTES MUNICIPALES CREACI\u00d3N DE GUARDIA NACIONAL: EVV"}]},{"@type":"WebSite","@id":"https:\/\/quehacerpolitico.mx\/#website","url":"https:\/\/quehacerpolitico.mx\/","name":"","description":"","potentialAction":[{"@type":"SearchAction","target":{"@type":"EntryPoint","urlTemplate":"https:\/\/quehacerpolitico.mx\/?s={search_term_string}"},"query-input":{"@type":"PropertyValueSpecification","valueRequired":true,"valueName":"search_term_string"}}],"inLanguage":"es"},{"@type":"Person","@id":"https:\/\/quehacerpolitico.mx\/#\/schema\/person\/496d8ad2d1d3f8036101dca7ee39e585","name":"Redacci\u00f3n QP","image":{"@type":"ImageObject","inLanguage":"es","@id":"https:\/\/secure.gravatar.com\/avatar\/c7164ed6fdec453195284ad24a5ae5b6e1eed2b848477fa2a4787ba9adf39a41?s=96&d=mm&r=g","url":"https:\/\/secure.gravatar.com\/avatar\/c7164ed6fdec453195284ad24a5ae5b6e1eed2b848477fa2a4787ba9adf39a41?s=96&d=mm&r=g","contentUrl":"https:\/\/secure.gravatar.com\/avatar\/c7164ed6fdec453195284ad24a5ae5b6e1eed2b848477fa2a4787ba9adf39a41?s=96&d=mm&r=g","caption":"Redacci\u00f3n QP"},"url":"https:\/\/quehacerpolitico.mx\/?author=2"}]}},"featured_image_urls":{"full":"","thumbnail":"","medium":"","medium_large":"","large":"","1536x1536":"","2048x2048":"","covernews-featured":"","covernews-medium":""},"author_info":{"display_name":"Redacci\u00f3n QP","author_link":"https:\/\/quehacerpolitico.mx\/?author=2"},"category_info":"<a href=\"https:\/\/quehacerpolitico.mx\/?cat=2\" rel=\"category\">Noticias<\/a>","tag_info":"Noticias","comment_count":"0","_links":{"self":[{"href":"https:\/\/quehacerpolitico.mx\/index.php?rest_route=\/wp\/v2\/posts\/13824","targetHints":{"allow":["GET"]}}],"collection":[{"href":"https:\/\/quehacerpolitico.mx\/index.php?rest_route=\/wp\/v2\/posts"}],"about":[{"href":"https:\/\/quehacerpolitico.mx\/index.php?rest_route=\/wp\/v2\/types\/post"}],"author":[{"embeddable":true,"href":"https:\/\/quehacerpolitico.mx\/index.php?rest_route=\/wp\/v2\/users\/2"}],"replies":[{"embeddable":true,"href":"https:\/\/quehacerpolitico.mx\/index.php?rest_route=%2Fwp%2Fv2%2Fcomments&post=13824"}],"version-history":[{"count":0,"href":"https:\/\/quehacerpolitico.mx\/index.php?rest_route=\/wp\/v2\/posts\/13824\/revisions"}],"wp:featuredmedia":[{"embeddable":true,"href":"https:\/\/quehacerpolitico.mx\/index.php?rest_route=\/"}],"wp:attachment":[{"href":"https:\/\/quehacerpolitico.mx\/index.php?rest_route=%2Fwp%2Fv2%2Fmedia&parent=13824"}],"wp:term":[{"taxonomy":"category","embeddable":true,"href":"https:\/\/quehacerpolitico.mx\/index.php?rest_route=%2Fwp%2Fv2%2Fcategories&post=13824"},{"taxonomy":"post_tag","embeddable":true,"href":"https:\/\/quehacerpolitico.mx\/index.php?rest_route=%2Fwp%2Fv2%2Ftags&post=13824"}],"curies":[{"name":"wp","href":"https:\/\/api.w.org\/{rel}","templated":true}]}}