{"id":13800,"date":"2019-01-10T01:21:44","date_gmt":"2019-01-10T01:21:44","guid":{"rendered":"http:\/\/quehacerpolitico.mx\/alcaldes-incluso-de-pan-prd-y-el-congreso-de-veracruz-sitian-el-ultimo-fuerte-de-yunes-winckler\/"},"modified":"2019-01-10T01:21:44","modified_gmt":"2019-01-10T01:21:44","slug":"alcaldes-incluso-de-pan-prd-y-el-congreso-de-veracruz-sitian-el-ultimo-fuerte-de-yunes-winckler","status":"publish","type":"post","link":"https:\/\/quehacerpolitico.mx\/?p=13800","title":{"rendered":"Alcaldes (incluso de PAN-PRD) y el Congreso de Veracruz sitian el \u00faltimo fuerte de Yunes: Winckler"},"content":{"rendered":"<h1>Alcaldes (incluso de PAN-PRD) y el Congreso de Veracruz sitian el \u00faltimo fuerte de Yunes: Winckler<\/h1>\n<p>Por Redacci\u00f3n QP<\/p>\n<p>El <strong>\u00faltimo basti\u00f3n<\/strong>\u00a0del ex Gobernador <strong>Miguel \u00c1ngel Yunes Linares\u00a0<\/strong>en Veracruz, tiene las horas contadas. <strong>Jorge Winkckler Ortiz<\/strong>, Fiscal de la entidad que lleg\u00f3 al cargo de la mano del ex mandatario, enfrenta una iniciativa en el Congreso local que busca su salida anticipada del cargo; as\u00ed como la presi\u00f3n del Gobernador Cuitl\u00e1huac Garc\u00eda y protestas en su contra de\u00a0familiares de personas desaparecidas y ciudadanos en general.<\/p>\n<p>Ayer, con la anuencia y aprobaci\u00f3n de <strong>132 actas de cabildo<\/strong>, el Congreso veracruzano aprob\u00f3<strong> el decreto<\/strong> con el que se reforma el art\u00edculo 33 de la <strong>Constituci\u00f3n local<\/strong>, con lo que los diputados Locales tendr\u00e1n atribuciones para remover al<strong> Fiscal del Estado<\/strong>.<\/p>\n<blockquote>\n<p>\u201cDe los 132 ayuntamientos que avalaron el decreto para que el Congreso local est\u00e9 facultado para remover al Fiscal General del Estado, destaca que 52 de esas alcald\u00edas emanadas de la coalici\u00f3n PAN-PRD est\u00e9n reprobando la labor del Fiscal Jorge Winckler\u201d, de acuerdo con informaci\u00f3n oficial.<\/p>\n<p>De los 212 ayuntamientos veracruzanos, el 93 por ciento calific\u00f3 el trabajo del actual Fiscal como \u201cmalo, reprob\u00e1ndolo durante las sesiones de cabildos quedando constancia en los acuerdos, y de igual forma algunos municipios optaron por la afirmativa ficta\u201d.<\/p>\n<p>Entre los municipios que aprobaron el decreto para la remoci\u00f3n se encuentran C\u00f3rdoba, Cosamaloapan, Medell\u00edn de Bravo, Papantla, Ciudad Mendoza y Coatepec.<\/p>\n<blockquote>\n<p>El martes 8, durante la d\u00e9cima primera sesi\u00f3n ordinaria del Primer Periodo de Sesiones, el Diputado de la mesa directiva, Jorge Moreno Salinas, ley\u00f3 el informe de la Secretar\u00eda General del Congreso, en el que se report\u00f3 la recepci\u00f3n de 132 actas de sesi\u00f3n de cabildo en las que se constan los acuerdos de aprobaci\u00f3n del decreto.<\/p>\n<\/blockquote>\n<p>La decisi\u00f3n fue rechazada por la bancada del Partido Acci\u00f3n Nacional (PAN), incluso, la Diputada panista Josefina Gamboa Torales tom\u00f3 la tribuna y revis\u00f3 cada una de las 132 actas de cabildo, alegando que exist\u00edan inconsistencias en 72 de ellas.<\/p>\n<p>La iniciativa que permiti\u00f3 la aprobaci\u00f3n de este decreto fue presentada el pasado 29 de noviembre por el legislador del Movimiento de Regeneraci\u00f3n Nacional (Morena), V\u00edctor Emmanuel Vargas Barrientos, y cont\u00f3 con 39 votos a favor. Para avanzar con el decreto que modifica la Constituci\u00f3n era necesario contar con la aprobaci\u00f3n de 132 municipios, por ser una reforma constitucional: obtuvo 25 m\u00e1s de las necesarias.<\/p>\n<p>Los ayuntamientos de Actopan, \u00c1lamo, Apazapan, Boca del R\u00edo, Citlalt\u00e9petl, Coxquihui, La Antigua, Las Choapas, Lerdo de Tejada, Mart\u00ednez de la Torre y Yecuatla fueron los \u00fanicos que rechazaron el proyecto.<\/p>\n<p>Tras la aprobaci\u00f3n del decreto, la Mesa Directiva del Congreso veracruzano instruy\u00f3 a la Secretar\u00eda General remitirlo a los 212 ayuntamientos del Estado para su consideraci\u00f3n.<\/p>\n<p>La modificaci\u00f3n consiste en la adici\u00f3n de la fracci\u00f3n XLIV, con el corrimiento de la actual fracci\u00f3n XLIV a la XLV, del art\u00edculo 33 de la Constituci\u00f3n Pol\u00edtica del Estado de Veracruz de Ignacio de la Llave.<\/p>\n<p><strong>Y SE QUEDA SIN HELIC\u00d3PTEROS<\/strong><\/p>\n<p>Mientras tanto, el Gobernador Cuitl\u00e1huac Garc\u00eda Jim\u00e9nez solicit\u00f3 al Congreso que le sean retirados al Fiscal los dos helic\u00f3pteros y el terreno donde se encuentra ubicada la Fiscal\u00eda.<\/p>\n<p>A trav\u00e9s del oficio: 029\/2018 fecha de oficio: 28\/12\/2018 en donde el promovente: gobernador del estado asunto: solicita abrogar y dejar sin efectos legales los acuerdos publicados en la gaceta oficial de fechas 4 y 26 de julio del a\u00f1o 2016, donde se autoriz\u00f3 a enajenar a t\u00edtulo gratuito a favor de la fiscal\u00eda general del estado, dos bienes muebles.<\/p>\n<p>As\u00ed tambi\u00e9n se aprueba el acuerdo por el que se autoriz\u00f3 al secretario de seguridad p\u00fablica, para que en nombre y representaci\u00f3n del gobierno del estado, formalice la enajenaci\u00f3n a t\u00edtulo gratuito, de dos bienes muebles, a favor de la fiscal\u00eda general del estado.<\/p>\n<p>En cuanto a las aeronaves, los dos que est\u00e1 autorizando Winckler, pese al decreto de austeridad del mismo gobernador son: marca Bell Helicopter Textron Modelo 407, del 2009, en tanto que el otro es de matr\u00edcula XCCTZ marca Eurocopter del 2007.<\/p>\n<p><strong>PROTESTAS EN TRES CIUDADES<\/strong><\/p>\n<p>Mientras el Congreso busca quitar del cargo al Fiscal Winckler, en Minatitl\u00e1n, Coatzacoalcos y Poza Rica familiares de desaparecidos y ciudadanos protestan en las oficinas regionales de\u00a0la Fiscal\u00eda\u00a0 contra el funcionario, exigiendo su destituci\u00f3n.<\/p>\n<p>El pasado lunes, a primera hora, hubo protestas en las oficinas de la Fiscal\u00eda en Coatzacoalcos, Minatitl\u00e1n y Poza Rica, en donde colocaron pancartas con las siguientes consignas: \u201cQueremos respuesta del fiscal, basta de mentiras\u201d; \u201cFiscal\u00eda inepta\u201d; \u201cRenuncia, W\u00ednckler, no m\u00e1s impunidad\u201d.<\/p>\n<div id=\"attachment_3441095\" class=\"wp-caption alignnone\"><img loading=\"lazy\" decoding=\"async\" class=\"size-full wp-image-3441095\" src=\"https:\/\/www.sinembargo.mx\/wp-content\/uploads\/2018\/07\/reunio769n_amlo_gobernadores-1.jpg\" sizes=\"auto, (max-width: 700px) 100vw, 700px\" srcset=\"https:\/\/www.sinembargo.mx\/wp-content\/uploads\/2018\/07\/reunio769n_amlo_gobernadores-1.jpg 700w, https:\/\/www.sinembargo.mx\/wp-content\/uploads\/2018\/07\/reunio769n_amlo_gobernadores-1-300x200.jpg 300w\" alt=\"\" width=\"700\" height=\"467\" \/><\/p>\n<p class=\"wp-caption-text\">Cuitl\u00e1huac Garc\u00eda Jim\u00e9nez, Gobernador de Veracruz, durante una reuni\u00f3n en la Ciudad de M\u00e9xico. Foto: Cuartoscuro<\/p>\n<\/div>\n<p>Claudia P\u00e9rez, una de las inconformes que protest\u00f3 en las oficinas de la Fiscal\u00eda en Coatzacoalcos, se\u00f1al\u00f3: \u201cestamos exigiendo la renuncia del fiscal W\u00ednckler porque no hemos visto resultados en los casos de personas desaparecidas, y la verdad es que ya queremos ver resultados. Tenemos a\u00f1os exigiendo, y no tenemos respuestas\u201d, dijo.<\/p>\n<p>Mientras que en Poza Rica, un grupo de ciudadano encabezados por Efra\u00edn Ortega M\u00e1rquez, exs\u00edndico de Poza Rica durante la administraci\u00f3n de Pablo Anaya Rivera, pidi\u00f3 la destituci\u00f3n del Fiscal por mala atenci\u00f3n al publico en la Unidad de Integral de Procuraci\u00f3n de Justicia.<\/p>\n<p><strong>GOLPETEO POL\u00cdTICO<\/strong><\/p>\n<p>En conferencia de prensa desde la Fiscal\u00eda General, W\u00ednckler Ortiz atribuy\u00f3 las protestas a una estrategia de golpeteo pol\u00edtico en su contra, promovida desde Palacio de Gobierno de Cuitl\u00e1huac Garc\u00eda.<\/p>\n<blockquote>\n<p>\u201cEn una reuni\u00f3n del 22 de diciembre entre el Ejecutivo del Estado y familiares de personas desaparecidas, el secretario de Gobierno, \u00c9ric Patrocinio Cisneros, solicit\u00f3 a los Colectivos que implementaran acciones -al inicio del a\u00f1o-, como la toma de instalaciones de Fiscal\u00eda para generar presi\u00f3n social en relaci\u00f3n a mi funci\u00f3n, y que ellos garantizaban que seguridad p\u00fablica no iba a intervenir para detener en flagrancia esta personas ni para desalojarlos\u201d.<\/p>\n<\/blockquote>\n<p>Jorge W\u00ednckler dijo que existe un audio de esa reuni\u00f3n, en poder de una de las presentes en la reuni\u00f3n, y del cual, \u201che escuchado fragmentos\u201d; en donde se escucha al gobernador y al secretario de gobierno dar instrucciones a las familias de personas desaparecidas\u201d.<\/p>\n<div id=\"attachment_3520610\" class=\"wp-caption alignnone\"><img loading=\"lazy\" decoding=\"async\" class=\"size-full wp-image-3520610\" src=\"https:\/\/www.sinembargo.mx\/wp-content\/uploads\/2019\/01\/fiscal-winkler-yunes-1.jpg\" sizes=\"auto, (max-width: 700px) 100vw, 700px\" srcset=\"https:\/\/www.sinembargo.mx\/wp-content\/uploads\/2019\/01\/fiscal-winkler-yunes-1.jpg 700w, https:\/\/www.sinembargo.mx\/wp-content\/uploads\/2019\/01\/fiscal-winkler-yunes-1-300x168.jpg 300w\" alt=\"\" width=\"700\" height=\"391\" \/><\/p>\n<p class=\"wp-caption-text\">El Fiscal y el ex Gobernador durante una acto el pasado 16 de agosto de 2018. Foto: Jorge Winckler Ortiz, Facebook<\/p>\n<\/div>\n<p>\u201cEs triste que se quiera utilizar a las v\u00edctimas para un golpeteo pol\u00edtico, las v\u00edctimas lo que requiere es justicia, y no que se le utilicen para otros fines\u201d, dijo el Fiscal Estatal.<\/p>\n<p>W\u00ednckler pidi\u00f3 al ejecutivo Estatal que a que recapaciten, \u201cque se sume a los trabajos de la fiscal\u00eda, en aras de buscar justicia, la verdad, y no que est\u00e9 utilizando a las personas\u201d.<\/p>\n<p>Hizo un llamado a madres de desaparecidos a que si hay alguien inconforme con avances en la investigaci\u00f3n, \u201cque me d\u00e9 el n\u00famero exacto de la investigaci\u00f3n para decirle si se ha trabajado o no en esa investigaci\u00f3n\u201d.<\/p>\n<p><strong>NADIE NOS MANIPULA<\/strong><\/p>\n<p>La vocera del Colectivo Solecito, Rosal\u00eda Castro Toss, neg\u00f3 que el gobierno de Cuitl\u00e1huac Garc\u00eda haya manipulado a las familias de desaparecidos para que tomaran las instalaciones de la Fiscal\u00eda.<\/p>\n<blockquote>\n<p>\u201cEl Colectivo trabaja con sus propios medios, hacemos la cooperacha, pagamos camiones, traemos nuestras tortas, no necesitamos que nos manipulen nadie. Ya estamos demasiado grandecitas, y lo que buscamos no es cualquier cosa, para dejarse manipular\u201d.<\/p>\n<\/blockquote>\n<p>Sobre el audio al que alude el Fiscal, Rosal\u00eda Castro dijo que si el Fiscal tiene grabaciones, que las muestre, \u201cporque en esa reuni\u00f3n del 22 de diciembre, fue una compa\u00f1era de Derechos Humanos quien hizo un comentario en ese sentido, pero todas la desmentimos\u201d.<\/p>\n<blockquote>\n<p>\u201cLos colectivos somos aut\u00f3nomos, a nosotros nadie nos dice lo que vamos o no vamos a hacer. Nadie nos dice: anda ve y toma. No somos unas ni\u00f1as, buscamos tesoros, buscamos a nuestros hijos, y nadie nos va a manipular\u201d.<\/p>\n<\/blockquote>\n<p>Rosal\u00eda Castro dijo que si bien con el gobierno de Cuitl\u00e1huac Garc\u00eda tienen una buena relaci\u00f3n, \u201ctampoco es que nos digan:haz algo, y nosotros lo vayamos a hacer\u201d.<\/p>\n<p>La vocera de Solecito consider\u00f3 que el Fiscal \u201cnos quiere involucrar, pero es una mentira que nos tengan manipuladas. Nosotros sabemos lo que queremos, nuestro \u00fanico objetivo es encontrar a nuestros hijos\u201d.<\/p>\n<p>Sobre el llamado al di\u00e1logo del fiscal, mencion\u00f3 que nunca pudieron acercarse a \u00e9l para expresarle los casos porque siempre las tuvo bloqueadas.<br \/>\u201c\u00bfC\u00f3mo va haber di\u00e1logo si nos tiene bloqueadas? dijo Rosal\u00eda Castro.<\/p>\n<\/blockquote>\n","protected":false},"excerpt":{"rendered":"<p>Alcaldes (incluso de PAN-PRD) y el Congreso de Veracruz sitian el \u00faltimo fuerte de Yunes: Winckler<br \/>\nPor Redacci\u00f3n QP<\/p>\n","protected":false},"author":2,"featured_media":13799,"comment_status":"open","ping_status":"open","sticky":false,"template":"","format":"standard","meta":{"_monsterinsights_skip_tracking":false,"_monsterinsights_sitenote_active":false,"_monsterinsights_sitenote_note":"","_monsterinsights_sitenote_category":0,"footnotes":""},"categories":[2],"tags":[],"class_list":["post-13800","post","type-post","status-publish","format-standard","has-post-thumbnail","hentry","category-noticias"],"yoast_head":"<!-- This site is optimized with the Yoast SEO plugin v27.3 - https:\/\/yoast.com\/product\/yoast-seo-wordpress\/ -->\n<title>Alcaldes (incluso de PAN-PRD) y el Congreso de Veracruz sitian el \u00faltimo fuerte de Yunes: Winckler -<\/title>\n<meta name=\"robots\" content=\"index, follow, max-snippet:-1, max-image-preview:large, max-video-preview:-1\" \/>\n<link rel=\"canonical\" href=\"https:\/\/quehacerpolitico.mx\/?p=13800\" \/>\n<meta property=\"og:locale\" content=\"es_MX\" \/>\n<meta property=\"og:type\" content=\"article\" \/>\n<meta property=\"og:title\" content=\"Alcaldes (incluso de PAN-PRD) y el Congreso de Veracruz sitian el \u00faltimo fuerte de Yunes: Winckler -\" \/>\n<meta property=\"og:description\" content=\"Alcaldes (incluso de PAN-PRD) y el Congreso de Veracruz sitian el \u00faltimo fuerte de Yunes: Winckler Por Redacci\u00f3n QP\" \/>\n<meta property=\"og:url\" content=\"https:\/\/quehacerpolitico.mx\/?p=13800\" \/>\n<meta property=\"article:published_time\" content=\"2019-01-10T01:21:44+00:00\" \/>\n<meta name=\"author\" content=\"Redacci\u00f3n QP\" \/>\n<meta name=\"twitter:card\" content=\"summary_large_image\" \/>\n<meta name=\"twitter:label1\" content=\"Escrito por\" \/>\n\t<meta name=\"twitter:data1\" content=\"Redacci\u00f3n QP\" \/>\n\t<meta name=\"twitter:label2\" content=\"Tiempo de lectura\" \/>\n\t<meta name=\"twitter:data2\" content=\"7 minutos\" \/>\n<script type=\"application\/ld+json\" class=\"yoast-schema-graph\">{\"@context\":\"https:\\\/\\\/schema.org\",\"@graph\":[{\"@type\":\"Article\",\"@id\":\"https:\\\/\\\/quehacerpolitico.mx\\\/?p=13800#article\",\"isPartOf\":{\"@id\":\"https:\\\/\\\/quehacerpolitico.mx\\\/?p=13800\"},\"author\":{\"name\":\"Redacci\u00f3n QP\",\"@id\":\"https:\\\/\\\/quehacerpolitico.mx\\\/#\\\/schema\\\/person\\\/496d8ad2d1d3f8036101dca7ee39e585\"},\"headline\":\"Alcaldes (incluso de PAN-PRD) y el Congreso de Veracruz sitian el \u00faltimo fuerte de Yunes: Winckler\",\"datePublished\":\"2019-01-10T01:21:44+00:00\",\"mainEntityOfPage\":{\"@id\":\"https:\\\/\\\/quehacerpolitico.mx\\\/?p=13800\"},\"wordCount\":1504,\"commentCount\":0,\"image\":{\"@id\":\"https:\\\/\\\/quehacerpolitico.mx\\\/?p=13800#primaryimage\"},\"thumbnailUrl\":\"\",\"articleSection\":[\"Noticias\"],\"inLanguage\":\"es\",\"potentialAction\":[{\"@type\":\"CommentAction\",\"name\":\"Comment\",\"target\":[\"https:\\\/\\\/quehacerpolitico.mx\\\/?p=13800#respond\"]}]},{\"@type\":\"WebPage\",\"@id\":\"https:\\\/\\\/quehacerpolitico.mx\\\/?p=13800\",\"url\":\"https:\\\/\\\/quehacerpolitico.mx\\\/?p=13800\",\"name\":\"Alcaldes (incluso de PAN-PRD) y el Congreso de Veracruz sitian el \u00faltimo fuerte de Yunes: Winckler -\",\"isPartOf\":{\"@id\":\"https:\\\/\\\/quehacerpolitico.mx\\\/#website\"},\"primaryImageOfPage\":{\"@id\":\"https:\\\/\\\/quehacerpolitico.mx\\\/?p=13800#primaryimage\"},\"image\":{\"@id\":\"https:\\\/\\\/quehacerpolitico.mx\\\/?p=13800#primaryimage\"},\"thumbnailUrl\":\"\",\"datePublished\":\"2019-01-10T01:21:44+00:00\",\"author\":{\"@id\":\"https:\\\/\\\/quehacerpolitico.mx\\\/#\\\/schema\\\/person\\\/496d8ad2d1d3f8036101dca7ee39e585\"},\"breadcrumb\":{\"@id\":\"https:\\\/\\\/quehacerpolitico.mx\\\/?p=13800#breadcrumb\"},\"inLanguage\":\"es\",\"potentialAction\":[{\"@type\":\"ReadAction\",\"target\":[\"https:\\\/\\\/quehacerpolitico.mx\\\/?p=13800\"]}]},{\"@type\":\"ImageObject\",\"inLanguage\":\"es\",\"@id\":\"https:\\\/\\\/quehacerpolitico.mx\\\/?p=13800#primaryimage\",\"url\":\"\",\"contentUrl\":\"\"},{\"@type\":\"BreadcrumbList\",\"@id\":\"https:\\\/\\\/quehacerpolitico.mx\\\/?p=13800#breadcrumb\",\"itemListElement\":[{\"@type\":\"ListItem\",\"position\":1,\"name\":\"Inicio\",\"item\":\"https:\\\/\\\/quehacerpolitico.mx\\\/\"},{\"@type\":\"ListItem\",\"position\":2,\"name\":\"Alcaldes (incluso de PAN-PRD) y el Congreso de Veracruz sitian el \u00faltimo fuerte de Yunes: Winckler\"}]},{\"@type\":\"WebSite\",\"@id\":\"https:\\\/\\\/quehacerpolitico.mx\\\/#website\",\"url\":\"https:\\\/\\\/quehacerpolitico.mx\\\/\",\"name\":\"\",\"description\":\"\",\"potentialAction\":[{\"@type\":\"SearchAction\",\"target\":{\"@type\":\"EntryPoint\",\"urlTemplate\":\"https:\\\/\\\/quehacerpolitico.mx\\\/?s={search_term_string}\"},\"query-input\":{\"@type\":\"PropertyValueSpecification\",\"valueRequired\":true,\"valueName\":\"search_term_string\"}}],\"inLanguage\":\"es\"},{\"@type\":\"Person\",\"@id\":\"https:\\\/\\\/quehacerpolitico.mx\\\/#\\\/schema\\\/person\\\/496d8ad2d1d3f8036101dca7ee39e585\",\"name\":\"Redacci\u00f3n QP\",\"image\":{\"@type\":\"ImageObject\",\"inLanguage\":\"es\",\"@id\":\"https:\\\/\\\/secure.gravatar.com\\\/avatar\\\/c7164ed6fdec453195284ad24a5ae5b6e1eed2b848477fa2a4787ba9adf39a41?s=96&d=mm&r=g\",\"url\":\"https:\\\/\\\/secure.gravatar.com\\\/avatar\\\/c7164ed6fdec453195284ad24a5ae5b6e1eed2b848477fa2a4787ba9adf39a41?s=96&d=mm&r=g\",\"contentUrl\":\"https:\\\/\\\/secure.gravatar.com\\\/avatar\\\/c7164ed6fdec453195284ad24a5ae5b6e1eed2b848477fa2a4787ba9adf39a41?s=96&d=mm&r=g\",\"caption\":\"Redacci\u00f3n QP\"},\"url\":\"https:\\\/\\\/quehacerpolitico.mx\\\/?author=2\"}]}<\/script>\n<!-- \/ Yoast SEO plugin. -->","yoast_head_json":{"title":"Alcaldes (incluso de PAN-PRD) y el Congreso de Veracruz sitian el \u00faltimo fuerte de Yunes: Winckler -","robots":{"index":"index","follow":"follow","max-snippet":"max-snippet:-1","max-image-preview":"max-image-preview:large","max-video-preview":"max-video-preview:-1"},"canonical":"https:\/\/quehacerpolitico.mx\/?p=13800","og_locale":"es_MX","og_type":"article","og_title":"Alcaldes (incluso de PAN-PRD) y el Congreso de Veracruz sitian el \u00faltimo fuerte de Yunes: Winckler -","og_description":"Alcaldes (incluso de PAN-PRD) y el Congreso de Veracruz sitian el \u00faltimo fuerte de Yunes: Winckler Por Redacci\u00f3n QP","og_url":"https:\/\/quehacerpolitico.mx\/?p=13800","article_published_time":"2019-01-10T01:21:44+00:00","author":"Redacci\u00f3n QP","twitter_card":"summary_large_image","twitter_misc":{"Escrito por":"Redacci\u00f3n QP","Tiempo de lectura":"7 minutos"},"schema":{"@context":"https:\/\/schema.org","@graph":[{"@type":"Article","@id":"https:\/\/quehacerpolitico.mx\/?p=13800#article","isPartOf":{"@id":"https:\/\/quehacerpolitico.mx\/?p=13800"},"author":{"name":"Redacci\u00f3n QP","@id":"https:\/\/quehacerpolitico.mx\/#\/schema\/person\/496d8ad2d1d3f8036101dca7ee39e585"},"headline":"Alcaldes (incluso de PAN-PRD) y el Congreso de Veracruz sitian el \u00faltimo fuerte de Yunes: Winckler","datePublished":"2019-01-10T01:21:44+00:00","mainEntityOfPage":{"@id":"https:\/\/quehacerpolitico.mx\/?p=13800"},"wordCount":1504,"commentCount":0,"image":{"@id":"https:\/\/quehacerpolitico.mx\/?p=13800#primaryimage"},"thumbnailUrl":"","articleSection":["Noticias"],"inLanguage":"es","potentialAction":[{"@type":"CommentAction","name":"Comment","target":["https:\/\/quehacerpolitico.mx\/?p=13800#respond"]}]},{"@type":"WebPage","@id":"https:\/\/quehacerpolitico.mx\/?p=13800","url":"https:\/\/quehacerpolitico.mx\/?p=13800","name":"Alcaldes (incluso de PAN-PRD) y el Congreso de Veracruz sitian el \u00faltimo fuerte de Yunes: Winckler -","isPartOf":{"@id":"https:\/\/quehacerpolitico.mx\/#website"},"primaryImageOfPage":{"@id":"https:\/\/quehacerpolitico.mx\/?p=13800#primaryimage"},"image":{"@id":"https:\/\/quehacerpolitico.mx\/?p=13800#primaryimage"},"thumbnailUrl":"","datePublished":"2019-01-10T01:21:44+00:00","author":{"@id":"https:\/\/quehacerpolitico.mx\/#\/schema\/person\/496d8ad2d1d3f8036101dca7ee39e585"},"breadcrumb":{"@id":"https:\/\/quehacerpolitico.mx\/?p=13800#breadcrumb"},"inLanguage":"es","potentialAction":[{"@type":"ReadAction","target":["https:\/\/quehacerpolitico.mx\/?p=13800"]}]},{"@type":"ImageObject","inLanguage":"es","@id":"https:\/\/quehacerpolitico.mx\/?p=13800#primaryimage","url":"","contentUrl":""},{"@type":"BreadcrumbList","@id":"https:\/\/quehacerpolitico.mx\/?p=13800#breadcrumb","itemListElement":[{"@type":"ListItem","position":1,"name":"Inicio","item":"https:\/\/quehacerpolitico.mx\/"},{"@type":"ListItem","position":2,"name":"Alcaldes (incluso de PAN-PRD) y el Congreso de Veracruz sitian el \u00faltimo fuerte de Yunes: Winckler"}]},{"@type":"WebSite","@id":"https:\/\/quehacerpolitico.mx\/#website","url":"https:\/\/quehacerpolitico.mx\/","name":"","description":"","potentialAction":[{"@type":"SearchAction","target":{"@type":"EntryPoint","urlTemplate":"https:\/\/quehacerpolitico.mx\/?s={search_term_string}"},"query-input":{"@type":"PropertyValueSpecification","valueRequired":true,"valueName":"search_term_string"}}],"inLanguage":"es"},{"@type":"Person","@id":"https:\/\/quehacerpolitico.mx\/#\/schema\/person\/496d8ad2d1d3f8036101dca7ee39e585","name":"Redacci\u00f3n QP","image":{"@type":"ImageObject","inLanguage":"es","@id":"https:\/\/secure.gravatar.com\/avatar\/c7164ed6fdec453195284ad24a5ae5b6e1eed2b848477fa2a4787ba9adf39a41?s=96&d=mm&r=g","url":"https:\/\/secure.gravatar.com\/avatar\/c7164ed6fdec453195284ad24a5ae5b6e1eed2b848477fa2a4787ba9adf39a41?s=96&d=mm&r=g","contentUrl":"https:\/\/secure.gravatar.com\/avatar\/c7164ed6fdec453195284ad24a5ae5b6e1eed2b848477fa2a4787ba9adf39a41?s=96&d=mm&r=g","caption":"Redacci\u00f3n QP"},"url":"https:\/\/quehacerpolitico.mx\/?author=2"}]}},"featured_image_urls":{"full":"","thumbnail":"","medium":"","medium_large":"","large":"","1536x1536":"","2048x2048":"","covernews-featured":"","covernews-medium":""},"author_info":{"display_name":"Redacci\u00f3n QP","author_link":"https:\/\/quehacerpolitico.mx\/?author=2"},"category_info":"<a href=\"https:\/\/quehacerpolitico.mx\/?cat=2\" rel=\"category\">Noticias<\/a>","tag_info":"Noticias","comment_count":"0","_links":{"self":[{"href":"https:\/\/quehacerpolitico.mx\/index.php?rest_route=\/wp\/v2\/posts\/13800","targetHints":{"allow":["GET"]}}],"collection":[{"href":"https:\/\/quehacerpolitico.mx\/index.php?rest_route=\/wp\/v2\/posts"}],"about":[{"href":"https:\/\/quehacerpolitico.mx\/index.php?rest_route=\/wp\/v2\/types\/post"}],"author":[{"embeddable":true,"href":"https:\/\/quehacerpolitico.mx\/index.php?rest_route=\/wp\/v2\/users\/2"}],"replies":[{"embeddable":true,"href":"https:\/\/quehacerpolitico.mx\/index.php?rest_route=%2Fwp%2Fv2%2Fcomments&post=13800"}],"version-history":[{"count":0,"href":"https:\/\/quehacerpolitico.mx\/index.php?rest_route=\/wp\/v2\/posts\/13800\/revisions"}],"wp:featuredmedia":[{"embeddable":true,"href":"https:\/\/quehacerpolitico.mx\/index.php?rest_route=\/"}],"wp:attachment":[{"href":"https:\/\/quehacerpolitico.mx\/index.php?rest_route=%2Fwp%2Fv2%2Fmedia&parent=13800"}],"wp:term":[{"taxonomy":"category","embeddable":true,"href":"https:\/\/quehacerpolitico.mx\/index.php?rest_route=%2Fwp%2Fv2%2Fcategories&post=13800"},{"taxonomy":"post_tag","embeddable":true,"href":"https:\/\/quehacerpolitico.mx\/index.php?rest_route=%2Fwp%2Fv2%2Ftags&post=13800"}],"curies":[{"name":"wp","href":"https:\/\/api.w.org\/{rel}","templated":true}]}}