{"id":13793,"date":"2019-01-09T21:23:01","date_gmt":"2019-01-09T21:23:01","guid":{"rendered":"http:\/\/quehacerpolitico.mx\/voces-del-periodista-desde-filomeno-mata-8-mouris-salloum-george-a-que-jefe-de-estado-asesinara-el-pentagono\/"},"modified":"2019-01-09T21:23:01","modified_gmt":"2019-01-09T21:23:01","slug":"voces-del-periodista-desde-filomeno-mata-8-mouris-salloum-george-a-que-jefe-de-estado-asesinara-el-pentagono","status":"publish","type":"post","link":"https:\/\/quehacerpolitico.mx\/?p=13793","title":{"rendered":"Voces del Periodista Desde Filomeno Mata 8\/\/\/Mouris Salloum George\/\/\/\u00bfA qu\u00e9 jefe de Estado asesinar\u00e1 El Pent\u00e1gono?"},"content":{"rendered":"<p>\u00bfA qu\u00e9 jefe de Estado asesinar\u00e1 El Pent\u00e1gono?<\/p>\n<p>Por Mouris Salloum George <br \/>Director General del Club de Periodistas de M\u00e9xico AC<\/p>\n<p>En la edici\u00f3n impresa de <strong><em>Voces del Periodista <\/em>379<\/strong>, nuestro colaborador, el internacionalista <strong>Thierry Meyssan <\/strong>activa las alertas documentando un plan de <strong>El Pent\u00e1gono<\/strong> para romper la precaria unidad latinoamericana y desencadenar una nueva espiral de violencia pol\u00edtica en el subcontinente.<\/p>\n<p>Cita Meyssan reciente comparecencia en Miami del asesor de Seguridad Nacional de los Estados Unidos, <strong>John Bolton<\/strong> quien, empleando el procaz y manido lenguaje de la <strong>Guerra Fr\u00eda<\/strong>, \u201cdenuncia\u201d, en nombre de los Derechos Humanos, la concertaci\u00f3n de <strong><em>una troika de tiran\u00edas <\/em><\/strong>que pretende recalentar el comunismo en el hemisferio occidental.<\/p>\n<p>En la lectura del escritor, el plan de desestabilizaci\u00f3n de la regi\u00f3n ser\u00eda detonado con el <strong><em>asesinato de un jefe de Estado <\/em><\/strong>en el \u00e1rea de El Caribe. En la coartada esgrimida por Bolton, la llamada troika estar\u00eda operando en el circuito <strong>La Habana-Caracas-Nicaragua<\/strong>.<\/p>\n<p>En su recapitulaci\u00f3n period\u00edstica, nuestro colaborador recuerda que recientemente el jefe del <strong>Comando Sur <\/strong>de El Pent\u00e1gono dio pormenores sobre las operaciones de conspiraci\u00f3n para derrocar el <strong>gobierno bolivariano de Venezuela<\/strong>.<\/p>\n<p>Huelga se\u00f1alar que, si bien la Casa Blanca est\u00e1 en aparente pugna con la Casa Blanca respecto de una nueva estrategia en Medio Oriente, ni el Departamento de Defensa estadunidense y mucho menos un asesor en Seguridad Nacional, <strong>se mandan solos<\/strong>.<\/p>\n<p><strong>La OEA est\u00e1 siendo manejada como mano del gato<\/strong><\/p>\n<p>La hip\u00f3tesis manejada por Meyssan cuadra con la reuni\u00f3n de la semana pasada del <strong><em>Grupo de Lima <\/em><\/strong>(Organizaci\u00f3n de Estados Americanos), en el que los cancilleres de m\u00e1s de diez pa\u00edses pretenden oponerse a otro mandato de <strong>Nicol\u00e1s Maduro<\/strong>, desconocer a la nueva Asamblea Constituyente venezolana y cederle el Poder Legislativo a la Asamblea Nacional, que ha estado en manos de la <strong>oposici\u00f3n golpista<\/strong>.<\/p>\n<p>La cuesti\u00f3n viene a tema en estas horas, despu\u00e9s de que, anoche, desde el Sal\u00f3n Oval de la Casa Blanca, <strong>Donald Trump <\/strong>dirigi\u00f3 un mensaje televisado de a\u00f1o nuevo a la Naci\u00f3n, en el que porf\u00eda tercamente en su afirmaci\u00f3n de que existe una <strong><em>crisis humanitaria <\/em><\/strong>en la frontera con M\u00e9xico, que \u201cs\u00f3lo se puede enfrentar con un muro\u201d.<\/p>\n<p>(Como apuntamos en anterior entrega, Trump tiene conflicto con El Capitolio por la negativa de financiamiento del muro, para el que exige cinco mil millones de d\u00f3lares.)<\/p>\n<p><strong>Migrantes infiltrados por terroristas, la coartada<\/strong><\/p>\n<p>Como es habitual en sus arrebatos, el desquiciado republicano sostiene que la Seguridad Nacional est\u00e1 en crisis por la amenaza del flujo de drogas al interior de los Estados Unidos y la presencia de <strong><em>criminales violentos<\/em><\/strong>, tipificaci\u00f3n que ha asestado en otras ocasiones a migrantes mexicanos.<\/p>\n<p>En la <strong>paranoia<\/strong> presidencial, Trump ve <strong><em>terroristas infiltrados <\/em><\/strong>en las caravanas de migrantes centroamericanos.<\/p>\n<p>Es el argumento para tratar de justificar <strong><em>el muro<\/em><\/strong>, si bien acota ahora que ser\u00e1 pagado con los ahorros generados mediante el <strong><em>gran acuerdo comercial firmado con M\u00e9xico<\/em><\/strong>.<\/p>\n<p>La lideresa de la mayor\u00eda dem\u00f3crata en la C\u00e1mara de representantes, <strong>Nancy Pelosi <\/strong>calific\u00f3 el mensaje de informaci\u00f3n falsa y <strong><em>hasta con malicia <\/em><\/strong>para infundir temor en la sociedad norteamericana y lograr apoyos a sus <strong><em>pol\u00edticas migratorias crueles<\/em><\/strong>, tomando como rehenes a miles de trabajadores federales y sus familias.<\/p>\n<p><strong>Ya basta de tratar de gobernar con berrinches<\/strong><\/p>\n<p>El l\u00edder de los dem\u00f3cratas en el Senado, <strong>Charles Schumer<\/strong>, replic\u00f3 de su lado que <strong><em>el s\u00edmbolo de los Estados Unidos debe ser la libertad, no un muro de 30 pies de altura<\/em><\/strong>. Le advirti\u00f3 al Presidente que ya est\u00e1 bueno de tratar de <strong><em>gobernar con berrinches<\/em><\/strong>.<\/p>\n<p>Si bien Trump centr\u00f3 su mensaje en el \u00e1mbito bilateral y con dedicatoria dom\u00e9stica, no es en estricto rigor el punto.<\/p>\n<p>El punto es que Trump est\u00e1 en campa\u00f1a para un segundo mandato, en cuyo caso, trillado el discurso migratorio, la agenda se proyecta hacia Am\u00e9rica Latina, donde un <strong>jefe de Estado <\/strong>est\u00e1 en la mira del <strong><em>ca\u00f1\u00f3n asesino<\/em><\/strong>. \u00bfQui\u00e9nes son los terroristas, pues?<\/p>\n","protected":false},"excerpt":{"rendered":"<p>\u00bfA qu\u00e9 jefe de Estado asesinar\u00e1 El Pent\u00e1gono?<br \/>\nPor Mouris Salloum George<br \/>\nDirector General del Club de Periodistas de M\u00e9xico AC<\/p>\n","protected":false},"author":2,"featured_media":13792,"comment_status":"open","ping_status":"open","sticky":false,"template":"","format":"standard","meta":{"_monsterinsights_skip_tracking":false,"_monsterinsights_sitenote_active":false,"_monsterinsights_sitenote_note":"","_monsterinsights_sitenote_category":0,"footnotes":""},"categories":[2],"tags":[],"class_list":["post-13793","post","type-post","status-publish","format-standard","has-post-thumbnail","hentry","category-noticias"],"yoast_head":"<!-- This site is optimized with the Yoast SEO plugin v27.3 - https:\/\/yoast.com\/product\/yoast-seo-wordpress\/ -->\n<title>Voces del Periodista Desde Filomeno Mata 8\/\/\/Mouris Salloum George\/\/\/\u00bfA qu\u00e9 jefe de Estado asesinar\u00e1 El Pent\u00e1gono? -<\/title>\n<meta name=\"robots\" content=\"index, follow, max-snippet:-1, max-image-preview:large, max-video-preview:-1\" \/>\n<link rel=\"canonical\" href=\"https:\/\/quehacerpolitico.mx\/?p=13793\" \/>\n<meta property=\"og:locale\" content=\"es_MX\" \/>\n<meta property=\"og:type\" content=\"article\" \/>\n<meta property=\"og:title\" content=\"Voces del Periodista Desde Filomeno Mata 8\/\/\/Mouris Salloum George\/\/\/\u00bfA qu\u00e9 jefe de Estado asesinar\u00e1 El Pent\u00e1gono? -\" \/>\n<meta property=\"og:description\" content=\"\u00bfA qu\u00e9 jefe de Estado asesinar\u00e1 El Pent\u00e1gono? Por Mouris Salloum George Director General del Club de Periodistas de M\u00e9xico AC\" \/>\n<meta property=\"og:url\" content=\"https:\/\/quehacerpolitico.mx\/?p=13793\" \/>\n<meta property=\"article:published_time\" content=\"2019-01-09T21:23:01+00:00\" \/>\n<meta name=\"author\" content=\"Redacci\u00f3n QP\" \/>\n<meta name=\"twitter:card\" content=\"summary_large_image\" \/>\n<meta name=\"twitter:label1\" content=\"Escrito por\" \/>\n\t<meta name=\"twitter:data1\" content=\"Redacci\u00f3n QP\" \/>\n\t<meta name=\"twitter:label2\" content=\"Tiempo de lectura\" \/>\n\t<meta name=\"twitter:data2\" content=\"3 minutos\" \/>\n<script type=\"application\/ld+json\" class=\"yoast-schema-graph\">{\"@context\":\"https:\\\/\\\/schema.org\",\"@graph\":[{\"@type\":\"Article\",\"@id\":\"https:\\\/\\\/quehacerpolitico.mx\\\/?p=13793#article\",\"isPartOf\":{\"@id\":\"https:\\\/\\\/quehacerpolitico.mx\\\/?p=13793\"},\"author\":{\"name\":\"Redacci\u00f3n QP\",\"@id\":\"https:\\\/\\\/quehacerpolitico.mx\\\/#\\\/schema\\\/person\\\/496d8ad2d1d3f8036101dca7ee39e585\"},\"headline\":\"Voces del Periodista Desde Filomeno Mata 8\\\/\\\/\\\/Mouris Salloum George\\\/\\\/\\\/\u00bfA qu\u00e9 jefe de Estado asesinar\u00e1 El Pent\u00e1gono?\",\"datePublished\":\"2019-01-09T21:23:01+00:00\",\"mainEntityOfPage\":{\"@id\":\"https:\\\/\\\/quehacerpolitico.mx\\\/?p=13793\"},\"wordCount\":715,\"commentCount\":0,\"image\":{\"@id\":\"https:\\\/\\\/quehacerpolitico.mx\\\/?p=13793#primaryimage\"},\"thumbnailUrl\":\"\",\"articleSection\":[\"Noticias\"],\"inLanguage\":\"es\",\"potentialAction\":[{\"@type\":\"CommentAction\",\"name\":\"Comment\",\"target\":[\"https:\\\/\\\/quehacerpolitico.mx\\\/?p=13793#respond\"]}]},{\"@type\":\"WebPage\",\"@id\":\"https:\\\/\\\/quehacerpolitico.mx\\\/?p=13793\",\"url\":\"https:\\\/\\\/quehacerpolitico.mx\\\/?p=13793\",\"name\":\"Voces del Periodista Desde Filomeno Mata 8\\\/\\\/\\\/Mouris Salloum George\\\/\\\/\\\/\u00bfA qu\u00e9 jefe de Estado asesinar\u00e1 El Pent\u00e1gono? -\",\"isPartOf\":{\"@id\":\"https:\\\/\\\/quehacerpolitico.mx\\\/#website\"},\"primaryImageOfPage\":{\"@id\":\"https:\\\/\\\/quehacerpolitico.mx\\\/?p=13793#primaryimage\"},\"image\":{\"@id\":\"https:\\\/\\\/quehacerpolitico.mx\\\/?p=13793#primaryimage\"},\"thumbnailUrl\":\"\",\"datePublished\":\"2019-01-09T21:23:01+00:00\",\"author\":{\"@id\":\"https:\\\/\\\/quehacerpolitico.mx\\\/#\\\/schema\\\/person\\\/496d8ad2d1d3f8036101dca7ee39e585\"},\"breadcrumb\":{\"@id\":\"https:\\\/\\\/quehacerpolitico.mx\\\/?p=13793#breadcrumb\"},\"inLanguage\":\"es\",\"potentialAction\":[{\"@type\":\"ReadAction\",\"target\":[\"https:\\\/\\\/quehacerpolitico.mx\\\/?p=13793\"]}]},{\"@type\":\"ImageObject\",\"inLanguage\":\"es\",\"@id\":\"https:\\\/\\\/quehacerpolitico.mx\\\/?p=13793#primaryimage\",\"url\":\"\",\"contentUrl\":\"\"},{\"@type\":\"BreadcrumbList\",\"@id\":\"https:\\\/\\\/quehacerpolitico.mx\\\/?p=13793#breadcrumb\",\"itemListElement\":[{\"@type\":\"ListItem\",\"position\":1,\"name\":\"Inicio\",\"item\":\"https:\\\/\\\/quehacerpolitico.mx\\\/\"},{\"@type\":\"ListItem\",\"position\":2,\"name\":\"Voces del Periodista Desde Filomeno Mata 8\\\/\\\/\\\/Mouris Salloum George\\\/\\\/\\\/\u00bfA qu\u00e9 jefe de Estado asesinar\u00e1 El Pent\u00e1gono?\"}]},{\"@type\":\"WebSite\",\"@id\":\"https:\\\/\\\/quehacerpolitico.mx\\\/#website\",\"url\":\"https:\\\/\\\/quehacerpolitico.mx\\\/\",\"name\":\"\",\"description\":\"\",\"potentialAction\":[{\"@type\":\"SearchAction\",\"target\":{\"@type\":\"EntryPoint\",\"urlTemplate\":\"https:\\\/\\\/quehacerpolitico.mx\\\/?s={search_term_string}\"},\"query-input\":{\"@type\":\"PropertyValueSpecification\",\"valueRequired\":true,\"valueName\":\"search_term_string\"}}],\"inLanguage\":\"es\"},{\"@type\":\"Person\",\"@id\":\"https:\\\/\\\/quehacerpolitico.mx\\\/#\\\/schema\\\/person\\\/496d8ad2d1d3f8036101dca7ee39e585\",\"name\":\"Redacci\u00f3n QP\",\"image\":{\"@type\":\"ImageObject\",\"inLanguage\":\"es\",\"@id\":\"https:\\\/\\\/secure.gravatar.com\\\/avatar\\\/c7164ed6fdec453195284ad24a5ae5b6e1eed2b848477fa2a4787ba9adf39a41?s=96&d=mm&r=g\",\"url\":\"https:\\\/\\\/secure.gravatar.com\\\/avatar\\\/c7164ed6fdec453195284ad24a5ae5b6e1eed2b848477fa2a4787ba9adf39a41?s=96&d=mm&r=g\",\"contentUrl\":\"https:\\\/\\\/secure.gravatar.com\\\/avatar\\\/c7164ed6fdec453195284ad24a5ae5b6e1eed2b848477fa2a4787ba9adf39a41?s=96&d=mm&r=g\",\"caption\":\"Redacci\u00f3n QP\"},\"url\":\"https:\\\/\\\/quehacerpolitico.mx\\\/?author=2\"}]}<\/script>\n<!-- \/ Yoast SEO plugin. -->","yoast_head_json":{"title":"Voces del Periodista Desde Filomeno Mata 8\/\/\/Mouris Salloum George\/\/\/\u00bfA qu\u00e9 jefe de Estado asesinar\u00e1 El Pent\u00e1gono? -","robots":{"index":"index","follow":"follow","max-snippet":"max-snippet:-1","max-image-preview":"max-image-preview:large","max-video-preview":"max-video-preview:-1"},"canonical":"https:\/\/quehacerpolitico.mx\/?p=13793","og_locale":"es_MX","og_type":"article","og_title":"Voces del Periodista Desde Filomeno Mata 8\/\/\/Mouris Salloum George\/\/\/\u00bfA qu\u00e9 jefe de Estado asesinar\u00e1 El Pent\u00e1gono? -","og_description":"\u00bfA qu\u00e9 jefe de Estado asesinar\u00e1 El Pent\u00e1gono? Por Mouris Salloum George Director General del Club de Periodistas de M\u00e9xico AC","og_url":"https:\/\/quehacerpolitico.mx\/?p=13793","article_published_time":"2019-01-09T21:23:01+00:00","author":"Redacci\u00f3n QP","twitter_card":"summary_large_image","twitter_misc":{"Escrito por":"Redacci\u00f3n QP","Tiempo de lectura":"3 minutos"},"schema":{"@context":"https:\/\/schema.org","@graph":[{"@type":"Article","@id":"https:\/\/quehacerpolitico.mx\/?p=13793#article","isPartOf":{"@id":"https:\/\/quehacerpolitico.mx\/?p=13793"},"author":{"name":"Redacci\u00f3n QP","@id":"https:\/\/quehacerpolitico.mx\/#\/schema\/person\/496d8ad2d1d3f8036101dca7ee39e585"},"headline":"Voces del Periodista Desde Filomeno Mata 8\/\/\/Mouris Salloum George\/\/\/\u00bfA qu\u00e9 jefe de Estado asesinar\u00e1 El Pent\u00e1gono?","datePublished":"2019-01-09T21:23:01+00:00","mainEntityOfPage":{"@id":"https:\/\/quehacerpolitico.mx\/?p=13793"},"wordCount":715,"commentCount":0,"image":{"@id":"https:\/\/quehacerpolitico.mx\/?p=13793#primaryimage"},"thumbnailUrl":"","articleSection":["Noticias"],"inLanguage":"es","potentialAction":[{"@type":"CommentAction","name":"Comment","target":["https:\/\/quehacerpolitico.mx\/?p=13793#respond"]}]},{"@type":"WebPage","@id":"https:\/\/quehacerpolitico.mx\/?p=13793","url":"https:\/\/quehacerpolitico.mx\/?p=13793","name":"Voces del Periodista Desde Filomeno Mata 8\/\/\/Mouris Salloum George\/\/\/\u00bfA qu\u00e9 jefe de Estado asesinar\u00e1 El Pent\u00e1gono? -","isPartOf":{"@id":"https:\/\/quehacerpolitico.mx\/#website"},"primaryImageOfPage":{"@id":"https:\/\/quehacerpolitico.mx\/?p=13793#primaryimage"},"image":{"@id":"https:\/\/quehacerpolitico.mx\/?p=13793#primaryimage"},"thumbnailUrl":"","datePublished":"2019-01-09T21:23:01+00:00","author":{"@id":"https:\/\/quehacerpolitico.mx\/#\/schema\/person\/496d8ad2d1d3f8036101dca7ee39e585"},"breadcrumb":{"@id":"https:\/\/quehacerpolitico.mx\/?p=13793#breadcrumb"},"inLanguage":"es","potentialAction":[{"@type":"ReadAction","target":["https:\/\/quehacerpolitico.mx\/?p=13793"]}]},{"@type":"ImageObject","inLanguage":"es","@id":"https:\/\/quehacerpolitico.mx\/?p=13793#primaryimage","url":"","contentUrl":""},{"@type":"BreadcrumbList","@id":"https:\/\/quehacerpolitico.mx\/?p=13793#breadcrumb","itemListElement":[{"@type":"ListItem","position":1,"name":"Inicio","item":"https:\/\/quehacerpolitico.mx\/"},{"@type":"ListItem","position":2,"name":"Voces del Periodista Desde Filomeno Mata 8\/\/\/Mouris Salloum George\/\/\/\u00bfA qu\u00e9 jefe de Estado asesinar\u00e1 El Pent\u00e1gono?"}]},{"@type":"WebSite","@id":"https:\/\/quehacerpolitico.mx\/#website","url":"https:\/\/quehacerpolitico.mx\/","name":"","description":"","potentialAction":[{"@type":"SearchAction","target":{"@type":"EntryPoint","urlTemplate":"https:\/\/quehacerpolitico.mx\/?s={search_term_string}"},"query-input":{"@type":"PropertyValueSpecification","valueRequired":true,"valueName":"search_term_string"}}],"inLanguage":"es"},{"@type":"Person","@id":"https:\/\/quehacerpolitico.mx\/#\/schema\/person\/496d8ad2d1d3f8036101dca7ee39e585","name":"Redacci\u00f3n QP","image":{"@type":"ImageObject","inLanguage":"es","@id":"https:\/\/secure.gravatar.com\/avatar\/c7164ed6fdec453195284ad24a5ae5b6e1eed2b848477fa2a4787ba9adf39a41?s=96&d=mm&r=g","url":"https:\/\/secure.gravatar.com\/avatar\/c7164ed6fdec453195284ad24a5ae5b6e1eed2b848477fa2a4787ba9adf39a41?s=96&d=mm&r=g","contentUrl":"https:\/\/secure.gravatar.com\/avatar\/c7164ed6fdec453195284ad24a5ae5b6e1eed2b848477fa2a4787ba9adf39a41?s=96&d=mm&r=g","caption":"Redacci\u00f3n QP"},"url":"https:\/\/quehacerpolitico.mx\/?author=2"}]}},"featured_image_urls":{"full":"","thumbnail":"","medium":"","medium_large":"","large":"","1536x1536":"","2048x2048":"","covernews-featured":"","covernews-medium":""},"author_info":{"display_name":"Redacci\u00f3n QP","author_link":"https:\/\/quehacerpolitico.mx\/?author=2"},"category_info":"<a href=\"https:\/\/quehacerpolitico.mx\/?cat=2\" rel=\"category\">Noticias<\/a>","tag_info":"Noticias","comment_count":"0","_links":{"self":[{"href":"https:\/\/quehacerpolitico.mx\/index.php?rest_route=\/wp\/v2\/posts\/13793","targetHints":{"allow":["GET"]}}],"collection":[{"href":"https:\/\/quehacerpolitico.mx\/index.php?rest_route=\/wp\/v2\/posts"}],"about":[{"href":"https:\/\/quehacerpolitico.mx\/index.php?rest_route=\/wp\/v2\/types\/post"}],"author":[{"embeddable":true,"href":"https:\/\/quehacerpolitico.mx\/index.php?rest_route=\/wp\/v2\/users\/2"}],"replies":[{"embeddable":true,"href":"https:\/\/quehacerpolitico.mx\/index.php?rest_route=%2Fwp%2Fv2%2Fcomments&post=13793"}],"version-history":[{"count":0,"href":"https:\/\/quehacerpolitico.mx\/index.php?rest_route=\/wp\/v2\/posts\/13793\/revisions"}],"wp:featuredmedia":[{"embeddable":true,"href":"https:\/\/quehacerpolitico.mx\/index.php?rest_route=\/"}],"wp:attachment":[{"href":"https:\/\/quehacerpolitico.mx\/index.php?rest_route=%2Fwp%2Fv2%2Fmedia&parent=13793"}],"wp:term":[{"taxonomy":"category","embeddable":true,"href":"https:\/\/quehacerpolitico.mx\/index.php?rest_route=%2Fwp%2Fv2%2Fcategories&post=13793"},{"taxonomy":"post_tag","embeddable":true,"href":"https:\/\/quehacerpolitico.mx\/index.php?rest_route=%2Fwp%2Fv2%2Ftags&post=13793"}],"curies":[{"name":"wp","href":"https:\/\/api.w.org\/{rel}","templated":true}]}}