{"id":13791,"date":"2019-01-09T21:15:19","date_gmt":"2019-01-09T21:15:19","guid":{"rendered":"http:\/\/quehacerpolitico.mx\/2-mil-854-reos-se-encuentran-en-situacion-de-vulnerabilidad-martin-padilla\/"},"modified":"2019-01-09T21:15:19","modified_gmt":"2019-01-09T21:15:19","slug":"2-mil-854-reos-se-encuentran-en-situacion-de-vulnerabilidad-martin-padilla","status":"publish","type":"post","link":"https:\/\/quehacerpolitico.mx\/?p=13791","title":{"rendered":"2 mil 854 reos se encuentran en situaci\u00f3n de vulnerabilidad: Mart\u00edn Padilla"},"content":{"rendered":"<h1 class=\"amp-wp-title\">2 mil 854 reos se encuentran en situaci\u00f3n de vulnerabilidad: Mart\u00edn Padilla<\/h1>\n<p>Por Redacci\u00f3n QP<\/p>\n<p>El presidente de la Comisi\u00f3n de Participaci\u00f3n Ciudadana del <strong>Congreso de la Ciudad de M\u00e9xico<\/strong>, Jos\u00e9 Mar\u00eda <strong>Padilla S\u00e1nchez<\/strong>, inform\u00f3 que alrededor de <strong>2 mil 854<\/strong> personas privadas de su libertad en las <strong>c\u00e1rceles<\/strong> de la capital del pa\u00eds, lo que representa el <strong>10.8%<\/strong> de la <strong>poblaci\u00f3n total<\/strong> carcelaria.<\/p>\n<blockquote>\n<p>\u201cSolicitar\u00e9 una reuni\u00f3n con<strong> funcionarios del Gobierno<\/strong> capitalino para que informen sobre la situaci\u00f3n en que se encuentran grupos como <strong>ind\u00edgenas<\/strong>, adultos mayores, <strong>discapacitados<\/strong> y poblaci\u00f3n carcelaria. Debemos conocer toda la informaci\u00f3n en torno a la poblaci\u00f3n en <strong>situaci\u00f3n de vulnerabilidad<\/strong> para que <strong>Congreso<\/strong> y Gobierno dise\u00f1en estrategias conjuntas que permitan su <strong>atenci\u00f3n<\/strong>\u201d, asegur\u00f3.<\/p>\n<\/blockquote>\n<p>Seg\u00fan, explic\u00f3 <strong>Padilla<\/strong> <strong>S\u00e1nchez<\/strong> requieren diferentes tipos de <strong>tratamientos<\/strong> y atenci\u00f3n m\u00e9dica.\u00a0Ante esa situaci\u00f3n, el tambi\u00e9n diputado de la <strong>Comisi\u00f3n de Derechos Humanos<\/strong> del <strong>\u00f3rgano legislativo<\/strong> se\u00f1al\u00f3 que solicitar\u00e1 una reuni\u00f3n de trabajo con los<strong>Secretarios de Gobierno<\/strong> y de Salud del Gobierno central, <strong>Rosa Icela Rodr\u00edguez,<\/strong> y Oliva L\u00f3pez Arrellano, respectivamente, as\u00ed como con el subsecretario del Sistema Penitenciario, Antonio Hazael Ruiz Ortega, para que informen al <strong>Congreso<\/strong>la situaci\u00f3n en que se encuentra esos grupos.<\/p>\n<h3>Poblaci\u00f3n carcelaria<\/h3>\n<p>El legislador de <strong>Morena<\/strong> detall\u00f3 que hasta el pasado mes de <strong>noviembre de 2018<\/strong> hab\u00eda una poblaci\u00f3n de 26,422 internos e internas en el Sistema Penitenciario de la ciudad, de las cuales 2,854 pertenecen a sectores en situaci\u00f3n de vulnerabilidad: 723 adultos mayores; 517 internos discapacitados; 507 con problemas psiqui\u00e1tricos; 221 con VIH; 450 ind\u00edgenas y 436 miembros de la comunidad<strong> L\u00e9sbico, Gay, Bisexual, Travesti, Transexual, Transg\u00e9nero e Intersexual<\/strong> (LGBTTTI).<\/p>\n<blockquote>\n<p>\u201cDebemos conocer de primera mano toda la informaci\u00f3n en torno a la poblaci\u00f3n vulnerable en las prisiones de la capital para que el gobierno y el Congreso dise\u00f1en estrategias conjuntas que permitan su atenci\u00f3n, sobre todo porque cada uno de esos <strong>grupos<\/strong>requieren atenci\u00f3n especializada\u201d, agreg\u00f3.<\/p>\n<\/blockquote>\n","protected":false},"excerpt":{"rendered":"<p>2 mil 854 reos se encuentran en situaci\u00f3n de vulnerabilidad: Mart\u00edn Padilla<br \/>\nPor Redacci\u00f3n QP<\/p>\n","protected":false},"author":2,"featured_media":13790,"comment_status":"open","ping_status":"open","sticky":false,"template":"","format":"standard","meta":{"_monsterinsights_skip_tracking":false,"_monsterinsights_sitenote_active":false,"_monsterinsights_sitenote_note":"","_monsterinsights_sitenote_category":0,"footnotes":""},"categories":[55],"tags":[],"class_list":["post-13791","post","type-post","status-publish","format-standard","has-post-thumbnail","hentry","category-cdmx"],"yoast_head":"<!-- This site is optimized with the Yoast SEO plugin v27.3 - https:\/\/yoast.com\/product\/yoast-seo-wordpress\/ -->\n<title>2 mil 854 reos se encuentran en situaci\u00f3n de vulnerabilidad: Mart\u00edn Padilla -<\/title>\n<meta name=\"robots\" content=\"index, follow, max-snippet:-1, max-image-preview:large, max-video-preview:-1\" \/>\n<link rel=\"canonical\" href=\"https:\/\/quehacerpolitico.mx\/?p=13791\" \/>\n<meta property=\"og:locale\" content=\"es_MX\" \/>\n<meta property=\"og:type\" content=\"article\" \/>\n<meta property=\"og:title\" content=\"2 mil 854 reos se encuentran en situaci\u00f3n de vulnerabilidad: Mart\u00edn Padilla -\" \/>\n<meta property=\"og:description\" content=\"2 mil 854 reos se encuentran en situaci\u00f3n de vulnerabilidad: Mart\u00edn Padilla Por Redacci\u00f3n QP\" \/>\n<meta property=\"og:url\" content=\"https:\/\/quehacerpolitico.mx\/?p=13791\" \/>\n<meta property=\"article:published_time\" content=\"2019-01-09T21:15:19+00:00\" \/>\n<meta name=\"author\" content=\"Redacci\u00f3n QP\" \/>\n<meta name=\"twitter:card\" content=\"summary_large_image\" \/>\n<meta name=\"twitter:label1\" content=\"Escrito por\" \/>\n\t<meta name=\"twitter:data1\" content=\"Redacci\u00f3n QP\" \/>\n\t<meta name=\"twitter:label2\" content=\"Tiempo de lectura\" \/>\n\t<meta name=\"twitter:data2\" content=\"2 minutos\" \/>\n<script type=\"application\/ld+json\" class=\"yoast-schema-graph\">{\"@context\":\"https:\\\/\\\/schema.org\",\"@graph\":[{\"@type\":\"Article\",\"@id\":\"https:\\\/\\\/quehacerpolitico.mx\\\/?p=13791#article\",\"isPartOf\":{\"@id\":\"https:\\\/\\\/quehacerpolitico.mx\\\/?p=13791\"},\"author\":{\"name\":\"Redacci\u00f3n QP\",\"@id\":\"https:\\\/\\\/quehacerpolitico.mx\\\/#\\\/schema\\\/person\\\/496d8ad2d1d3f8036101dca7ee39e585\"},\"headline\":\"2 mil 854 reos se encuentran en situaci\u00f3n de vulnerabilidad: Mart\u00edn Padilla\",\"datePublished\":\"2019-01-09T21:15:19+00:00\",\"mainEntityOfPage\":{\"@id\":\"https:\\\/\\\/quehacerpolitico.mx\\\/?p=13791\"},\"wordCount\":354,\"commentCount\":0,\"image\":{\"@id\":\"https:\\\/\\\/quehacerpolitico.mx\\\/?p=13791#primaryimage\"},\"thumbnailUrl\":\"\",\"articleSection\":[\"CDMX\"],\"inLanguage\":\"es\",\"potentialAction\":[{\"@type\":\"CommentAction\",\"name\":\"Comment\",\"target\":[\"https:\\\/\\\/quehacerpolitico.mx\\\/?p=13791#respond\"]}]},{\"@type\":\"WebPage\",\"@id\":\"https:\\\/\\\/quehacerpolitico.mx\\\/?p=13791\",\"url\":\"https:\\\/\\\/quehacerpolitico.mx\\\/?p=13791\",\"name\":\"2 mil 854 reos se encuentran en situaci\u00f3n de vulnerabilidad: Mart\u00edn Padilla -\",\"isPartOf\":{\"@id\":\"https:\\\/\\\/quehacerpolitico.mx\\\/#website\"},\"primaryImageOfPage\":{\"@id\":\"https:\\\/\\\/quehacerpolitico.mx\\\/?p=13791#primaryimage\"},\"image\":{\"@id\":\"https:\\\/\\\/quehacerpolitico.mx\\\/?p=13791#primaryimage\"},\"thumbnailUrl\":\"\",\"datePublished\":\"2019-01-09T21:15:19+00:00\",\"author\":{\"@id\":\"https:\\\/\\\/quehacerpolitico.mx\\\/#\\\/schema\\\/person\\\/496d8ad2d1d3f8036101dca7ee39e585\"},\"breadcrumb\":{\"@id\":\"https:\\\/\\\/quehacerpolitico.mx\\\/?p=13791#breadcrumb\"},\"inLanguage\":\"es\",\"potentialAction\":[{\"@type\":\"ReadAction\",\"target\":[\"https:\\\/\\\/quehacerpolitico.mx\\\/?p=13791\"]}]},{\"@type\":\"ImageObject\",\"inLanguage\":\"es\",\"@id\":\"https:\\\/\\\/quehacerpolitico.mx\\\/?p=13791#primaryimage\",\"url\":\"\",\"contentUrl\":\"\"},{\"@type\":\"BreadcrumbList\",\"@id\":\"https:\\\/\\\/quehacerpolitico.mx\\\/?p=13791#breadcrumb\",\"itemListElement\":[{\"@type\":\"ListItem\",\"position\":1,\"name\":\"Inicio\",\"item\":\"https:\\\/\\\/quehacerpolitico.mx\\\/\"},{\"@type\":\"ListItem\",\"position\":2,\"name\":\"2 mil 854 reos se encuentran en situaci\u00f3n de vulnerabilidad: Mart\u00edn Padilla\"}]},{\"@type\":\"WebSite\",\"@id\":\"https:\\\/\\\/quehacerpolitico.mx\\\/#website\",\"url\":\"https:\\\/\\\/quehacerpolitico.mx\\\/\",\"name\":\"\",\"description\":\"\",\"potentialAction\":[{\"@type\":\"SearchAction\",\"target\":{\"@type\":\"EntryPoint\",\"urlTemplate\":\"https:\\\/\\\/quehacerpolitico.mx\\\/?s={search_term_string}\"},\"query-input\":{\"@type\":\"PropertyValueSpecification\",\"valueRequired\":true,\"valueName\":\"search_term_string\"}}],\"inLanguage\":\"es\"},{\"@type\":\"Person\",\"@id\":\"https:\\\/\\\/quehacerpolitico.mx\\\/#\\\/schema\\\/person\\\/496d8ad2d1d3f8036101dca7ee39e585\",\"name\":\"Redacci\u00f3n QP\",\"image\":{\"@type\":\"ImageObject\",\"inLanguage\":\"es\",\"@id\":\"https:\\\/\\\/secure.gravatar.com\\\/avatar\\\/c7164ed6fdec453195284ad24a5ae5b6e1eed2b848477fa2a4787ba9adf39a41?s=96&d=mm&r=g\",\"url\":\"https:\\\/\\\/secure.gravatar.com\\\/avatar\\\/c7164ed6fdec453195284ad24a5ae5b6e1eed2b848477fa2a4787ba9adf39a41?s=96&d=mm&r=g\",\"contentUrl\":\"https:\\\/\\\/secure.gravatar.com\\\/avatar\\\/c7164ed6fdec453195284ad24a5ae5b6e1eed2b848477fa2a4787ba9adf39a41?s=96&d=mm&r=g\",\"caption\":\"Redacci\u00f3n QP\"},\"url\":\"https:\\\/\\\/quehacerpolitico.mx\\\/?author=2\"}]}<\/script>\n<!-- \/ Yoast SEO plugin. -->","yoast_head_json":{"title":"2 mil 854 reos se encuentran en situaci\u00f3n de vulnerabilidad: Mart\u00edn Padilla -","robots":{"index":"index","follow":"follow","max-snippet":"max-snippet:-1","max-image-preview":"max-image-preview:large","max-video-preview":"max-video-preview:-1"},"canonical":"https:\/\/quehacerpolitico.mx\/?p=13791","og_locale":"es_MX","og_type":"article","og_title":"2 mil 854 reos se encuentran en situaci\u00f3n de vulnerabilidad: Mart\u00edn Padilla -","og_description":"2 mil 854 reos se encuentran en situaci\u00f3n de vulnerabilidad: Mart\u00edn Padilla Por Redacci\u00f3n QP","og_url":"https:\/\/quehacerpolitico.mx\/?p=13791","article_published_time":"2019-01-09T21:15:19+00:00","author":"Redacci\u00f3n QP","twitter_card":"summary_large_image","twitter_misc":{"Escrito por":"Redacci\u00f3n QP","Tiempo de lectura":"2 minutos"},"schema":{"@context":"https:\/\/schema.org","@graph":[{"@type":"Article","@id":"https:\/\/quehacerpolitico.mx\/?p=13791#article","isPartOf":{"@id":"https:\/\/quehacerpolitico.mx\/?p=13791"},"author":{"name":"Redacci\u00f3n QP","@id":"https:\/\/quehacerpolitico.mx\/#\/schema\/person\/496d8ad2d1d3f8036101dca7ee39e585"},"headline":"2 mil 854 reos se encuentran en situaci\u00f3n de vulnerabilidad: Mart\u00edn Padilla","datePublished":"2019-01-09T21:15:19+00:00","mainEntityOfPage":{"@id":"https:\/\/quehacerpolitico.mx\/?p=13791"},"wordCount":354,"commentCount":0,"image":{"@id":"https:\/\/quehacerpolitico.mx\/?p=13791#primaryimage"},"thumbnailUrl":"","articleSection":["CDMX"],"inLanguage":"es","potentialAction":[{"@type":"CommentAction","name":"Comment","target":["https:\/\/quehacerpolitico.mx\/?p=13791#respond"]}]},{"@type":"WebPage","@id":"https:\/\/quehacerpolitico.mx\/?p=13791","url":"https:\/\/quehacerpolitico.mx\/?p=13791","name":"2 mil 854 reos se encuentran en situaci\u00f3n de vulnerabilidad: Mart\u00edn Padilla -","isPartOf":{"@id":"https:\/\/quehacerpolitico.mx\/#website"},"primaryImageOfPage":{"@id":"https:\/\/quehacerpolitico.mx\/?p=13791#primaryimage"},"image":{"@id":"https:\/\/quehacerpolitico.mx\/?p=13791#primaryimage"},"thumbnailUrl":"","datePublished":"2019-01-09T21:15:19+00:00","author":{"@id":"https:\/\/quehacerpolitico.mx\/#\/schema\/person\/496d8ad2d1d3f8036101dca7ee39e585"},"breadcrumb":{"@id":"https:\/\/quehacerpolitico.mx\/?p=13791#breadcrumb"},"inLanguage":"es","potentialAction":[{"@type":"ReadAction","target":["https:\/\/quehacerpolitico.mx\/?p=13791"]}]},{"@type":"ImageObject","inLanguage":"es","@id":"https:\/\/quehacerpolitico.mx\/?p=13791#primaryimage","url":"","contentUrl":""},{"@type":"BreadcrumbList","@id":"https:\/\/quehacerpolitico.mx\/?p=13791#breadcrumb","itemListElement":[{"@type":"ListItem","position":1,"name":"Inicio","item":"https:\/\/quehacerpolitico.mx\/"},{"@type":"ListItem","position":2,"name":"2 mil 854 reos se encuentran en situaci\u00f3n de vulnerabilidad: Mart\u00edn Padilla"}]},{"@type":"WebSite","@id":"https:\/\/quehacerpolitico.mx\/#website","url":"https:\/\/quehacerpolitico.mx\/","name":"","description":"","potentialAction":[{"@type":"SearchAction","target":{"@type":"EntryPoint","urlTemplate":"https:\/\/quehacerpolitico.mx\/?s={search_term_string}"},"query-input":{"@type":"PropertyValueSpecification","valueRequired":true,"valueName":"search_term_string"}}],"inLanguage":"es"},{"@type":"Person","@id":"https:\/\/quehacerpolitico.mx\/#\/schema\/person\/496d8ad2d1d3f8036101dca7ee39e585","name":"Redacci\u00f3n QP","image":{"@type":"ImageObject","inLanguage":"es","@id":"https:\/\/secure.gravatar.com\/avatar\/c7164ed6fdec453195284ad24a5ae5b6e1eed2b848477fa2a4787ba9adf39a41?s=96&d=mm&r=g","url":"https:\/\/secure.gravatar.com\/avatar\/c7164ed6fdec453195284ad24a5ae5b6e1eed2b848477fa2a4787ba9adf39a41?s=96&d=mm&r=g","contentUrl":"https:\/\/secure.gravatar.com\/avatar\/c7164ed6fdec453195284ad24a5ae5b6e1eed2b848477fa2a4787ba9adf39a41?s=96&d=mm&r=g","caption":"Redacci\u00f3n QP"},"url":"https:\/\/quehacerpolitico.mx\/?author=2"}]}},"featured_image_urls":{"full":"","thumbnail":"","medium":"","medium_large":"","large":"","1536x1536":"","2048x2048":"","covernews-featured":"","covernews-medium":""},"author_info":{"display_name":"Redacci\u00f3n QP","author_link":"https:\/\/quehacerpolitico.mx\/?author=2"},"category_info":"<a href=\"https:\/\/quehacerpolitico.mx\/?cat=55\" rel=\"category\">CDMX<\/a>","tag_info":"CDMX","comment_count":"0","_links":{"self":[{"href":"https:\/\/quehacerpolitico.mx\/index.php?rest_route=\/wp\/v2\/posts\/13791","targetHints":{"allow":["GET"]}}],"collection":[{"href":"https:\/\/quehacerpolitico.mx\/index.php?rest_route=\/wp\/v2\/posts"}],"about":[{"href":"https:\/\/quehacerpolitico.mx\/index.php?rest_route=\/wp\/v2\/types\/post"}],"author":[{"embeddable":true,"href":"https:\/\/quehacerpolitico.mx\/index.php?rest_route=\/wp\/v2\/users\/2"}],"replies":[{"embeddable":true,"href":"https:\/\/quehacerpolitico.mx\/index.php?rest_route=%2Fwp%2Fv2%2Fcomments&post=13791"}],"version-history":[{"count":0,"href":"https:\/\/quehacerpolitico.mx\/index.php?rest_route=\/wp\/v2\/posts\/13791\/revisions"}],"wp:featuredmedia":[{"embeddable":true,"href":"https:\/\/quehacerpolitico.mx\/index.php?rest_route=\/"}],"wp:attachment":[{"href":"https:\/\/quehacerpolitico.mx\/index.php?rest_route=%2Fwp%2Fv2%2Fmedia&parent=13791"}],"wp:term":[{"taxonomy":"category","embeddable":true,"href":"https:\/\/quehacerpolitico.mx\/index.php?rest_route=%2Fwp%2Fv2%2Fcategories&post=13791"},{"taxonomy":"post_tag","embeddable":true,"href":"https:\/\/quehacerpolitico.mx\/index.php?rest_route=%2Fwp%2Fv2%2Ftags&post=13791"}],"curies":[{"name":"wp","href":"https:\/\/api.w.org\/{rel}","templated":true}]}}