{"id":13775,"date":"2019-01-09T18:55:17","date_gmt":"2019-01-09T18:55:17","guid":{"rendered":"http:\/\/quehacerpolitico.mx\/ducto-tuxpan-a-azcapotzalco-la-fuga-que-provoco-desabasto-de-gasolina-en-cdmx\/"},"modified":"2019-01-09T18:55:17","modified_gmt":"2019-01-09T18:55:17","slug":"ducto-tuxpan-a-azcapotzalco-la-fuga-que-provoco-desabasto-de-gasolina-en-cdmx","status":"publish","type":"post","link":"https:\/\/quehacerpolitico.mx\/?p=13775","title":{"rendered":"Ducto Tuxpan a Azcapotzalco; la fuga que provoc\u00f3 desabasto de gasolina en CDMX"},"content":{"rendered":"<h1 class=\"amp-wp-title\">Ducto Tuxpan a Azcapotzalco; la fuga que provoc\u00f3 desabasto de gasolina en CDMX<\/h1>\n<p>Por Redacci\u00f3n QP<\/p>\n<p>El Presidente de la Rep\u00fablica, <strong>Andr\u00e9s Manuel L\u00f3pez Obrador<\/strong>, explic\u00f3 la raz\u00f3n por la que la<strong> Ciudad de M\u00e9xico<\/strong> y el<strong> Estado de M\u00e9xico<\/strong> presentan el desabasto de <strong>gasolina<\/strong>. Esto durante su conferencia de<strong> prensa matutina. <\/strong><\/p>\n<blockquote>\n<p>\u201cAyer hubo una fuga en el ducto de <strong>Tuxpan a Azcapotzalco<\/strong> que provoc\u00f3 la falta de <strong>gasolina<\/strong>en <strong>CDMX<\/strong>. No sabemos si fue intencional\u201d, puntualiz\u00f3 el funcionario.<\/p>\n<\/blockquote>\n<p>De acuerdo con <strong>AMLO<\/strong>, se trat\u00f3 de una fuga en el ducto de Tuxpan a Azcapotzalco aunque tambi\u00e9n confirm\u00f3 que el problema ya exist\u00eda. \u201cEl problema no s\u00f3lo es por el ducto, ya exist\u00eda una raz\u00f3n por la que se <strong>merma el abasto;<\/strong> se trata del cambio del sistema por<strong> distribuci\u00f3n de pipas<\/strong> que se agravaron a partir de que se present\u00f3 la <strong>fuga<\/strong>\u201d<\/p>\n<p>Adem\u00e1s, el <strong>mandatario<\/strong> asegur\u00f3 que esta ma\u00f1ana quedar\u00eda la reparaci\u00f3n del ducto, aunque no existe una fecha exacta para la <strong>normalizaci\u00f3n<\/strong> de la distribuci\u00f3n de <strong>combustible<\/strong>.<\/p>\n<h3>En dos d\u00edas \u00bfNo habr\u00e1 gasolina en la CDMX?<\/h3>\n<p>No quisieron <strong>advertirlo<\/strong>. La escasez de <strong>gasolina<\/strong> en diversas entidades del pa\u00eds se dispersa como una<strong>onda expansiva<\/strong> del desabasto, llegando a la <strong>Ciudad de M\u00e9xico.<\/strong> En este momento los capitalinos s\u00f3lo cuentan con <strong>48 horas para cargar,<\/strong> antes de que qu\u00e9 se termin\u00e9 el combustible.<\/p>\n<p>Hace unos d\u00edas, autoridades de los<strong> diversos niveles,<\/strong>aseguraron que no existir\u00eda ning\u00fan problema, incluso, se\u00f1alaron que los \u00fanicos que <strong>saldr\u00edan afectados<\/strong> ser\u00edan aquellas estaciones de servicio que tuvieran tratos con <strong>distribuidores<\/strong> de dudosa <strong>procedencia<\/strong>.<\/p>\n<p>Durante un recorrido realizado por <strong><em>El Big Data<\/em> <\/strong>se constat\u00f3 que algunas gasolineras se encontraban cerradas; por ejemplo, en la esquina de la calzada <strong>Miramontes<\/strong> y la avenida <strong>Acoxpa<\/strong>, una estaci\u00f3n de 50 a\u00f1os de servicio, empleados improvisaron con escobas y botes de pl\u00e1sticos un cerco que imped\u00eda a los automovilistas a llegar a la zona de carga.<\/p>\n<p>De acuerdo a las dimensiones normales de las cisternas en una estaci\u00f3n, cuenta con tan s\u00f3lo una <strong>reserva de dos d\u00edas<\/strong> de combustible.<\/p>\n","protected":false},"excerpt":{"rendered":"<p>Ducto Tuxpan a Azcapotzalco; la fuga que provoc\u00f3 desabasto de gasolina en CDMX<br \/>\nPor Redacci\u00f3n QP<\/p>\n","protected":false},"author":2,"featured_media":13774,"comment_status":"open","ping_status":"open","sticky":false,"template":"","format":"standard","meta":{"_monsterinsights_skip_tracking":false,"_monsterinsights_sitenote_active":false,"_monsterinsights_sitenote_note":"","_monsterinsights_sitenote_category":0,"footnotes":""},"categories":[55],"tags":[],"class_list":["post-13775","post","type-post","status-publish","format-standard","has-post-thumbnail","hentry","category-cdmx"],"yoast_head":"<!-- This site is optimized with the Yoast SEO plugin v27.3 - https:\/\/yoast.com\/product\/yoast-seo-wordpress\/ -->\n<title>Ducto Tuxpan a Azcapotzalco; la fuga que provoc\u00f3 desabasto de gasolina en CDMX -<\/title>\n<meta name=\"robots\" content=\"index, follow, max-snippet:-1, max-image-preview:large, max-video-preview:-1\" \/>\n<link rel=\"canonical\" href=\"https:\/\/quehacerpolitico.mx\/?p=13775\" \/>\n<meta property=\"og:locale\" content=\"es_MX\" \/>\n<meta property=\"og:type\" content=\"article\" \/>\n<meta property=\"og:title\" content=\"Ducto Tuxpan a Azcapotzalco; la fuga que provoc\u00f3 desabasto de gasolina en CDMX -\" \/>\n<meta property=\"og:description\" content=\"Ducto Tuxpan a Azcapotzalco; la fuga que provoc\u00f3 desabasto de gasolina en CDMX Por Redacci\u00f3n QP\" \/>\n<meta property=\"og:url\" content=\"https:\/\/quehacerpolitico.mx\/?p=13775\" \/>\n<meta property=\"article:published_time\" content=\"2019-01-09T18:55:17+00:00\" \/>\n<meta name=\"author\" content=\"Redacci\u00f3n QP\" \/>\n<meta name=\"twitter:card\" content=\"summary_large_image\" \/>\n<meta name=\"twitter:label1\" content=\"Escrito por\" \/>\n\t<meta name=\"twitter:data1\" content=\"Redacci\u00f3n QP\" \/>\n\t<meta name=\"twitter:label2\" content=\"Tiempo de lectura\" \/>\n\t<meta name=\"twitter:data2\" content=\"2 minutos\" \/>\n<script type=\"application\/ld+json\" class=\"yoast-schema-graph\">{\"@context\":\"https:\\\/\\\/schema.org\",\"@graph\":[{\"@type\":\"Article\",\"@id\":\"https:\\\/\\\/quehacerpolitico.mx\\\/?p=13775#article\",\"isPartOf\":{\"@id\":\"https:\\\/\\\/quehacerpolitico.mx\\\/?p=13775\"},\"author\":{\"name\":\"Redacci\u00f3n QP\",\"@id\":\"https:\\\/\\\/quehacerpolitico.mx\\\/#\\\/schema\\\/person\\\/496d8ad2d1d3f8036101dca7ee39e585\"},\"headline\":\"Ducto Tuxpan a Azcapotzalco; la fuga que provoc\u00f3 desabasto de gasolina en CDMX\",\"datePublished\":\"2019-01-09T18:55:17+00:00\",\"mainEntityOfPage\":{\"@id\":\"https:\\\/\\\/quehacerpolitico.mx\\\/?p=13775\"},\"wordCount\":385,\"commentCount\":0,\"image\":{\"@id\":\"https:\\\/\\\/quehacerpolitico.mx\\\/?p=13775#primaryimage\"},\"thumbnailUrl\":\"\",\"articleSection\":[\"CDMX\"],\"inLanguage\":\"es\",\"potentialAction\":[{\"@type\":\"CommentAction\",\"name\":\"Comment\",\"target\":[\"https:\\\/\\\/quehacerpolitico.mx\\\/?p=13775#respond\"]}]},{\"@type\":\"WebPage\",\"@id\":\"https:\\\/\\\/quehacerpolitico.mx\\\/?p=13775\",\"url\":\"https:\\\/\\\/quehacerpolitico.mx\\\/?p=13775\",\"name\":\"Ducto Tuxpan a Azcapotzalco; la fuga que provoc\u00f3 desabasto de gasolina en CDMX -\",\"isPartOf\":{\"@id\":\"https:\\\/\\\/quehacerpolitico.mx\\\/#website\"},\"primaryImageOfPage\":{\"@id\":\"https:\\\/\\\/quehacerpolitico.mx\\\/?p=13775#primaryimage\"},\"image\":{\"@id\":\"https:\\\/\\\/quehacerpolitico.mx\\\/?p=13775#primaryimage\"},\"thumbnailUrl\":\"\",\"datePublished\":\"2019-01-09T18:55:17+00:00\",\"author\":{\"@id\":\"https:\\\/\\\/quehacerpolitico.mx\\\/#\\\/schema\\\/person\\\/496d8ad2d1d3f8036101dca7ee39e585\"},\"breadcrumb\":{\"@id\":\"https:\\\/\\\/quehacerpolitico.mx\\\/?p=13775#breadcrumb\"},\"inLanguage\":\"es\",\"potentialAction\":[{\"@type\":\"ReadAction\",\"target\":[\"https:\\\/\\\/quehacerpolitico.mx\\\/?p=13775\"]}]},{\"@type\":\"ImageObject\",\"inLanguage\":\"es\",\"@id\":\"https:\\\/\\\/quehacerpolitico.mx\\\/?p=13775#primaryimage\",\"url\":\"\",\"contentUrl\":\"\"},{\"@type\":\"BreadcrumbList\",\"@id\":\"https:\\\/\\\/quehacerpolitico.mx\\\/?p=13775#breadcrumb\",\"itemListElement\":[{\"@type\":\"ListItem\",\"position\":1,\"name\":\"Inicio\",\"item\":\"https:\\\/\\\/quehacerpolitico.mx\\\/\"},{\"@type\":\"ListItem\",\"position\":2,\"name\":\"Ducto Tuxpan a Azcapotzalco; la fuga que provoc\u00f3 desabasto de gasolina en CDMX\"}]},{\"@type\":\"WebSite\",\"@id\":\"https:\\\/\\\/quehacerpolitico.mx\\\/#website\",\"url\":\"https:\\\/\\\/quehacerpolitico.mx\\\/\",\"name\":\"\",\"description\":\"\",\"potentialAction\":[{\"@type\":\"SearchAction\",\"target\":{\"@type\":\"EntryPoint\",\"urlTemplate\":\"https:\\\/\\\/quehacerpolitico.mx\\\/?s={search_term_string}\"},\"query-input\":{\"@type\":\"PropertyValueSpecification\",\"valueRequired\":true,\"valueName\":\"search_term_string\"}}],\"inLanguage\":\"es\"},{\"@type\":\"Person\",\"@id\":\"https:\\\/\\\/quehacerpolitico.mx\\\/#\\\/schema\\\/person\\\/496d8ad2d1d3f8036101dca7ee39e585\",\"name\":\"Redacci\u00f3n QP\",\"image\":{\"@type\":\"ImageObject\",\"inLanguage\":\"es\",\"@id\":\"https:\\\/\\\/secure.gravatar.com\\\/avatar\\\/c7164ed6fdec453195284ad24a5ae5b6e1eed2b848477fa2a4787ba9adf39a41?s=96&d=mm&r=g\",\"url\":\"https:\\\/\\\/secure.gravatar.com\\\/avatar\\\/c7164ed6fdec453195284ad24a5ae5b6e1eed2b848477fa2a4787ba9adf39a41?s=96&d=mm&r=g\",\"contentUrl\":\"https:\\\/\\\/secure.gravatar.com\\\/avatar\\\/c7164ed6fdec453195284ad24a5ae5b6e1eed2b848477fa2a4787ba9adf39a41?s=96&d=mm&r=g\",\"caption\":\"Redacci\u00f3n QP\"},\"url\":\"https:\\\/\\\/quehacerpolitico.mx\\\/?author=2\"}]}<\/script>\n<!-- \/ Yoast SEO plugin. -->","yoast_head_json":{"title":"Ducto Tuxpan a Azcapotzalco; la fuga que provoc\u00f3 desabasto de gasolina en CDMX -","robots":{"index":"index","follow":"follow","max-snippet":"max-snippet:-1","max-image-preview":"max-image-preview:large","max-video-preview":"max-video-preview:-1"},"canonical":"https:\/\/quehacerpolitico.mx\/?p=13775","og_locale":"es_MX","og_type":"article","og_title":"Ducto Tuxpan a Azcapotzalco; la fuga que provoc\u00f3 desabasto de gasolina en CDMX -","og_description":"Ducto Tuxpan a Azcapotzalco; la fuga que provoc\u00f3 desabasto de gasolina en CDMX Por Redacci\u00f3n QP","og_url":"https:\/\/quehacerpolitico.mx\/?p=13775","article_published_time":"2019-01-09T18:55:17+00:00","author":"Redacci\u00f3n QP","twitter_card":"summary_large_image","twitter_misc":{"Escrito por":"Redacci\u00f3n QP","Tiempo de lectura":"2 minutos"},"schema":{"@context":"https:\/\/schema.org","@graph":[{"@type":"Article","@id":"https:\/\/quehacerpolitico.mx\/?p=13775#article","isPartOf":{"@id":"https:\/\/quehacerpolitico.mx\/?p=13775"},"author":{"name":"Redacci\u00f3n QP","@id":"https:\/\/quehacerpolitico.mx\/#\/schema\/person\/496d8ad2d1d3f8036101dca7ee39e585"},"headline":"Ducto Tuxpan a Azcapotzalco; la fuga que provoc\u00f3 desabasto de gasolina en CDMX","datePublished":"2019-01-09T18:55:17+00:00","mainEntityOfPage":{"@id":"https:\/\/quehacerpolitico.mx\/?p=13775"},"wordCount":385,"commentCount":0,"image":{"@id":"https:\/\/quehacerpolitico.mx\/?p=13775#primaryimage"},"thumbnailUrl":"","articleSection":["CDMX"],"inLanguage":"es","potentialAction":[{"@type":"CommentAction","name":"Comment","target":["https:\/\/quehacerpolitico.mx\/?p=13775#respond"]}]},{"@type":"WebPage","@id":"https:\/\/quehacerpolitico.mx\/?p=13775","url":"https:\/\/quehacerpolitico.mx\/?p=13775","name":"Ducto Tuxpan a Azcapotzalco; la fuga que provoc\u00f3 desabasto de gasolina en CDMX -","isPartOf":{"@id":"https:\/\/quehacerpolitico.mx\/#website"},"primaryImageOfPage":{"@id":"https:\/\/quehacerpolitico.mx\/?p=13775#primaryimage"},"image":{"@id":"https:\/\/quehacerpolitico.mx\/?p=13775#primaryimage"},"thumbnailUrl":"","datePublished":"2019-01-09T18:55:17+00:00","author":{"@id":"https:\/\/quehacerpolitico.mx\/#\/schema\/person\/496d8ad2d1d3f8036101dca7ee39e585"},"breadcrumb":{"@id":"https:\/\/quehacerpolitico.mx\/?p=13775#breadcrumb"},"inLanguage":"es","potentialAction":[{"@type":"ReadAction","target":["https:\/\/quehacerpolitico.mx\/?p=13775"]}]},{"@type":"ImageObject","inLanguage":"es","@id":"https:\/\/quehacerpolitico.mx\/?p=13775#primaryimage","url":"","contentUrl":""},{"@type":"BreadcrumbList","@id":"https:\/\/quehacerpolitico.mx\/?p=13775#breadcrumb","itemListElement":[{"@type":"ListItem","position":1,"name":"Inicio","item":"https:\/\/quehacerpolitico.mx\/"},{"@type":"ListItem","position":2,"name":"Ducto Tuxpan a Azcapotzalco; la fuga que provoc\u00f3 desabasto de gasolina en CDMX"}]},{"@type":"WebSite","@id":"https:\/\/quehacerpolitico.mx\/#website","url":"https:\/\/quehacerpolitico.mx\/","name":"","description":"","potentialAction":[{"@type":"SearchAction","target":{"@type":"EntryPoint","urlTemplate":"https:\/\/quehacerpolitico.mx\/?s={search_term_string}"},"query-input":{"@type":"PropertyValueSpecification","valueRequired":true,"valueName":"search_term_string"}}],"inLanguage":"es"},{"@type":"Person","@id":"https:\/\/quehacerpolitico.mx\/#\/schema\/person\/496d8ad2d1d3f8036101dca7ee39e585","name":"Redacci\u00f3n QP","image":{"@type":"ImageObject","inLanguage":"es","@id":"https:\/\/secure.gravatar.com\/avatar\/c7164ed6fdec453195284ad24a5ae5b6e1eed2b848477fa2a4787ba9adf39a41?s=96&d=mm&r=g","url":"https:\/\/secure.gravatar.com\/avatar\/c7164ed6fdec453195284ad24a5ae5b6e1eed2b848477fa2a4787ba9adf39a41?s=96&d=mm&r=g","contentUrl":"https:\/\/secure.gravatar.com\/avatar\/c7164ed6fdec453195284ad24a5ae5b6e1eed2b848477fa2a4787ba9adf39a41?s=96&d=mm&r=g","caption":"Redacci\u00f3n QP"},"url":"https:\/\/quehacerpolitico.mx\/?author=2"}]}},"featured_image_urls":{"full":"","thumbnail":"","medium":"","medium_large":"","large":"","1536x1536":"","2048x2048":"","covernews-featured":"","covernews-medium":""},"author_info":{"display_name":"Redacci\u00f3n QP","author_link":"https:\/\/quehacerpolitico.mx\/?author=2"},"category_info":"<a href=\"https:\/\/quehacerpolitico.mx\/?cat=55\" rel=\"category\">CDMX<\/a>","tag_info":"CDMX","comment_count":"0","_links":{"self":[{"href":"https:\/\/quehacerpolitico.mx\/index.php?rest_route=\/wp\/v2\/posts\/13775","targetHints":{"allow":["GET"]}}],"collection":[{"href":"https:\/\/quehacerpolitico.mx\/index.php?rest_route=\/wp\/v2\/posts"}],"about":[{"href":"https:\/\/quehacerpolitico.mx\/index.php?rest_route=\/wp\/v2\/types\/post"}],"author":[{"embeddable":true,"href":"https:\/\/quehacerpolitico.mx\/index.php?rest_route=\/wp\/v2\/users\/2"}],"replies":[{"embeddable":true,"href":"https:\/\/quehacerpolitico.mx\/index.php?rest_route=%2Fwp%2Fv2%2Fcomments&post=13775"}],"version-history":[{"count":0,"href":"https:\/\/quehacerpolitico.mx\/index.php?rest_route=\/wp\/v2\/posts\/13775\/revisions"}],"wp:featuredmedia":[{"embeddable":true,"href":"https:\/\/quehacerpolitico.mx\/index.php?rest_route=\/"}],"wp:attachment":[{"href":"https:\/\/quehacerpolitico.mx\/index.php?rest_route=%2Fwp%2Fv2%2Fmedia&parent=13775"}],"wp:term":[{"taxonomy":"category","embeddable":true,"href":"https:\/\/quehacerpolitico.mx\/index.php?rest_route=%2Fwp%2Fv2%2Fcategories&post=13775"},{"taxonomy":"post_tag","embeddable":true,"href":"https:\/\/quehacerpolitico.mx\/index.php?rest_route=%2Fwp%2Fv2%2Ftags&post=13775"}],"curies":[{"name":"wp","href":"https:\/\/api.w.org\/{rel}","templated":true}]}}