{"id":13765,"date":"2019-01-09T14:46:26","date_gmt":"2019-01-09T14:46:26","guid":{"rendered":"http:\/\/quehacerpolitico.mx\/amlo-celebra-que-ministros-de-la-scjn-reduzcan-su-sueldo-es-un-acto-de-buena-voluntad\/"},"modified":"2019-01-09T14:46:26","modified_gmt":"2019-01-09T14:46:26","slug":"amlo-celebra-que-ministros-de-la-scjn-reduzcan-su-sueldo-es-un-acto-de-buena-voluntad","status":"publish","type":"post","link":"https:\/\/quehacerpolitico.mx\/?p=13765","title":{"rendered":"AMLO celebra que ministros de la SCJN reduzcan su sueldo; \u201ces un acto de buena voluntad\u201d"},"content":{"rendered":"<h1>AMLO celebra que ministros de la SCJN reduzcan su sueldo; \u201ces un acto de buena voluntad\u201d<\/h1>\n<p>Por Redacci\u00f3n QP<\/p>\n<p>El Presidente <strong>Andr\u00e9s Manuel L\u00f3pez Obrador<\/strong>reconoci\u00f3 que los ministros de la Suprema Corte de Justicia de la Naci\u00f3n (<strong>SCJN<\/strong>) decidieran bajarse en un 25 por ciento el sueldo y dijo que el fallo para que los funcionarios de <strong>Banco de M\u00e9xico<\/strong> no acaten la <strong>Ley de Remuneraciones<\/strong> se tendr\u00e1 que resolver en los tribunales.<\/p>\n<blockquote>\n<p>\u201cEsta decisi\u00f3n que toman los ministros de bajarse el sueldo en un 25 por ciento. Celebro que act\u00faen de esta manera, es un acto de buena voluntad, no puedo dejar de reconocerlo\u201d, dijo.<\/p>\n<\/blockquote>\n<p>En su conferencia matutina, el Presidente dijo que el asunto de <strong>Banxico<\/strong>, agreg\u00f3, se trata de algo de car\u00e1cter legal.<\/p>\n<blockquote>\n<p>\u201cLa constituci\u00f3n establece que nadie puede ganar m\u00e1s que el Presidente, s\u00f3lo en caso de justificaci\u00f3n bien descrita por la misma Ley. Pero si se justificara de que se trata de un trabajo con cierta, vamos a decir, especializaci\u00f3n, de todas formas no se podr\u00eda rebasar en un 50 por ciento el sueldo del Presidente. Eso es lo que establece la Ley y eso es lo que ha llevado a la controversia legal\u201d, explic\u00f3.<\/p>\n<\/blockquote>\n<p>Sin embargo dijo que se va a esperar cu\u00e1l va a ser la interpretaci\u00f3n sobre la Ley en la materia.<\/p>\n<p>\u201cPrimero, reconozco y creo que fue una buena decisi\u00f3n el que se bajen los sueldos en un 25 por ciento. Lo otro es un asunto legal que deber\u00e1 de resolverse en la instancia que corresponde\u201d, dijo.<\/p>\n<p>\u201cYo adelanto tambi\u00e9n que vamos a respetar el fallo, cualquiera que sea\u201d, asegur\u00f3.<\/p>\n<p>El d\u00eda de ayer, el pleno de la Suprema Corte de Justicia de la Naci\u00f3n (SCJN) acord\u00f3 disminuir en un 25 por ciento los sueldos de cada uno de los 11 ministros con respecto a lo que recibieron durante el ejercicio fiscal de 2018, para obedecer a la pol\u00edtica de austeridad impulsada por su Ministro presidente, Arturo Zald\u00edvar.<\/p>\n<p>\u201cLas determinaciones anteriores obedecen a la nueva pol\u00edtica de austeridad impulsada por la Presidencia de la Suprema Corte de Justicia de la Naci\u00f3n y ser\u00e1n complementadas con otras medidas que ser\u00e1n oportunamente comunicadas a la opini\u00f3n p\u00fablica. Tambi\u00e9n, se tomar\u00e1n medidas para asegurar la independencia de Magistrados, Jueces y de todos los servidores p\u00fablicos del Poder Judicial de la Federaci\u00f3n frente a otros Poderes\u201d, se lee en un comunicado difundido este mi\u00e9rcoles. El pasado 2 de enero, los ministros eligieron a Arturo Zald\u00edvar como nuevo presidente de la SCJN.<\/p>\n<p>El documento explica que el art\u00edculo 94 de la Constituci\u00f3n establece que la remuneraci\u00f3n que perciban los Ministros de la Suprema Corte, los Magistrados de Circuito, los Jueces de Distrito y los Consejeros de la Judicatura Federal, as\u00ed como los Magistrados Electorales, no podr\u00e1 ser disminuida durante su encargo. Mientras, el art\u00edculo 123 establece el principio de que a trabajo igual debe corresponder salario igual.<\/p>\n","protected":false},"excerpt":{"rendered":"<p>AMLO celebra que ministros de la SCJN reduzcan su sueldo; \u201ces un acto de buena voluntad\u201d<br \/>\nPor Redacci\u00f3n QP<\/p>\n","protected":false},"author":2,"featured_media":13764,"comment_status":"open","ping_status":"open","sticky":false,"template":"","format":"standard","meta":{"_monsterinsights_skip_tracking":false,"_monsterinsights_sitenote_active":false,"_monsterinsights_sitenote_note":"","_monsterinsights_sitenote_category":0,"footnotes":""},"categories":[2],"tags":[],"class_list":["post-13765","post","type-post","status-publish","format-standard","has-post-thumbnail","hentry","category-noticias"],"yoast_head":"<!-- This site is optimized with the Yoast SEO plugin v27.3 - https:\/\/yoast.com\/product\/yoast-seo-wordpress\/ -->\n<title>AMLO celebra que ministros de la SCJN reduzcan su sueldo; \u201ces un acto de buena voluntad\u201d -<\/title>\n<meta name=\"robots\" content=\"index, follow, max-snippet:-1, max-image-preview:large, max-video-preview:-1\" \/>\n<link rel=\"canonical\" href=\"https:\/\/quehacerpolitico.mx\/?p=13765\" \/>\n<meta property=\"og:locale\" content=\"es_MX\" \/>\n<meta property=\"og:type\" content=\"article\" \/>\n<meta property=\"og:title\" content=\"AMLO celebra que ministros de la SCJN reduzcan su sueldo; \u201ces un acto de buena voluntad\u201d -\" \/>\n<meta property=\"og:description\" content=\"AMLO celebra que ministros de la SCJN reduzcan su sueldo; \u201ces un acto de buena voluntad\u201d Por Redacci\u00f3n QP\" \/>\n<meta property=\"og:url\" content=\"https:\/\/quehacerpolitico.mx\/?p=13765\" \/>\n<meta property=\"article:published_time\" content=\"2019-01-09T14:46:26+00:00\" \/>\n<meta name=\"author\" content=\"Redacci\u00f3n QP\" \/>\n<meta name=\"twitter:card\" content=\"summary_large_image\" \/>\n<meta name=\"twitter:label1\" content=\"Escrito por\" \/>\n\t<meta name=\"twitter:data1\" content=\"Redacci\u00f3n QP\" \/>\n\t<meta name=\"twitter:label2\" content=\"Tiempo de lectura\" \/>\n\t<meta name=\"twitter:data2\" content=\"3 minutos\" \/>\n<script type=\"application\/ld+json\" class=\"yoast-schema-graph\">{\"@context\":\"https:\\\/\\\/schema.org\",\"@graph\":[{\"@type\":\"Article\",\"@id\":\"https:\\\/\\\/quehacerpolitico.mx\\\/?p=13765#article\",\"isPartOf\":{\"@id\":\"https:\\\/\\\/quehacerpolitico.mx\\\/?p=13765\"},\"author\":{\"name\":\"Redacci\u00f3n QP\",\"@id\":\"https:\\\/\\\/quehacerpolitico.mx\\\/#\\\/schema\\\/person\\\/496d8ad2d1d3f8036101dca7ee39e585\"},\"headline\":\"AMLO celebra que ministros de la SCJN reduzcan su sueldo; \u201ces un acto de buena voluntad\u201d\",\"datePublished\":\"2019-01-09T14:46:26+00:00\",\"mainEntityOfPage\":{\"@id\":\"https:\\\/\\\/quehacerpolitico.mx\\\/?p=13765\"},\"wordCount\":525,\"commentCount\":0,\"image\":{\"@id\":\"https:\\\/\\\/quehacerpolitico.mx\\\/?p=13765#primaryimage\"},\"thumbnailUrl\":\"\",\"articleSection\":[\"Noticias\"],\"inLanguage\":\"es\",\"potentialAction\":[{\"@type\":\"CommentAction\",\"name\":\"Comment\",\"target\":[\"https:\\\/\\\/quehacerpolitico.mx\\\/?p=13765#respond\"]}]},{\"@type\":\"WebPage\",\"@id\":\"https:\\\/\\\/quehacerpolitico.mx\\\/?p=13765\",\"url\":\"https:\\\/\\\/quehacerpolitico.mx\\\/?p=13765\",\"name\":\"AMLO celebra que ministros de la SCJN reduzcan su sueldo; \u201ces un acto de buena voluntad\u201d -\",\"isPartOf\":{\"@id\":\"https:\\\/\\\/quehacerpolitico.mx\\\/#website\"},\"primaryImageOfPage\":{\"@id\":\"https:\\\/\\\/quehacerpolitico.mx\\\/?p=13765#primaryimage\"},\"image\":{\"@id\":\"https:\\\/\\\/quehacerpolitico.mx\\\/?p=13765#primaryimage\"},\"thumbnailUrl\":\"\",\"datePublished\":\"2019-01-09T14:46:26+00:00\",\"author\":{\"@id\":\"https:\\\/\\\/quehacerpolitico.mx\\\/#\\\/schema\\\/person\\\/496d8ad2d1d3f8036101dca7ee39e585\"},\"breadcrumb\":{\"@id\":\"https:\\\/\\\/quehacerpolitico.mx\\\/?p=13765#breadcrumb\"},\"inLanguage\":\"es\",\"potentialAction\":[{\"@type\":\"ReadAction\",\"target\":[\"https:\\\/\\\/quehacerpolitico.mx\\\/?p=13765\"]}]},{\"@type\":\"ImageObject\",\"inLanguage\":\"es\",\"@id\":\"https:\\\/\\\/quehacerpolitico.mx\\\/?p=13765#primaryimage\",\"url\":\"\",\"contentUrl\":\"\"},{\"@type\":\"BreadcrumbList\",\"@id\":\"https:\\\/\\\/quehacerpolitico.mx\\\/?p=13765#breadcrumb\",\"itemListElement\":[{\"@type\":\"ListItem\",\"position\":1,\"name\":\"Inicio\",\"item\":\"https:\\\/\\\/quehacerpolitico.mx\\\/\"},{\"@type\":\"ListItem\",\"position\":2,\"name\":\"AMLO celebra que ministros de la SCJN reduzcan su sueldo; \u201ces un acto de buena voluntad\u201d\"}]},{\"@type\":\"WebSite\",\"@id\":\"https:\\\/\\\/quehacerpolitico.mx\\\/#website\",\"url\":\"https:\\\/\\\/quehacerpolitico.mx\\\/\",\"name\":\"\",\"description\":\"\",\"potentialAction\":[{\"@type\":\"SearchAction\",\"target\":{\"@type\":\"EntryPoint\",\"urlTemplate\":\"https:\\\/\\\/quehacerpolitico.mx\\\/?s={search_term_string}\"},\"query-input\":{\"@type\":\"PropertyValueSpecification\",\"valueRequired\":true,\"valueName\":\"search_term_string\"}}],\"inLanguage\":\"es\"},{\"@type\":\"Person\",\"@id\":\"https:\\\/\\\/quehacerpolitico.mx\\\/#\\\/schema\\\/person\\\/496d8ad2d1d3f8036101dca7ee39e585\",\"name\":\"Redacci\u00f3n QP\",\"image\":{\"@type\":\"ImageObject\",\"inLanguage\":\"es\",\"@id\":\"https:\\\/\\\/secure.gravatar.com\\\/avatar\\\/c7164ed6fdec453195284ad24a5ae5b6e1eed2b848477fa2a4787ba9adf39a41?s=96&d=mm&r=g\",\"url\":\"https:\\\/\\\/secure.gravatar.com\\\/avatar\\\/c7164ed6fdec453195284ad24a5ae5b6e1eed2b848477fa2a4787ba9adf39a41?s=96&d=mm&r=g\",\"contentUrl\":\"https:\\\/\\\/secure.gravatar.com\\\/avatar\\\/c7164ed6fdec453195284ad24a5ae5b6e1eed2b848477fa2a4787ba9adf39a41?s=96&d=mm&r=g\",\"caption\":\"Redacci\u00f3n QP\"},\"url\":\"https:\\\/\\\/quehacerpolitico.mx\\\/?author=2\"}]}<\/script>\n<!-- \/ Yoast SEO plugin. -->","yoast_head_json":{"title":"AMLO celebra que ministros de la SCJN reduzcan su sueldo; \u201ces un acto de buena voluntad\u201d -","robots":{"index":"index","follow":"follow","max-snippet":"max-snippet:-1","max-image-preview":"max-image-preview:large","max-video-preview":"max-video-preview:-1"},"canonical":"https:\/\/quehacerpolitico.mx\/?p=13765","og_locale":"es_MX","og_type":"article","og_title":"AMLO celebra que ministros de la SCJN reduzcan su sueldo; \u201ces un acto de buena voluntad\u201d -","og_description":"AMLO celebra que ministros de la SCJN reduzcan su sueldo; \u201ces un acto de buena voluntad\u201d Por Redacci\u00f3n QP","og_url":"https:\/\/quehacerpolitico.mx\/?p=13765","article_published_time":"2019-01-09T14:46:26+00:00","author":"Redacci\u00f3n QP","twitter_card":"summary_large_image","twitter_misc":{"Escrito por":"Redacci\u00f3n QP","Tiempo de lectura":"3 minutos"},"schema":{"@context":"https:\/\/schema.org","@graph":[{"@type":"Article","@id":"https:\/\/quehacerpolitico.mx\/?p=13765#article","isPartOf":{"@id":"https:\/\/quehacerpolitico.mx\/?p=13765"},"author":{"name":"Redacci\u00f3n QP","@id":"https:\/\/quehacerpolitico.mx\/#\/schema\/person\/496d8ad2d1d3f8036101dca7ee39e585"},"headline":"AMLO celebra que ministros de la SCJN reduzcan su sueldo; \u201ces un acto de buena voluntad\u201d","datePublished":"2019-01-09T14:46:26+00:00","mainEntityOfPage":{"@id":"https:\/\/quehacerpolitico.mx\/?p=13765"},"wordCount":525,"commentCount":0,"image":{"@id":"https:\/\/quehacerpolitico.mx\/?p=13765#primaryimage"},"thumbnailUrl":"","articleSection":["Noticias"],"inLanguage":"es","potentialAction":[{"@type":"CommentAction","name":"Comment","target":["https:\/\/quehacerpolitico.mx\/?p=13765#respond"]}]},{"@type":"WebPage","@id":"https:\/\/quehacerpolitico.mx\/?p=13765","url":"https:\/\/quehacerpolitico.mx\/?p=13765","name":"AMLO celebra que ministros de la SCJN reduzcan su sueldo; \u201ces un acto de buena voluntad\u201d -","isPartOf":{"@id":"https:\/\/quehacerpolitico.mx\/#website"},"primaryImageOfPage":{"@id":"https:\/\/quehacerpolitico.mx\/?p=13765#primaryimage"},"image":{"@id":"https:\/\/quehacerpolitico.mx\/?p=13765#primaryimage"},"thumbnailUrl":"","datePublished":"2019-01-09T14:46:26+00:00","author":{"@id":"https:\/\/quehacerpolitico.mx\/#\/schema\/person\/496d8ad2d1d3f8036101dca7ee39e585"},"breadcrumb":{"@id":"https:\/\/quehacerpolitico.mx\/?p=13765#breadcrumb"},"inLanguage":"es","potentialAction":[{"@type":"ReadAction","target":["https:\/\/quehacerpolitico.mx\/?p=13765"]}]},{"@type":"ImageObject","inLanguage":"es","@id":"https:\/\/quehacerpolitico.mx\/?p=13765#primaryimage","url":"","contentUrl":""},{"@type":"BreadcrumbList","@id":"https:\/\/quehacerpolitico.mx\/?p=13765#breadcrumb","itemListElement":[{"@type":"ListItem","position":1,"name":"Inicio","item":"https:\/\/quehacerpolitico.mx\/"},{"@type":"ListItem","position":2,"name":"AMLO celebra que ministros de la SCJN reduzcan su sueldo; \u201ces un acto de buena voluntad\u201d"}]},{"@type":"WebSite","@id":"https:\/\/quehacerpolitico.mx\/#website","url":"https:\/\/quehacerpolitico.mx\/","name":"","description":"","potentialAction":[{"@type":"SearchAction","target":{"@type":"EntryPoint","urlTemplate":"https:\/\/quehacerpolitico.mx\/?s={search_term_string}"},"query-input":{"@type":"PropertyValueSpecification","valueRequired":true,"valueName":"search_term_string"}}],"inLanguage":"es"},{"@type":"Person","@id":"https:\/\/quehacerpolitico.mx\/#\/schema\/person\/496d8ad2d1d3f8036101dca7ee39e585","name":"Redacci\u00f3n QP","image":{"@type":"ImageObject","inLanguage":"es","@id":"https:\/\/secure.gravatar.com\/avatar\/c7164ed6fdec453195284ad24a5ae5b6e1eed2b848477fa2a4787ba9adf39a41?s=96&d=mm&r=g","url":"https:\/\/secure.gravatar.com\/avatar\/c7164ed6fdec453195284ad24a5ae5b6e1eed2b848477fa2a4787ba9adf39a41?s=96&d=mm&r=g","contentUrl":"https:\/\/secure.gravatar.com\/avatar\/c7164ed6fdec453195284ad24a5ae5b6e1eed2b848477fa2a4787ba9adf39a41?s=96&d=mm&r=g","caption":"Redacci\u00f3n QP"},"url":"https:\/\/quehacerpolitico.mx\/?author=2"}]}},"featured_image_urls":{"full":"","thumbnail":"","medium":"","medium_large":"","large":"","1536x1536":"","2048x2048":"","covernews-featured":"","covernews-medium":""},"author_info":{"display_name":"Redacci\u00f3n QP","author_link":"https:\/\/quehacerpolitico.mx\/?author=2"},"category_info":"<a href=\"https:\/\/quehacerpolitico.mx\/?cat=2\" rel=\"category\">Noticias<\/a>","tag_info":"Noticias","comment_count":"0","_links":{"self":[{"href":"https:\/\/quehacerpolitico.mx\/index.php?rest_route=\/wp\/v2\/posts\/13765","targetHints":{"allow":["GET"]}}],"collection":[{"href":"https:\/\/quehacerpolitico.mx\/index.php?rest_route=\/wp\/v2\/posts"}],"about":[{"href":"https:\/\/quehacerpolitico.mx\/index.php?rest_route=\/wp\/v2\/types\/post"}],"author":[{"embeddable":true,"href":"https:\/\/quehacerpolitico.mx\/index.php?rest_route=\/wp\/v2\/users\/2"}],"replies":[{"embeddable":true,"href":"https:\/\/quehacerpolitico.mx\/index.php?rest_route=%2Fwp%2Fv2%2Fcomments&post=13765"}],"version-history":[{"count":0,"href":"https:\/\/quehacerpolitico.mx\/index.php?rest_route=\/wp\/v2\/posts\/13765\/revisions"}],"wp:featuredmedia":[{"embeddable":true,"href":"https:\/\/quehacerpolitico.mx\/index.php?rest_route=\/"}],"wp:attachment":[{"href":"https:\/\/quehacerpolitico.mx\/index.php?rest_route=%2Fwp%2Fv2%2Fmedia&parent=13765"}],"wp:term":[{"taxonomy":"category","embeddable":true,"href":"https:\/\/quehacerpolitico.mx\/index.php?rest_route=%2Fwp%2Fv2%2Fcategories&post=13765"},{"taxonomy":"post_tag","embeddable":true,"href":"https:\/\/quehacerpolitico.mx\/index.php?rest_route=%2Fwp%2Fv2%2Ftags&post=13765"}],"curies":[{"name":"wp","href":"https:\/\/api.w.org\/{rel}","templated":true}]}}