{"id":13759,"date":"2019-01-09T13:59:01","date_gmt":"2019-01-09T13:59:01","guid":{"rendered":"http:\/\/quehacerpolitico.mx\/vamos-a-resistir-presiones-amlo-pide-no-caer-en-panico-ante-desabasto-de-gasolina-ayer-fue-el-dia-con-menos-robo-de-gasolina\/"},"modified":"2019-01-09T13:59:01","modified_gmt":"2019-01-09T13:59:01","slug":"vamos-a-resistir-presiones-amlo-pide-no-caer-en-panico-ante-desabasto-de-gasolina-ayer-fue-el-dia-con-menos-robo-de-gasolina","status":"publish","type":"post","link":"https:\/\/quehacerpolitico.mx\/?p=13759","title":{"rendered":"\u201cVamos a resistir presiones\u201d, AMLO pide no caer en p\u00e1nico ante desabasto de gasolina, \u201cAyer fue el d\u00eda con menos robo de gasolina\u201d"},"content":{"rendered":"<p>\u201cVamos a resistir presiones\u201d, AMLO pide no caer en p\u00e1nico ante desabasto de gasolina, \u201cAyer fue el d\u00eda con menos robo de gasolina\u201d<br \/>Por Redacci\u00f3n QP<\/p>\n<p><strong>Andr\u00e9s Manuel L\u00f3pez Obrador<\/strong>, presidente de M\u00e9xico, pidi\u00f3 a la ciudadan\u00eda no entrar en p\u00e1nico ante el desabasto de gasolina en algunas entidades del pa\u00eds, adem\u00e1s de que asegur\u00f3 que se est\u00e1 en proceso de normalizar el abasto.<\/p>\n<p>As\u00ed lo pidi\u00f3 desde <strong>Palacio Nacional<\/strong> en su conferencia ma\u00f1anera de este d\u00eda, en donde reiter\u00f3 el llamado a la poblaci\u00f3n a que si tienen gasolina en sus autos eviten ir a cargar combustible en estos d\u00edas ya que eso ayudar\u00eda mucho.<\/p>\n<p>Tambi\u00e9n asegur\u00f3 que el combate contra el robo de combustible va a seguir,<strong> \u201cvamos a resistir\u201d<\/strong>, asegur\u00f3.<\/p>\n<p><strong>AMLO<\/strong> afirm\u00f3 que cambi\u00f3 la forma de distribuci\u00f3n del combustible porque antes era por los ductos, pero por este medio se llevaba a cabo el robo, por lo que ahora se decidi\u00f3 hacerlo a trav\u00e9s de pipas.<\/p>\n<blockquote>\n<p>\u201cEsto significa demoras, atrasos y desbasto en algunas gasoliner\u00edas, ser\u00eda f\u00e1cil abrir los ductos y decir: ya se normaliz\u00f3, pero no es as\u00ed\u201d.<\/p>\n<\/blockquote>\n<blockquote>\n<p>Asegur\u00f3 que con decir lo anterior, se solventar\u00eda el robo, se aceptar\u00eda, \u201cpero eso no lo vamos a hacer, vamos a resistir todas las presiones que hay\u201d.<\/p>\n<\/blockquote>\n<p>Por \u00faltimo refiri\u00f3 que ayer fue un d\u00eda hist\u00f3rico porque hubo s\u00f3lo el robo de 27 pipas, no mil como se ten\u00eda registrado antes.<\/p>\n<p>\u201cAyer fue el d\u00eda en que menos gasolina se ha robado, desde la expropiaci\u00f3n, solo se robaron 27 pipas, despu\u00e9s de llegarse a robarse m\u00e1s de mil\u201d, refiri\u00f3.<\/p>\n<p>\u201cAyer fue el d\u00eda en que menos gasolina se han robado en la historia reciente. S\u00f3lo se robaron 27 pipas, despu\u00e9s de robarse m\u00e1s de mil\u201d, dijo. \u201cVamos a pedir la colaboraci\u00f3n de todos los ciudadanos\u201d.<\/p>\n<p>Tambi\u00e9n dijo que no se va a acusar a nadie sin pruebas. \u201cAyer me preguntaron del General\u201d, dijo. Agreg\u00f3: \u201cS\u00ed se est\u00e1 investigando pero no significa que haya pruebas\u201d.<\/p>\n<p>El Jefe del Ejecutivo federal dijo ayer que elementos del Ej\u00e9rcito mexicano encontraron ayer en Salamanca una instalaci\u00f3n clandestina: una manguera de tres kil\u00f3metros desde los tanques de gasolina de la refiner\u00eda hac\u00eda un dep\u00f3sito en el exterior, que era utilizada para saquear de combustibles a Pemex. Tambi\u00e9n revel\u00f3 que el <strong>General de brigada Eduardo Le\u00f3n Trauwitz<\/strong>, quien fue jefe de la subdirecci\u00f3n de Salvaguarda Estrat\u00e9gica de Pemex y sirvi\u00f3 bajo el Presidente Enrique Pe\u00f1a Nieto, est\u00e1 bajo investigaci\u00f3n por el saqueo de combustibles en la petrolera mexicana.<\/p>\n<blockquote class=\"twitter-tweet\" data-width=\"550\" data-dnt=\"true\">\n<p lang=\"es\" dir=\"ltr\">\ud83d\udccdNo hay desabasto de gasolina \u26fd y di\u00e9sel. <a href=\"https:\/\/twitter.com\/hashtag\/Pemex?src=hash&amp;ref_src=twsrc%5Etfw\">#Pemex<\/a> y el <a href=\"https:\/\/twitter.com\/GobiernoMX?ref_src=twsrc%5Etfw\">@GobiernoMX<\/a> \ud83c\uddf2\ud83c\uddfd en acci\u00f3n contra el robo de combustible y el rescate de la soberan\u00eda. <a href=\"https:\/\/t.co\/wEXfGSoNvh\">pic.twitter.com\/wEXfGSoNvh<\/a><\/p>\n<p>&mdash; Petr\u00f3leos Mexicanos (@Pemex) <a href=\"https:\/\/twitter.com\/Pemex\/status\/1082793318419820545?ref_src=twsrc%5Etfw\">January 9, 2019<\/a><\/p><\/blockquote>\n<p><script async src=\"https:\/\/platform.twitter.com\/widgets.js\" charset=\"utf-8\"><\/script><\/p>\n<p><img loading=\"lazy\" decoding=\"async\" class=\"alignnone size-full wp-image-3520422\" src=\"https:\/\/www.sinembargo.mx\/wp-content\/uploads\/2019\/01\/image-2019-01-09-072141.jpg\" sizes=\"auto, (max-width: 700px) 100vw, 700px\" srcset=\"https:\/\/www.sinembargo.mx\/wp-content\/uploads\/2019\/01\/image-2019-01-09-072141.jpg 700w, https:\/\/www.sinembargo.mx\/wp-content\/uploads\/2019\/01\/image-2019-01-09-072141-300x155.jpg 300w\" alt=\"\" width=\"700\" height=\"362\" \/><\/p>\n<div class=\"ad_center ad-in-content\">\n<div id=\"div-gpt-ad-1481907324143-18\" data-google-query-id=\"CI6108Ls4N8CFRF3AQodUN8OkA\">\n<div id=\"google_ads_iframe_\/19719473\/si_interior_center_02_0__container__\"><strong>SOBRE EL ABASTO:<\/strong> Dijo que hay gasolinas. \u201cPero no podemos utilizar los ductos porque existen redes que se crearon para extraer, para robarse las gasolinas. Redes alternas. Es otro sistema de distribuci\u00f3n al de Pemex. Por eso se cerraron ductos y se est\u00e1n abriendo conforme se considera prudente para evitar el robo. En tanto estamos cambiando el sistema de distribuci\u00f3n utilizando pipas, y esto significa demoras, retrasos y desabasto en algunas gasoliner\u00edas. Ser\u00eda f\u00e1cil abrir los ductos y decir: \u2018se normaliz\u00f3 la situaci\u00f3n\u2019. Pero mantener, a sabiendas, el robo. Aceptar, tolerar el robo. Eso no lo vamos a hacer. Vamos a resistir todas las presiones que sean\u201d.<\/div>\n<\/div>\n<\/div>\n<blockquote>\n<p>\u201c\u00bfC\u00f3mo nos pueden ayudar? Actuando con prudencia y serenidad. Sin caer en p\u00e1nico, sin hacer caso a informaci\u00f3n alarmista, tendenciosa de quienes de manea directa e indirecta est\u00e1n a favor de este r\u00e9gimen corrupto que est\u00e1 a punto de acabarse\u201d, dijo. \u201cVan a haber colas. Resistan. Si tienen gasolina no vayan a las gasoliner\u00edas en estos d\u00edas. Hay gasolina suficiente\u201d.<\/p>\n<p>L\u00f3pez Obrador inform\u00f3 que se ha tenido comunicaci\u00f3n con el l\u00edder del sindicato petrolero <strong>Carlos Romero Deschamps<\/strong>, pero no dio m\u00e1s detalles. \u201cS\u00ed ha habido comunicaci\u00f3n, yo no, pero s\u00ed la Secretar\u00eda de Gobernaci\u00f3n ha tenido comunicaci\u00f3n con Romero Deschamps\u201d, respondi\u00f3 a la pregunta de un reportero.<\/p>\n<p>Romero Deschamps aplaude hoy, con un desplegado publicado en medios nacionales, los \u201cesfuerzos\u201d realizados por el Presidente en contra de la corrupci\u00f3n. El l\u00edder priista ha sido se\u00f1alado como la cabeza de la corrupci\u00f3n en M\u00e9xico; su hija fue exhibida viajando por el mundo en vuelos privados y en compa\u00f1\u00eda de sus mascotas, mientras que a su hijo se le se\u00f1ala por una vida ostentosa en Miami, Florida.<\/p>\n<p><strong>SOBRE DESABASTO EN CDMX:<\/strong> Andr\u00e9s Manuel precis\u00f3 que una falla en el ducto de Tuxpan a Azcapotzalco que pasa por Hidalgo, ha afectado la distribuci\u00f3n en la capital del pa\u00eds y el Estado de M\u00e9xico, aunque recalc\u00f3 que la falla se dio en el tramo del estado de Hidalgo. \u201cYa se est\u00e1 arreglando el ducto\u201d, anunci\u00f3. Y precis\u00f3 que \u201cno es s\u00f3lo por este ducto, ya exist\u00eda el problema porque se cambi\u00f3 el sistema con distribuci\u00f3n con pipas. Ya exist\u00eda en el Estado de M\u00e9xico, por ejemplo, y se agrav\u00f3 porque se dio esta fuga\u201d.<\/p>\n<p><strong>SOBRE LAS GASOLINERAS:\u00a0<\/strong>El Presidente L\u00f3pez Obrador asegur\u00f3 que tiene tranquilidad y seguridad en que se normalizar\u00e1 el abasto de gasolina pues dijo que hay combustible suficiente y que s\u00f3lo se trata de un asunto de distribuci\u00f3n. \u201cYo pienso que muy pronto vamos a resolverlo, estamos avanzando mucho en terminar de operar con el sistema alternativo de distribuci\u00f3n de pipas. Estamos utilizando hasta tres turnos en pipas de Pemex para distribuir y vamos a convocar a transportistas para utilizar m\u00e1s pipas\u201d, dijo.<\/p>\n<blockquote>\n<p>\u201cNo queremos abrir los ductos porque estamos revisando todo el sistema de ductos para ir cerrando fuga. Ese es el planteamiento\u201d, agreg\u00f3. Andr\u00e9s Manuel dijo que no quiere dar un estimado para la normalizaci\u00f3n del servicio para \u201cno alimentar a quienes est\u00e1n dedicados a cuestionarnos\u201d. Pidi\u00f3 de nuevo a los funcionarios tener confianza y les asegur\u00f3 que se est\u00e1 trabajando en ello. \u201cVale la pena: de mil pipas robadas a 27, es importante. Pedirle a la gente que nos ayude, porque as\u00ed como esto hay otros asunto que vamos a enfrentar porque el prop\u00f3sito es acabar con la corrupci\u00f3n\u201d, a\u00f1adi\u00f3.<\/p>\n<p><strong>SOBRE EL GENERAL DE PE\u00d1A:\u00a0<\/strong>El Presidente fue cuestionado sobre si piensa actuar contra altos mandos e incluso ex Presidentes involucrados con el robo de combustible. \u201cAcerca de las investigaciones que se est\u00e1n realizando para castigar a involucrados en el robo de combustibles quiero comentarles que se va a actuar con mucha responsabilidad, no vamos a de ninguna manera se\u00f1alar, acusar a alguien sin tener elementos de pruebas\u201d, inform\u00f3. \u201cS\u00ed se est\u00e1 llevando a cabo esa investigaci\u00f3n pero eso no significa que se tengan elementos de prueba o que se haya iniciado un proceso judicial\u201d, dijo esta ma\u00f1ana sobre el General Eduardo Le\u00f3n Trauwitz, quien con Enrique Pe\u00f1a Nieto era encargado de cuidar los ductos de Pemex.<\/p>\n<p>Ayer, Pemex asegur\u00f3 que en la Ciudad de M\u00e9xico y \u00e1rea Metropolitana no hay desabasto de hidrocarburos, y llam\u00f3 a poblaci\u00f3n a no realizar compras de p\u00e1nico, ni caer en especulaciones de escasez de combustible. Mientras, otros estados han sufrido escasez desde el pasado fin de semana.<\/p>\n<p>Inform\u00f3 que ayer es el d\u00eda en que menos gasolina se han robado, incluso desde la Expropiaci\u00f3n petrolera, s\u00f3lo se robaron 27 pipas. Detall\u00f3 que ya se est\u00e1n comunicando con los transportistas para que ayuden al Gobierno y convoc\u00f3 a los que tienen pipas para sumarse. \u201cSi no se necesita, si no es tan urgente ir a cargar, que se esperen y con eso ayudan bastante\u201d, recalc\u00f3. Precis\u00f3 que ayer hubo un accidente de un ducto que corre de Tuxpan a Azcapotzalco y por eso hubo problemas de abasto. \u201cNo sabemos qu\u00e9 sucedi\u00f3, si fue intencional: una fuga en el ducto\u201d, dijo.<\/p>\n<p>https:\/\/www.facebook.com\/lopezobrador.org.mx\/videos\/544177539396413\/<\/p>\n<\/blockquote>\n<\/blockquote>\n","protected":false},"excerpt":{"rendered":"<p>\u201cVamos a resistir presiones\u201d, AMLO pide no caer en p\u00e1nico ante desabasto de gasolina, \u201cAyer fue el d\u00eda con menos robo de gasolina\u201d<br \/>\nPor Redacci\u00f3n QP<\/p>\n","protected":false},"author":2,"featured_media":13756,"comment_status":"open","ping_status":"open","sticky":false,"template":"","format":"standard","meta":{"_monsterinsights_skip_tracking":false,"_monsterinsights_sitenote_active":false,"_monsterinsights_sitenote_note":"","_monsterinsights_sitenote_category":0,"footnotes":""},"categories":[2],"tags":[],"class_list":["post-13759","post","type-post","status-publish","format-standard","has-post-thumbnail","hentry","category-noticias"],"yoast_head":"<!-- This site is optimized with the Yoast SEO plugin v27.3 - https:\/\/yoast.com\/product\/yoast-seo-wordpress\/ -->\n<title>\u201cVamos a resistir presiones\u201d, AMLO pide no caer en p\u00e1nico ante desabasto de gasolina, \u201cAyer fue el d\u00eda con menos robo de gasolina\u201d -<\/title>\n<meta name=\"robots\" content=\"index, follow, max-snippet:-1, max-image-preview:large, max-video-preview:-1\" \/>\n<link rel=\"canonical\" href=\"https:\/\/quehacerpolitico.mx\/?p=13759\" \/>\n<meta property=\"og:locale\" content=\"es_MX\" \/>\n<meta property=\"og:type\" content=\"article\" \/>\n<meta property=\"og:title\" content=\"\u201cVamos a resistir presiones\u201d, AMLO pide no caer en p\u00e1nico ante desabasto de gasolina, \u201cAyer fue el d\u00eda con menos robo de gasolina\u201d -\" \/>\n<meta property=\"og:description\" content=\"\u201cVamos a resistir presiones\u201d, AMLO pide no caer en p\u00e1nico ante desabasto de gasolina, \u201cAyer fue el d\u00eda con menos robo de gasolina\u201d Por Redacci\u00f3n QP\" \/>\n<meta property=\"og:url\" content=\"https:\/\/quehacerpolitico.mx\/?p=13759\" \/>\n<meta property=\"article:published_time\" content=\"2019-01-09T13:59:01+00:00\" \/>\n<meta name=\"author\" content=\"Redacci\u00f3n QP\" \/>\n<meta name=\"twitter:card\" content=\"summary_large_image\" \/>\n<meta name=\"twitter:label1\" content=\"Escrito por\" \/>\n\t<meta name=\"twitter:data1\" content=\"Redacci\u00f3n QP\" \/>\n\t<meta name=\"twitter:label2\" content=\"Tiempo de lectura\" \/>\n\t<meta name=\"twitter:data2\" content=\"7 minutos\" \/>\n<script type=\"application\/ld+json\" class=\"yoast-schema-graph\">{\"@context\":\"https:\\\/\\\/schema.org\",\"@graph\":[{\"@type\":\"Article\",\"@id\":\"https:\\\/\\\/quehacerpolitico.mx\\\/?p=13759#article\",\"isPartOf\":{\"@id\":\"https:\\\/\\\/quehacerpolitico.mx\\\/?p=13759\"},\"author\":{\"name\":\"Redacci\u00f3n QP\",\"@id\":\"https:\\\/\\\/quehacerpolitico.mx\\\/#\\\/schema\\\/person\\\/496d8ad2d1d3f8036101dca7ee39e585\"},\"headline\":\"\u201cVamos a resistir presiones\u201d, AMLO pide no caer en p\u00e1nico ante desabasto de gasolina, \u201cAyer fue el d\u00eda con menos robo de gasolina\u201d\",\"datePublished\":\"2019-01-09T13:59:01+00:00\",\"mainEntityOfPage\":{\"@id\":\"https:\\\/\\\/quehacerpolitico.mx\\\/?p=13759\"},\"wordCount\":1386,\"commentCount\":0,\"image\":{\"@id\":\"https:\\\/\\\/quehacerpolitico.mx\\\/?p=13759#primaryimage\"},\"thumbnailUrl\":\"\",\"articleSection\":[\"Noticias\"],\"inLanguage\":\"es\",\"potentialAction\":[{\"@type\":\"CommentAction\",\"name\":\"Comment\",\"target\":[\"https:\\\/\\\/quehacerpolitico.mx\\\/?p=13759#respond\"]}]},{\"@type\":\"WebPage\",\"@id\":\"https:\\\/\\\/quehacerpolitico.mx\\\/?p=13759\",\"url\":\"https:\\\/\\\/quehacerpolitico.mx\\\/?p=13759\",\"name\":\"\u201cVamos a resistir presiones\u201d, AMLO pide no caer en p\u00e1nico ante desabasto de gasolina, \u201cAyer fue el d\u00eda con menos robo de gasolina\u201d -\",\"isPartOf\":{\"@id\":\"https:\\\/\\\/quehacerpolitico.mx\\\/#website\"},\"primaryImageOfPage\":{\"@id\":\"https:\\\/\\\/quehacerpolitico.mx\\\/?p=13759#primaryimage\"},\"image\":{\"@id\":\"https:\\\/\\\/quehacerpolitico.mx\\\/?p=13759#primaryimage\"},\"thumbnailUrl\":\"\",\"datePublished\":\"2019-01-09T13:59:01+00:00\",\"author\":{\"@id\":\"https:\\\/\\\/quehacerpolitico.mx\\\/#\\\/schema\\\/person\\\/496d8ad2d1d3f8036101dca7ee39e585\"},\"breadcrumb\":{\"@id\":\"https:\\\/\\\/quehacerpolitico.mx\\\/?p=13759#breadcrumb\"},\"inLanguage\":\"es\",\"potentialAction\":[{\"@type\":\"ReadAction\",\"target\":[\"https:\\\/\\\/quehacerpolitico.mx\\\/?p=13759\"]}]},{\"@type\":\"ImageObject\",\"inLanguage\":\"es\",\"@id\":\"https:\\\/\\\/quehacerpolitico.mx\\\/?p=13759#primaryimage\",\"url\":\"\",\"contentUrl\":\"\"},{\"@type\":\"BreadcrumbList\",\"@id\":\"https:\\\/\\\/quehacerpolitico.mx\\\/?p=13759#breadcrumb\",\"itemListElement\":[{\"@type\":\"ListItem\",\"position\":1,\"name\":\"Inicio\",\"item\":\"https:\\\/\\\/quehacerpolitico.mx\\\/\"},{\"@type\":\"ListItem\",\"position\":2,\"name\":\"\u201cVamos a resistir presiones\u201d, AMLO pide no caer en p\u00e1nico ante desabasto de gasolina, \u201cAyer fue el d\u00eda con menos robo de gasolina\u201d\"}]},{\"@type\":\"WebSite\",\"@id\":\"https:\\\/\\\/quehacerpolitico.mx\\\/#website\",\"url\":\"https:\\\/\\\/quehacerpolitico.mx\\\/\",\"name\":\"\",\"description\":\"\",\"potentialAction\":[{\"@type\":\"SearchAction\",\"target\":{\"@type\":\"EntryPoint\",\"urlTemplate\":\"https:\\\/\\\/quehacerpolitico.mx\\\/?s={search_term_string}\"},\"query-input\":{\"@type\":\"PropertyValueSpecification\",\"valueRequired\":true,\"valueName\":\"search_term_string\"}}],\"inLanguage\":\"es\"},{\"@type\":\"Person\",\"@id\":\"https:\\\/\\\/quehacerpolitico.mx\\\/#\\\/schema\\\/person\\\/496d8ad2d1d3f8036101dca7ee39e585\",\"name\":\"Redacci\u00f3n QP\",\"image\":{\"@type\":\"ImageObject\",\"inLanguage\":\"es\",\"@id\":\"https:\\\/\\\/secure.gravatar.com\\\/avatar\\\/c7164ed6fdec453195284ad24a5ae5b6e1eed2b848477fa2a4787ba9adf39a41?s=96&d=mm&r=g\",\"url\":\"https:\\\/\\\/secure.gravatar.com\\\/avatar\\\/c7164ed6fdec453195284ad24a5ae5b6e1eed2b848477fa2a4787ba9adf39a41?s=96&d=mm&r=g\",\"contentUrl\":\"https:\\\/\\\/secure.gravatar.com\\\/avatar\\\/c7164ed6fdec453195284ad24a5ae5b6e1eed2b848477fa2a4787ba9adf39a41?s=96&d=mm&r=g\",\"caption\":\"Redacci\u00f3n QP\"},\"url\":\"https:\\\/\\\/quehacerpolitico.mx\\\/?author=2\"}]}<\/script>\n<!-- \/ Yoast SEO plugin. -->","yoast_head_json":{"title":"\u201cVamos a resistir presiones\u201d, AMLO pide no caer en p\u00e1nico ante desabasto de gasolina, \u201cAyer fue el d\u00eda con menos robo de gasolina\u201d -","robots":{"index":"index","follow":"follow","max-snippet":"max-snippet:-1","max-image-preview":"max-image-preview:large","max-video-preview":"max-video-preview:-1"},"canonical":"https:\/\/quehacerpolitico.mx\/?p=13759","og_locale":"es_MX","og_type":"article","og_title":"\u201cVamos a resistir presiones\u201d, AMLO pide no caer en p\u00e1nico ante desabasto de gasolina, \u201cAyer fue el d\u00eda con menos robo de gasolina\u201d -","og_description":"\u201cVamos a resistir presiones\u201d, AMLO pide no caer en p\u00e1nico ante desabasto de gasolina, \u201cAyer fue el d\u00eda con menos robo de gasolina\u201d Por Redacci\u00f3n QP","og_url":"https:\/\/quehacerpolitico.mx\/?p=13759","article_published_time":"2019-01-09T13:59:01+00:00","author":"Redacci\u00f3n QP","twitter_card":"summary_large_image","twitter_misc":{"Escrito por":"Redacci\u00f3n QP","Tiempo de lectura":"7 minutos"},"schema":{"@context":"https:\/\/schema.org","@graph":[{"@type":"Article","@id":"https:\/\/quehacerpolitico.mx\/?p=13759#article","isPartOf":{"@id":"https:\/\/quehacerpolitico.mx\/?p=13759"},"author":{"name":"Redacci\u00f3n QP","@id":"https:\/\/quehacerpolitico.mx\/#\/schema\/person\/496d8ad2d1d3f8036101dca7ee39e585"},"headline":"\u201cVamos a resistir presiones\u201d, AMLO pide no caer en p\u00e1nico ante desabasto de gasolina, \u201cAyer fue el d\u00eda con menos robo de gasolina\u201d","datePublished":"2019-01-09T13:59:01+00:00","mainEntityOfPage":{"@id":"https:\/\/quehacerpolitico.mx\/?p=13759"},"wordCount":1386,"commentCount":0,"image":{"@id":"https:\/\/quehacerpolitico.mx\/?p=13759#primaryimage"},"thumbnailUrl":"","articleSection":["Noticias"],"inLanguage":"es","potentialAction":[{"@type":"CommentAction","name":"Comment","target":["https:\/\/quehacerpolitico.mx\/?p=13759#respond"]}]},{"@type":"WebPage","@id":"https:\/\/quehacerpolitico.mx\/?p=13759","url":"https:\/\/quehacerpolitico.mx\/?p=13759","name":"\u201cVamos a resistir presiones\u201d, AMLO pide no caer en p\u00e1nico ante desabasto de gasolina, \u201cAyer fue el d\u00eda con menos robo de gasolina\u201d -","isPartOf":{"@id":"https:\/\/quehacerpolitico.mx\/#website"},"primaryImageOfPage":{"@id":"https:\/\/quehacerpolitico.mx\/?p=13759#primaryimage"},"image":{"@id":"https:\/\/quehacerpolitico.mx\/?p=13759#primaryimage"},"thumbnailUrl":"","datePublished":"2019-01-09T13:59:01+00:00","author":{"@id":"https:\/\/quehacerpolitico.mx\/#\/schema\/person\/496d8ad2d1d3f8036101dca7ee39e585"},"breadcrumb":{"@id":"https:\/\/quehacerpolitico.mx\/?p=13759#breadcrumb"},"inLanguage":"es","potentialAction":[{"@type":"ReadAction","target":["https:\/\/quehacerpolitico.mx\/?p=13759"]}]},{"@type":"ImageObject","inLanguage":"es","@id":"https:\/\/quehacerpolitico.mx\/?p=13759#primaryimage","url":"","contentUrl":""},{"@type":"BreadcrumbList","@id":"https:\/\/quehacerpolitico.mx\/?p=13759#breadcrumb","itemListElement":[{"@type":"ListItem","position":1,"name":"Inicio","item":"https:\/\/quehacerpolitico.mx\/"},{"@type":"ListItem","position":2,"name":"\u201cVamos a resistir presiones\u201d, AMLO pide no caer en p\u00e1nico ante desabasto de gasolina, \u201cAyer fue el d\u00eda con menos robo de gasolina\u201d"}]},{"@type":"WebSite","@id":"https:\/\/quehacerpolitico.mx\/#website","url":"https:\/\/quehacerpolitico.mx\/","name":"","description":"","potentialAction":[{"@type":"SearchAction","target":{"@type":"EntryPoint","urlTemplate":"https:\/\/quehacerpolitico.mx\/?s={search_term_string}"},"query-input":{"@type":"PropertyValueSpecification","valueRequired":true,"valueName":"search_term_string"}}],"inLanguage":"es"},{"@type":"Person","@id":"https:\/\/quehacerpolitico.mx\/#\/schema\/person\/496d8ad2d1d3f8036101dca7ee39e585","name":"Redacci\u00f3n QP","image":{"@type":"ImageObject","inLanguage":"es","@id":"https:\/\/secure.gravatar.com\/avatar\/c7164ed6fdec453195284ad24a5ae5b6e1eed2b848477fa2a4787ba9adf39a41?s=96&d=mm&r=g","url":"https:\/\/secure.gravatar.com\/avatar\/c7164ed6fdec453195284ad24a5ae5b6e1eed2b848477fa2a4787ba9adf39a41?s=96&d=mm&r=g","contentUrl":"https:\/\/secure.gravatar.com\/avatar\/c7164ed6fdec453195284ad24a5ae5b6e1eed2b848477fa2a4787ba9adf39a41?s=96&d=mm&r=g","caption":"Redacci\u00f3n QP"},"url":"https:\/\/quehacerpolitico.mx\/?author=2"}]}},"featured_image_urls":{"full":"","thumbnail":"","medium":"","medium_large":"","large":"","1536x1536":"","2048x2048":"","covernews-featured":"","covernews-medium":""},"author_info":{"display_name":"Redacci\u00f3n QP","author_link":"https:\/\/quehacerpolitico.mx\/?author=2"},"category_info":"<a href=\"https:\/\/quehacerpolitico.mx\/?cat=2\" rel=\"category\">Noticias<\/a>","tag_info":"Noticias","comment_count":"0","_links":{"self":[{"href":"https:\/\/quehacerpolitico.mx\/index.php?rest_route=\/wp\/v2\/posts\/13759","targetHints":{"allow":["GET"]}}],"collection":[{"href":"https:\/\/quehacerpolitico.mx\/index.php?rest_route=\/wp\/v2\/posts"}],"about":[{"href":"https:\/\/quehacerpolitico.mx\/index.php?rest_route=\/wp\/v2\/types\/post"}],"author":[{"embeddable":true,"href":"https:\/\/quehacerpolitico.mx\/index.php?rest_route=\/wp\/v2\/users\/2"}],"replies":[{"embeddable":true,"href":"https:\/\/quehacerpolitico.mx\/index.php?rest_route=%2Fwp%2Fv2%2Fcomments&post=13759"}],"version-history":[{"count":0,"href":"https:\/\/quehacerpolitico.mx\/index.php?rest_route=\/wp\/v2\/posts\/13759\/revisions"}],"wp:featuredmedia":[{"embeddable":true,"href":"https:\/\/quehacerpolitico.mx\/index.php?rest_route=\/"}],"wp:attachment":[{"href":"https:\/\/quehacerpolitico.mx\/index.php?rest_route=%2Fwp%2Fv2%2Fmedia&parent=13759"}],"wp:term":[{"taxonomy":"category","embeddable":true,"href":"https:\/\/quehacerpolitico.mx\/index.php?rest_route=%2Fwp%2Fv2%2Fcategories&post=13759"},{"taxonomy":"post_tag","embeddable":true,"href":"https:\/\/quehacerpolitico.mx\/index.php?rest_route=%2Fwp%2Fv2%2Ftags&post=13759"}],"curies":[{"name":"wp","href":"https:\/\/api.w.org\/{rel}","templated":true}]}}