{"id":13751,"date":"2019-01-09T04:06:05","date_gmt":"2019-01-09T04:06:05","guid":{"rendered":"http:\/\/quehacerpolitico.mx\/activa-la-pgjcdmx-alerta-amber-para-localizar-a-una-menor-extraviada-en-gustavo-a-madero\/"},"modified":"2019-01-09T04:06:05","modified_gmt":"2019-01-09T04:06:05","slug":"activa-la-pgjcdmx-alerta-amber-para-localizar-a-una-menor-extraviada-en-gustavo-a-madero","status":"publish","type":"post","link":"https:\/\/quehacerpolitico.mx\/?p=13751","title":{"rendered":"ACTIVA LA PGJCDMX ALERTA AMBER PARA LOCALIZAR A UNA MENOR EXTRAVIADA EN GUSTAVO A. MADERO"},"content":{"rendered":"<h3 class=\"post-title entry-title\">ACTIVA LA PGJCDMX ALERTA AMBER PARA LOCALIZAR A UNA MENOR EXTRAVIADA EN GUSTAVO A. MADERO<\/h3>\n<p>Por Redacci\u00f3n QP<\/p>\n<p class=\"yiv2071432753MsoNormal\"><span id=\"yMail_cursorElementTracker_1546991877167\" lang=\"ES\">La Fiscal\u00eda Especializada en la B\u00fasqueda, Localizaci\u00f3n e Investigaci\u00f3n de Personas Desaparecidas emiti\u00f3 el bolet\u00edn de b\u00fasqueda, con la leyenda de urgente, donde se informa la desaparici\u00f3n de la menor.La Procuradur\u00eda General de Justicia de la Ciudad de M\u00e9xico activ\u00f3 la Alerta Amber para localizar a Denisse Jacobo Rodr\u00edguez, de 14 a\u00f1os, de quien se desconoce su paradero desde el 7 de enero, cuando fue vista por \u00faltima vez en la colonia San Felipe de Jes\u00fas, alcald\u00eda Gustavo A. Madero.<\/span><\/p>\n<p class=\"yiv2071432753MsoNormal\"><span id=\"yMail_cursorElementTracker_1546991873034\" lang=\"ES\">Como se\u00f1a particular, Denisse tiene un lunar en el lado izquierdo del labio superior. El d\u00eda que desapareci\u00f3 vest\u00eda pantal\u00f3n de mezclilla, sudadera y tenis color negro.<\/span><\/p>\n<p class=\"yiv2071432753MsoNormal\"><span lang=\"ES\">Para mayores informes, comunicarse al tel\u00e9fono <a href=\"tel:5345 5067\">5345 5067<\/a>, con terminaciones 84 y 82, o acudir a la fiscal\u00eda ubicada en la calle Doctor Andrade 103, colonia Doctores, en la alcald\u00eda Cuauht\u00e9moc, adem\u00e1s de consultar la p\u00e1gina www.pgj.cdmx.gob.mx<\/span><\/p>\n","protected":false},"excerpt":{"rendered":"<p>ACTIVA LA PGJCDMX ALERTA AMBER PARA LOCALIZAR A UNA MENOR EXTRAVIADA EN GUSTAVO A. MADERO<br \/>\nPor Redacci\u00f3n QP<\/p>\n","protected":false},"author":2,"featured_media":13750,"comment_status":"open","ping_status":"open","sticky":false,"template":"","format":"standard","meta":{"_monsterinsights_skip_tracking":false,"_monsterinsights_sitenote_active":false,"_monsterinsights_sitenote_note":"","_monsterinsights_sitenote_category":0,"footnotes":""},"categories":[55],"tags":[],"class_list":["post-13751","post","type-post","status-publish","format-standard","has-post-thumbnail","hentry","category-cdmx"],"yoast_head":"<!-- This site is optimized with the Yoast SEO plugin v27.3 - https:\/\/yoast.com\/product\/yoast-seo-wordpress\/ -->\n<title>ACTIVA LA PGJCDMX ALERTA AMBER PARA LOCALIZAR A UNA MENOR EXTRAVIADA EN GUSTAVO A. MADERO -<\/title>\n<meta name=\"robots\" content=\"index, follow, max-snippet:-1, max-image-preview:large, max-video-preview:-1\" \/>\n<link rel=\"canonical\" href=\"https:\/\/quehacerpolitico.mx\/?p=13751\" \/>\n<meta property=\"og:locale\" content=\"es_MX\" \/>\n<meta property=\"og:type\" content=\"article\" \/>\n<meta property=\"og:title\" content=\"ACTIVA LA PGJCDMX ALERTA AMBER PARA LOCALIZAR A UNA MENOR EXTRAVIADA EN GUSTAVO A. MADERO -\" \/>\n<meta property=\"og:description\" content=\"ACTIVA LA PGJCDMX ALERTA AMBER PARA LOCALIZAR A UNA MENOR EXTRAVIADA EN GUSTAVO A. MADERO Por Redacci\u00f3n QP\" \/>\n<meta property=\"og:url\" content=\"https:\/\/quehacerpolitico.mx\/?p=13751\" \/>\n<meta property=\"article:published_time\" content=\"2019-01-09T04:06:05+00:00\" \/>\n<meta name=\"author\" content=\"Redacci\u00f3n QP\" \/>\n<meta name=\"twitter:card\" content=\"summary_large_image\" \/>\n<meta name=\"twitter:label1\" content=\"Escrito por\" \/>\n\t<meta name=\"twitter:data1\" content=\"Redacci\u00f3n QP\" \/>\n\t<meta name=\"twitter:label2\" content=\"Tiempo de lectura\" \/>\n\t<meta name=\"twitter:data2\" content=\"1 minuto\" \/>\n<script type=\"application\/ld+json\" class=\"yoast-schema-graph\">{\"@context\":\"https:\\\/\\\/schema.org\",\"@graph\":[{\"@type\":\"Article\",\"@id\":\"https:\\\/\\\/quehacerpolitico.mx\\\/?p=13751#article\",\"isPartOf\":{\"@id\":\"https:\\\/\\\/quehacerpolitico.mx\\\/?p=13751\"},\"author\":{\"name\":\"Redacci\u00f3n QP\",\"@id\":\"https:\\\/\\\/quehacerpolitico.mx\\\/#\\\/schema\\\/person\\\/496d8ad2d1d3f8036101dca7ee39e585\"},\"headline\":\"ACTIVA LA PGJCDMX ALERTA AMBER PARA LOCALIZAR A UNA MENOR EXTRAVIADA EN GUSTAVO A. MADERO\",\"datePublished\":\"2019-01-09T04:06:05+00:00\",\"mainEntityOfPage\":{\"@id\":\"https:\\\/\\\/quehacerpolitico.mx\\\/?p=13751\"},\"wordCount\":199,\"commentCount\":0,\"image\":{\"@id\":\"https:\\\/\\\/quehacerpolitico.mx\\\/?p=13751#primaryimage\"},\"thumbnailUrl\":\"\",\"articleSection\":[\"CDMX\"],\"inLanguage\":\"es\",\"potentialAction\":[{\"@type\":\"CommentAction\",\"name\":\"Comment\",\"target\":[\"https:\\\/\\\/quehacerpolitico.mx\\\/?p=13751#respond\"]}]},{\"@type\":\"WebPage\",\"@id\":\"https:\\\/\\\/quehacerpolitico.mx\\\/?p=13751\",\"url\":\"https:\\\/\\\/quehacerpolitico.mx\\\/?p=13751\",\"name\":\"ACTIVA LA PGJCDMX ALERTA AMBER PARA LOCALIZAR A UNA MENOR EXTRAVIADA EN GUSTAVO A. MADERO -\",\"isPartOf\":{\"@id\":\"https:\\\/\\\/quehacerpolitico.mx\\\/#website\"},\"primaryImageOfPage\":{\"@id\":\"https:\\\/\\\/quehacerpolitico.mx\\\/?p=13751#primaryimage\"},\"image\":{\"@id\":\"https:\\\/\\\/quehacerpolitico.mx\\\/?p=13751#primaryimage\"},\"thumbnailUrl\":\"\",\"datePublished\":\"2019-01-09T04:06:05+00:00\",\"author\":{\"@id\":\"https:\\\/\\\/quehacerpolitico.mx\\\/#\\\/schema\\\/person\\\/496d8ad2d1d3f8036101dca7ee39e585\"},\"breadcrumb\":{\"@id\":\"https:\\\/\\\/quehacerpolitico.mx\\\/?p=13751#breadcrumb\"},\"inLanguage\":\"es\",\"potentialAction\":[{\"@type\":\"ReadAction\",\"target\":[\"https:\\\/\\\/quehacerpolitico.mx\\\/?p=13751\"]}]},{\"@type\":\"ImageObject\",\"inLanguage\":\"es\",\"@id\":\"https:\\\/\\\/quehacerpolitico.mx\\\/?p=13751#primaryimage\",\"url\":\"\",\"contentUrl\":\"\"},{\"@type\":\"BreadcrumbList\",\"@id\":\"https:\\\/\\\/quehacerpolitico.mx\\\/?p=13751#breadcrumb\",\"itemListElement\":[{\"@type\":\"ListItem\",\"position\":1,\"name\":\"Inicio\",\"item\":\"https:\\\/\\\/quehacerpolitico.mx\\\/\"},{\"@type\":\"ListItem\",\"position\":2,\"name\":\"ACTIVA LA PGJCDMX ALERTA AMBER PARA LOCALIZAR A UNA MENOR EXTRAVIADA EN GUSTAVO A. MADERO\"}]},{\"@type\":\"WebSite\",\"@id\":\"https:\\\/\\\/quehacerpolitico.mx\\\/#website\",\"url\":\"https:\\\/\\\/quehacerpolitico.mx\\\/\",\"name\":\"\",\"description\":\"\",\"potentialAction\":[{\"@type\":\"SearchAction\",\"target\":{\"@type\":\"EntryPoint\",\"urlTemplate\":\"https:\\\/\\\/quehacerpolitico.mx\\\/?s={search_term_string}\"},\"query-input\":{\"@type\":\"PropertyValueSpecification\",\"valueRequired\":true,\"valueName\":\"search_term_string\"}}],\"inLanguage\":\"es\"},{\"@type\":\"Person\",\"@id\":\"https:\\\/\\\/quehacerpolitico.mx\\\/#\\\/schema\\\/person\\\/496d8ad2d1d3f8036101dca7ee39e585\",\"name\":\"Redacci\u00f3n QP\",\"image\":{\"@type\":\"ImageObject\",\"inLanguage\":\"es\",\"@id\":\"https:\\\/\\\/secure.gravatar.com\\\/avatar\\\/c7164ed6fdec453195284ad24a5ae5b6e1eed2b848477fa2a4787ba9adf39a41?s=96&d=mm&r=g\",\"url\":\"https:\\\/\\\/secure.gravatar.com\\\/avatar\\\/c7164ed6fdec453195284ad24a5ae5b6e1eed2b848477fa2a4787ba9adf39a41?s=96&d=mm&r=g\",\"contentUrl\":\"https:\\\/\\\/secure.gravatar.com\\\/avatar\\\/c7164ed6fdec453195284ad24a5ae5b6e1eed2b848477fa2a4787ba9adf39a41?s=96&d=mm&r=g\",\"caption\":\"Redacci\u00f3n QP\"},\"url\":\"https:\\\/\\\/quehacerpolitico.mx\\\/?author=2\"}]}<\/script>\n<!-- \/ Yoast SEO plugin. -->","yoast_head_json":{"title":"ACTIVA LA PGJCDMX ALERTA AMBER PARA LOCALIZAR A UNA MENOR EXTRAVIADA EN GUSTAVO A. MADERO -","robots":{"index":"index","follow":"follow","max-snippet":"max-snippet:-1","max-image-preview":"max-image-preview:large","max-video-preview":"max-video-preview:-1"},"canonical":"https:\/\/quehacerpolitico.mx\/?p=13751","og_locale":"es_MX","og_type":"article","og_title":"ACTIVA LA PGJCDMX ALERTA AMBER PARA LOCALIZAR A UNA MENOR EXTRAVIADA EN GUSTAVO A. MADERO -","og_description":"ACTIVA LA PGJCDMX ALERTA AMBER PARA LOCALIZAR A UNA MENOR EXTRAVIADA EN GUSTAVO A. MADERO Por Redacci\u00f3n QP","og_url":"https:\/\/quehacerpolitico.mx\/?p=13751","article_published_time":"2019-01-09T04:06:05+00:00","author":"Redacci\u00f3n QP","twitter_card":"summary_large_image","twitter_misc":{"Escrito por":"Redacci\u00f3n QP","Tiempo de lectura":"1 minuto"},"schema":{"@context":"https:\/\/schema.org","@graph":[{"@type":"Article","@id":"https:\/\/quehacerpolitico.mx\/?p=13751#article","isPartOf":{"@id":"https:\/\/quehacerpolitico.mx\/?p=13751"},"author":{"name":"Redacci\u00f3n QP","@id":"https:\/\/quehacerpolitico.mx\/#\/schema\/person\/496d8ad2d1d3f8036101dca7ee39e585"},"headline":"ACTIVA LA PGJCDMX ALERTA AMBER PARA LOCALIZAR A UNA MENOR EXTRAVIADA EN GUSTAVO A. MADERO","datePublished":"2019-01-09T04:06:05+00:00","mainEntityOfPage":{"@id":"https:\/\/quehacerpolitico.mx\/?p=13751"},"wordCount":199,"commentCount":0,"image":{"@id":"https:\/\/quehacerpolitico.mx\/?p=13751#primaryimage"},"thumbnailUrl":"","articleSection":["CDMX"],"inLanguage":"es","potentialAction":[{"@type":"CommentAction","name":"Comment","target":["https:\/\/quehacerpolitico.mx\/?p=13751#respond"]}]},{"@type":"WebPage","@id":"https:\/\/quehacerpolitico.mx\/?p=13751","url":"https:\/\/quehacerpolitico.mx\/?p=13751","name":"ACTIVA LA PGJCDMX ALERTA AMBER PARA LOCALIZAR A UNA MENOR EXTRAVIADA EN GUSTAVO A. MADERO -","isPartOf":{"@id":"https:\/\/quehacerpolitico.mx\/#website"},"primaryImageOfPage":{"@id":"https:\/\/quehacerpolitico.mx\/?p=13751#primaryimage"},"image":{"@id":"https:\/\/quehacerpolitico.mx\/?p=13751#primaryimage"},"thumbnailUrl":"","datePublished":"2019-01-09T04:06:05+00:00","author":{"@id":"https:\/\/quehacerpolitico.mx\/#\/schema\/person\/496d8ad2d1d3f8036101dca7ee39e585"},"breadcrumb":{"@id":"https:\/\/quehacerpolitico.mx\/?p=13751#breadcrumb"},"inLanguage":"es","potentialAction":[{"@type":"ReadAction","target":["https:\/\/quehacerpolitico.mx\/?p=13751"]}]},{"@type":"ImageObject","inLanguage":"es","@id":"https:\/\/quehacerpolitico.mx\/?p=13751#primaryimage","url":"","contentUrl":""},{"@type":"BreadcrumbList","@id":"https:\/\/quehacerpolitico.mx\/?p=13751#breadcrumb","itemListElement":[{"@type":"ListItem","position":1,"name":"Inicio","item":"https:\/\/quehacerpolitico.mx\/"},{"@type":"ListItem","position":2,"name":"ACTIVA LA PGJCDMX ALERTA AMBER PARA LOCALIZAR A UNA MENOR EXTRAVIADA EN GUSTAVO A. MADERO"}]},{"@type":"WebSite","@id":"https:\/\/quehacerpolitico.mx\/#website","url":"https:\/\/quehacerpolitico.mx\/","name":"","description":"","potentialAction":[{"@type":"SearchAction","target":{"@type":"EntryPoint","urlTemplate":"https:\/\/quehacerpolitico.mx\/?s={search_term_string}"},"query-input":{"@type":"PropertyValueSpecification","valueRequired":true,"valueName":"search_term_string"}}],"inLanguage":"es"},{"@type":"Person","@id":"https:\/\/quehacerpolitico.mx\/#\/schema\/person\/496d8ad2d1d3f8036101dca7ee39e585","name":"Redacci\u00f3n QP","image":{"@type":"ImageObject","inLanguage":"es","@id":"https:\/\/secure.gravatar.com\/avatar\/c7164ed6fdec453195284ad24a5ae5b6e1eed2b848477fa2a4787ba9adf39a41?s=96&d=mm&r=g","url":"https:\/\/secure.gravatar.com\/avatar\/c7164ed6fdec453195284ad24a5ae5b6e1eed2b848477fa2a4787ba9adf39a41?s=96&d=mm&r=g","contentUrl":"https:\/\/secure.gravatar.com\/avatar\/c7164ed6fdec453195284ad24a5ae5b6e1eed2b848477fa2a4787ba9adf39a41?s=96&d=mm&r=g","caption":"Redacci\u00f3n QP"},"url":"https:\/\/quehacerpolitico.mx\/?author=2"}]}},"featured_image_urls":{"full":"","thumbnail":"","medium":"","medium_large":"","large":"","1536x1536":"","2048x2048":"","covernews-featured":"","covernews-medium":""},"author_info":{"display_name":"Redacci\u00f3n QP","author_link":"https:\/\/quehacerpolitico.mx\/?author=2"},"category_info":"<a href=\"https:\/\/quehacerpolitico.mx\/?cat=55\" rel=\"category\">CDMX<\/a>","tag_info":"CDMX","comment_count":"0","_links":{"self":[{"href":"https:\/\/quehacerpolitico.mx\/index.php?rest_route=\/wp\/v2\/posts\/13751","targetHints":{"allow":["GET"]}}],"collection":[{"href":"https:\/\/quehacerpolitico.mx\/index.php?rest_route=\/wp\/v2\/posts"}],"about":[{"href":"https:\/\/quehacerpolitico.mx\/index.php?rest_route=\/wp\/v2\/types\/post"}],"author":[{"embeddable":true,"href":"https:\/\/quehacerpolitico.mx\/index.php?rest_route=\/wp\/v2\/users\/2"}],"replies":[{"embeddable":true,"href":"https:\/\/quehacerpolitico.mx\/index.php?rest_route=%2Fwp%2Fv2%2Fcomments&post=13751"}],"version-history":[{"count":0,"href":"https:\/\/quehacerpolitico.mx\/index.php?rest_route=\/wp\/v2\/posts\/13751\/revisions"}],"wp:featuredmedia":[{"embeddable":true,"href":"https:\/\/quehacerpolitico.mx\/index.php?rest_route=\/"}],"wp:attachment":[{"href":"https:\/\/quehacerpolitico.mx\/index.php?rest_route=%2Fwp%2Fv2%2Fmedia&parent=13751"}],"wp:term":[{"taxonomy":"category","embeddable":true,"href":"https:\/\/quehacerpolitico.mx\/index.php?rest_route=%2Fwp%2Fv2%2Fcategories&post=13751"},{"taxonomy":"post_tag","embeddable":true,"href":"https:\/\/quehacerpolitico.mx\/index.php?rest_route=%2Fwp%2Fv2%2Ftags&post=13751"}],"curies":[{"name":"wp","href":"https:\/\/api.w.org\/{rel}","templated":true}]}}