{"id":13749,"date":"2019-01-09T03:59:00","date_gmt":"2019-01-09T03:59:00","guid":{"rendered":"http:\/\/quehacerpolitico.mx\/piden-mando-civil-para-guardia-nacional-y-si-no-funciona-militar\/"},"modified":"2019-01-09T03:59:00","modified_gmt":"2019-01-09T03:59:00","slug":"piden-mando-civil-para-guardia-nacional-y-si-no-funciona-militar","status":"publish","type":"post","link":"https:\/\/quehacerpolitico.mx\/?p=13749","title":{"rendered":"Piden mando civil para Guardia Nacional y si no funciona\u2026 militar"},"content":{"rendered":"<h1 class=\"news-title\">Piden mando civil para Guardia Nacional y si no funciona\u2026 militar<\/h1>\n<p>Por Redacci\u00f3n QP<\/p>\n<header class=\"news-header\">\n<div class=\"news-subtitle\">\n<p>La Conago\u00a0entreg\u00f3 una propuesta en la que plantea que por cinco a\u00f1os el mando de la Guardia sea civil; si no cesa la crisis de violencia, pasa\u00a0a la Sedena<\/p>\n<\/div>\n<\/header>\n<div class=\"news-content\">\n<div class=\"news-body row\">\n<p>El presidente de la Conferencia Nacional de Gobernadores (Conago), Alejandro Moreno C\u00e1rdenas, entreg\u00f3 a la Junta de Coordinaci\u00f3n Pol\u00edtica de la Canara de Diputados una propuesta de modificaciones al dictamen para reformar la Constituci\u00f3n y crear la Guardia Nacional, en la que plantea que por cinco a\u00f1os el mando de la misma sea civil y si no cesa la crisis de violencia, entonces quede adscrita a la Secretar\u00eda de la Defensa Nacional (Sedena).<\/p>\n<p>Contrario a lo que plantea el dictamen de la Comisi\u00f3n de Puntos Constitucionales, que por los primeros cinco a\u00f1os de vida la Guardia Nacional tenga un mando operativo en la Sedena y luego pase a la Secretar\u00eda de Seguridad P\u00fablica y Protecci\u00f3n Ciudadana, <strong>los gobernadores plantean la incorporaci\u00f3n del nuevo cuerpo de seguridad a la Sedena en caso de no resolver el problema de seguridad en el pa\u00eds.<\/strong><\/p>\n<p>En el transitorio quinto de la propuesta de los gobernadores se especifica que &#8220;en tanto persista la emergencia de violencia e inseguridad en el pa\u00eds y por un plazo m\u00e1ximo de 5 a\u00f1os, como excepci\u00f3n a lo dispuesto en los art\u00edculos 21, p\u00e1rrafo d\u00e9cimo segundo, y 129 de la Constituci\u00f3n, la Guardia Nacional ser\u00e1 adscrita a la dependencia del ramo de la Defensa Nacional&#8221;.<\/p>\n<p>Y es en el art\u00edculo 21 que pretenden dejar en claro que la Guardia Nacional es de car\u00e1cter civil, al <strong>incluirla como una instituci\u00f3n de seguridad p\u00fablica; y especifican que este nuevo cuerpo deber\u00e1 coordinarse con el Ministerio P\u00fablico y las instituciones policiales de los tres niveles.<\/strong><\/p>\n<p>En el documento, los gobernadores tambi\u00e9n proponen especificar que <strong>la investigaci\u00f3n de delitos corresponde \u00fanicamente al Ministerio P\u00fablico, con el apoyo de las polic\u00edas y la Guardia Nacional, mismas que siempre actuar\u00e1n bajo conducci\u00f3n jur\u00eddica del mismo.<\/strong><\/p>\n<p>&#8220;La Guardia Nacional es una instituci\u00f3n del Estado que participar\u00e1 en la salvaguarda de la libertad, la vida, la integridad y el pleno ejercicio de los derechos de las personas, protegiendo su integridad y patrimonio, as\u00ed como los bienes de la Naci\u00f3n&#8221;, agregan los gobernadores.<\/p>\n<p>En los art\u00edculos transitorios, la Conago propone que <strong>las leyes reglamentarias de la Guardia Nacional, su ley org\u00e1nica y la de regulaci\u00f3n del uso de la fuerza, sean expedidas por el Congreso de la Uni\u00f3n en los 60 d\u00edas posteriores a la entrada en vigor de las reformas constitucionales<\/strong> y no en 90 d\u00edas, como lo propone el dictamen de la Comisi\u00f3n.<\/p>\n<\/div>\n<\/div>\n","protected":false},"excerpt":{"rendered":"<p>Piden mando civil para Guardia Nacional y si no funciona\u2026 militar<br \/>\nPor Redacci\u00f3n QP<\/p>\n","protected":false},"author":2,"featured_media":13748,"comment_status":"open","ping_status":"open","sticky":false,"template":"","format":"standard","meta":{"_monsterinsights_skip_tracking":false,"_monsterinsights_sitenote_active":false,"_monsterinsights_sitenote_note":"","_monsterinsights_sitenote_category":0,"footnotes":""},"categories":[2],"tags":[],"class_list":["post-13749","post","type-post","status-publish","format-standard","has-post-thumbnail","hentry","category-noticias"],"yoast_head":"<!-- This site is optimized with the Yoast SEO plugin v27.3 - https:\/\/yoast.com\/product\/yoast-seo-wordpress\/ -->\n<title>Piden mando civil para Guardia Nacional y si no funciona\u2026 militar -<\/title>\n<meta name=\"robots\" content=\"index, follow, max-snippet:-1, max-image-preview:large, max-video-preview:-1\" \/>\n<link rel=\"canonical\" href=\"https:\/\/quehacerpolitico.mx\/?p=13749\" \/>\n<meta property=\"og:locale\" content=\"es_MX\" \/>\n<meta property=\"og:type\" content=\"article\" \/>\n<meta property=\"og:title\" content=\"Piden mando civil para Guardia Nacional y si no funciona\u2026 militar -\" \/>\n<meta property=\"og:description\" content=\"Piden mando civil para Guardia Nacional y si no funciona\u2026 militar Por Redacci\u00f3n QP\" \/>\n<meta property=\"og:url\" content=\"https:\/\/quehacerpolitico.mx\/?p=13749\" \/>\n<meta property=\"article:published_time\" content=\"2019-01-09T03:59:00+00:00\" \/>\n<meta name=\"author\" content=\"Redacci\u00f3n QP\" \/>\n<meta name=\"twitter:card\" content=\"summary_large_image\" \/>\n<meta name=\"twitter:label1\" content=\"Escrito por\" \/>\n\t<meta name=\"twitter:data1\" content=\"Redacci\u00f3n QP\" \/>\n\t<meta name=\"twitter:label2\" content=\"Tiempo de lectura\" \/>\n\t<meta name=\"twitter:data2\" content=\"2 minutos\" \/>\n<script type=\"application\/ld+json\" class=\"yoast-schema-graph\">{\"@context\":\"https:\\\/\\\/schema.org\",\"@graph\":[{\"@type\":\"Article\",\"@id\":\"https:\\\/\\\/quehacerpolitico.mx\\\/?p=13749#article\",\"isPartOf\":{\"@id\":\"https:\\\/\\\/quehacerpolitico.mx\\\/?p=13749\"},\"author\":{\"name\":\"Redacci\u00f3n QP\",\"@id\":\"https:\\\/\\\/quehacerpolitico.mx\\\/#\\\/schema\\\/person\\\/496d8ad2d1d3f8036101dca7ee39e585\"},\"headline\":\"Piden mando civil para Guardia Nacional y si no funciona\u2026 militar\",\"datePublished\":\"2019-01-09T03:59:00+00:00\",\"mainEntityOfPage\":{\"@id\":\"https:\\\/\\\/quehacerpolitico.mx\\\/?p=13749\"},\"wordCount\":490,\"commentCount\":0,\"image\":{\"@id\":\"https:\\\/\\\/quehacerpolitico.mx\\\/?p=13749#primaryimage\"},\"thumbnailUrl\":\"\",\"articleSection\":[\"Noticias\"],\"inLanguage\":\"es\",\"potentialAction\":[{\"@type\":\"CommentAction\",\"name\":\"Comment\",\"target\":[\"https:\\\/\\\/quehacerpolitico.mx\\\/?p=13749#respond\"]}]},{\"@type\":\"WebPage\",\"@id\":\"https:\\\/\\\/quehacerpolitico.mx\\\/?p=13749\",\"url\":\"https:\\\/\\\/quehacerpolitico.mx\\\/?p=13749\",\"name\":\"Piden mando civil para Guardia Nacional y si no funciona\u2026 militar -\",\"isPartOf\":{\"@id\":\"https:\\\/\\\/quehacerpolitico.mx\\\/#website\"},\"primaryImageOfPage\":{\"@id\":\"https:\\\/\\\/quehacerpolitico.mx\\\/?p=13749#primaryimage\"},\"image\":{\"@id\":\"https:\\\/\\\/quehacerpolitico.mx\\\/?p=13749#primaryimage\"},\"thumbnailUrl\":\"\",\"datePublished\":\"2019-01-09T03:59:00+00:00\",\"author\":{\"@id\":\"https:\\\/\\\/quehacerpolitico.mx\\\/#\\\/schema\\\/person\\\/496d8ad2d1d3f8036101dca7ee39e585\"},\"breadcrumb\":{\"@id\":\"https:\\\/\\\/quehacerpolitico.mx\\\/?p=13749#breadcrumb\"},\"inLanguage\":\"es\",\"potentialAction\":[{\"@type\":\"ReadAction\",\"target\":[\"https:\\\/\\\/quehacerpolitico.mx\\\/?p=13749\"]}]},{\"@type\":\"ImageObject\",\"inLanguage\":\"es\",\"@id\":\"https:\\\/\\\/quehacerpolitico.mx\\\/?p=13749#primaryimage\",\"url\":\"\",\"contentUrl\":\"\"},{\"@type\":\"BreadcrumbList\",\"@id\":\"https:\\\/\\\/quehacerpolitico.mx\\\/?p=13749#breadcrumb\",\"itemListElement\":[{\"@type\":\"ListItem\",\"position\":1,\"name\":\"Inicio\",\"item\":\"https:\\\/\\\/quehacerpolitico.mx\\\/\"},{\"@type\":\"ListItem\",\"position\":2,\"name\":\"Piden mando civil para Guardia Nacional y si no funciona\u2026 militar\"}]},{\"@type\":\"WebSite\",\"@id\":\"https:\\\/\\\/quehacerpolitico.mx\\\/#website\",\"url\":\"https:\\\/\\\/quehacerpolitico.mx\\\/\",\"name\":\"\",\"description\":\"\",\"potentialAction\":[{\"@type\":\"SearchAction\",\"target\":{\"@type\":\"EntryPoint\",\"urlTemplate\":\"https:\\\/\\\/quehacerpolitico.mx\\\/?s={search_term_string}\"},\"query-input\":{\"@type\":\"PropertyValueSpecification\",\"valueRequired\":true,\"valueName\":\"search_term_string\"}}],\"inLanguage\":\"es\"},{\"@type\":\"Person\",\"@id\":\"https:\\\/\\\/quehacerpolitico.mx\\\/#\\\/schema\\\/person\\\/496d8ad2d1d3f8036101dca7ee39e585\",\"name\":\"Redacci\u00f3n QP\",\"image\":{\"@type\":\"ImageObject\",\"inLanguage\":\"es\",\"@id\":\"https:\\\/\\\/secure.gravatar.com\\\/avatar\\\/c7164ed6fdec453195284ad24a5ae5b6e1eed2b848477fa2a4787ba9adf39a41?s=96&d=mm&r=g\",\"url\":\"https:\\\/\\\/secure.gravatar.com\\\/avatar\\\/c7164ed6fdec453195284ad24a5ae5b6e1eed2b848477fa2a4787ba9adf39a41?s=96&d=mm&r=g\",\"contentUrl\":\"https:\\\/\\\/secure.gravatar.com\\\/avatar\\\/c7164ed6fdec453195284ad24a5ae5b6e1eed2b848477fa2a4787ba9adf39a41?s=96&d=mm&r=g\",\"caption\":\"Redacci\u00f3n QP\"},\"url\":\"https:\\\/\\\/quehacerpolitico.mx\\\/?author=2\"}]}<\/script>\n<!-- \/ Yoast SEO plugin. -->","yoast_head_json":{"title":"Piden mando civil para Guardia Nacional y si no funciona\u2026 militar -","robots":{"index":"index","follow":"follow","max-snippet":"max-snippet:-1","max-image-preview":"max-image-preview:large","max-video-preview":"max-video-preview:-1"},"canonical":"https:\/\/quehacerpolitico.mx\/?p=13749","og_locale":"es_MX","og_type":"article","og_title":"Piden mando civil para Guardia Nacional y si no funciona\u2026 militar -","og_description":"Piden mando civil para Guardia Nacional y si no funciona\u2026 militar Por Redacci\u00f3n QP","og_url":"https:\/\/quehacerpolitico.mx\/?p=13749","article_published_time":"2019-01-09T03:59:00+00:00","author":"Redacci\u00f3n QP","twitter_card":"summary_large_image","twitter_misc":{"Escrito por":"Redacci\u00f3n QP","Tiempo de lectura":"2 minutos"},"schema":{"@context":"https:\/\/schema.org","@graph":[{"@type":"Article","@id":"https:\/\/quehacerpolitico.mx\/?p=13749#article","isPartOf":{"@id":"https:\/\/quehacerpolitico.mx\/?p=13749"},"author":{"name":"Redacci\u00f3n QP","@id":"https:\/\/quehacerpolitico.mx\/#\/schema\/person\/496d8ad2d1d3f8036101dca7ee39e585"},"headline":"Piden mando civil para Guardia Nacional y si no funciona\u2026 militar","datePublished":"2019-01-09T03:59:00+00:00","mainEntityOfPage":{"@id":"https:\/\/quehacerpolitico.mx\/?p=13749"},"wordCount":490,"commentCount":0,"image":{"@id":"https:\/\/quehacerpolitico.mx\/?p=13749#primaryimage"},"thumbnailUrl":"","articleSection":["Noticias"],"inLanguage":"es","potentialAction":[{"@type":"CommentAction","name":"Comment","target":["https:\/\/quehacerpolitico.mx\/?p=13749#respond"]}]},{"@type":"WebPage","@id":"https:\/\/quehacerpolitico.mx\/?p=13749","url":"https:\/\/quehacerpolitico.mx\/?p=13749","name":"Piden mando civil para Guardia Nacional y si no funciona\u2026 militar -","isPartOf":{"@id":"https:\/\/quehacerpolitico.mx\/#website"},"primaryImageOfPage":{"@id":"https:\/\/quehacerpolitico.mx\/?p=13749#primaryimage"},"image":{"@id":"https:\/\/quehacerpolitico.mx\/?p=13749#primaryimage"},"thumbnailUrl":"","datePublished":"2019-01-09T03:59:00+00:00","author":{"@id":"https:\/\/quehacerpolitico.mx\/#\/schema\/person\/496d8ad2d1d3f8036101dca7ee39e585"},"breadcrumb":{"@id":"https:\/\/quehacerpolitico.mx\/?p=13749#breadcrumb"},"inLanguage":"es","potentialAction":[{"@type":"ReadAction","target":["https:\/\/quehacerpolitico.mx\/?p=13749"]}]},{"@type":"ImageObject","inLanguage":"es","@id":"https:\/\/quehacerpolitico.mx\/?p=13749#primaryimage","url":"","contentUrl":""},{"@type":"BreadcrumbList","@id":"https:\/\/quehacerpolitico.mx\/?p=13749#breadcrumb","itemListElement":[{"@type":"ListItem","position":1,"name":"Inicio","item":"https:\/\/quehacerpolitico.mx\/"},{"@type":"ListItem","position":2,"name":"Piden mando civil para Guardia Nacional y si no funciona\u2026 militar"}]},{"@type":"WebSite","@id":"https:\/\/quehacerpolitico.mx\/#website","url":"https:\/\/quehacerpolitico.mx\/","name":"","description":"","potentialAction":[{"@type":"SearchAction","target":{"@type":"EntryPoint","urlTemplate":"https:\/\/quehacerpolitico.mx\/?s={search_term_string}"},"query-input":{"@type":"PropertyValueSpecification","valueRequired":true,"valueName":"search_term_string"}}],"inLanguage":"es"},{"@type":"Person","@id":"https:\/\/quehacerpolitico.mx\/#\/schema\/person\/496d8ad2d1d3f8036101dca7ee39e585","name":"Redacci\u00f3n QP","image":{"@type":"ImageObject","inLanguage":"es","@id":"https:\/\/secure.gravatar.com\/avatar\/c7164ed6fdec453195284ad24a5ae5b6e1eed2b848477fa2a4787ba9adf39a41?s=96&d=mm&r=g","url":"https:\/\/secure.gravatar.com\/avatar\/c7164ed6fdec453195284ad24a5ae5b6e1eed2b848477fa2a4787ba9adf39a41?s=96&d=mm&r=g","contentUrl":"https:\/\/secure.gravatar.com\/avatar\/c7164ed6fdec453195284ad24a5ae5b6e1eed2b848477fa2a4787ba9adf39a41?s=96&d=mm&r=g","caption":"Redacci\u00f3n QP"},"url":"https:\/\/quehacerpolitico.mx\/?author=2"}]}},"featured_image_urls":{"full":"","thumbnail":"","medium":"","medium_large":"","large":"","1536x1536":"","2048x2048":"","covernews-featured":"","covernews-medium":""},"author_info":{"display_name":"Redacci\u00f3n QP","author_link":"https:\/\/quehacerpolitico.mx\/?author=2"},"category_info":"<a href=\"https:\/\/quehacerpolitico.mx\/?cat=2\" rel=\"category\">Noticias<\/a>","tag_info":"Noticias","comment_count":"0","_links":{"self":[{"href":"https:\/\/quehacerpolitico.mx\/index.php?rest_route=\/wp\/v2\/posts\/13749","targetHints":{"allow":["GET"]}}],"collection":[{"href":"https:\/\/quehacerpolitico.mx\/index.php?rest_route=\/wp\/v2\/posts"}],"about":[{"href":"https:\/\/quehacerpolitico.mx\/index.php?rest_route=\/wp\/v2\/types\/post"}],"author":[{"embeddable":true,"href":"https:\/\/quehacerpolitico.mx\/index.php?rest_route=\/wp\/v2\/users\/2"}],"replies":[{"embeddable":true,"href":"https:\/\/quehacerpolitico.mx\/index.php?rest_route=%2Fwp%2Fv2%2Fcomments&post=13749"}],"version-history":[{"count":0,"href":"https:\/\/quehacerpolitico.mx\/index.php?rest_route=\/wp\/v2\/posts\/13749\/revisions"}],"wp:featuredmedia":[{"embeddable":true,"href":"https:\/\/quehacerpolitico.mx\/index.php?rest_route=\/"}],"wp:attachment":[{"href":"https:\/\/quehacerpolitico.mx\/index.php?rest_route=%2Fwp%2Fv2%2Fmedia&parent=13749"}],"wp:term":[{"taxonomy":"category","embeddable":true,"href":"https:\/\/quehacerpolitico.mx\/index.php?rest_route=%2Fwp%2Fv2%2Fcategories&post=13749"},{"taxonomy":"post_tag","embeddable":true,"href":"https:\/\/quehacerpolitico.mx\/index.php?rest_route=%2Fwp%2Fv2%2Ftags&post=13749"}],"curies":[{"name":"wp","href":"https:\/\/api.w.org\/{rel}","templated":true}]}}