{"id":13549,"date":"2019-01-07T04:07:47","date_gmt":"2019-01-07T04:07:47","guid":{"rendered":"http:\/\/quehacerpolitico.mx\/muchas-gracias-mexico-cuaron-mejor-director-y-roma-pelicula-extranjera-en-los-golden-globes\/"},"modified":"2019-01-07T04:07:47","modified_gmt":"2019-01-07T04:07:47","slug":"muchas-gracias-mexico-cuaron-mejor-director-y-roma-pelicula-extranjera-en-los-golden-globes","status":"publish","type":"post","link":"https:\/\/quehacerpolitico.mx\/?p=13549","title":{"rendered":"\u201cMuchas gracias, M\u00e9xico\u201d: Cuar\u00f3n Mejor Director y Roma Pel\u00edcula Extranjera, en los Golden Globes"},"content":{"rendered":"<h1>\u201cMuchas gracias, M\u00e9xico\u201d: Cuar\u00f3n Mejor Director y <em>Roma<\/em> Pel\u00edcula Extranjera, en los Golden Globes<\/h1>\n<p>Por Redacci\u00f3n QP<\/p>\n<p>https:\/\/www.facebook.com\/994325240770992\/videos\/234465714159817\/<\/p>\n<p>El mexicano <strong>Alfonso Cuar\u00f3n<\/strong> gan\u00f3 hoy el trofeo al mejor director, por la cinta\u00a0<strong><em>Roma,\u00a0<\/em><\/strong>en la <strong>76 edici\u00f3n de los Globos de Oro<\/strong>. Sus contrincantes eran Bradley Cooper (<em>A Star is Born<\/em>), Peter Farrelly (<em>Green Book<\/em>), Spike Lee (<em>BlacKkKlansman<\/em>) y Adam McKay (<em>Vice<\/em>).<\/p>\n<blockquote class=\"twitter-tweet\" data-width=\"550\" data-dnt=\"true\">\n<p lang=\"ro\" dir=\"ltr\">Congratulations to Alfonso Cuar\u00f3n (<a href=\"https:\/\/twitter.com\/alfonsocuaron?ref_src=twsrc%5Etfw\">@alfonsocuaron<\/a>) &#8211; Best Director &#8211; Motion Picture &#8211; Roma (<a href=\"https:\/\/twitter.com\/ROMACuaron?ref_src=twsrc%5Etfw\">@ROMACuaron<\/a>). &#8211; <a href=\"https:\/\/twitter.com\/hashtag\/GoldenGlobes?src=hash&amp;ref_src=twsrc%5Etfw\">#GoldenGlobes<\/a> <a href=\"https:\/\/t.co\/ItyAfVmfSH\">pic.twitter.com\/ItyAfVmfSH<\/a><\/p>\n<p>&mdash; Golden Globe Awards (@goldenglobes) <a href=\"https:\/\/twitter.com\/goldenglobes\/status\/1082113564150685696?ref_src=twsrc%5Etfw\">January 7, 2019<\/a><\/p><\/blockquote>\n<p><script async src=\"https:\/\/platform.twitter.com\/widgets.js\" charset=\"utf-8\"><\/script><\/p>\n<p><strong>Momentos antes<\/strong><em><strong>, Roma<\/strong><\/em>, del cineasta mexicano <strong>Alfonso Cuar\u00f3n<\/strong>, se llev\u00f3 hoy el premio a la <strong>Mejor pel\u00edcula extranjera<\/strong> en la <strong>76 edici\u00f3n de los Globos de Oro<\/strong>. Sus rivales eran <em>Capernaum<\/em> (L\u00edbano),<em> Girl<\/em> (B\u00e9lgica), <em>Shoplifters<\/em> (Jap\u00f3n) y <em>Never Look Away\u00a0<\/em>(Alemania).<\/p>\n<blockquote class=\"twitter-tweet\" data-width=\"550\" data-dnt=\"true\">\n<p lang=\"en\" dir=\"ltr\">Congratulations to Roma (Mexico) (<a href=\"https:\/\/twitter.com\/ROMACuaron?ref_src=twsrc%5Etfw\">@ROMACuaron<\/a>) &#8211; Best Motion Picture &#8211; Foreign Language. &#8211; <a href=\"https:\/\/twitter.com\/hashtag\/GoldenGlobes?src=hash&amp;ref_src=twsrc%5Etfw\">#GoldenGlobes<\/a> <a href=\"https:\/\/t.co\/kSFHuSlbFK\">pic.twitter.com\/kSFHuSlbFK<\/a><\/p>\n<p>&mdash; Golden Globe Awards (@goldenglobes) <a href=\"https:\/\/twitter.com\/goldenglobes\/status\/1082107394807627778?ref_src=twsrc%5Etfw\">January 7, 2019<\/a><\/p><\/blockquote>\n<p><script async src=\"https:\/\/platform.twitter.com\/widgets.js\" charset=\"utf-8\"><\/script><\/p>\n<p>La ceremonia de la <strong>76 edici\u00f3n de los Globos de Oro<\/strong>, los galardones que entrega anualmente la <strong>Asociaci\u00f3n de la Prensa Extranjera de Hollywood (HFPA)<\/strong>, comenz\u00f3 hoy en el hotel <strong>Beverly Hilton de Los \u00c1ngeles<\/strong>, Estados Unidos.<\/p>\n<p>Los actores <strong>Andy Samberg<\/strong> y <strong>Sandra Oh<\/strong> son los presentadores de una gala que, tradicionalmente, da el pistoletazo de salida cada a\u00f1o a la temporada de premios en Hollywood.<\/p>\n<p>La cinta <strong><em>Vice<\/em><\/strong>, sobre el ex Vicepresidente estadounidense Dick Cheney, parte como favorita con seis nominaciones seguida de <strong><em>The Favourite<\/em><\/strong>, <strong><em>Green Book<\/em><\/strong>\u00a0y <strong><em>A Star is Born<\/em><\/strong>, todas ellas con cinco nominaciones cada una.<\/p>\n<p><em><strong>Roma<\/strong><\/em>, del mexicano <strong>Alfonso Cuar\u00f3n<\/strong>, tambi\u00e9n cuenta con grandes opciones gracias a sus tres candidaturas: mejor pel\u00edcula extranjera, mejor director y mejor guion.<\/p>\n<p>En cuanto a la peque\u00f1a pantalla, la serie limitada <em>American Crime Story: The Assassination of Gianni Versace<\/em>\u00a0lider\u00f3 las nominaciones con cuatro candidaturas.<\/p>\n<p>Tambi\u00e9n figuran como aspirantes notables otras producciones televisivas como <strong><em>The Americans<\/em><\/strong>, <em>Barry<\/em>, <em>Homecoming<\/em>, <em>Sharp Objects<\/em>, <em>The Marvelous Mrs. Maisel<\/em>\u00a0o <strong><em>The Kominsky Method<\/em><\/strong>.<\/p>\n<p>Los espa\u00f1oles<strong> Antonio Banderas<\/strong> y <strong>Pen\u00e9lope Cruz<\/strong>, el hispanoalem\u00e1n <strong>Daniel Br\u00fchl<\/strong> y el venezolano <strong>\u00c9dgar Ram\u00edrez<\/strong> est\u00e1n nominados en las categor\u00edas interpretativas de la televisi\u00f3n.<\/p>\n<p>En esta edici\u00f3n de los <strong>Globos de Oro<\/strong> se entregar\u00e1 por primera vez un premio honor\u00edfico a la carrera en la televisi\u00f3n, que recibir\u00e1 la leyenda estadounidense <strong>Carol Burnett<\/strong>.<\/p>\n<p>La <strong>HFPA<\/strong> quiere que esta distinci\u00f3n sea similar al premio <strong>Cecil B. DeMille<\/strong>, que cada a\u00f1o se entrega a una gran personalidad del cine y que hoy distinguir\u00e1 al actor estadounidense <strong>Jeff Bridges<\/strong>.<\/p>\n<p class=\"DETALLE_N_titulo \"><strong>SANDRA OH- MEJOR ACTRIZ DE UNA SERIE DRAM\u00c1TICA<\/strong><\/p>\n<blockquote class=\"twitter-tweet\" data-width=\"550\" data-dnt=\"true\">\n<p lang=\"en\" dir=\"ltr\">Congratulations to Sandra Oh (<a href=\"https:\/\/twitter.com\/IamSandraOh?ref_src=twsrc%5Etfw\">@IamSandraOh<\/a>) &#8211; Best Performance by an Actress in a Television Series &#8211; Drama &#8211; Killing Eve (<a href=\"https:\/\/twitter.com\/KillingEve?ref_src=twsrc%5Etfw\">@KillingEve<\/a>). &#8211; <a href=\"https:\/\/twitter.com\/hashtag\/GoldenGlobes?src=hash&amp;ref_src=twsrc%5Etfw\">#GoldenGlobes<\/a> <a href=\"https:\/\/t.co\/I08OzzUM0R\">pic.twitter.com\/I08OzzUM0R<\/a><\/p>\n<p>&mdash; Golden Globe Awards (@goldenglobes) <a href=\"https:\/\/twitter.com\/goldenglobes\/status\/1082100163512918016?ref_src=twsrc%5Etfw\">January 7, 2019<\/a><\/p><\/blockquote>\n<p><script async src=\"https:\/\/platform.twitter.com\/widgets.js\" charset=\"utf-8\"><\/script><\/p>\n<div id=\"texto\" class=\"texto_txt\">\n<div class=\"DETALLE_N_texto \">\n<p><span id=\"ctl14_lblMostra\"><strong>Sandra Oh<\/strong> logr\u00f3 hoy el Globo de Oro a la mejor actriz de una serie dram\u00e1tica por su papel en <strong><em>Killing Eve<\/em><\/strong>\u00a0en la 76 edici\u00f3n de los premios que entrega la Asociaci\u00f3n de la Prensa Extranjera de Hollywood (HFPA).<\/span><\/p>\n<\/div>\n<\/div>\n<p><strong>REGINA KING- MEJOR ACTRIZ SECUNDARIA<\/strong><\/p>\n<blockquote class=\"twitter-tweet\" data-width=\"550\" data-dnt=\"true\">\n<p lang=\"en\" dir=\"ltr\">Congratulations to Regina King (<a href=\"https:\/\/twitter.com\/ReginaKing?ref_src=twsrc%5Etfw\">@ReginaKing<\/a>) &#8211; Best Performance by an Actress in a Supporting Role in Any Motion Picture &#8211; If Beale Street Could Talk (<a href=\"https:\/\/twitter.com\/BealeStreet?ref_src=twsrc%5Etfw\">@BealeStreet<\/a>). &#8211; <a href=\"https:\/\/twitter.com\/hashtag\/GoldenGlobes?src=hash&amp;ref_src=twsrc%5Etfw\">#GoldenGlobes<\/a> <a href=\"https:\/\/t.co\/4gPSGdKSpT\">pic.twitter.com\/4gPSGdKSpT<\/a><\/p>\n<p>&mdash; Golden Globe Awards (@goldenglobes) <a href=\"https:\/\/twitter.com\/goldenglobes\/status\/1082098938755244033?ref_src=twsrc%5Etfw\">January 7, 2019<\/a><\/p><\/blockquote>\n<p><script async src=\"https:\/\/platform.twitter.com\/widgets.js\" charset=\"utf-8\"><\/script><\/p>\n<p><strong>Regina King<\/strong> gan\u00f3 el Globo de Oro a Mejor actriz secundaria, por la cinta\u00a0<em><strong>El blues de Beale Street<\/strong>.<\/em><\/p>\n<p><strong>LADY GAGA- MEJOR CANCI\u00d3N ORIGINAL<\/strong><\/p>\n<blockquote class=\"twitter-tweet\" data-width=\"550\" data-dnt=\"true\">\n<p lang=\"en\" dir=\"ltr\">Congratulations to Lady Gaga (<a href=\"https:\/\/twitter.com\/ladygaga?ref_src=twsrc%5Etfw\">@ladygaga<\/a>), Mark Ronson (<a href=\"https:\/\/twitter.com\/MarkRonson?ref_src=twsrc%5Etfw\">@MarkRonson<\/a>), Anthony Rossomando, and Andrew Wyatt (<a href=\"https:\/\/twitter.com\/Wyattish?ref_src=twsrc%5Etfw\">@Wyattish<\/a>) for &quot;Shallow&quot; &#8211; Best Original Song &#8211; Motion Picture &#8211; A Star Is Born (<a href=\"https:\/\/twitter.com\/starisbornmovie?ref_src=twsrc%5Etfw\">@starisbornmovie<\/a>). &#8211; <a href=\"https:\/\/twitter.com\/hashtag\/GoldenGlobes?src=hash&amp;ref_src=twsrc%5Etfw\">#GoldenGlobes<\/a> <a href=\"https:\/\/t.co\/tWf0KKguL6\">pic.twitter.com\/tWf0KKguL6<\/a><\/p>\n<p>&mdash; Golden Globe Awards (@goldenglobes) <a href=\"https:\/\/twitter.com\/goldenglobes\/status\/1082096183042924544?ref_src=twsrc%5Etfw\">January 7, 2019<\/a><\/p><\/blockquote>\n<p><script async src=\"https:\/\/platform.twitter.com\/widgets.js\" charset=\"utf-8\"><\/script><\/p>\n<p>La cantante Lady Gaga gan\u00f3 el Globo de Oro a mejor canci\u00f3n original por \u201cShallow\u201d, de la cinta\u00a0<em>Nace una estrella.<\/em><\/p>\n<p><strong>JUSTIN HURWITZ- MEJOR M\u00daSICA ORIGINAL<\/strong><\/p>\n<blockquote class=\"twitter-tweet\" data-width=\"550\" data-dnt=\"true\">\n<p lang=\"en\" dir=\"ltr\">Congratulations to Justin Hurwitz &#8211; Best Original Score &#8211; Motion Picture &#8211; First Man (<a href=\"https:\/\/twitter.com\/FirstManMovie?ref_src=twsrc%5Etfw\">@FirstManMovie<\/a>). &#8211; <a href=\"https:\/\/twitter.com\/hashtag\/GoldenGlobes?src=hash&amp;ref_src=twsrc%5Etfw\">#GoldenGlobes<\/a> <a href=\"https:\/\/t.co\/78Wu8etb9N\">pic.twitter.com\/78Wu8etb9N<\/a><\/p>\n<p>&mdash; Golden Globe Awards (@goldenglobes) <a href=\"https:\/\/twitter.com\/goldenglobes\/status\/1082095626060353536?ref_src=twsrc%5Etfw\">January 7, 2019<\/a><\/p><\/blockquote>\n<p><script async src=\"https:\/\/platform.twitter.com\/widgets.js\" charset=\"utf-8\"><\/script><\/p>\n<p><strong>Justin Hurwitz<\/strong> gan\u00f3 el Globo de Oro por Mejor M\u00fasica Original, en la cinta <em><strong>First Man<\/strong>.<\/em><\/p>\n<p><strong>PATRICIA ARQUETTE- MEJOR ACTRIZ DE REPARTO EN SERIE, MINISERIE O PEL\u00cdCULA PARA TV<\/strong><\/p>\n<blockquote class=\"twitter-tweet\" data-width=\"550\" data-dnt=\"true\">\n<p lang=\"en\" dir=\"ltr\">Congratulations to Patricia Arquette (<a href=\"https:\/\/twitter.com\/PattyArquette?ref_src=twsrc%5Etfw\">@PattyArquette<\/a>) &#8211; Best Performance by an Actress in a Limited Series or a Motion Picture Made for Television &#8211; Escape at Dannemora. &#8211; <a href=\"https:\/\/twitter.com\/hashtag\/GoldenGlobes?src=hash&amp;ref_src=twsrc%5Etfw\">#GoldenGlobes<\/a> <a href=\"https:\/\/t.co\/3ljF02JOdR\">pic.twitter.com\/3ljF02JOdR<\/a><\/p>\n<p>&mdash; Golden Globe Awards (@goldenglobes) <a href=\"https:\/\/twitter.com\/goldenglobes\/status\/1082090766124662784?ref_src=twsrc%5Etfw\">January 7, 2019<\/a><\/p><\/blockquote>\n<p><script async src=\"https:\/\/platform.twitter.com\/widgets.js\" charset=\"utf-8\"><\/script><\/p>\n<p>La actriz\u00a0<strong>Patricia Arquette<\/strong> gan\u00f3 el Globo de Oro por la serie de televisi\u00f3n<strong><em> Escape at Dannemora.<\/em><\/strong><\/p>\n<p class=\"p1\"><span class=\"s1\"><strong>BEN WHISHAW-\u00a0MEJOR ACTOR DE REPARTO DE SERIE, MINISERIE O PEL\u00cdCULA PARA TV<\/strong><\/span><\/p>\n<blockquote class=\"twitter-tweet\" data-width=\"550\" data-dnt=\"true\">\n<p lang=\"en\" dir=\"ltr\">Congratulations to Ben Whishaw &#8211; Best Performance by an Actor in a Supporting Role in a Series, Limited Series or Motion Picture Made for Television &#8211; A Very English Scandal. &#8211; <a href=\"https:\/\/twitter.com\/hashtag\/GoldenGlobes?src=hash&amp;ref_src=twsrc%5Etfw\">#GoldenGlobes<\/a> <a href=\"https:\/\/t.co\/hJHJLOGpUK\">pic.twitter.com\/hJHJLOGpUK<\/a><\/p>\n<p>&mdash; Golden Globe Awards (@goldenglobes) <a href=\"https:\/\/twitter.com\/goldenglobes\/status\/1082089678298218497?ref_src=twsrc%5Etfw\">January 7, 2019<\/a><\/p><\/blockquote>\n<p><script async src=\"https:\/\/platform.twitter.com\/widgets.js\" charset=\"utf-8\"><\/script><\/p>\n<p class=\"p1\"><span class=\"s1\">El actor <strong>Ben Whishaw<\/strong> gan\u00f3 el Globo de Oro por la miniserie\u00a0<strong><em>A Very English Scandal.<\/em><\/strong><\/span><\/p>\n<p class=\"DETALLE_N_titulo \"><strong><em>THE AMERICANS- <\/em>MEJOR SERIE DRAM\u00c1TICA<\/strong><\/p>\n<blockquote class=\"twitter-tweet\" data-width=\"550\" data-dnt=\"true\">\n<p lang=\"en\" dir=\"ltr\">Congratulations to The Americans (<a href=\"https:\/\/twitter.com\/TheAmericansFX?ref_src=twsrc%5Etfw\">@TheAmericansFX<\/a>) &#8211; Best Television Series &#8211; Drama. &#8211; <a href=\"https:\/\/twitter.com\/hashtag\/GoldenGlobes?src=hash&amp;ref_src=twsrc%5Etfw\">#GoldenGlobes<\/a> <a href=\"https:\/\/t.co\/lXKZIprAEP\">pic.twitter.com\/lXKZIprAEP<\/a><\/p>\n<p>&mdash; Golden Globe Awards (@goldenglobes) <a href=\"https:\/\/twitter.com\/goldenglobes\/status\/1082087018245480448?ref_src=twsrc%5Etfw\">January 7, 2019<\/a><\/p><\/blockquote>\n<p><script async src=\"https:\/\/platform.twitter.com\/widgets.js\" charset=\"utf-8\"><\/script><\/p>\n<p><span id=\"ctl14_lblMostra\"><strong>Richard Madden<\/strong> gan\u00f3 hoy el Globo de Oro al mejor actor de una serie dram\u00e1tica por su trabajo en <em><strong>Bodyguard<\/strong><\/em>\u00a0en la 76 edici\u00f3n de los premios que entrega la Asociaci\u00f3n de la Prensa Extranjera de Hollywood (HFPA).\u00a0<\/span><\/p>\n<p><strong><em>SPIDER-MAN: INTO THE SPIDER-VERSE-\u00a0<\/em>MEJOR PEL\u00cdCULA ANIMADA<\/strong><\/p>\n<blockquote class=\"twitter-tweet\" data-width=\"550\" data-dnt=\"true\">\n<p lang=\"en\" dir=\"ltr\">Congratulations to Spider-Man: Into the Spider-Verse (<a href=\"https:\/\/twitter.com\/SpiderVerse?ref_src=twsrc%5Etfw\">@SpiderVerse<\/a>) &#8211; Best Motion Picture &#8211; Animated. &#8211; <a href=\"https:\/\/twitter.com\/hashtag\/GoldenGlobes?src=hash&amp;ref_src=twsrc%5Etfw\">#GoldenGlobes<\/a> <a href=\"https:\/\/t.co\/5ft7s1QdAE\">pic.twitter.com\/5ft7s1QdAE<\/a><\/p>\n<p>&mdash; Golden Globe Awards (@goldenglobes) <a href=\"https:\/\/twitter.com\/goldenglobes\/status\/1082084073600737280?ref_src=twsrc%5Etfw\">January 7, 2019<\/a><\/p><\/blockquote>\n<p><script async src=\"https:\/\/platform.twitter.com\/widgets.js\" charset=\"utf-8\"><\/script><\/p>\n<p><strong>MICHAEL DOUGLAS- MEJOR ACTOR DE UNA SERIE C\u00d3MICA<\/strong><\/p>\n<blockquote class=\"twitter-tweet\" data-width=\"550\" data-dnt=\"true\">\n<p lang=\"en\" dir=\"ltr\">Congratulations to Michael Douglas &#8211; Best Performance by an Actor in a Television Series &#8211; Musical or Comedy &#8211; The Kominsky Method. &#8211; <a href=\"https:\/\/twitter.com\/hashtag\/GoldenGlobes?src=hash&amp;ref_src=twsrc%5Etfw\">#GoldenGlobes<\/a> <a href=\"https:\/\/t.co\/CaguvuQdVD\">pic.twitter.com\/CaguvuQdVD<\/a><\/p>\n<p>&mdash; Golden Globe Awards (@goldenglobes) <a href=\"https:\/\/twitter.com\/goldenglobes\/status\/1082083010441240576?ref_src=twsrc%5Etfw\">January 7, 2019<\/a><\/p><\/blockquote>\n<p><script async src=\"https:\/\/platform.twitter.com\/widgets.js\" charset=\"utf-8\"><\/script><\/p>\n<p><strong>Michael Douglas<\/strong> gan\u00f3 hoy el Globo de Oro al mejor actor de una serie de comedia o musical por su labor en <em><strong>The Kominsky Method<\/strong><\/em>\u00a0en la 76 edici\u00f3n de los premios que entrega la Asociaci\u00f3n de la Prensa Extranjera de Hollywood (HFPA).<\/p>\n<p>Con Informaci\u00f3n de EFE<\/p>\n","protected":false},"excerpt":{"rendered":"<p>\u201cMuchas gracias, M\u00e9xico\u201d: Cuar\u00f3n Mejor Director y Roma Pel\u00edcula Extranjera, en los Golden Globes<br \/>\nPor Redacci\u00f3n QP<\/p>\n","protected":false},"author":2,"featured_media":13548,"comment_status":"open","ping_status":"open","sticky":false,"template":"","format":"standard","meta":{"_monsterinsights_skip_tracking":false,"_monsterinsights_sitenote_active":false,"_monsterinsights_sitenote_note":"","_monsterinsights_sitenote_category":0,"footnotes":""},"categories":[58],"tags":[],"class_list":["post-13549","post","type-post","status-publish","format-standard","has-post-thumbnail","hentry","category-cultura"],"yoast_head":"<!-- This site is optimized with the Yoast SEO plugin v27.3 - https:\/\/yoast.com\/product\/yoast-seo-wordpress\/ -->\n<title>\u201cMuchas gracias, M\u00e9xico\u201d: Cuar\u00f3n Mejor Director y Roma Pel\u00edcula Extranjera, en los Golden Globes -<\/title>\n<meta name=\"robots\" content=\"index, follow, max-snippet:-1, max-image-preview:large, max-video-preview:-1\" \/>\n<link rel=\"canonical\" href=\"https:\/\/quehacerpolitico.mx\/?p=13549\" \/>\n<meta property=\"og:locale\" content=\"es_MX\" \/>\n<meta property=\"og:type\" content=\"article\" \/>\n<meta property=\"og:title\" content=\"\u201cMuchas gracias, M\u00e9xico\u201d: Cuar\u00f3n Mejor Director y Roma Pel\u00edcula Extranjera, en los Golden Globes -\" \/>\n<meta property=\"og:description\" content=\"\u201cMuchas gracias, M\u00e9xico\u201d: Cuar\u00f3n Mejor Director y Roma Pel\u00edcula Extranjera, en los Golden Globes Por Redacci\u00f3n QP\" \/>\n<meta property=\"og:url\" content=\"https:\/\/quehacerpolitico.mx\/?p=13549\" \/>\n<meta property=\"article:published_time\" content=\"2019-01-07T04:07:47+00:00\" \/>\n<meta name=\"author\" content=\"Redacci\u00f3n QP\" \/>\n<meta name=\"twitter:card\" content=\"summary_large_image\" \/>\n<meta name=\"twitter:label1\" content=\"Escrito por\" \/>\n\t<meta name=\"twitter:data1\" content=\"Redacci\u00f3n QP\" \/>\n\t<meta name=\"twitter:label2\" content=\"Tiempo de lectura\" \/>\n\t<meta name=\"twitter:data2\" content=\"4 minutos\" \/>\n<script type=\"application\/ld+json\" class=\"yoast-schema-graph\">{\"@context\":\"https:\\\/\\\/schema.org\",\"@graph\":[{\"@type\":\"Article\",\"@id\":\"https:\\\/\\\/quehacerpolitico.mx\\\/?p=13549#article\",\"isPartOf\":{\"@id\":\"https:\\\/\\\/quehacerpolitico.mx\\\/?p=13549\"},\"author\":{\"name\":\"Redacci\u00f3n QP\",\"@id\":\"https:\\\/\\\/quehacerpolitico.mx\\\/#\\\/schema\\\/person\\\/496d8ad2d1d3f8036101dca7ee39e585\"},\"headline\":\"\u201cMuchas gracias, M\u00e9xico\u201d: Cuar\u00f3n Mejor Director y Roma Pel\u00edcula Extranjera, en los Golden Globes\",\"datePublished\":\"2019-01-07T04:07:47+00:00\",\"mainEntityOfPage\":{\"@id\":\"https:\\\/\\\/quehacerpolitico.mx\\\/?p=13549\"},\"wordCount\":776,\"commentCount\":0,\"image\":{\"@id\":\"https:\\\/\\\/quehacerpolitico.mx\\\/?p=13549#primaryimage\"},\"thumbnailUrl\":\"\",\"articleSection\":[\"Cultura y Entretenimiento\"],\"inLanguage\":\"es\",\"potentialAction\":[{\"@type\":\"CommentAction\",\"name\":\"Comment\",\"target\":[\"https:\\\/\\\/quehacerpolitico.mx\\\/?p=13549#respond\"]}]},{\"@type\":\"WebPage\",\"@id\":\"https:\\\/\\\/quehacerpolitico.mx\\\/?p=13549\",\"url\":\"https:\\\/\\\/quehacerpolitico.mx\\\/?p=13549\",\"name\":\"\u201cMuchas gracias, M\u00e9xico\u201d: Cuar\u00f3n Mejor Director y Roma Pel\u00edcula Extranjera, en los Golden Globes -\",\"isPartOf\":{\"@id\":\"https:\\\/\\\/quehacerpolitico.mx\\\/#website\"},\"primaryImageOfPage\":{\"@id\":\"https:\\\/\\\/quehacerpolitico.mx\\\/?p=13549#primaryimage\"},\"image\":{\"@id\":\"https:\\\/\\\/quehacerpolitico.mx\\\/?p=13549#primaryimage\"},\"thumbnailUrl\":\"\",\"datePublished\":\"2019-01-07T04:07:47+00:00\",\"author\":{\"@id\":\"https:\\\/\\\/quehacerpolitico.mx\\\/#\\\/schema\\\/person\\\/496d8ad2d1d3f8036101dca7ee39e585\"},\"breadcrumb\":{\"@id\":\"https:\\\/\\\/quehacerpolitico.mx\\\/?p=13549#breadcrumb\"},\"inLanguage\":\"es\",\"potentialAction\":[{\"@type\":\"ReadAction\",\"target\":[\"https:\\\/\\\/quehacerpolitico.mx\\\/?p=13549\"]}]},{\"@type\":\"ImageObject\",\"inLanguage\":\"es\",\"@id\":\"https:\\\/\\\/quehacerpolitico.mx\\\/?p=13549#primaryimage\",\"url\":\"\",\"contentUrl\":\"\"},{\"@type\":\"BreadcrumbList\",\"@id\":\"https:\\\/\\\/quehacerpolitico.mx\\\/?p=13549#breadcrumb\",\"itemListElement\":[{\"@type\":\"ListItem\",\"position\":1,\"name\":\"Inicio\",\"item\":\"https:\\\/\\\/quehacerpolitico.mx\\\/\"},{\"@type\":\"ListItem\",\"position\":2,\"name\":\"\u201cMuchas gracias, M\u00e9xico\u201d: Cuar\u00f3n Mejor Director y Roma Pel\u00edcula Extranjera, en los Golden Globes\"}]},{\"@type\":\"WebSite\",\"@id\":\"https:\\\/\\\/quehacerpolitico.mx\\\/#website\",\"url\":\"https:\\\/\\\/quehacerpolitico.mx\\\/\",\"name\":\"\",\"description\":\"\",\"potentialAction\":[{\"@type\":\"SearchAction\",\"target\":{\"@type\":\"EntryPoint\",\"urlTemplate\":\"https:\\\/\\\/quehacerpolitico.mx\\\/?s={search_term_string}\"},\"query-input\":{\"@type\":\"PropertyValueSpecification\",\"valueRequired\":true,\"valueName\":\"search_term_string\"}}],\"inLanguage\":\"es\"},{\"@type\":\"Person\",\"@id\":\"https:\\\/\\\/quehacerpolitico.mx\\\/#\\\/schema\\\/person\\\/496d8ad2d1d3f8036101dca7ee39e585\",\"name\":\"Redacci\u00f3n QP\",\"image\":{\"@type\":\"ImageObject\",\"inLanguage\":\"es\",\"@id\":\"https:\\\/\\\/secure.gravatar.com\\\/avatar\\\/c7164ed6fdec453195284ad24a5ae5b6e1eed2b848477fa2a4787ba9adf39a41?s=96&d=mm&r=g\",\"url\":\"https:\\\/\\\/secure.gravatar.com\\\/avatar\\\/c7164ed6fdec453195284ad24a5ae5b6e1eed2b848477fa2a4787ba9adf39a41?s=96&d=mm&r=g\",\"contentUrl\":\"https:\\\/\\\/secure.gravatar.com\\\/avatar\\\/c7164ed6fdec453195284ad24a5ae5b6e1eed2b848477fa2a4787ba9adf39a41?s=96&d=mm&r=g\",\"caption\":\"Redacci\u00f3n QP\"},\"url\":\"https:\\\/\\\/quehacerpolitico.mx\\\/?author=2\"}]}<\/script>\n<!-- \/ Yoast SEO plugin. -->","yoast_head_json":{"title":"\u201cMuchas gracias, M\u00e9xico\u201d: Cuar\u00f3n Mejor Director y Roma Pel\u00edcula Extranjera, en los Golden Globes -","robots":{"index":"index","follow":"follow","max-snippet":"max-snippet:-1","max-image-preview":"max-image-preview:large","max-video-preview":"max-video-preview:-1"},"canonical":"https:\/\/quehacerpolitico.mx\/?p=13549","og_locale":"es_MX","og_type":"article","og_title":"\u201cMuchas gracias, M\u00e9xico\u201d: Cuar\u00f3n Mejor Director y Roma Pel\u00edcula Extranjera, en los Golden Globes -","og_description":"\u201cMuchas gracias, M\u00e9xico\u201d: Cuar\u00f3n Mejor Director y Roma Pel\u00edcula Extranjera, en los Golden Globes Por Redacci\u00f3n QP","og_url":"https:\/\/quehacerpolitico.mx\/?p=13549","article_published_time":"2019-01-07T04:07:47+00:00","author":"Redacci\u00f3n QP","twitter_card":"summary_large_image","twitter_misc":{"Escrito por":"Redacci\u00f3n QP","Tiempo de lectura":"4 minutos"},"schema":{"@context":"https:\/\/schema.org","@graph":[{"@type":"Article","@id":"https:\/\/quehacerpolitico.mx\/?p=13549#article","isPartOf":{"@id":"https:\/\/quehacerpolitico.mx\/?p=13549"},"author":{"name":"Redacci\u00f3n QP","@id":"https:\/\/quehacerpolitico.mx\/#\/schema\/person\/496d8ad2d1d3f8036101dca7ee39e585"},"headline":"\u201cMuchas gracias, M\u00e9xico\u201d: Cuar\u00f3n Mejor Director y Roma Pel\u00edcula Extranjera, en los Golden Globes","datePublished":"2019-01-07T04:07:47+00:00","mainEntityOfPage":{"@id":"https:\/\/quehacerpolitico.mx\/?p=13549"},"wordCount":776,"commentCount":0,"image":{"@id":"https:\/\/quehacerpolitico.mx\/?p=13549#primaryimage"},"thumbnailUrl":"","articleSection":["Cultura y Entretenimiento"],"inLanguage":"es","potentialAction":[{"@type":"CommentAction","name":"Comment","target":["https:\/\/quehacerpolitico.mx\/?p=13549#respond"]}]},{"@type":"WebPage","@id":"https:\/\/quehacerpolitico.mx\/?p=13549","url":"https:\/\/quehacerpolitico.mx\/?p=13549","name":"\u201cMuchas gracias, M\u00e9xico\u201d: Cuar\u00f3n Mejor Director y Roma Pel\u00edcula Extranjera, en los Golden Globes -","isPartOf":{"@id":"https:\/\/quehacerpolitico.mx\/#website"},"primaryImageOfPage":{"@id":"https:\/\/quehacerpolitico.mx\/?p=13549#primaryimage"},"image":{"@id":"https:\/\/quehacerpolitico.mx\/?p=13549#primaryimage"},"thumbnailUrl":"","datePublished":"2019-01-07T04:07:47+00:00","author":{"@id":"https:\/\/quehacerpolitico.mx\/#\/schema\/person\/496d8ad2d1d3f8036101dca7ee39e585"},"breadcrumb":{"@id":"https:\/\/quehacerpolitico.mx\/?p=13549#breadcrumb"},"inLanguage":"es","potentialAction":[{"@type":"ReadAction","target":["https:\/\/quehacerpolitico.mx\/?p=13549"]}]},{"@type":"ImageObject","inLanguage":"es","@id":"https:\/\/quehacerpolitico.mx\/?p=13549#primaryimage","url":"","contentUrl":""},{"@type":"BreadcrumbList","@id":"https:\/\/quehacerpolitico.mx\/?p=13549#breadcrumb","itemListElement":[{"@type":"ListItem","position":1,"name":"Inicio","item":"https:\/\/quehacerpolitico.mx\/"},{"@type":"ListItem","position":2,"name":"\u201cMuchas gracias, M\u00e9xico\u201d: Cuar\u00f3n Mejor Director y Roma Pel\u00edcula Extranjera, en los Golden Globes"}]},{"@type":"WebSite","@id":"https:\/\/quehacerpolitico.mx\/#website","url":"https:\/\/quehacerpolitico.mx\/","name":"","description":"","potentialAction":[{"@type":"SearchAction","target":{"@type":"EntryPoint","urlTemplate":"https:\/\/quehacerpolitico.mx\/?s={search_term_string}"},"query-input":{"@type":"PropertyValueSpecification","valueRequired":true,"valueName":"search_term_string"}}],"inLanguage":"es"},{"@type":"Person","@id":"https:\/\/quehacerpolitico.mx\/#\/schema\/person\/496d8ad2d1d3f8036101dca7ee39e585","name":"Redacci\u00f3n QP","image":{"@type":"ImageObject","inLanguage":"es","@id":"https:\/\/secure.gravatar.com\/avatar\/c7164ed6fdec453195284ad24a5ae5b6e1eed2b848477fa2a4787ba9adf39a41?s=96&d=mm&r=g","url":"https:\/\/secure.gravatar.com\/avatar\/c7164ed6fdec453195284ad24a5ae5b6e1eed2b848477fa2a4787ba9adf39a41?s=96&d=mm&r=g","contentUrl":"https:\/\/secure.gravatar.com\/avatar\/c7164ed6fdec453195284ad24a5ae5b6e1eed2b848477fa2a4787ba9adf39a41?s=96&d=mm&r=g","caption":"Redacci\u00f3n QP"},"url":"https:\/\/quehacerpolitico.mx\/?author=2"}]}},"featured_image_urls":{"full":"","thumbnail":"","medium":"","medium_large":"","large":"","1536x1536":"","2048x2048":"","covernews-featured":"","covernews-medium":""},"author_info":{"display_name":"Redacci\u00f3n QP","author_link":"https:\/\/quehacerpolitico.mx\/?author=2"},"category_info":"<a href=\"https:\/\/quehacerpolitico.mx\/?cat=58\" rel=\"category\">Cultura y Entretenimiento<\/a>","tag_info":"Cultura y Entretenimiento","comment_count":"0","_links":{"self":[{"href":"https:\/\/quehacerpolitico.mx\/index.php?rest_route=\/wp\/v2\/posts\/13549","targetHints":{"allow":["GET"]}}],"collection":[{"href":"https:\/\/quehacerpolitico.mx\/index.php?rest_route=\/wp\/v2\/posts"}],"about":[{"href":"https:\/\/quehacerpolitico.mx\/index.php?rest_route=\/wp\/v2\/types\/post"}],"author":[{"embeddable":true,"href":"https:\/\/quehacerpolitico.mx\/index.php?rest_route=\/wp\/v2\/users\/2"}],"replies":[{"embeddable":true,"href":"https:\/\/quehacerpolitico.mx\/index.php?rest_route=%2Fwp%2Fv2%2Fcomments&post=13549"}],"version-history":[{"count":0,"href":"https:\/\/quehacerpolitico.mx\/index.php?rest_route=\/wp\/v2\/posts\/13549\/revisions"}],"wp:featuredmedia":[{"embeddable":true,"href":"https:\/\/quehacerpolitico.mx\/index.php?rest_route=\/"}],"wp:attachment":[{"href":"https:\/\/quehacerpolitico.mx\/index.php?rest_route=%2Fwp%2Fv2%2Fmedia&parent=13549"}],"wp:term":[{"taxonomy":"category","embeddable":true,"href":"https:\/\/quehacerpolitico.mx\/index.php?rest_route=%2Fwp%2Fv2%2Fcategories&post=13549"},{"taxonomy":"post_tag","embeddable":true,"href":"https:\/\/quehacerpolitico.mx\/index.php?rest_route=%2Fwp%2Fv2%2Ftags&post=13549"}],"curies":[{"name":"wp","href":"https:\/\/api.w.org\/{rel}","templated":true}]}}