{"id":13539,"date":"2019-01-07T03:01:14","date_gmt":"2019-01-07T03:01:14","guid":{"rendered":"http:\/\/quehacerpolitico.mx\/arquidiocesis-de-mexico-llama-a-mantener-la-unidad\/"},"modified":"2019-01-07T03:01:14","modified_gmt":"2019-01-07T03:01:14","slug":"arquidiocesis-de-mexico-llama-a-mantener-la-unidad","status":"publish","type":"post","link":"https:\/\/quehacerpolitico.mx\/?p=13539","title":{"rendered":"Arquidi\u00f3cesis de M\u00e9xico llama a mantener la unidad"},"content":{"rendered":"<h1 class=\"news-title\">Arquidi\u00f3cesis de M\u00e9xico llama a mantener la unidad<\/h1>\n<p>Por Redacci\u00f3n QP<\/p>\n<header class=\"news-header\">\n<div class=\"news-subtitle\">\n<p>Invitan a los mexicanos a ser art\u00edfices del cambio a partir de uno mismo y de esa manera colaborar con las autoridades<\/p>\n<\/div>\n<\/header>\n<div class=\"news-content\">\n<div class=\"news-body row\">\n<p>La Arquidiosicis de M\u00e9xico llam\u00f3 a la poblaci\u00f3n a mantener la unidad, a ser art\u00edfices del cambio a partir de uno mismo y de esa manera colaborar con las autoridades.<\/p>\n<p>A trav\u00e9s del editorial &#8220;Unidad para vencer al enemigo&#8221;, publicado en el semanario religioso &#8220;Desde la fe&#8221;, s<strong>e invit\u00f3 a los mexicanos &#8220;a convertirse en espacios de unidad que permita encontrar soluciones a cualquier situaci\u00f3n que impida avanzar en la construcci\u00f3n de un pa\u00eds m\u00e1s humano y fraterno&#8221;.<\/strong><\/p>\n<p>El texto retom\u00f3 el mensaje de Rogelio Cabrera L\u00f3pez, presidente de la Conferencia del Episcopado Mexicano, el cual argumenta que <strong>cada persona debe dar lo mejor de s\u00ed mismo para poder exigir a otros que tambi\u00e9n lo hagan.<\/strong> &#8220;Es verdad que no todos responder\u00e1n de la misma forma, pero eso no debe ser motivo para que desfallezcamos&#8221;, dijo el tambi\u00e9n arzobispo de Monterrey.<\/p>\n<p>La Arquidi\u00f3cesis encabezada por el cardenal Carlos Aguilar Retes asegur\u00f3 que los mexicanos deben tomar en serio el mensaje del Papa Francisco de fortalecer la unidad para alcanzar la paz.<\/p>\n<p>&#8220;Esta es una de las grandes apuestas del Papa quien a lo largo de m\u00e1s de cinco a\u00f1os de pontificado no ha tenido empacho en convocar a los m\u00e1s variados sectores de la sociedad para dialogar, algo que, incluso, le ha tra\u00eddo duras cr\u00edticas por parte de algunos sectores ultraconservadores&#8221;.<\/p>\n<p><strong>El art\u00edculo enfatiz\u00f3 en que para el pont\u00edfice es claro que sin unidad en los pueblos, culturas y personas es imposible llegar a la paz mundial pero para lograrlo se debe trabajar desde casa, en la familia y comunidad.<\/strong><\/p>\n<p>&#8220;S\u00f3lo de esta manera, la familia cat\u00f3lica puede ser sal y luz para los otros, principalmente en una sociedad sedienta de aut\u00e9nticos valores que logren frenar las divisiones, una sociedad cansada de respirar el tufo de los conflictos, una sociedad deseosa de sanar las fracturas para comenzar de nuevo&#8221;.<\/p>\n<p><strong>La Iglesia cat\u00f3lica concluy\u00f3 que cada ciudadano es clave para aportar en la reconstrucci\u00f3n del pa\u00eds.<\/strong><\/p>\n<p>&#8220;Para ello es fundamental ser signo de unidad para la sociedad, y sobre todo, estar alertas para no caer en la tentaci\u00f3n de creernos buenos, mejores que los otros, pues es as\u00ed como el divisor prepara el terreno para sembrar la ciza\u00f1a que hist\u00f3ricamente tanto da\u00f1o nos ha causado&#8221;.<\/p>\n<\/div>\n<\/div>\n","protected":false},"excerpt":{"rendered":"<p>Arquidi\u00f3cesis de M\u00e9xico llama a mantener la unidad<br \/>\nPor Redacci\u00f3n QP<\/p>\n","protected":false},"author":2,"featured_media":13538,"comment_status":"open","ping_status":"open","sticky":false,"template":"","format":"standard","meta":{"_monsterinsights_skip_tracking":false,"_monsterinsights_sitenote_active":false,"_monsterinsights_sitenote_note":"","_monsterinsights_sitenote_category":0,"footnotes":""},"categories":[2],"tags":[],"class_list":["post-13539","post","type-post","status-publish","format-standard","has-post-thumbnail","hentry","category-noticias"],"yoast_head":"<!-- This site is optimized with the Yoast SEO plugin v27.3 - https:\/\/yoast.com\/product\/yoast-seo-wordpress\/ -->\n<title>Arquidi\u00f3cesis de M\u00e9xico llama a mantener la unidad -<\/title>\n<meta name=\"robots\" content=\"index, follow, max-snippet:-1, max-image-preview:large, max-video-preview:-1\" \/>\n<link rel=\"canonical\" href=\"https:\/\/quehacerpolitico.mx\/?p=13539\" \/>\n<meta property=\"og:locale\" content=\"es_MX\" \/>\n<meta property=\"og:type\" content=\"article\" \/>\n<meta property=\"og:title\" content=\"Arquidi\u00f3cesis de M\u00e9xico llama a mantener la unidad -\" \/>\n<meta property=\"og:description\" content=\"Arquidi\u00f3cesis de M\u00e9xico llama a mantener la unidad Por Redacci\u00f3n QP\" \/>\n<meta property=\"og:url\" content=\"https:\/\/quehacerpolitico.mx\/?p=13539\" \/>\n<meta property=\"article:published_time\" content=\"2019-01-07T03:01:14+00:00\" \/>\n<meta name=\"author\" content=\"Redacci\u00f3n QP\" \/>\n<meta name=\"twitter:card\" content=\"summary_large_image\" \/>\n<meta name=\"twitter:label1\" content=\"Escrito por\" \/>\n\t<meta name=\"twitter:data1\" content=\"Redacci\u00f3n QP\" \/>\n\t<meta name=\"twitter:label2\" content=\"Tiempo de lectura\" \/>\n\t<meta name=\"twitter:data2\" content=\"2 minutos\" \/>\n<script type=\"application\/ld+json\" class=\"yoast-schema-graph\">{\"@context\":\"https:\\\/\\\/schema.org\",\"@graph\":[{\"@type\":\"Article\",\"@id\":\"https:\\\/\\\/quehacerpolitico.mx\\\/?p=13539#article\",\"isPartOf\":{\"@id\":\"https:\\\/\\\/quehacerpolitico.mx\\\/?p=13539\"},\"author\":{\"name\":\"Redacci\u00f3n QP\",\"@id\":\"https:\\\/\\\/quehacerpolitico.mx\\\/#\\\/schema\\\/person\\\/496d8ad2d1d3f8036101dca7ee39e585\"},\"headline\":\"Arquidi\u00f3cesis de M\u00e9xico llama a mantener la unidad\",\"datePublished\":\"2019-01-07T03:01:14+00:00\",\"mainEntityOfPage\":{\"@id\":\"https:\\\/\\\/quehacerpolitico.mx\\\/?p=13539\"},\"wordCount\":451,\"commentCount\":0,\"image\":{\"@id\":\"https:\\\/\\\/quehacerpolitico.mx\\\/?p=13539#primaryimage\"},\"thumbnailUrl\":\"\",\"articleSection\":[\"Noticias\"],\"inLanguage\":\"es\",\"potentialAction\":[{\"@type\":\"CommentAction\",\"name\":\"Comment\",\"target\":[\"https:\\\/\\\/quehacerpolitico.mx\\\/?p=13539#respond\"]}]},{\"@type\":\"WebPage\",\"@id\":\"https:\\\/\\\/quehacerpolitico.mx\\\/?p=13539\",\"url\":\"https:\\\/\\\/quehacerpolitico.mx\\\/?p=13539\",\"name\":\"Arquidi\u00f3cesis de M\u00e9xico llama a mantener la unidad -\",\"isPartOf\":{\"@id\":\"https:\\\/\\\/quehacerpolitico.mx\\\/#website\"},\"primaryImageOfPage\":{\"@id\":\"https:\\\/\\\/quehacerpolitico.mx\\\/?p=13539#primaryimage\"},\"image\":{\"@id\":\"https:\\\/\\\/quehacerpolitico.mx\\\/?p=13539#primaryimage\"},\"thumbnailUrl\":\"\",\"datePublished\":\"2019-01-07T03:01:14+00:00\",\"author\":{\"@id\":\"https:\\\/\\\/quehacerpolitico.mx\\\/#\\\/schema\\\/person\\\/496d8ad2d1d3f8036101dca7ee39e585\"},\"breadcrumb\":{\"@id\":\"https:\\\/\\\/quehacerpolitico.mx\\\/?p=13539#breadcrumb\"},\"inLanguage\":\"es\",\"potentialAction\":[{\"@type\":\"ReadAction\",\"target\":[\"https:\\\/\\\/quehacerpolitico.mx\\\/?p=13539\"]}]},{\"@type\":\"ImageObject\",\"inLanguage\":\"es\",\"@id\":\"https:\\\/\\\/quehacerpolitico.mx\\\/?p=13539#primaryimage\",\"url\":\"\",\"contentUrl\":\"\"},{\"@type\":\"BreadcrumbList\",\"@id\":\"https:\\\/\\\/quehacerpolitico.mx\\\/?p=13539#breadcrumb\",\"itemListElement\":[{\"@type\":\"ListItem\",\"position\":1,\"name\":\"Inicio\",\"item\":\"https:\\\/\\\/quehacerpolitico.mx\\\/\"},{\"@type\":\"ListItem\",\"position\":2,\"name\":\"Arquidi\u00f3cesis de M\u00e9xico llama a mantener la unidad\"}]},{\"@type\":\"WebSite\",\"@id\":\"https:\\\/\\\/quehacerpolitico.mx\\\/#website\",\"url\":\"https:\\\/\\\/quehacerpolitico.mx\\\/\",\"name\":\"\",\"description\":\"\",\"potentialAction\":[{\"@type\":\"SearchAction\",\"target\":{\"@type\":\"EntryPoint\",\"urlTemplate\":\"https:\\\/\\\/quehacerpolitico.mx\\\/?s={search_term_string}\"},\"query-input\":{\"@type\":\"PropertyValueSpecification\",\"valueRequired\":true,\"valueName\":\"search_term_string\"}}],\"inLanguage\":\"es\"},{\"@type\":\"Person\",\"@id\":\"https:\\\/\\\/quehacerpolitico.mx\\\/#\\\/schema\\\/person\\\/496d8ad2d1d3f8036101dca7ee39e585\",\"name\":\"Redacci\u00f3n QP\",\"image\":{\"@type\":\"ImageObject\",\"inLanguage\":\"es\",\"@id\":\"https:\\\/\\\/secure.gravatar.com\\\/avatar\\\/c7164ed6fdec453195284ad24a5ae5b6e1eed2b848477fa2a4787ba9adf39a41?s=96&d=mm&r=g\",\"url\":\"https:\\\/\\\/secure.gravatar.com\\\/avatar\\\/c7164ed6fdec453195284ad24a5ae5b6e1eed2b848477fa2a4787ba9adf39a41?s=96&d=mm&r=g\",\"contentUrl\":\"https:\\\/\\\/secure.gravatar.com\\\/avatar\\\/c7164ed6fdec453195284ad24a5ae5b6e1eed2b848477fa2a4787ba9adf39a41?s=96&d=mm&r=g\",\"caption\":\"Redacci\u00f3n QP\"},\"url\":\"https:\\\/\\\/quehacerpolitico.mx\\\/?author=2\"}]}<\/script>\n<!-- \/ Yoast SEO plugin. -->","yoast_head_json":{"title":"Arquidi\u00f3cesis de M\u00e9xico llama a mantener la unidad -","robots":{"index":"index","follow":"follow","max-snippet":"max-snippet:-1","max-image-preview":"max-image-preview:large","max-video-preview":"max-video-preview:-1"},"canonical":"https:\/\/quehacerpolitico.mx\/?p=13539","og_locale":"es_MX","og_type":"article","og_title":"Arquidi\u00f3cesis de M\u00e9xico llama a mantener la unidad -","og_description":"Arquidi\u00f3cesis de M\u00e9xico llama a mantener la unidad Por Redacci\u00f3n QP","og_url":"https:\/\/quehacerpolitico.mx\/?p=13539","article_published_time":"2019-01-07T03:01:14+00:00","author":"Redacci\u00f3n QP","twitter_card":"summary_large_image","twitter_misc":{"Escrito por":"Redacci\u00f3n QP","Tiempo de lectura":"2 minutos"},"schema":{"@context":"https:\/\/schema.org","@graph":[{"@type":"Article","@id":"https:\/\/quehacerpolitico.mx\/?p=13539#article","isPartOf":{"@id":"https:\/\/quehacerpolitico.mx\/?p=13539"},"author":{"name":"Redacci\u00f3n QP","@id":"https:\/\/quehacerpolitico.mx\/#\/schema\/person\/496d8ad2d1d3f8036101dca7ee39e585"},"headline":"Arquidi\u00f3cesis de M\u00e9xico llama a mantener la unidad","datePublished":"2019-01-07T03:01:14+00:00","mainEntityOfPage":{"@id":"https:\/\/quehacerpolitico.mx\/?p=13539"},"wordCount":451,"commentCount":0,"image":{"@id":"https:\/\/quehacerpolitico.mx\/?p=13539#primaryimage"},"thumbnailUrl":"","articleSection":["Noticias"],"inLanguage":"es","potentialAction":[{"@type":"CommentAction","name":"Comment","target":["https:\/\/quehacerpolitico.mx\/?p=13539#respond"]}]},{"@type":"WebPage","@id":"https:\/\/quehacerpolitico.mx\/?p=13539","url":"https:\/\/quehacerpolitico.mx\/?p=13539","name":"Arquidi\u00f3cesis de M\u00e9xico llama a mantener la unidad -","isPartOf":{"@id":"https:\/\/quehacerpolitico.mx\/#website"},"primaryImageOfPage":{"@id":"https:\/\/quehacerpolitico.mx\/?p=13539#primaryimage"},"image":{"@id":"https:\/\/quehacerpolitico.mx\/?p=13539#primaryimage"},"thumbnailUrl":"","datePublished":"2019-01-07T03:01:14+00:00","author":{"@id":"https:\/\/quehacerpolitico.mx\/#\/schema\/person\/496d8ad2d1d3f8036101dca7ee39e585"},"breadcrumb":{"@id":"https:\/\/quehacerpolitico.mx\/?p=13539#breadcrumb"},"inLanguage":"es","potentialAction":[{"@type":"ReadAction","target":["https:\/\/quehacerpolitico.mx\/?p=13539"]}]},{"@type":"ImageObject","inLanguage":"es","@id":"https:\/\/quehacerpolitico.mx\/?p=13539#primaryimage","url":"","contentUrl":""},{"@type":"BreadcrumbList","@id":"https:\/\/quehacerpolitico.mx\/?p=13539#breadcrumb","itemListElement":[{"@type":"ListItem","position":1,"name":"Inicio","item":"https:\/\/quehacerpolitico.mx\/"},{"@type":"ListItem","position":2,"name":"Arquidi\u00f3cesis de M\u00e9xico llama a mantener la unidad"}]},{"@type":"WebSite","@id":"https:\/\/quehacerpolitico.mx\/#website","url":"https:\/\/quehacerpolitico.mx\/","name":"","description":"","potentialAction":[{"@type":"SearchAction","target":{"@type":"EntryPoint","urlTemplate":"https:\/\/quehacerpolitico.mx\/?s={search_term_string}"},"query-input":{"@type":"PropertyValueSpecification","valueRequired":true,"valueName":"search_term_string"}}],"inLanguage":"es"},{"@type":"Person","@id":"https:\/\/quehacerpolitico.mx\/#\/schema\/person\/496d8ad2d1d3f8036101dca7ee39e585","name":"Redacci\u00f3n QP","image":{"@type":"ImageObject","inLanguage":"es","@id":"https:\/\/secure.gravatar.com\/avatar\/c7164ed6fdec453195284ad24a5ae5b6e1eed2b848477fa2a4787ba9adf39a41?s=96&d=mm&r=g","url":"https:\/\/secure.gravatar.com\/avatar\/c7164ed6fdec453195284ad24a5ae5b6e1eed2b848477fa2a4787ba9adf39a41?s=96&d=mm&r=g","contentUrl":"https:\/\/secure.gravatar.com\/avatar\/c7164ed6fdec453195284ad24a5ae5b6e1eed2b848477fa2a4787ba9adf39a41?s=96&d=mm&r=g","caption":"Redacci\u00f3n QP"},"url":"https:\/\/quehacerpolitico.mx\/?author=2"}]}},"featured_image_urls":{"full":"","thumbnail":"","medium":"","medium_large":"","large":"","1536x1536":"","2048x2048":"","covernews-featured":"","covernews-medium":""},"author_info":{"display_name":"Redacci\u00f3n QP","author_link":"https:\/\/quehacerpolitico.mx\/?author=2"},"category_info":"<a href=\"https:\/\/quehacerpolitico.mx\/?cat=2\" rel=\"category\">Noticias<\/a>","tag_info":"Noticias","comment_count":"0","_links":{"self":[{"href":"https:\/\/quehacerpolitico.mx\/index.php?rest_route=\/wp\/v2\/posts\/13539","targetHints":{"allow":["GET"]}}],"collection":[{"href":"https:\/\/quehacerpolitico.mx\/index.php?rest_route=\/wp\/v2\/posts"}],"about":[{"href":"https:\/\/quehacerpolitico.mx\/index.php?rest_route=\/wp\/v2\/types\/post"}],"author":[{"embeddable":true,"href":"https:\/\/quehacerpolitico.mx\/index.php?rest_route=\/wp\/v2\/users\/2"}],"replies":[{"embeddable":true,"href":"https:\/\/quehacerpolitico.mx\/index.php?rest_route=%2Fwp%2Fv2%2Fcomments&post=13539"}],"version-history":[{"count":0,"href":"https:\/\/quehacerpolitico.mx\/index.php?rest_route=\/wp\/v2\/posts\/13539\/revisions"}],"wp:featuredmedia":[{"embeddable":true,"href":"https:\/\/quehacerpolitico.mx\/index.php?rest_route=\/"}],"wp:attachment":[{"href":"https:\/\/quehacerpolitico.mx\/index.php?rest_route=%2Fwp%2Fv2%2Fmedia&parent=13539"}],"wp:term":[{"taxonomy":"category","embeddable":true,"href":"https:\/\/quehacerpolitico.mx\/index.php?rest_route=%2Fwp%2Fv2%2Fcategories&post=13539"},{"taxonomy":"post_tag","embeddable":true,"href":"https:\/\/quehacerpolitico.mx\/index.php?rest_route=%2Fwp%2Fv2%2Ftags&post=13539"}],"curies":[{"name":"wp","href":"https:\/\/api.w.org\/{rel}","templated":true}]}}