{"id":13529,"date":"2019-01-07T01:13:13","date_gmt":"2019-01-07T01:13:13","guid":{"rendered":"http:\/\/quehacerpolitico.mx\/la-rosca-de-reyes-mas-grande-del-mundo-se-la-estan-comiendo-en-saltillo-entra-a-record-guinness\/"},"modified":"2019-01-07T01:13:13","modified_gmt":"2019-01-07T01:13:13","slug":"la-rosca-de-reyes-mas-grande-del-mundo-se-la-estan-comiendo-en-saltillo-entra-a-record-guinness","status":"publish","type":"post","link":"https:\/\/quehacerpolitico.mx\/?p=13529","title":{"rendered":"La rosca de reyes m\u00e1s grande del mundo se la est\u00e1n comiendo en Saltillo; entra a r\u00e9cord Guinness"},"content":{"rendered":"<h1>La rosca de reyes m\u00e1s grande del mundo se la est\u00e1n comiendo en Saltillo; entra a r\u00e9cord Guinness<\/h1>\n<p>Por Redacci\u00f3n QP<\/p>\n<p>La Universidad Vizcaya de las Am\u00e9ricas logr\u00f3 hoy en el municipio mexicano de <strong>Saltillo<\/strong> el <strong>r\u00e9cord Guinness<\/strong> a la <strong>rosca de reyes\u00a0m\u00e1s grande del mundo<\/strong> con dos mil 65.43 metros.<\/p>\n<blockquote>\n<p>\u201cFue una <strong>rosca<\/strong> de dos mil 65.43 metros que rompe el pasado <strong>r\u00e9cord<\/strong> en Suiza de 973 24 metros, en 2011\u2033, dijo a <em>EFE<\/em> el adjudicador oficial del Guinness World Records para Am\u00e9rica Latina, Carlos Tapia.<\/p>\n<\/blockquote>\n<p>De acuerdo con Tapia, en la elaboraci\u00f3n de este t\u00edpico dulce para el d\u00eda de los Reyes Magos participaron hasta 300 voluntarios, que trabajaron desde el 2 de enero en jornadas de hasta 14 horas.<\/p>\n<div id=\"attachment_3519334\" class=\"wp-caption alignnone\"><img loading=\"lazy\" decoding=\"async\" class=\"size-full wp-image-3519334\" src=\"https:\/\/www.sinembargo.mx\/wp-content\/uploads\/2019\/01\/rosca_record_guinness03.jpg\" sizes=\"auto, (max-width: 700px) 100vw, 700px\" srcset=\"https:\/\/www.sinembargo.mx\/wp-content\/uploads\/2019\/01\/rosca_record_guinness03.jpg 700w, https:\/\/www.sinembargo.mx\/wp-content\/uploads\/2019\/01\/rosca_record_guinness03-300x222.jpg 300w\" alt=\"\" width=\"700\" height=\"519\" \/><\/p>\n<p class=\"wp-caption-text\">Estudiantes de Gastronom\u00eda rompieron el r\u00e9cord mundial Guinness en la elaboraci\u00f3n de la rosca de reyes mas larga del mundo, la cual logr\u00f3 alcanzar dos mil 65.43 metros, el anterior r\u00e9cord le pertenec\u00eda a Suiza. Foto: Gabriela P\u00e9rez Montiel, Cuartoscuro<\/p>\n<\/div>\n<blockquote>\n<p>\u201cHan puesto el list\u00f3n muy alto, pero no dudo que nos est\u00e9n contactando\u201d en los pr\u00f3ximos a\u00f1os para batir el <strong>r\u00e9cord<\/strong>, apunt\u00f3.<\/p>\n<\/blockquote>\n<div id=\"attachment_3519335\" class=\"wp-caption alignnone\"><img loading=\"lazy\" decoding=\"async\" class=\"size-full wp-image-3519335\" src=\"https:\/\/www.sinembargo.mx\/wp-content\/uploads\/2019\/01\/rosca_record_guinness02.jpg\" sizes=\"auto, (max-width: 700px) 100vw, 700px\" srcset=\"https:\/\/www.sinembargo.mx\/wp-content\/uploads\/2019\/01\/rosca_record_guinness02.jpg 700w, https:\/\/www.sinembargo.mx\/wp-content\/uploads\/2019\/01\/rosca_record_guinness02-300x222.jpg 300w\" alt=\"\" width=\"700\" height=\"519\" \/><\/p>\n<p class=\"wp-caption-text\">Estudiantes de Gastronom\u00eda rompieron el r\u00e9cord mundial Guinness en la elaboraci\u00f3n de la rosca de reyes mas larga del mundo, la cual logr\u00f3 alcanzar dos mil 65.43 metros, el anterior r\u00e9cord le pertenec\u00eda a Suiza. Foto: Gabriela P\u00e9rez Montiel, Cuartoscuro<\/p>\n<\/div>\n<p>En <strong>Saltillo<\/strong>, capital del norte\u00f1o estado de <strong>Coahuila<\/strong>, la universidad recibi\u00f3 el apoyo del municipio para la fabricaci\u00f3n de esta filigrana de reposter\u00eda.<\/p>\n<div id=\"attachment_3519336\" class=\"wp-caption alignnone\"><img loading=\"lazy\" decoding=\"async\" class=\"size-full wp-image-3519336\" src=\"https:\/\/www.sinembargo.mx\/wp-content\/uploads\/2019\/01\/rosca_record_guinness01.jpg\" sizes=\"auto, (max-width: 700px) 100vw, 700px\" srcset=\"https:\/\/www.sinembargo.mx\/wp-content\/uploads\/2019\/01\/rosca_record_guinness01.jpg 700w, https:\/\/www.sinembargo.mx\/wp-content\/uploads\/2019\/01\/rosca_record_guinness01-300x210.jpg 300w\" alt=\"\" width=\"700\" height=\"489\" \/><\/p>\n<p class=\"wp-caption-text\">Estudiantes de Gastronom\u00eda rompieron el r\u00e9cord mundial Guinness en la elaboraci\u00f3n de la rosca de reyes mas larga del mundo, la cual logr\u00f3 alcanzar dos mil 65.43 metros, el anterior r\u00e9cord le pertenec\u00eda a Suiza. Foto: Gabriela P\u00e9rez Montiel, Cuartoscuro<\/p>\n<\/div>\n<p>Rolando Franco, director de Vinculaci\u00f3n del centro educativo en su campus de <strong>Saltillo<\/strong>, relat\u00f3 a <em>EFE<\/em> que la <strong>rosca<\/strong> est\u00e1 conformada por los ingredientes propios de este manjar: harina, az\u00facar, leche, huevos y frutas.<\/p>\n<div id=\"attachment_3519337\" class=\"wp-caption alignnone\"><img loading=\"lazy\" decoding=\"async\" class=\"size-full wp-image-3519337\" src=\"https:\/\/www.sinembargo.mx\/wp-content\/uploads\/2019\/01\/rosca_record_guinness05.jpg\" sizes=\"auto, (max-width: 700px) 100vw, 700px\" srcset=\"https:\/\/www.sinembargo.mx\/wp-content\/uploads\/2019\/01\/rosca_record_guinness05.jpg 700w, https:\/\/www.sinembargo.mx\/wp-content\/uploads\/2019\/01\/rosca_record_guinness05-300x200.jpg 300w\" alt=\"\" width=\"700\" height=\"467\" \/><\/p>\n<p class=\"wp-caption-text\">Estudiantes de Gastronom\u00eda rompieron el r\u00e9cord mundial Guinness en la elaboraci\u00f3n de la rosca de reyes mas larga del mundo, la cual logr\u00f3 alcanzar dos mil 65.43 metros, el anterior r\u00e9cord le pertenec\u00eda a Suiza. Foto: Gabriela P\u00e9rez Montiel, Cuartoscuro<\/p>\n<\/div>\n<p>La universidad tiene la tradici\u00f3n, desde hace unos cinco a\u00f1os, de fabricar enormes <strong>roscas de reyes<\/strong>. Pero esta supuso todo un reto por su magnitud, explic\u00f3.<\/p>\n<p>Tras d\u00edas de preparaci\u00f3n, este domingo se logr\u00f3 la certificaci\u00f3n del <strong>r\u00e9cord Guinness<\/strong>, y miles de comensales devoraron pronto la rosca de reyes, que ten\u00eda de ancho alrededor de diez cent\u00edmetros.<\/p>\n<blockquote>\n<p>\u201cSe instal\u00f3 (la rosca), se coloc\u00f3 y se invit\u00f3 a toda la ciudadan\u00eda a ser part\u00edcipe del logro y del manjar. Vinieron m\u00e1s de tres mil gentes\u201d, celebr\u00f3 Franco.<\/p>\n<\/blockquote>\n<p>Por su longitud, en la rosca se escondieron hasta siete mil mu\u00f1equitos que representan al ni\u00f1o Jes\u00fas.<\/p>\n<p>Seg\u00fan la tradici\u00f3n mexicana, al que le toca esta figura deber\u00e1 invitar a tamales el pr\u00f3ximo 2 de febrero, en el D\u00eda de la Candelaria.<\/p>\n<p>Con Informaci\u00f3n de EFE<\/p>\n","protected":false},"excerpt":{"rendered":"<p>La rosca de reyes m\u00e1s grande del mundo se la est\u00e1n comiendo en Saltillo; entra a r\u00e9cord Guinness<br \/>\nPor Redacci\u00f3n QP<\/p>\n","protected":false},"author":2,"featured_media":13528,"comment_status":"open","ping_status":"open","sticky":false,"template":"","format":"standard","meta":{"_monsterinsights_skip_tracking":false,"_monsterinsights_sitenote_active":false,"_monsterinsights_sitenote_note":"","_monsterinsights_sitenote_category":0,"footnotes":""},"categories":[2],"tags":[],"class_list":["post-13529","post","type-post","status-publish","format-standard","has-post-thumbnail","hentry","category-noticias"],"yoast_head":"<!-- This site is optimized with the Yoast SEO plugin v27.3 - https:\/\/yoast.com\/product\/yoast-seo-wordpress\/ -->\n<title>La rosca de reyes m\u00e1s grande del mundo se la est\u00e1n comiendo en Saltillo; entra a r\u00e9cord Guinness -<\/title>\n<meta name=\"robots\" content=\"index, follow, max-snippet:-1, max-image-preview:large, max-video-preview:-1\" \/>\n<link rel=\"canonical\" href=\"https:\/\/quehacerpolitico.mx\/?p=13529\" \/>\n<meta property=\"og:locale\" content=\"es_MX\" \/>\n<meta property=\"og:type\" content=\"article\" \/>\n<meta property=\"og:title\" content=\"La rosca de reyes m\u00e1s grande del mundo se la est\u00e1n comiendo en Saltillo; entra a r\u00e9cord Guinness -\" \/>\n<meta property=\"og:description\" content=\"La rosca de reyes m\u00e1s grande del mundo se la est\u00e1n comiendo en Saltillo; entra a r\u00e9cord Guinness Por Redacci\u00f3n QP\" \/>\n<meta property=\"og:url\" content=\"https:\/\/quehacerpolitico.mx\/?p=13529\" \/>\n<meta property=\"article:published_time\" content=\"2019-01-07T01:13:13+00:00\" \/>\n<meta name=\"author\" content=\"Redacci\u00f3n QP\" \/>\n<meta name=\"twitter:card\" content=\"summary_large_image\" \/>\n<meta name=\"twitter:label1\" content=\"Escrito por\" \/>\n\t<meta name=\"twitter:data1\" content=\"Redacci\u00f3n QP\" \/>\n\t<meta name=\"twitter:label2\" content=\"Tiempo de lectura\" \/>\n\t<meta name=\"twitter:data2\" content=\"3 minutos\" \/>\n<script type=\"application\/ld+json\" class=\"yoast-schema-graph\">{\"@context\":\"https:\\\/\\\/schema.org\",\"@graph\":[{\"@type\":\"Article\",\"@id\":\"https:\\\/\\\/quehacerpolitico.mx\\\/?p=13529#article\",\"isPartOf\":{\"@id\":\"https:\\\/\\\/quehacerpolitico.mx\\\/?p=13529\"},\"author\":{\"name\":\"Redacci\u00f3n QP\",\"@id\":\"https:\\\/\\\/quehacerpolitico.mx\\\/#\\\/schema\\\/person\\\/496d8ad2d1d3f8036101dca7ee39e585\"},\"headline\":\"La rosca de reyes m\u00e1s grande del mundo se la est\u00e1n comiendo en Saltillo; entra a r\u00e9cord Guinness\",\"datePublished\":\"2019-01-07T01:13:13+00:00\",\"mainEntityOfPage\":{\"@id\":\"https:\\\/\\\/quehacerpolitico.mx\\\/?p=13529\"},\"wordCount\":567,\"commentCount\":0,\"image\":{\"@id\":\"https:\\\/\\\/quehacerpolitico.mx\\\/?p=13529#primaryimage\"},\"thumbnailUrl\":\"\",\"articleSection\":[\"Noticias\"],\"inLanguage\":\"es\",\"potentialAction\":[{\"@type\":\"CommentAction\",\"name\":\"Comment\",\"target\":[\"https:\\\/\\\/quehacerpolitico.mx\\\/?p=13529#respond\"]}]},{\"@type\":\"WebPage\",\"@id\":\"https:\\\/\\\/quehacerpolitico.mx\\\/?p=13529\",\"url\":\"https:\\\/\\\/quehacerpolitico.mx\\\/?p=13529\",\"name\":\"La rosca de reyes m\u00e1s grande del mundo se la est\u00e1n comiendo en Saltillo; entra a r\u00e9cord Guinness -\",\"isPartOf\":{\"@id\":\"https:\\\/\\\/quehacerpolitico.mx\\\/#website\"},\"primaryImageOfPage\":{\"@id\":\"https:\\\/\\\/quehacerpolitico.mx\\\/?p=13529#primaryimage\"},\"image\":{\"@id\":\"https:\\\/\\\/quehacerpolitico.mx\\\/?p=13529#primaryimage\"},\"thumbnailUrl\":\"\",\"datePublished\":\"2019-01-07T01:13:13+00:00\",\"author\":{\"@id\":\"https:\\\/\\\/quehacerpolitico.mx\\\/#\\\/schema\\\/person\\\/496d8ad2d1d3f8036101dca7ee39e585\"},\"breadcrumb\":{\"@id\":\"https:\\\/\\\/quehacerpolitico.mx\\\/?p=13529#breadcrumb\"},\"inLanguage\":\"es\",\"potentialAction\":[{\"@type\":\"ReadAction\",\"target\":[\"https:\\\/\\\/quehacerpolitico.mx\\\/?p=13529\"]}]},{\"@type\":\"ImageObject\",\"inLanguage\":\"es\",\"@id\":\"https:\\\/\\\/quehacerpolitico.mx\\\/?p=13529#primaryimage\",\"url\":\"\",\"contentUrl\":\"\"},{\"@type\":\"BreadcrumbList\",\"@id\":\"https:\\\/\\\/quehacerpolitico.mx\\\/?p=13529#breadcrumb\",\"itemListElement\":[{\"@type\":\"ListItem\",\"position\":1,\"name\":\"Inicio\",\"item\":\"https:\\\/\\\/quehacerpolitico.mx\\\/\"},{\"@type\":\"ListItem\",\"position\":2,\"name\":\"La rosca de reyes m\u00e1s grande del mundo se la est\u00e1n comiendo en Saltillo; entra a r\u00e9cord Guinness\"}]},{\"@type\":\"WebSite\",\"@id\":\"https:\\\/\\\/quehacerpolitico.mx\\\/#website\",\"url\":\"https:\\\/\\\/quehacerpolitico.mx\\\/\",\"name\":\"\",\"description\":\"\",\"potentialAction\":[{\"@type\":\"SearchAction\",\"target\":{\"@type\":\"EntryPoint\",\"urlTemplate\":\"https:\\\/\\\/quehacerpolitico.mx\\\/?s={search_term_string}\"},\"query-input\":{\"@type\":\"PropertyValueSpecification\",\"valueRequired\":true,\"valueName\":\"search_term_string\"}}],\"inLanguage\":\"es\"},{\"@type\":\"Person\",\"@id\":\"https:\\\/\\\/quehacerpolitico.mx\\\/#\\\/schema\\\/person\\\/496d8ad2d1d3f8036101dca7ee39e585\",\"name\":\"Redacci\u00f3n QP\",\"image\":{\"@type\":\"ImageObject\",\"inLanguage\":\"es\",\"@id\":\"https:\\\/\\\/secure.gravatar.com\\\/avatar\\\/c7164ed6fdec453195284ad24a5ae5b6e1eed2b848477fa2a4787ba9adf39a41?s=96&d=mm&r=g\",\"url\":\"https:\\\/\\\/secure.gravatar.com\\\/avatar\\\/c7164ed6fdec453195284ad24a5ae5b6e1eed2b848477fa2a4787ba9adf39a41?s=96&d=mm&r=g\",\"contentUrl\":\"https:\\\/\\\/secure.gravatar.com\\\/avatar\\\/c7164ed6fdec453195284ad24a5ae5b6e1eed2b848477fa2a4787ba9adf39a41?s=96&d=mm&r=g\",\"caption\":\"Redacci\u00f3n QP\"},\"url\":\"https:\\\/\\\/quehacerpolitico.mx\\\/?author=2\"}]}<\/script>\n<!-- \/ Yoast SEO plugin. -->","yoast_head_json":{"title":"La rosca de reyes m\u00e1s grande del mundo se la est\u00e1n comiendo en Saltillo; entra a r\u00e9cord Guinness -","robots":{"index":"index","follow":"follow","max-snippet":"max-snippet:-1","max-image-preview":"max-image-preview:large","max-video-preview":"max-video-preview:-1"},"canonical":"https:\/\/quehacerpolitico.mx\/?p=13529","og_locale":"es_MX","og_type":"article","og_title":"La rosca de reyes m\u00e1s grande del mundo se la est\u00e1n comiendo en Saltillo; entra a r\u00e9cord Guinness -","og_description":"La rosca de reyes m\u00e1s grande del mundo se la est\u00e1n comiendo en Saltillo; entra a r\u00e9cord Guinness Por Redacci\u00f3n QP","og_url":"https:\/\/quehacerpolitico.mx\/?p=13529","article_published_time":"2019-01-07T01:13:13+00:00","author":"Redacci\u00f3n QP","twitter_card":"summary_large_image","twitter_misc":{"Escrito por":"Redacci\u00f3n QP","Tiempo de lectura":"3 minutos"},"schema":{"@context":"https:\/\/schema.org","@graph":[{"@type":"Article","@id":"https:\/\/quehacerpolitico.mx\/?p=13529#article","isPartOf":{"@id":"https:\/\/quehacerpolitico.mx\/?p=13529"},"author":{"name":"Redacci\u00f3n QP","@id":"https:\/\/quehacerpolitico.mx\/#\/schema\/person\/496d8ad2d1d3f8036101dca7ee39e585"},"headline":"La rosca de reyes m\u00e1s grande del mundo se la est\u00e1n comiendo en Saltillo; entra a r\u00e9cord Guinness","datePublished":"2019-01-07T01:13:13+00:00","mainEntityOfPage":{"@id":"https:\/\/quehacerpolitico.mx\/?p=13529"},"wordCount":567,"commentCount":0,"image":{"@id":"https:\/\/quehacerpolitico.mx\/?p=13529#primaryimage"},"thumbnailUrl":"","articleSection":["Noticias"],"inLanguage":"es","potentialAction":[{"@type":"CommentAction","name":"Comment","target":["https:\/\/quehacerpolitico.mx\/?p=13529#respond"]}]},{"@type":"WebPage","@id":"https:\/\/quehacerpolitico.mx\/?p=13529","url":"https:\/\/quehacerpolitico.mx\/?p=13529","name":"La rosca de reyes m\u00e1s grande del mundo se la est\u00e1n comiendo en Saltillo; entra a r\u00e9cord Guinness -","isPartOf":{"@id":"https:\/\/quehacerpolitico.mx\/#website"},"primaryImageOfPage":{"@id":"https:\/\/quehacerpolitico.mx\/?p=13529#primaryimage"},"image":{"@id":"https:\/\/quehacerpolitico.mx\/?p=13529#primaryimage"},"thumbnailUrl":"","datePublished":"2019-01-07T01:13:13+00:00","author":{"@id":"https:\/\/quehacerpolitico.mx\/#\/schema\/person\/496d8ad2d1d3f8036101dca7ee39e585"},"breadcrumb":{"@id":"https:\/\/quehacerpolitico.mx\/?p=13529#breadcrumb"},"inLanguage":"es","potentialAction":[{"@type":"ReadAction","target":["https:\/\/quehacerpolitico.mx\/?p=13529"]}]},{"@type":"ImageObject","inLanguage":"es","@id":"https:\/\/quehacerpolitico.mx\/?p=13529#primaryimage","url":"","contentUrl":""},{"@type":"BreadcrumbList","@id":"https:\/\/quehacerpolitico.mx\/?p=13529#breadcrumb","itemListElement":[{"@type":"ListItem","position":1,"name":"Inicio","item":"https:\/\/quehacerpolitico.mx\/"},{"@type":"ListItem","position":2,"name":"La rosca de reyes m\u00e1s grande del mundo se la est\u00e1n comiendo en Saltillo; entra a r\u00e9cord Guinness"}]},{"@type":"WebSite","@id":"https:\/\/quehacerpolitico.mx\/#website","url":"https:\/\/quehacerpolitico.mx\/","name":"","description":"","potentialAction":[{"@type":"SearchAction","target":{"@type":"EntryPoint","urlTemplate":"https:\/\/quehacerpolitico.mx\/?s={search_term_string}"},"query-input":{"@type":"PropertyValueSpecification","valueRequired":true,"valueName":"search_term_string"}}],"inLanguage":"es"},{"@type":"Person","@id":"https:\/\/quehacerpolitico.mx\/#\/schema\/person\/496d8ad2d1d3f8036101dca7ee39e585","name":"Redacci\u00f3n QP","image":{"@type":"ImageObject","inLanguage":"es","@id":"https:\/\/secure.gravatar.com\/avatar\/c7164ed6fdec453195284ad24a5ae5b6e1eed2b848477fa2a4787ba9adf39a41?s=96&d=mm&r=g","url":"https:\/\/secure.gravatar.com\/avatar\/c7164ed6fdec453195284ad24a5ae5b6e1eed2b848477fa2a4787ba9adf39a41?s=96&d=mm&r=g","contentUrl":"https:\/\/secure.gravatar.com\/avatar\/c7164ed6fdec453195284ad24a5ae5b6e1eed2b848477fa2a4787ba9adf39a41?s=96&d=mm&r=g","caption":"Redacci\u00f3n QP"},"url":"https:\/\/quehacerpolitico.mx\/?author=2"}]}},"featured_image_urls":{"full":"","thumbnail":"","medium":"","medium_large":"","large":"","1536x1536":"","2048x2048":"","covernews-featured":"","covernews-medium":""},"author_info":{"display_name":"Redacci\u00f3n QP","author_link":"https:\/\/quehacerpolitico.mx\/?author=2"},"category_info":"<a href=\"https:\/\/quehacerpolitico.mx\/?cat=2\" rel=\"category\">Noticias<\/a>","tag_info":"Noticias","comment_count":"0","_links":{"self":[{"href":"https:\/\/quehacerpolitico.mx\/index.php?rest_route=\/wp\/v2\/posts\/13529","targetHints":{"allow":["GET"]}}],"collection":[{"href":"https:\/\/quehacerpolitico.mx\/index.php?rest_route=\/wp\/v2\/posts"}],"about":[{"href":"https:\/\/quehacerpolitico.mx\/index.php?rest_route=\/wp\/v2\/types\/post"}],"author":[{"embeddable":true,"href":"https:\/\/quehacerpolitico.mx\/index.php?rest_route=\/wp\/v2\/users\/2"}],"replies":[{"embeddable":true,"href":"https:\/\/quehacerpolitico.mx\/index.php?rest_route=%2Fwp%2Fv2%2Fcomments&post=13529"}],"version-history":[{"count":0,"href":"https:\/\/quehacerpolitico.mx\/index.php?rest_route=\/wp\/v2\/posts\/13529\/revisions"}],"wp:featuredmedia":[{"embeddable":true,"href":"https:\/\/quehacerpolitico.mx\/index.php?rest_route=\/"}],"wp:attachment":[{"href":"https:\/\/quehacerpolitico.mx\/index.php?rest_route=%2Fwp%2Fv2%2Fmedia&parent=13529"}],"wp:term":[{"taxonomy":"category","embeddable":true,"href":"https:\/\/quehacerpolitico.mx\/index.php?rest_route=%2Fwp%2Fv2%2Fcategories&post=13529"},{"taxonomy":"post_tag","embeddable":true,"href":"https:\/\/quehacerpolitico.mx\/index.php?rest_route=%2Fwp%2Fv2%2Ftags&post=13529"}],"curies":[{"name":"wp","href":"https:\/\/api.w.org\/{rel}","templated":true}]}}