{"id":13415,"date":"2019-01-04T20:23:55","date_gmt":"2019-01-04T20:23:55","guid":{"rendered":"http:\/\/quehacerpolitico.mx\/batallones-del-ejercito-mexicano-brindaran-proteccion-al-regreso-a-clases-en-acapulco-y-en-chilapa\/"},"modified":"2019-01-04T20:23:55","modified_gmt":"2019-01-04T20:23:55","slug":"batallones-del-ejercito-mexicano-brindaran-proteccion-al-regreso-a-clases-en-acapulco-y-en-chilapa","status":"publish","type":"post","link":"https:\/\/quehacerpolitico.mx\/?p=13415","title":{"rendered":"Batallones del Ej\u00e9rcito mexicano brindar\u00e1n protecci\u00f3n al regreso a clases en Acapulco y en Chilapa"},"content":{"rendered":"<h1>Batallones del Ej\u00e9rcito mexicano brindar\u00e1n protecci\u00f3n al regreso a clases en Acapulco y en Chilapa<\/h1>\n<p>Por Redacci\u00f3n QP<\/p>\n<p>La Coordinaci\u00f3n para la Justicia y la Paz de Guerrero inform\u00f3 que dos <strong>batallones<\/strong> del <strong>Ej\u00e9rcito<\/strong> dar\u00e1n seguridad en el <strong>regreso a clases<\/strong>de <strong>Acapulco<\/strong> y <strong>Chilapa<\/strong>, ambas ciudades con escuelas bajo el acoso de grupos criminales.<\/p>\n<p>En un comunicado de prensa, se inform\u00f3 que los <strong>batallones<\/strong> se asignar\u00e1n a los dos municipios para realizar las operaciones de seguridad durante el <strong>regreso a clases<\/strong>.<\/p>\n<blockquote>\n<p>En diciembre del a\u00f1o que concluy\u00f3, en <strong>Acapulco<\/strong> y <strong>Chilapa<\/strong> se registraron extorsiones a maestros por parte de grupos del crimen organizado, por lo que se adelantaron clases en escuelas como medida de seguridad para sus trabajadores y alumnos.<\/p>\n<\/blockquote>\n<div id=\"attachment_3518655\" class=\"wp-caption alignnone\"><img loading=\"lazy\" decoding=\"async\" class=\"size-full wp-image-3518655\" src=\"https:\/\/www.sinembargo.mx\/wp-content\/uploads\/2019\/01\/militares-clases-guerrero.png\" sizes=\"auto, (max-width: 700px) 100vw, 700px\" srcset=\"https:\/\/www.sinembargo.mx\/wp-content\/uploads\/2019\/01\/militares-clases-guerrero.png 700w, https:\/\/www.sinembargo.mx\/wp-content\/uploads\/2019\/01\/militares-clases-guerrero-300x201.png 300w\" alt=\"\" width=\"700\" height=\"469\" \/><\/p>\n<p class=\"wp-caption-text\">En un bolet\u00edn de prensa, se inform\u00f3 que los batallones se asignar\u00e1n a los dos municipios para realizar las operaciones de seguridad durante el regreso a clases. Foto: El Sur<\/p>\n<\/div>\n<p>En el caso de Chilapa, desde el 19 de diciembre dos comunidades de ese municipio se mantienen sitiados por un grupo del crimen organizado identificado como \u201cLos Ardillos\u201d, y desde hace m\u00e1s de una semana el <strong>Ej\u00e9rcito<\/strong>intent\u00f3 ingresar a la zona.<\/p>\n<p>En el comunicado difundido por el Gobierno del estado, se detalla que el general de brigada y comandante de la 35 Zona Militar con sede en Chilpancingo, Francisco Ter\u00e1n Valle, dio a conocer al Secretario General de Gobierno, Florencio Salazar Adame, la determinaci\u00f3n de la instalaci\u00f3n de los dos <strong>batallones<\/strong>.<\/p>\n<blockquote>\n<p>En el caso de <strong>Acapulco<\/strong>, donde la \u00faltima semana se agudizaron los hechos de violencia en la zona tur\u00edstica y suburbana, los operativos ser\u00e1n coordinados por la Secretar\u00eda de Marina (Semar), mientras que en <strong>Chilapa<\/strong> participar\u00e1 como refuerzo la Polic\u00eda del estado.<\/p>\n<\/blockquote>\n<p>En el documento no se detalla el n\u00famero de soldados que participar\u00e1n en la actividad y para cu\u00e1ndo estar\u00edan llegando al municipio de Chilapa, o cu\u00e1ndo entrar\u00edan en funciones en <strong>Acapulco<\/strong>.<\/p>\n<div id=\"attachment_3518679\" class=\"wp-caption alignnone\"><img loading=\"lazy\" decoding=\"async\" class=\"size-full wp-image-3518679\" src=\"https:\/\/www.sinembargo.mx\/wp-content\/uploads\/2019\/01\/inseguridad_regreso_a_clases_acapulco-1.jpg\" sizes=\"auto, (max-width: 700px) 100vw, 700px\" srcset=\"https:\/\/www.sinembargo.mx\/wp-content\/uploads\/2019\/01\/inseguridad_regreso_a_clases_acapulco-1.jpg 700w, https:\/\/www.sinembargo.mx\/wp-content\/uploads\/2019\/01\/inseguridad_regreso_a_clases_acapulco-1-300x200.jpg 300w\" alt=\"\" width=\"700\" height=\"467\" \/><\/p>\n<p class=\"wp-caption-text\">El pasado 22 de octubre, con vigilancia de elementos de la Polic\u00eda Municipal y Ej\u00e9rcito mexicano se reanudaron las clases en unidades acad\u00e9micas de la Universidad Aut\u00f3noma de Guerrero (Uagro). Foto: Bernandino Hern\u00e1ndez, Cuartoscuro<\/p>\n<\/div>\n<p><strong>GRUPO ARMADO SITIA COMUNIDADES EN GUERRERO<\/strong><\/p>\n<p>Habitantes de\u00a0las comunidades ind\u00edgenas de Zacapexco y Rinc\u00f3n de Chautla, municipio de Chilapa,\u00a0no han podido salir hacia la cabecera municipal\u00a0desde el 19 de diciembre, porque un grupo armado de 200 hombres rodea la zona y temen ser secuestrados en el camino.<\/p>\n<p>En una llamada se inform\u00f3 que\u00a0los habitantes solicitaron la presencia del <strong>Ej\u00e9rcito<\/strong> para reforzar la seguridad, pero ninguna autoridad acude a auxiliarlos, a pesar de cumplir varios d\u00edas sin poder acceder a servicios de salud.<\/p>\n<blockquote>\n<p>\u201cTodos tenemos mucho miedo. Los ni\u00f1os han dejado de comer, porque escuchamos en los radios lo que los hombres armados quieren hacer\u201d, agreg\u00f3 uno de los habitantes.<\/p>\n<\/blockquote>\n<p>En la llamada a la Redacci\u00f3n, se explic\u00f3 que los mil habitantes de Rinc\u00f3n de Chautla\u00a0no quieren salir de su comunidad, como medida de precauci\u00f3n para no ser secuestrados en el camino.<\/p>\n<p>En cada comunidad del estado, debido a la falta de redes de comunicaci\u00f3n, tanto de celular y como de l\u00edneas telef\u00f3nicas, se utilizan radios de onda corta para tener contacto con los pueblos vecinos. Las se\u00f1ales de estos aparatos interfieren con los que usan algunos grupos armados de la zona.<\/p>\n<p>Debido a esto, en las casas se puede escuchar lo que traman los grupos de hombres armados que operan en la regi\u00f3n Monta\u00f1a. Pero a pesar de informar a las autoridades, \u00e9stas no ingresan a apoyar a la poblaci\u00f3n que demanda seguridad.<\/p>\n<div id=\"attachment_3518693\" class=\"wp-caption alignnone\"><img loading=\"lazy\" decoding=\"async\" class=\"size-full wp-image-3518693\" src=\"https:\/\/www.sinembargo.mx\/wp-content\/uploads\/2019\/01\/inseguridad_regreso_a_clases_acapulco-3.jpg\" sizes=\"auto, (max-width: 700px) 100vw, 700px\" srcset=\"https:\/\/www.sinembargo.mx\/wp-content\/uploads\/2019\/01\/inseguridad_regreso_a_clases_acapulco-3.jpg 700w, https:\/\/www.sinembargo.mx\/wp-content\/uploads\/2019\/01\/inseguridad_regreso_a_clases_acapulco-3-300x200.jpg 300w\" alt=\"\" width=\"700\" height=\"467\" \/><\/p>\n<p class=\"wp-caption-text\">En diciembre del a\u00f1o que concluy\u00f3, en Acapulco y Chilapa se registraron extorsiones a maestros por parte de grupos del crimen organizado, por lo que se adelantaron clases en escuelas como medida de seguridad para sus trabajadores y alumnos. Foto: Bernandino Hern\u00e1ndez, Cuartoscuro<\/p>\n<\/div>\n<blockquote>\n<p>\u201cDesde el 19 de septiembre, las personas se instalaron ah\u00ed y est\u00e1n tratando de atacarnos. Por esa raz\u00f3n estamos pidiendo la intervenci\u00f3n de las autoridades, para que no se d\u00e9 un enfrentamiento, queremos que vengan a solucionar el problema\u201d, agreg\u00f3.<\/p>\n<\/blockquote>\n<p>Los habitantes insistieron en que a trav\u00e9s de los radios se sabe qu\u00e9 es lo que pretenden hacer, y aunque no quisieron detallar sobre este punto y si los amenazan con algo espec\u00edfico, s\u00ed dijeron que\u00a0los ni\u00f1os tienen mucho miedo\u00a0porque han escuchado los mensajes.<\/p>\n<p>La comunidad de Rinc\u00f3n de Chautla\u00a0se ubica a una hora y media de la cabecera municipal, y para llegar a ella se debe de viajar en carro particular, por una carretera de terracer\u00eda.<\/p>\n<blockquote>\n<p>\u201cNosotros somos como mil 200 habitantes, que no estamos armados y no sabemos qu\u00e9 vamos hacer si no llega la autoridad\u201d, enfatiz\u00f3.<\/p>\n<\/blockquote>\n<p>Inform\u00f3, sin querer entrar en mayor detalle, que el pasado 19 de diciembre hubo en la comunidad un problema entre dos familias, quienes salieron mal, y una de ellas fue la que llam\u00f3 al grupo armado que ahora tiene sometidas a las dos comunidades.<\/p>\n<blockquote>\n<p>\u201cNosotros no sabemos bien qui\u00e9nes son los agresores, s\u00f3lo que amenazaron a la comunidad de Rinc\u00f3n de Chautla. Aunque no tenemos nada que ver en el conflicto\u201d, se\u00f1al\u00f3.<\/p>\n<\/blockquote>\n<p>Los habitantes reconocieron que conocen a la gente que opera en la zona, por lo mismo tienen miedo de que si llegan a irrumpir en la comunidad y no se puedan defender de alg\u00fan hecho violento.<\/p>\n<p><strong>POR EXTORSIONES, ADELANTAN VACACIONES<\/strong><\/p>\n<p>El pasado 17 de diciembre, el\u00a0representante de la Comisi\u00f3n Pol\u00edtica de la Coordinadora Estatal de Trabajadores de la Educaci\u00f3n en Guerrero (CETEG) en la\u00a0Costa Grande,\u00a0Julio C\u00e9sar Moyao Gaspar dio a conocer que debido a la\u00a0inseguridad\u00a0y a que en algunos planteles los maestros fueron amenazados para exigirles la entrega de su\u00a0aguinaldo, las escuelas de los municipios de\u00a0Zihuatanejo,\u00a0Petatl\u00e1n\u00a0y\u00a0Coahuayutla\u00a0adelantaron el\u00a0periodo vacacional decembrino, lo que fue confirmado por el delegado de la Secretar\u00eda de Educaci\u00f3n Guerrero (SEG) en la regi\u00f3n, Fernando Leyva Sotelo.<\/p>\n<blockquote>\n<p>Por separado ambos maestros hablaron de la inseguridad que se vive en la regi\u00f3n y c\u00f3mo ha afectado al gremio, aunque no precisaron cu\u00e1ntas son las escuelas afectadas, coincidieron en que es un problema generalizado.<\/p>\n<p>El dirigente cetegista manifest\u00f3, \u201clamentablemente s\u00ed es cierto, lamentablemente tenemos el reporte de dos escuelas, una secundaria y un instituto particular en donde lamentablemente se han visto actitudes de gente que ha llegado y han tratado de sacar informaci\u00f3n, incluso, no tengo la versi\u00f3n oficial pero a una instituci\u00f3n lleg\u00f3 una persona con un arma queriendo hablar con el director y en procedimiento de querer pedir una cuota, un apoyo y en torno a ello nosotros como CETEG Costa Grande hemos orientado a los compa\u00f1eros que puedan hablar con sus directores, con sus supervisores o los jefes de sector en torno a que no podemos prestarnos a esta din\u00e1mica, es muy complicado y muy riesgoso\u201d.<\/p>\n<blockquote>\n<p>\u201cTambi\u00e9n que hablen con sus padres de familia para no poner en tela de juicio o para no que est\u00e9 la posibilidad de alg\u00fan atentado en contra de alg\u00fan maestro o alg\u00fan alumno, por ello solicitamos y sugerimos a los maestros que se adelantara la salida al periodo vacacional\u201d, agreg\u00f3.<\/p>\n<\/blockquote>\n<p>Indic\u00f3 que esta situaci\u00f3n ya la hab\u00edan hablado con las autoridades de la SEG, \u201cy ellos nos dec\u00edan que en realidad la situaci\u00f3n s\u00ed est\u00e1 complicada (\u2026) s\u00ed hay esta situaci\u00f3n en Zihuatanejo, lamentable, y s\u00ed dimos esa orientaci\u00f3n para que pudieran suspendiendo las labores, s\u00ed es cierto\u201d.<\/p>\n<p>Consultado por separado el delegado de la SEG, Fernando Leyva confirm\u00f3 que en los planteles se est\u00e1n adelantando las vacaciones debido a la inseguridad, \u201cen cuanto a amenazas por el tema del aguinaldo no tenemos datos de que haya esa situaci\u00f3n con los maestros, digo, pudiera ser de alguien que ni lo ha reportado, que haya sido un caso as\u00ed de manera excepcional pero no tenemos una situaci\u00f3n generalizada con los maestros en el sentido de que est\u00e9n siendo amenazados o extorsionados\u201d.<\/p>\n<blockquote>\n<p>\u201cCon el tema de la inseguridad s\u00ed hay algunas comunidades que han hecho un adelanto ya de las vacaciones por el tema de la inseguridad, donde los propios padres de familia le han pedido a los maestros, se ha generado ese acuerdo de suspender clases por el tema de la inseguridad, ha habido hasta un poco de desplazamiento en algunas comunidades, entonces s\u00ed ha habido suspensi\u00f3n en estas escuelas\u201d.<\/p>\n<p>Mencion\u00f3, \u201ctal es el caso del municipio de Coahuayutla, Vallecitos de Zaragoza, municipio de Zihuatanejo, de Petatl\u00e1n que tiene comunidades serranas y por ejemplo en Petatl\u00e1n en estos d\u00edas hubo una suspensi\u00f3n moment\u00e1nea de clases, en todos los casos porque tambi\u00e9n en las comunidades de El Zarco, Los Achotes, municipio de Zihuatanejo se vieron situaciones de violencia y de temor sobre todo de parte de los padres de familia de que sus hijos est\u00e9n transitando hacia la escuela, entonces, los padres hacen un acuerdo con los maestros de suspender labores y es ah\u00ed donde s\u00ed se han suspendido labores\u201d.<\/p>\n<blockquote>\n<p>\u201cS\u00ed tenemos una situaci\u00f3n ahorita un tanto alarmante en el sentido de la cuesti\u00f3n de la inseguridad que ha provocado en algunas comunidades el que se suspendan clases y que a lo mejor se pretenda generalizar, por lo pronto seguimos cumpliendo con el calendario escolar hasta donde lo permita\u201d.<\/p>\n<\/blockquote>\n<\/blockquote>\n<\/blockquote>\n","protected":false},"excerpt":{"rendered":"<p>Batallones del Ej\u00e9rcito mexicano brindar\u00e1n protecci\u00f3n al regreso a clases en Acapulco y en Chilapa<br \/>\nPor Redacci\u00f3n QP<\/p>\n","protected":false},"author":2,"featured_media":13414,"comment_status":"open","ping_status":"open","sticky":false,"template":"","format":"standard","meta":{"_monsterinsights_skip_tracking":false,"_monsterinsights_sitenote_active":false,"_monsterinsights_sitenote_note":"","_monsterinsights_sitenote_category":0,"footnotes":""},"categories":[2],"tags":[],"class_list":["post-13415","post","type-post","status-publish","format-standard","has-post-thumbnail","hentry","category-noticias"],"yoast_head":"<!-- This site is optimized with the Yoast SEO plugin v27.3 - https:\/\/yoast.com\/product\/yoast-seo-wordpress\/ -->\n<title>Batallones del Ej\u00e9rcito mexicano brindar\u00e1n protecci\u00f3n al regreso a clases en Acapulco y en Chilapa -<\/title>\n<meta name=\"robots\" content=\"index, follow, max-snippet:-1, max-image-preview:large, max-video-preview:-1\" \/>\n<link rel=\"canonical\" href=\"https:\/\/quehacerpolitico.mx\/?p=13415\" \/>\n<meta property=\"og:locale\" content=\"es_MX\" \/>\n<meta property=\"og:type\" content=\"article\" \/>\n<meta property=\"og:title\" content=\"Batallones del Ej\u00e9rcito mexicano brindar\u00e1n protecci\u00f3n al regreso a clases en Acapulco y en Chilapa -\" \/>\n<meta property=\"og:description\" content=\"Batallones del Ej\u00e9rcito mexicano brindar\u00e1n protecci\u00f3n al regreso a clases en Acapulco y en Chilapa Por Redacci\u00f3n QP\" \/>\n<meta property=\"og:url\" content=\"https:\/\/quehacerpolitico.mx\/?p=13415\" \/>\n<meta property=\"article:published_time\" content=\"2019-01-04T20:23:55+00:00\" \/>\n<meta name=\"author\" content=\"Redacci\u00f3n QP\" \/>\n<meta name=\"twitter:card\" content=\"summary_large_image\" \/>\n<meta name=\"twitter:label1\" content=\"Escrito por\" \/>\n\t<meta name=\"twitter:data1\" content=\"Redacci\u00f3n QP\" \/>\n\t<meta name=\"twitter:label2\" content=\"Tiempo de lectura\" \/>\n\t<meta name=\"twitter:data2\" content=\"8 minutos\" \/>\n<script type=\"application\/ld+json\" class=\"yoast-schema-graph\">{\"@context\":\"https:\\\/\\\/schema.org\",\"@graph\":[{\"@type\":\"Article\",\"@id\":\"https:\\\/\\\/quehacerpolitico.mx\\\/?p=13415#article\",\"isPartOf\":{\"@id\":\"https:\\\/\\\/quehacerpolitico.mx\\\/?p=13415\"},\"author\":{\"name\":\"Redacci\u00f3n QP\",\"@id\":\"https:\\\/\\\/quehacerpolitico.mx\\\/#\\\/schema\\\/person\\\/496d8ad2d1d3f8036101dca7ee39e585\"},\"headline\":\"Batallones del Ej\u00e9rcito mexicano brindar\u00e1n protecci\u00f3n al regreso a clases en Acapulco y en Chilapa\",\"datePublished\":\"2019-01-04T20:23:55+00:00\",\"mainEntityOfPage\":{\"@id\":\"https:\\\/\\\/quehacerpolitico.mx\\\/?p=13415\"},\"wordCount\":1630,\"commentCount\":0,\"image\":{\"@id\":\"https:\\\/\\\/quehacerpolitico.mx\\\/?p=13415#primaryimage\"},\"thumbnailUrl\":\"\",\"articleSection\":[\"Noticias\"],\"inLanguage\":\"es\",\"potentialAction\":[{\"@type\":\"CommentAction\",\"name\":\"Comment\",\"target\":[\"https:\\\/\\\/quehacerpolitico.mx\\\/?p=13415#respond\"]}]},{\"@type\":\"WebPage\",\"@id\":\"https:\\\/\\\/quehacerpolitico.mx\\\/?p=13415\",\"url\":\"https:\\\/\\\/quehacerpolitico.mx\\\/?p=13415\",\"name\":\"Batallones del Ej\u00e9rcito mexicano brindar\u00e1n protecci\u00f3n al regreso a clases en Acapulco y en Chilapa -\",\"isPartOf\":{\"@id\":\"https:\\\/\\\/quehacerpolitico.mx\\\/#website\"},\"primaryImageOfPage\":{\"@id\":\"https:\\\/\\\/quehacerpolitico.mx\\\/?p=13415#primaryimage\"},\"image\":{\"@id\":\"https:\\\/\\\/quehacerpolitico.mx\\\/?p=13415#primaryimage\"},\"thumbnailUrl\":\"\",\"datePublished\":\"2019-01-04T20:23:55+00:00\",\"author\":{\"@id\":\"https:\\\/\\\/quehacerpolitico.mx\\\/#\\\/schema\\\/person\\\/496d8ad2d1d3f8036101dca7ee39e585\"},\"breadcrumb\":{\"@id\":\"https:\\\/\\\/quehacerpolitico.mx\\\/?p=13415#breadcrumb\"},\"inLanguage\":\"es\",\"potentialAction\":[{\"@type\":\"ReadAction\",\"target\":[\"https:\\\/\\\/quehacerpolitico.mx\\\/?p=13415\"]}]},{\"@type\":\"ImageObject\",\"inLanguage\":\"es\",\"@id\":\"https:\\\/\\\/quehacerpolitico.mx\\\/?p=13415#primaryimage\",\"url\":\"\",\"contentUrl\":\"\"},{\"@type\":\"BreadcrumbList\",\"@id\":\"https:\\\/\\\/quehacerpolitico.mx\\\/?p=13415#breadcrumb\",\"itemListElement\":[{\"@type\":\"ListItem\",\"position\":1,\"name\":\"Inicio\",\"item\":\"https:\\\/\\\/quehacerpolitico.mx\\\/\"},{\"@type\":\"ListItem\",\"position\":2,\"name\":\"Batallones del Ej\u00e9rcito mexicano brindar\u00e1n protecci\u00f3n al regreso a clases en Acapulco y en Chilapa\"}]},{\"@type\":\"WebSite\",\"@id\":\"https:\\\/\\\/quehacerpolitico.mx\\\/#website\",\"url\":\"https:\\\/\\\/quehacerpolitico.mx\\\/\",\"name\":\"\",\"description\":\"\",\"potentialAction\":[{\"@type\":\"SearchAction\",\"target\":{\"@type\":\"EntryPoint\",\"urlTemplate\":\"https:\\\/\\\/quehacerpolitico.mx\\\/?s={search_term_string}\"},\"query-input\":{\"@type\":\"PropertyValueSpecification\",\"valueRequired\":true,\"valueName\":\"search_term_string\"}}],\"inLanguage\":\"es\"},{\"@type\":\"Person\",\"@id\":\"https:\\\/\\\/quehacerpolitico.mx\\\/#\\\/schema\\\/person\\\/496d8ad2d1d3f8036101dca7ee39e585\",\"name\":\"Redacci\u00f3n QP\",\"image\":{\"@type\":\"ImageObject\",\"inLanguage\":\"es\",\"@id\":\"https:\\\/\\\/secure.gravatar.com\\\/avatar\\\/c7164ed6fdec453195284ad24a5ae5b6e1eed2b848477fa2a4787ba9adf39a41?s=96&d=mm&r=g\",\"url\":\"https:\\\/\\\/secure.gravatar.com\\\/avatar\\\/c7164ed6fdec453195284ad24a5ae5b6e1eed2b848477fa2a4787ba9adf39a41?s=96&d=mm&r=g\",\"contentUrl\":\"https:\\\/\\\/secure.gravatar.com\\\/avatar\\\/c7164ed6fdec453195284ad24a5ae5b6e1eed2b848477fa2a4787ba9adf39a41?s=96&d=mm&r=g\",\"caption\":\"Redacci\u00f3n QP\"},\"url\":\"https:\\\/\\\/quehacerpolitico.mx\\\/?author=2\"}]}<\/script>\n<!-- \/ Yoast SEO plugin. -->","yoast_head_json":{"title":"Batallones del Ej\u00e9rcito mexicano brindar\u00e1n protecci\u00f3n al regreso a clases en Acapulco y en Chilapa -","robots":{"index":"index","follow":"follow","max-snippet":"max-snippet:-1","max-image-preview":"max-image-preview:large","max-video-preview":"max-video-preview:-1"},"canonical":"https:\/\/quehacerpolitico.mx\/?p=13415","og_locale":"es_MX","og_type":"article","og_title":"Batallones del Ej\u00e9rcito mexicano brindar\u00e1n protecci\u00f3n al regreso a clases en Acapulco y en Chilapa -","og_description":"Batallones del Ej\u00e9rcito mexicano brindar\u00e1n protecci\u00f3n al regreso a clases en Acapulco y en Chilapa Por Redacci\u00f3n QP","og_url":"https:\/\/quehacerpolitico.mx\/?p=13415","article_published_time":"2019-01-04T20:23:55+00:00","author":"Redacci\u00f3n QP","twitter_card":"summary_large_image","twitter_misc":{"Escrito por":"Redacci\u00f3n QP","Tiempo de lectura":"8 minutos"},"schema":{"@context":"https:\/\/schema.org","@graph":[{"@type":"Article","@id":"https:\/\/quehacerpolitico.mx\/?p=13415#article","isPartOf":{"@id":"https:\/\/quehacerpolitico.mx\/?p=13415"},"author":{"name":"Redacci\u00f3n QP","@id":"https:\/\/quehacerpolitico.mx\/#\/schema\/person\/496d8ad2d1d3f8036101dca7ee39e585"},"headline":"Batallones del Ej\u00e9rcito mexicano brindar\u00e1n protecci\u00f3n al regreso a clases en Acapulco y en Chilapa","datePublished":"2019-01-04T20:23:55+00:00","mainEntityOfPage":{"@id":"https:\/\/quehacerpolitico.mx\/?p=13415"},"wordCount":1630,"commentCount":0,"image":{"@id":"https:\/\/quehacerpolitico.mx\/?p=13415#primaryimage"},"thumbnailUrl":"","articleSection":["Noticias"],"inLanguage":"es","potentialAction":[{"@type":"CommentAction","name":"Comment","target":["https:\/\/quehacerpolitico.mx\/?p=13415#respond"]}]},{"@type":"WebPage","@id":"https:\/\/quehacerpolitico.mx\/?p=13415","url":"https:\/\/quehacerpolitico.mx\/?p=13415","name":"Batallones del Ej\u00e9rcito mexicano brindar\u00e1n protecci\u00f3n al regreso a clases en Acapulco y en Chilapa -","isPartOf":{"@id":"https:\/\/quehacerpolitico.mx\/#website"},"primaryImageOfPage":{"@id":"https:\/\/quehacerpolitico.mx\/?p=13415#primaryimage"},"image":{"@id":"https:\/\/quehacerpolitico.mx\/?p=13415#primaryimage"},"thumbnailUrl":"","datePublished":"2019-01-04T20:23:55+00:00","author":{"@id":"https:\/\/quehacerpolitico.mx\/#\/schema\/person\/496d8ad2d1d3f8036101dca7ee39e585"},"breadcrumb":{"@id":"https:\/\/quehacerpolitico.mx\/?p=13415#breadcrumb"},"inLanguage":"es","potentialAction":[{"@type":"ReadAction","target":["https:\/\/quehacerpolitico.mx\/?p=13415"]}]},{"@type":"ImageObject","inLanguage":"es","@id":"https:\/\/quehacerpolitico.mx\/?p=13415#primaryimage","url":"","contentUrl":""},{"@type":"BreadcrumbList","@id":"https:\/\/quehacerpolitico.mx\/?p=13415#breadcrumb","itemListElement":[{"@type":"ListItem","position":1,"name":"Inicio","item":"https:\/\/quehacerpolitico.mx\/"},{"@type":"ListItem","position":2,"name":"Batallones del Ej\u00e9rcito mexicano brindar\u00e1n protecci\u00f3n al regreso a clases en Acapulco y en Chilapa"}]},{"@type":"WebSite","@id":"https:\/\/quehacerpolitico.mx\/#website","url":"https:\/\/quehacerpolitico.mx\/","name":"","description":"","potentialAction":[{"@type":"SearchAction","target":{"@type":"EntryPoint","urlTemplate":"https:\/\/quehacerpolitico.mx\/?s={search_term_string}"},"query-input":{"@type":"PropertyValueSpecification","valueRequired":true,"valueName":"search_term_string"}}],"inLanguage":"es"},{"@type":"Person","@id":"https:\/\/quehacerpolitico.mx\/#\/schema\/person\/496d8ad2d1d3f8036101dca7ee39e585","name":"Redacci\u00f3n QP","image":{"@type":"ImageObject","inLanguage":"es","@id":"https:\/\/secure.gravatar.com\/avatar\/c7164ed6fdec453195284ad24a5ae5b6e1eed2b848477fa2a4787ba9adf39a41?s=96&d=mm&r=g","url":"https:\/\/secure.gravatar.com\/avatar\/c7164ed6fdec453195284ad24a5ae5b6e1eed2b848477fa2a4787ba9adf39a41?s=96&d=mm&r=g","contentUrl":"https:\/\/secure.gravatar.com\/avatar\/c7164ed6fdec453195284ad24a5ae5b6e1eed2b848477fa2a4787ba9adf39a41?s=96&d=mm&r=g","caption":"Redacci\u00f3n QP"},"url":"https:\/\/quehacerpolitico.mx\/?author=2"}]}},"featured_image_urls":{"full":"","thumbnail":"","medium":"","medium_large":"","large":"","1536x1536":"","2048x2048":"","covernews-featured":"","covernews-medium":""},"author_info":{"display_name":"Redacci\u00f3n QP","author_link":"https:\/\/quehacerpolitico.mx\/?author=2"},"category_info":"<a href=\"https:\/\/quehacerpolitico.mx\/?cat=2\" rel=\"category\">Noticias<\/a>","tag_info":"Noticias","comment_count":"0","_links":{"self":[{"href":"https:\/\/quehacerpolitico.mx\/index.php?rest_route=\/wp\/v2\/posts\/13415","targetHints":{"allow":["GET"]}}],"collection":[{"href":"https:\/\/quehacerpolitico.mx\/index.php?rest_route=\/wp\/v2\/posts"}],"about":[{"href":"https:\/\/quehacerpolitico.mx\/index.php?rest_route=\/wp\/v2\/types\/post"}],"author":[{"embeddable":true,"href":"https:\/\/quehacerpolitico.mx\/index.php?rest_route=\/wp\/v2\/users\/2"}],"replies":[{"embeddable":true,"href":"https:\/\/quehacerpolitico.mx\/index.php?rest_route=%2Fwp%2Fv2%2Fcomments&post=13415"}],"version-history":[{"count":0,"href":"https:\/\/quehacerpolitico.mx\/index.php?rest_route=\/wp\/v2\/posts\/13415\/revisions"}],"wp:featuredmedia":[{"embeddable":true,"href":"https:\/\/quehacerpolitico.mx\/index.php?rest_route=\/"}],"wp:attachment":[{"href":"https:\/\/quehacerpolitico.mx\/index.php?rest_route=%2Fwp%2Fv2%2Fmedia&parent=13415"}],"wp:term":[{"taxonomy":"category","embeddable":true,"href":"https:\/\/quehacerpolitico.mx\/index.php?rest_route=%2Fwp%2Fv2%2Fcategories&post=13415"},{"taxonomy":"post_tag","embeddable":true,"href":"https:\/\/quehacerpolitico.mx\/index.php?rest_route=%2Fwp%2Fv2%2Ftags&post=13415"}],"curies":[{"name":"wp","href":"https:\/\/api.w.org\/{rel}","templated":true}]}}