{"id":13406,"date":"2019-01-04T17:44:13","date_gmt":"2019-01-04T17:44:13","guid":{"rendered":"http:\/\/quehacerpolitico.mx\/voces-del-periodista-desde-filomeno-mata-8-mourisse-salloum-george-la-apuesta-por-la-cuarta-transformacion\/"},"modified":"2019-01-04T17:44:13","modified_gmt":"2019-01-04T17:44:13","slug":"voces-del-periodista-desde-filomeno-mata-8-mourisse-salloum-george-la-apuesta-por-la-cuarta-transformacion","status":"publish","type":"post","link":"https:\/\/quehacerpolitico.mx\/?p=13406","title":{"rendered":"Voces del Periodista Desde Filomeno Mata 8\/\/\/Mourisse Salloum George\/\/\/La apuesta por la cuarta transformaci\u00f3n"},"content":{"rendered":"<p style=\"text-align: left;\">La apuesta por la cuarta transformaci\u00f3n<\/p>\n<p>Por Mouris Salloum George <br \/>Director General del Club de Periodistas de M\u00e9xico AC<\/p>\n<p>A remolque del\u00a0modelo gringo, sedicentes estrategas electorales y sus compadres, los vendedores de encuestas, han hecho creer a los dirigentes de las formaciones pol\u00edticas mexicanas que ahora\u00a0lo que cuenta es el candidato, no el partido que est\u00e1 detr\u00e1s de \u00e9l.<\/p>\n<p>Esas ruedas de molino hacen de lado la militancia que mueve a las\u00a0bases sociales\u00a0en torno a los partidos hist\u00f3ricos con registro oficial e inventan supuestos\u00a0carismas\u00a0de protagonistas pretendidamente \u201ccentrales\u201d, que a la hora de las urnas\u00a0revientan como burbujas de jab\u00f3n.<\/p>\n<p>Podemos ilustrar ese fen\u00f3meno con los candidatos presidenciales\u00a0independientes\u00a0que entraron en la lid de 2018. Apenas pintaron en el momento de la verdad.<\/p>\n<p>Otra forma de documentar el tema es el mito del\u00a0efecto Pe\u00f1a Nieto\u00a0que se fabric\u00f3\u00a0medi\u00e1ticamente\u00a0en la sucesi\u00f3n presidencial de 2012. El mexiquense que logr\u00f3 el retorno del PRI a Los Pinos, expuso su investidura a refer\u00e9ndum en las siguientes elecciones y el saldo final del sexenio fue que el tricolor acumul\u00f3 una p\u00e9rdida de\u00a0cinco millones de votos.<\/p>\n<p>En el mismo orden de cosas, en la selecci\u00f3n de candidato presidencial para 2018, el PRI desde\u00f1\u00f3 la militancia de sus cuadros m\u00e1s prominentes para nominar al\u00a0simpatizante externo, el secretario de Hacienda\u00a0Jos\u00e9 Antonio Meade Kuribre\u00f1a.<\/p>\n<p>Sobre la figura de Meade se concentr\u00f3 toda la estrategia mercadot\u00e9cnica. Los resultados finales de la votaci\u00f3n presidencial lo remitieron al tercer sitio y, en lo particular,\u00a0al partido al quinto lugar.<\/p>\n<p>Vulnerabilidad individual\u00a0versus\u00a0fuerza org\u00e1nica colectiva<\/p>\n<p>Esas experiencias informan que la\u00a0vulnerabilidad individual\u00a0del candidato conspira contra fuerza org\u00e1nica de los partidos mismos.<\/p>\n<p>Para 2019 est\u00e1 programada la elecci\u00f3n ordinaria de gobernador en Baja California (<a dir=\"ltr\" href=\"x-apple-data-detectors:\/\/0\">2 de junio<\/a>) y extraordinaria en Puebla. En el primer caso,\u00a0nominalmente\u00a0el PAN ejerce el gobierno estatal desde 1989. En el segundo, el azul predomina desde 2010.<\/p>\n<p>Baja California es\u00a0la prueba del \u00e1cido\u00a0para el Movimiento Regeneraci\u00f3n Nacional (Morena), despu\u00e9s del irrebatible triunfo de\u00a0Andr\u00e9s Manuel L\u00f3pez Obrador\u00a0<a dir=\"ltr\" href=\"x-apple-data-detectors:\/\/1\">el 1 de julio<\/a>.<\/p>\n<p>Como en 2006 -en que fue nominado por el PRD-, L\u00f3pez Obrador fue\u00a0fact\u00f3tum personal\u00a0en la contienda de 2018. Lleg\u00f3 con un capital pol\u00edtico acumulado a lo largo de su activismo social en su estado natal, acrecentado durante su gesti\u00f3n como l\u00edder partidista nacional.<\/p>\n<p>El tabasque\u00f1o, sin embargo, aun dentro del PRD, oper\u00f3 una\u00a0horizontal formaci\u00f3n social paralela, que le fue leal al momento en que se separ\u00f3 del Sol Azteca y convoc\u00f3 al Movimiento Regeneraci\u00f3n Nacional, que obtuvo el registro oficial como partido en 2016.<\/p>\n<p>En reciente evento organizado por Morena con otro tema espec\u00edfico, no obstante, una delegada plante\u00f3 a la mesa del encuentro:\u00a0Desde 2016 fundamos nuestro proyecto electoral con la agenda de L\u00f3pez Obrador, hicimos la precampa\u00f1a con la agenda de L\u00f3pez Obrador y la campa\u00f1a gir\u00f3 en torno a nuestro candidato presidencial. L\u00f3pez Obrador ya est\u00e1 en Palacio: \u00bfQu\u00e9 vamos a hacer ahora en Morena?<\/p>\n<p>No resisten los partidos pol\u00edticos de \u201cun solo hombre\u201d<\/p>\n<p>Nos parece pertinente esa observaci\u00f3n y la inquietud con la que se cerr\u00f3 ese planteamiento. Para junio pr\u00f3ximo estar\u00e1n en la balanza los aciertos y los desaciertos\u00a0del Presidente. Lo obvio es que los partidos contendientes en Baja California o en Puebla se apoyar\u00e1n en los segundos para dise\u00f1ar su estrategia de combate.<\/p>\n<p>El PRI en su \u00e9poca de auge y de victorias y el PAN en la alternancia, funcionaron como partido de\u00a0un solo hombre. El tricolor del Presidente en turno; el azul, del jefe nacional. Las consecuencias se dieron en los resultados del 1 de julio de 2018.<\/p>\n<p>En uno de sus tiempos m\u00e1s significativos, el PRI tuvo en su liderazgo a don\u00a0Jes\u00fas Reyes Heroles. El pensador tuxpe\u00f1o fue claro en su posici\u00f3n: Por supuesto, \u201cno podemos actuar como oposici\u00f3n, pero debemos ir\u00a0adelante del gobierno, asumiendo iniciativas program\u00e1ticas conforme el proyecto pol\u00edtico que\u00a0nos dio la raz\u00f3n de ser como partido fundacional del nuevo Estado mexicano\u201d.<\/p>\n<p>Un movimiento espont\u00e1neo no es garant\u00eda de nada\u00a0<\/p>\n<p>Morena lleg\u00f3 a la sucesi\u00f3n presidencial como un abigarrado\u00a0movimiento electoral\u00a0en el que convergieron\u00a0desertores de otros partidos, organizaciones no gubernamentales y conspicuas figuras individuales, algunas de las cuales se prueban ahora en cargos administrativos de la Federaci\u00f3n.<\/p>\n<p>La ret\u00f3rica pol\u00edtica establece que el ahora inquilino de Palacio Nacional es el\u00a0Presidente de todos los mexicanos, sin distingos de filias o fobias partidistas. En eso basa su constante llamado a\u00a0la reconciliaci\u00f3n nacional. No puede, pues, exponer f\u00e1cticamente su investidura constitucional a refer\u00e9ndum en cada elecci\u00f3n.<\/p>\n<p>Los mismos directivos del nuevo Congreso de la Uni\u00f3n, de extracci\u00f3n morenista, han declarado que las c\u00e1maras no pueden actuar como\u00a0oficial\u00eda de partes\u00a0del Ejecutivo. Los m\u00e1rgenes de independencia se aprovechar\u00e1n, han sostenido, para dar curso a iniciativas surgidas de las diversas bancadas acreditadas en el Poder Legislativo.<\/p>\n<p>Morena requiere ahora autonom\u00eda de gesti\u00f3n<\/p>\n<p>Movimiento ahora institucionalizado como partido pol\u00edtico, Morena requiere de una\u00a0fuerza org\u00e1nica propia.<\/p>\n<p>En la presidencia nacional de Morena est\u00e1\u00a0Yeidckol Polevsnky, cuyas dotes primero como empresaria privada y despu\u00e9s como dirigente pol\u00edtica abonan su capacidad de liderazgo y su sentido de la organizaci\u00f3n.<\/p>\n<p>La dirigente nacional de Morena tiene mapeado el territorio mexicano, conoce\u00a0in situ\u00a0la problem\u00e1tica social, pol\u00edtica y econ\u00f3mica regional y dispone del directorio de los cuadros estatales y municipales que demostraron su eficacia en 2018.<\/p>\n<p>Morena, pues, requiere de\u00a0autonom\u00eda de gesti\u00f3n\u00a0para hacerse cargo de sus iniciativas, asumir los errores, cuando los haya, y reclamar los m\u00e9ritos, cuando los haya, en cada \u00e9xito de su acci\u00f3n pol\u00edtica y electoral. Su propia energ\u00eda org\u00e1nica y sus resultados\u00a0dar\u00e1n la medida del avance de la cuarta transformaci\u00f3n.<\/p>\n<p>Ninguna naci\u00f3n puede depender del \u201chombre providencial\u201d<\/p>\n<p>La\u00a0fatalidad constitucional\u00a0dicta que el periodo presidencial no va m\u00e1s all\u00e1 de los seis a\u00f1os.<\/p>\n<p>Un proyecto de gobierno,\u00a0para ser hist\u00f3rico, requiere m\u00e1s que ese lapso de\u00a0maduraci\u00f3n y concreci\u00f3n. Es el partido, y no el individuo, el que debe responder al compromiso, primero con sus electores y, en \u00faltima lectura, con la Rep\u00fablica.<\/p>\n<p>La\u00a0Naci\u00f3n\u00a0requiere, para su saludable continuidad, no del\u00a0hombre providencial, sino de la s\u00f3lida instituci\u00f3n partidista, no detr\u00e1s, sino\u00a0delante de \u00e9l.<\/p>\n<p>Es cuesti\u00f3n de\u00a0sentido com\u00fan. De com\u00fan, viene\u00a0comunidad. \u00c9sta debe velar por sus propios intereses. Si la delegaci\u00f3n del poder pol\u00edtico -como ocurri\u00f3 el pasado 1 de julio- se cumple, la continuidad debe ser responsabilidad, para el caso,\u00a0de Morena.<\/p>\n<p>No se ve en lo inmediato, en el paisaje pol\u00edtico mexicano, otra f\u00f3rmula sustitutiva. Mera cuesti\u00f3n de l\u00f3gica. La L\u00f3gica es filosof\u00eda, pero, sobre todo,\u00a0Ciencia. La raz\u00f3n, pues, por encima del instinto y del voluntarismo personal. Vale.<\/p>\n","protected":false},"excerpt":{"rendered":"<p>La apuesta por la cuarta transformaci\u00f3n<br \/>\nPor Mouris Salloum George<br \/>\nDirector General del Club de Periodistas de M\u00e9xico AC<\/p>\n","protected":false},"author":2,"featured_media":13405,"comment_status":"open","ping_status":"open","sticky":false,"template":"","format":"standard","meta":{"_monsterinsights_skip_tracking":false,"_monsterinsights_sitenote_active":false,"_monsterinsights_sitenote_note":"","_monsterinsights_sitenote_category":0,"footnotes":""},"categories":[2],"tags":[],"class_list":["post-13406","post","type-post","status-publish","format-standard","has-post-thumbnail","hentry","category-noticias"],"yoast_head":"<!-- This site is optimized with the Yoast SEO plugin v27.3 - https:\/\/yoast.com\/product\/yoast-seo-wordpress\/ -->\n<title>Voces del Periodista Desde Filomeno Mata 8\/\/\/Mourisse Salloum George\/\/\/La apuesta por la cuarta transformaci\u00f3n -<\/title>\n<meta name=\"robots\" content=\"index, follow, max-snippet:-1, max-image-preview:large, max-video-preview:-1\" \/>\n<link rel=\"canonical\" href=\"https:\/\/quehacerpolitico.mx\/?p=13406\" \/>\n<meta property=\"og:locale\" content=\"es_MX\" \/>\n<meta property=\"og:type\" content=\"article\" \/>\n<meta property=\"og:title\" content=\"Voces del Periodista Desde Filomeno Mata 8\/\/\/Mourisse Salloum George\/\/\/La apuesta por la cuarta transformaci\u00f3n -\" \/>\n<meta property=\"og:description\" content=\"La apuesta por la cuarta transformaci\u00f3n Por Mouris Salloum George Director General del Club de Periodistas de M\u00e9xico AC\" \/>\n<meta property=\"og:url\" content=\"https:\/\/quehacerpolitico.mx\/?p=13406\" \/>\n<meta property=\"article:published_time\" content=\"2019-01-04T17:44:13+00:00\" \/>\n<meta name=\"author\" content=\"Redacci\u00f3n QP\" \/>\n<meta name=\"twitter:card\" content=\"summary_large_image\" \/>\n<meta name=\"twitter:label1\" content=\"Escrito por\" \/>\n\t<meta name=\"twitter:data1\" content=\"Redacci\u00f3n QP\" \/>\n\t<meta name=\"twitter:label2\" content=\"Tiempo de lectura\" \/>\n\t<meta name=\"twitter:data2\" content=\"6 minutos\" \/>\n<script type=\"application\/ld+json\" class=\"yoast-schema-graph\">{\"@context\":\"https:\\\/\\\/schema.org\",\"@graph\":[{\"@type\":\"Article\",\"@id\":\"https:\\\/\\\/quehacerpolitico.mx\\\/?p=13406#article\",\"isPartOf\":{\"@id\":\"https:\\\/\\\/quehacerpolitico.mx\\\/?p=13406\"},\"author\":{\"name\":\"Redacci\u00f3n QP\",\"@id\":\"https:\\\/\\\/quehacerpolitico.mx\\\/#\\\/schema\\\/person\\\/496d8ad2d1d3f8036101dca7ee39e585\"},\"headline\":\"Voces del Periodista Desde Filomeno Mata 8\\\/\\\/\\\/Mourisse Salloum George\\\/\\\/\\\/La apuesta por la cuarta transformaci\u00f3n\",\"datePublished\":\"2019-01-04T17:44:13+00:00\",\"mainEntityOfPage\":{\"@id\":\"https:\\\/\\\/quehacerpolitico.mx\\\/?p=13406\"},\"wordCount\":1225,\"commentCount\":0,\"image\":{\"@id\":\"https:\\\/\\\/quehacerpolitico.mx\\\/?p=13406#primaryimage\"},\"thumbnailUrl\":\"\",\"articleSection\":[\"Noticias\"],\"inLanguage\":\"es\",\"potentialAction\":[{\"@type\":\"CommentAction\",\"name\":\"Comment\",\"target\":[\"https:\\\/\\\/quehacerpolitico.mx\\\/?p=13406#respond\"]}]},{\"@type\":\"WebPage\",\"@id\":\"https:\\\/\\\/quehacerpolitico.mx\\\/?p=13406\",\"url\":\"https:\\\/\\\/quehacerpolitico.mx\\\/?p=13406\",\"name\":\"Voces del Periodista Desde Filomeno Mata 8\\\/\\\/\\\/Mourisse Salloum George\\\/\\\/\\\/La apuesta por la cuarta transformaci\u00f3n -\",\"isPartOf\":{\"@id\":\"https:\\\/\\\/quehacerpolitico.mx\\\/#website\"},\"primaryImageOfPage\":{\"@id\":\"https:\\\/\\\/quehacerpolitico.mx\\\/?p=13406#primaryimage\"},\"image\":{\"@id\":\"https:\\\/\\\/quehacerpolitico.mx\\\/?p=13406#primaryimage\"},\"thumbnailUrl\":\"\",\"datePublished\":\"2019-01-04T17:44:13+00:00\",\"author\":{\"@id\":\"https:\\\/\\\/quehacerpolitico.mx\\\/#\\\/schema\\\/person\\\/496d8ad2d1d3f8036101dca7ee39e585\"},\"breadcrumb\":{\"@id\":\"https:\\\/\\\/quehacerpolitico.mx\\\/?p=13406#breadcrumb\"},\"inLanguage\":\"es\",\"potentialAction\":[{\"@type\":\"ReadAction\",\"target\":[\"https:\\\/\\\/quehacerpolitico.mx\\\/?p=13406\"]}]},{\"@type\":\"ImageObject\",\"inLanguage\":\"es\",\"@id\":\"https:\\\/\\\/quehacerpolitico.mx\\\/?p=13406#primaryimage\",\"url\":\"\",\"contentUrl\":\"\"},{\"@type\":\"BreadcrumbList\",\"@id\":\"https:\\\/\\\/quehacerpolitico.mx\\\/?p=13406#breadcrumb\",\"itemListElement\":[{\"@type\":\"ListItem\",\"position\":1,\"name\":\"Inicio\",\"item\":\"https:\\\/\\\/quehacerpolitico.mx\\\/\"},{\"@type\":\"ListItem\",\"position\":2,\"name\":\"Voces del Periodista Desde Filomeno Mata 8\\\/\\\/\\\/Mourisse Salloum George\\\/\\\/\\\/La apuesta por la cuarta transformaci\u00f3n\"}]},{\"@type\":\"WebSite\",\"@id\":\"https:\\\/\\\/quehacerpolitico.mx\\\/#website\",\"url\":\"https:\\\/\\\/quehacerpolitico.mx\\\/\",\"name\":\"\",\"description\":\"\",\"potentialAction\":[{\"@type\":\"SearchAction\",\"target\":{\"@type\":\"EntryPoint\",\"urlTemplate\":\"https:\\\/\\\/quehacerpolitico.mx\\\/?s={search_term_string}\"},\"query-input\":{\"@type\":\"PropertyValueSpecification\",\"valueRequired\":true,\"valueName\":\"search_term_string\"}}],\"inLanguage\":\"es\"},{\"@type\":\"Person\",\"@id\":\"https:\\\/\\\/quehacerpolitico.mx\\\/#\\\/schema\\\/person\\\/496d8ad2d1d3f8036101dca7ee39e585\",\"name\":\"Redacci\u00f3n QP\",\"image\":{\"@type\":\"ImageObject\",\"inLanguage\":\"es\",\"@id\":\"https:\\\/\\\/secure.gravatar.com\\\/avatar\\\/c7164ed6fdec453195284ad24a5ae5b6e1eed2b848477fa2a4787ba9adf39a41?s=96&d=mm&r=g\",\"url\":\"https:\\\/\\\/secure.gravatar.com\\\/avatar\\\/c7164ed6fdec453195284ad24a5ae5b6e1eed2b848477fa2a4787ba9adf39a41?s=96&d=mm&r=g\",\"contentUrl\":\"https:\\\/\\\/secure.gravatar.com\\\/avatar\\\/c7164ed6fdec453195284ad24a5ae5b6e1eed2b848477fa2a4787ba9adf39a41?s=96&d=mm&r=g\",\"caption\":\"Redacci\u00f3n QP\"},\"url\":\"https:\\\/\\\/quehacerpolitico.mx\\\/?author=2\"}]}<\/script>\n<!-- \/ Yoast SEO plugin. -->","yoast_head_json":{"title":"Voces del Periodista Desde Filomeno Mata 8\/\/\/Mourisse Salloum George\/\/\/La apuesta por la cuarta transformaci\u00f3n -","robots":{"index":"index","follow":"follow","max-snippet":"max-snippet:-1","max-image-preview":"max-image-preview:large","max-video-preview":"max-video-preview:-1"},"canonical":"https:\/\/quehacerpolitico.mx\/?p=13406","og_locale":"es_MX","og_type":"article","og_title":"Voces del Periodista Desde Filomeno Mata 8\/\/\/Mourisse Salloum George\/\/\/La apuesta por la cuarta transformaci\u00f3n -","og_description":"La apuesta por la cuarta transformaci\u00f3n Por Mouris Salloum George Director General del Club de Periodistas de M\u00e9xico AC","og_url":"https:\/\/quehacerpolitico.mx\/?p=13406","article_published_time":"2019-01-04T17:44:13+00:00","author":"Redacci\u00f3n QP","twitter_card":"summary_large_image","twitter_misc":{"Escrito por":"Redacci\u00f3n QP","Tiempo de lectura":"6 minutos"},"schema":{"@context":"https:\/\/schema.org","@graph":[{"@type":"Article","@id":"https:\/\/quehacerpolitico.mx\/?p=13406#article","isPartOf":{"@id":"https:\/\/quehacerpolitico.mx\/?p=13406"},"author":{"name":"Redacci\u00f3n QP","@id":"https:\/\/quehacerpolitico.mx\/#\/schema\/person\/496d8ad2d1d3f8036101dca7ee39e585"},"headline":"Voces del Periodista Desde Filomeno Mata 8\/\/\/Mourisse Salloum George\/\/\/La apuesta por la cuarta transformaci\u00f3n","datePublished":"2019-01-04T17:44:13+00:00","mainEntityOfPage":{"@id":"https:\/\/quehacerpolitico.mx\/?p=13406"},"wordCount":1225,"commentCount":0,"image":{"@id":"https:\/\/quehacerpolitico.mx\/?p=13406#primaryimage"},"thumbnailUrl":"","articleSection":["Noticias"],"inLanguage":"es","potentialAction":[{"@type":"CommentAction","name":"Comment","target":["https:\/\/quehacerpolitico.mx\/?p=13406#respond"]}]},{"@type":"WebPage","@id":"https:\/\/quehacerpolitico.mx\/?p=13406","url":"https:\/\/quehacerpolitico.mx\/?p=13406","name":"Voces del Periodista Desde Filomeno Mata 8\/\/\/Mourisse Salloum George\/\/\/La apuesta por la cuarta transformaci\u00f3n -","isPartOf":{"@id":"https:\/\/quehacerpolitico.mx\/#website"},"primaryImageOfPage":{"@id":"https:\/\/quehacerpolitico.mx\/?p=13406#primaryimage"},"image":{"@id":"https:\/\/quehacerpolitico.mx\/?p=13406#primaryimage"},"thumbnailUrl":"","datePublished":"2019-01-04T17:44:13+00:00","author":{"@id":"https:\/\/quehacerpolitico.mx\/#\/schema\/person\/496d8ad2d1d3f8036101dca7ee39e585"},"breadcrumb":{"@id":"https:\/\/quehacerpolitico.mx\/?p=13406#breadcrumb"},"inLanguage":"es","potentialAction":[{"@type":"ReadAction","target":["https:\/\/quehacerpolitico.mx\/?p=13406"]}]},{"@type":"ImageObject","inLanguage":"es","@id":"https:\/\/quehacerpolitico.mx\/?p=13406#primaryimage","url":"","contentUrl":""},{"@type":"BreadcrumbList","@id":"https:\/\/quehacerpolitico.mx\/?p=13406#breadcrumb","itemListElement":[{"@type":"ListItem","position":1,"name":"Inicio","item":"https:\/\/quehacerpolitico.mx\/"},{"@type":"ListItem","position":2,"name":"Voces del Periodista Desde Filomeno Mata 8\/\/\/Mourisse Salloum George\/\/\/La apuesta por la cuarta transformaci\u00f3n"}]},{"@type":"WebSite","@id":"https:\/\/quehacerpolitico.mx\/#website","url":"https:\/\/quehacerpolitico.mx\/","name":"","description":"","potentialAction":[{"@type":"SearchAction","target":{"@type":"EntryPoint","urlTemplate":"https:\/\/quehacerpolitico.mx\/?s={search_term_string}"},"query-input":{"@type":"PropertyValueSpecification","valueRequired":true,"valueName":"search_term_string"}}],"inLanguage":"es"},{"@type":"Person","@id":"https:\/\/quehacerpolitico.mx\/#\/schema\/person\/496d8ad2d1d3f8036101dca7ee39e585","name":"Redacci\u00f3n QP","image":{"@type":"ImageObject","inLanguage":"es","@id":"https:\/\/secure.gravatar.com\/avatar\/c7164ed6fdec453195284ad24a5ae5b6e1eed2b848477fa2a4787ba9adf39a41?s=96&d=mm&r=g","url":"https:\/\/secure.gravatar.com\/avatar\/c7164ed6fdec453195284ad24a5ae5b6e1eed2b848477fa2a4787ba9adf39a41?s=96&d=mm&r=g","contentUrl":"https:\/\/secure.gravatar.com\/avatar\/c7164ed6fdec453195284ad24a5ae5b6e1eed2b848477fa2a4787ba9adf39a41?s=96&d=mm&r=g","caption":"Redacci\u00f3n QP"},"url":"https:\/\/quehacerpolitico.mx\/?author=2"}]}},"featured_image_urls":{"full":"","thumbnail":"","medium":"","medium_large":"","large":"","1536x1536":"","2048x2048":"","covernews-featured":"","covernews-medium":""},"author_info":{"display_name":"Redacci\u00f3n QP","author_link":"https:\/\/quehacerpolitico.mx\/?author=2"},"category_info":"<a href=\"https:\/\/quehacerpolitico.mx\/?cat=2\" rel=\"category\">Noticias<\/a>","tag_info":"Noticias","comment_count":"0","_links":{"self":[{"href":"https:\/\/quehacerpolitico.mx\/index.php?rest_route=\/wp\/v2\/posts\/13406","targetHints":{"allow":["GET"]}}],"collection":[{"href":"https:\/\/quehacerpolitico.mx\/index.php?rest_route=\/wp\/v2\/posts"}],"about":[{"href":"https:\/\/quehacerpolitico.mx\/index.php?rest_route=\/wp\/v2\/types\/post"}],"author":[{"embeddable":true,"href":"https:\/\/quehacerpolitico.mx\/index.php?rest_route=\/wp\/v2\/users\/2"}],"replies":[{"embeddable":true,"href":"https:\/\/quehacerpolitico.mx\/index.php?rest_route=%2Fwp%2Fv2%2Fcomments&post=13406"}],"version-history":[{"count":0,"href":"https:\/\/quehacerpolitico.mx\/index.php?rest_route=\/wp\/v2\/posts\/13406\/revisions"}],"wp:featuredmedia":[{"embeddable":true,"href":"https:\/\/quehacerpolitico.mx\/index.php?rest_route=\/"}],"wp:attachment":[{"href":"https:\/\/quehacerpolitico.mx\/index.php?rest_route=%2Fwp%2Fv2%2Fmedia&parent=13406"}],"wp:term":[{"taxonomy":"category","embeddable":true,"href":"https:\/\/quehacerpolitico.mx\/index.php?rest_route=%2Fwp%2Fv2%2Fcategories&post=13406"},{"taxonomy":"post_tag","embeddable":true,"href":"https:\/\/quehacerpolitico.mx\/index.php?rest_route=%2Fwp%2Fv2%2Ftags&post=13406"}],"curies":[{"name":"wp","href":"https:\/\/api.w.org\/{rel}","templated":true}]}}