{"id":13370,"date":"2019-01-04T14:56:09","date_gmt":"2019-01-04T14:56:09","guid":{"rendered":"http:\/\/quehacerpolitico.mx\/el-presidente-andres-manuel-lopez-obrador-revela-su-declaracion-de-bienes\/"},"modified":"2019-01-04T14:56:09","modified_gmt":"2019-01-04T14:56:09","slug":"el-presidente-andres-manuel-lopez-obrador-revela-su-declaracion-de-bienes","status":"publish","type":"post","link":"https:\/\/quehacerpolitico.mx\/?p=13370","title":{"rendered":"El Presidente Andres Manuel L\u00f3pez Obrador revela su declaraci\u00f3n de bienes"},"content":{"rendered":"<p>El Presidente Andres Manuel L\u00f3pez Obrador revela su declaraci\u00f3n de bienes<\/p>\n<p>Por Redacci\u00f3n QP<\/p>\n<p><span class=\"amp-wp-inline-f62a86b1328cd4134bec55ddf6de989a\">El presidente <strong>Andr\u00e9s Manuel L\u00f3pez Obrado<\/strong>r revel\u00f3 su <strong>declaraci\u00f3n de bienes<\/strong> en donde asegur\u00f3 que no ning\u00fan hacendado e inform\u00f3 que todos los funcionarios p\u00fablicos deber\u00e1n hacer lo mismo o no podr\u00e1n trabajar en su Gobierno.<\/span><\/p>\n<blockquote>\n<p><span class=\"amp-wp-inline-f62a86b1328cd4134bec55ddf6de989a\">\u201cNo tengo bienes m\u00e1s que<strong> la quinta de Palenque<\/strong> que ya est\u00e1 escriturada a nombre de mis hijos, tengo el derecho al usufructo hasta que deje de existir, ese es el acuerdo y est\u00e1 en la escritura p\u00fablica de esta quinta que son <strong>12 mil metros cuadrados<\/strong>\u201c, declar\u00f3 AMLO en su <strong>conferencia<\/strong> de prensa matutina en <strong>Palacio Nacional.<\/strong><\/span><\/p>\n<\/blockquote>\n<p><span class=\"amp-wp-inline-f62a86b1328cd4134bec55ddf6de989a\">L\u00f3pez Obrador asegur\u00f3 que present\u00f3 su declaraci\u00f3n de bienes y que la informaci\u00f3n se puede consultar en la <strong>Secretar\u00eda de la Funci\u00f3n P\u00fablica<\/strong> como todos los funcionarios que est\u00e9n durante su administraci\u00f3n.<\/span><\/p>\n<blockquote>\n<p><span class=\"amp-wp-inline-f62a86b1328cd4134bec55ddf6de989a\">\u201cPor cuestiones de \u00edndole moral todos debemos a <strong>dar a conocer los bienes<\/strong> y el que no los d\u00e9 a conocer alegando de que la ley no se lo exige<strong>no va a poder desempe\u00f1arse en este gobierno<\/strong>\u201d, advirti\u00f3.<\/span><\/p>\n<\/blockquote>\n<h3><strong>Sus bienes<\/strong><\/h3>\n<p><span class=\"amp-wp-inline-f62a86b1328cd4134bec55ddf6de989a\">El presidente expres\u00f3 que esta declaraci\u00f3n <strong>puede incluir los bienes de las c\u00f3nyuges y familiares cercanos<\/strong>, adem\u00e1s de afirmar que no tiene ning\u00fan rancho y que sus posesiones son pocas, adem\u00e1s de estar harto de la corrupci\u00f3n.<\/span><\/p>\n<blockquote>\n<p><span class=\"amp-wp-inline-f62a86b1328cd4134bec55ddf6de989a\">\u201c<strong>No soy hacendado<\/strong>, como dec\u00eda Zapata, no fui a la Revoluci\u00f3n para hacerme hacendado, 12 mil metros, ah\u00ed viv\u00edan mis padres, no genera nada. Tengo \u00e1rboles sembrados, pero son para autoconsumo, son \u00e1rboles frutales y maderables\u201d, coment\u00f3 AMLO.<\/span><\/p>\n<\/blockquote>\n<p><span class=\"amp-wp-inline-f62a86b1328cd4134bec55ddf6de989a\">Reiter\u00f3 que su Gobierno ser\u00e1 honesto y que no solo evitar\u00e1<strong>\u00a0la corrupci\u00f3n<\/strong> sino que busca erradicarla del pa\u00eds.<\/span><\/p>\n<blockquote>\n<p><span class=\"amp-wp-inline-f62a86b1328cd4134bec55ddf6de989a\">\u201cEsto tiene que cambiar [\u2026] me patea el h\u00edgado el saber que organismos I<strong>nternacionales como Transparencia Internaciona<\/strong>l nos coloca en el sitio 135 en corrupci\u00f3n, como mexicano me indigna, me molesta, no puedo decir otra palabra, eso se acab\u00f3.<\/span><\/p>\n<\/blockquote>\n<h3><strong>El documento<\/strong><\/h3>\n<p><span class=\"amp-wp-inline-f62a86b1328cd4134bec55ddf6de989a\">Present\u00f3 un documento de<strong> dos cuartillas<\/strong> en el que asegur\u00f3<strong> no tener bienes inmuebles, veh\u00edculos, adeudos a su nombre<\/strong> y decidi\u00f3 no incorporar los bienes de su pareja ni de sus dependientes econ\u00f3micos a pesar de que el formato de la declaraci\u00f3n puede incluir esos rubros; declar\u00f3 dos inversiones, una bancaria y otra que no especific\u00f3 con un saldo de <strong>207 mil 026 pesos y de 239 mil 042 pesos<\/strong> respectivamente.<\/span><\/p>\n<p><img decoding=\"async\" class=\"i-amphtml-fill-content i-amphtml-replaced-content\" src=\"https:\/\/elbigdata.mx\/wp-content\/uploads\/2019\/01\/declaracion-amlo-bienes.jpg\" sizes=\"(min-width: 700px) 700px, 100vw\" srcset=\"https:\/\/elbigdata.mx\/wp-content\/uploads\/2019\/01\/declaracion-amlo-bienes.jpg 700w, https:\/\/elbigdata.mx\/wp-content\/uploads\/2019\/01\/declaracion-amlo-bienes-200x360.jpg 200w, https:\/\/elbigdata.mx\/wp-content\/uploads\/2019\/01\/declaracion-amlo-bienes-427x768.jpg 427w, https:\/\/elbigdata.mx\/wp-content\/uploads\/2019\/01\/declaracion-amlo-bienes-667x1200.jpg 667w\" alt=\"\" \/><\/p>\n<p>En la versi\u00f3n de Internet, el\u00a0Presidente present\u00f3 un documento de s\u00f3lo dos cuartillas en el que asegur\u00f3 no tener bienes inmuebles, veh\u00edculos, bienes muebles ni adeudos a su nombre y decidi\u00f3 no incorporar los bienes de su pareja ni de sus dependientes econ\u00f3micos a pesar de que el formato de la declaraci\u00f3n puede incluir esos rubros. \u00danicamente declar\u00f3 dos inversiones, una bancaria y otra que no especifica con un saldo de 207 mil 026 pesos y de 239 mil 042 pesos respectivamente. Decidi\u00f3 hacer p\u00fablica su declaraci\u00f3n de conflicto de inter\u00e9s y asegur\u00f3 no tener v\u00ednculo alguno que le signifique caer en esta pr\u00e1ctica, tampoco su c\u00f3nyuge.<\/p>\n<p><strong>Se <\/strong>le pregunt\u00f3 al respecto durante la conferencia al respecto. Dijo que \u201cs\u00ed lo present\u00f3, conforme a la Ley\u201d. Incluyendo de su esposa y dependientes. \u201cMiren lo que traigo\u201d, dijo. Mostr\u00f3 su cartera con un billete de dos d\u00f3lares. \u201cEsto es de un paisano. Creen que es de buena suerte\u201d.<\/p>\n<p>Posteriormente, en la misma conferencia, entreg\u00f3 documentos. Se trata de la declaraci\u00f3n ampliada en donde vienen datos de su esposa y de su hijo, que es menor de edad y es dependiente econ\u00f3mico.<\/p>\n<p>Est\u00e1 completo. Viene el de mi esposa y el de mi hijo Jes\u00fas. Est\u00e1 lo m\u00edo, lo de Beatriz y lo de mi familia\u201d, aclar\u00f3 el Presidente.<\/p>\n<div id=\"attachment_3518464\" class=\"wp-caption alignnone\"><img loading=\"lazy\" decoding=\"async\" class=\"size-full wp-image-3518464\" src=\"https:\/\/www.sinembargo.mx\/wp-content\/uploads\/2019\/01\/bienes-amlo-detalle-700.jpg\" sizes=\"auto, (max-width: 700px) 100vw, 700px\" srcset=\"https:\/\/www.sinembargo.mx\/wp-content\/uploads\/2019\/01\/bienes-amlo-detalle-700.jpg 700w, https:\/\/www.sinembargo.mx\/wp-content\/uploads\/2019\/01\/bienes-amlo-detalle-700-300x72.jpg 300w\" alt=\"\" width=\"700\" height=\"169\" \/><\/p>\n<p class=\"wp-caption-text\">La versi\u00f3n de internet dice que decidi\u00f3 no incorporar los bienes de su pareja ni de sus dependientes econ\u00f3micos. Posteriormente, a petici\u00f3n de Medios de Comunicaci\u00f3n , el mandatario entreg\u00f3 impresos con m\u00e1s documentos ampliados.<\/p>\n<\/div>\n<blockquote>\n<p>\u201cNunca he tenido como objetivo acumular bienes materiales, pienso que la verdadera felicidad es estar bien con uno mismo, con nuestra conciencia y estar bien con el pr\u00f3jimo. Doy gracias a la vida que me ha dado tanto\u201d, dijo el mandatario.<\/p>\n<p>\u201cVan a ser todos los funcionarios [los que presenten su declaraci\u00f3n patrimonial]\u201d, dijo. \u201cLa regla de oro de la democracia es la transparencia. Todos van a presentar su declaraci\u00f3n de bienes y se va a hacer p\u00fablica. Y lo van a hacer por convicci\u00f3n; los que fueron invitados al gobierno son gente honesta. Puede ser el caso de que tengan bienes, pero es producto del trabajo honrado. No hay por qu\u00e9 ocultar lo que se tiene\u201d.<\/p>\n<p>AMLO insisti\u00f3 en que todos los funcionarios deben presentar su declaraci\u00f3n patrimonial, sin excepci\u00f3n, cuando se le pregunt\u00f3 de casos especiales, de colaboradores acaudalados como Alfonso Romo, Jefe de Oficina de la Presidencia.\u00a0\u201cSe conoce que es un empresario que ha realizado negocios l\u00edcitos. No creo que tenga problema en dar a conocer sus bienes\u201d, dijo.<\/p>\n<p>El Presidente fue cuestionado sobre si le pedir\u00e1 algo \u201ca los Reyes Magos\u201d. Dijo que s\u00ed. \u201cQue tengamos paz y tranquilidad en el pa\u00eds. Que haya felicidad. Que nadie se enferme. Que haya salud, que haya amor\u201d.<\/p>\n<div id=\"attachment_3518459\" class=\"wp-caption alignnone\"><img loading=\"lazy\" decoding=\"async\" class=\"size-full wp-image-3518459\" src=\"https:\/\/www.sinembargo.mx\/wp-content\/uploads\/2019\/01\/declaracion-amlo-700.jpg\" sizes=\"auto, (max-width: 700px) 100vw, 700px\" srcset=\"https:\/\/www.sinembargo.mx\/wp-content\/uploads\/2019\/01\/declaracion-amlo-700.jpg 700w, https:\/\/www.sinembargo.mx\/wp-content\/uploads\/2019\/01\/declaracion-amlo-700-167x300.jpg 167w\" alt=\"\" width=\"700\" height=\"1259\" \/><\/p>\n<p class=\"wp-caption-text\">La versi\u00f3n de Internet<\/p>\n<\/div>\n<div id=\"attachment_3518479\" class=\"wp-caption alignnone\"><img loading=\"lazy\" decoding=\"async\" class=\"size-full wp-image-3518479\" src=\"https:\/\/www.sinembargo.mx\/wp-content\/uploads\/2019\/01\/documentos-amlo-700.jpg\" sizes=\"auto, (max-width: 700px) 100vw, 700px\" srcset=\"https:\/\/www.sinembargo.mx\/wp-content\/uploads\/2019\/01\/documentos-amlo-700.jpg 700w, https:\/\/www.sinembargo.mx\/wp-content\/uploads\/2019\/01\/documentos-amlo-700-30x300.jpg 30w\" alt=\"\" width=\"700\" height=\"7000\" \/><\/div>\n<div>Documentos entregados a Medios de Comunicaci\u00f3n\u00a0<\/div>\n<\/blockquote>\n<div>\n<p>Los funcionarios del Gobierno federal y de los gobiernos locales deber\u00e1n presentar a partir de los d\u00edas \u00faltimos de abril \u2013con la entrada en vigor de las leyes secundarias del Sistema Nacional Anticorrupci\u00f3n\u2013 sus declaraciones patrimoniales con la informaci\u00f3n que legalmente ahora pueden reservar y no hacer p\u00fablica, incluyendo en algunos datos de familiares que puedan causar conflicto de inter\u00e9s, explic\u00f3\u00a0ayer Alexandra Zapata Hojel, directora de Innovaci\u00f3n C\u00edvica del Instituto Mexicano para la Competitividad (IMCO).<\/p>\n<p>\u201cNo le quiero quitar cr\u00e9dito al nuevo Gobierno federal, pero a partir de abril no tendr\u00e1n opci\u00f3n: ser\u00e1 obligaci\u00f3n de Ley hacerlo, ojal\u00e1 que lo empiecen hacer desde ahora [\u2026]. Ahorita los funcionarios tienen la obligaci\u00f3n gubernamental de presentar la declaraci\u00f3n a trav\u00e9s de Declaranet, los funcionarios federales, y tienen la opci\u00f3n de que sea p\u00fablica o que toda sea reservada. Con la entrada en vigor de las leyes secundarias del Sistema Nacional Anticorrupci\u00f3n entran los nuevos formatos con campos obligatorios\u201d, explic\u00f3 la especialista en entrevista.<\/p>\n<p>https:\/\/www.facebook.com\/lopezobrador.org.mx\/videos\/305871960037658\/<\/p>\n<\/div>\n","protected":false},"excerpt":{"rendered":"<p>El Presidente Andres Manuel L\u00f3pez Obrador revela su declaraci\u00f3n de bienes<br \/>\nPor Redacci\u00f3n QP<\/p>\n","protected":false},"author":2,"featured_media":13369,"comment_status":"open","ping_status":"open","sticky":false,"template":"","format":"standard","meta":{"_monsterinsights_skip_tracking":false,"_monsterinsights_sitenote_active":false,"_monsterinsights_sitenote_note":"","_monsterinsights_sitenote_category":0,"footnotes":""},"categories":[2],"tags":[],"class_list":["post-13370","post","type-post","status-publish","format-standard","has-post-thumbnail","hentry","category-noticias"],"yoast_head":"<!-- This site is optimized with the Yoast SEO plugin v27.3 - https:\/\/yoast.com\/product\/yoast-seo-wordpress\/ -->\n<title>El Presidente Andres Manuel L\u00f3pez Obrador revela su declaraci\u00f3n de bienes -<\/title>\n<meta name=\"robots\" content=\"index, follow, max-snippet:-1, max-image-preview:large, max-video-preview:-1\" \/>\n<link rel=\"canonical\" href=\"https:\/\/quehacerpolitico.mx\/?p=13370\" \/>\n<meta property=\"og:locale\" content=\"es_MX\" \/>\n<meta property=\"og:type\" content=\"article\" \/>\n<meta property=\"og:title\" content=\"El Presidente Andres Manuel L\u00f3pez Obrador revela su declaraci\u00f3n de bienes -\" \/>\n<meta property=\"og:description\" content=\"El Presidente Andres Manuel L\u00f3pez Obrador revela su declaraci\u00f3n de bienes Por Redacci\u00f3n QP\" \/>\n<meta property=\"og:url\" content=\"https:\/\/quehacerpolitico.mx\/?p=13370\" \/>\n<meta property=\"article:published_time\" content=\"2019-01-04T14:56:09+00:00\" \/>\n<meta name=\"author\" content=\"Redacci\u00f3n QP\" \/>\n<meta name=\"twitter:card\" content=\"summary_large_image\" \/>\n<meta name=\"twitter:label1\" content=\"Escrito por\" \/>\n\t<meta name=\"twitter:data1\" content=\"Redacci\u00f3n QP\" \/>\n\t<meta name=\"twitter:label2\" content=\"Tiempo de lectura\" \/>\n\t<meta name=\"twitter:data2\" content=\"5 minutos\" \/>\n<script type=\"application\/ld+json\" class=\"yoast-schema-graph\">{\"@context\":\"https:\\\/\\\/schema.org\",\"@graph\":[{\"@type\":\"Article\",\"@id\":\"https:\\\/\\\/quehacerpolitico.mx\\\/?p=13370#article\",\"isPartOf\":{\"@id\":\"https:\\\/\\\/quehacerpolitico.mx\\\/?p=13370\"},\"author\":{\"name\":\"Redacci\u00f3n QP\",\"@id\":\"https:\\\/\\\/quehacerpolitico.mx\\\/#\\\/schema\\\/person\\\/496d8ad2d1d3f8036101dca7ee39e585\"},\"headline\":\"El Presidente Andres Manuel L\u00f3pez Obrador revela su declaraci\u00f3n de bienes\",\"datePublished\":\"2019-01-04T14:56:09+00:00\",\"mainEntityOfPage\":{\"@id\":\"https:\\\/\\\/quehacerpolitico.mx\\\/?p=13370\"},\"wordCount\":1115,\"commentCount\":0,\"image\":{\"@id\":\"https:\\\/\\\/quehacerpolitico.mx\\\/?p=13370#primaryimage\"},\"thumbnailUrl\":\"\",\"articleSection\":[\"Noticias\"],\"inLanguage\":\"es\",\"potentialAction\":[{\"@type\":\"CommentAction\",\"name\":\"Comment\",\"target\":[\"https:\\\/\\\/quehacerpolitico.mx\\\/?p=13370#respond\"]}]},{\"@type\":\"WebPage\",\"@id\":\"https:\\\/\\\/quehacerpolitico.mx\\\/?p=13370\",\"url\":\"https:\\\/\\\/quehacerpolitico.mx\\\/?p=13370\",\"name\":\"El Presidente Andres Manuel L\u00f3pez Obrador revela su declaraci\u00f3n de bienes -\",\"isPartOf\":{\"@id\":\"https:\\\/\\\/quehacerpolitico.mx\\\/#website\"},\"primaryImageOfPage\":{\"@id\":\"https:\\\/\\\/quehacerpolitico.mx\\\/?p=13370#primaryimage\"},\"image\":{\"@id\":\"https:\\\/\\\/quehacerpolitico.mx\\\/?p=13370#primaryimage\"},\"thumbnailUrl\":\"\",\"datePublished\":\"2019-01-04T14:56:09+00:00\",\"author\":{\"@id\":\"https:\\\/\\\/quehacerpolitico.mx\\\/#\\\/schema\\\/person\\\/496d8ad2d1d3f8036101dca7ee39e585\"},\"breadcrumb\":{\"@id\":\"https:\\\/\\\/quehacerpolitico.mx\\\/?p=13370#breadcrumb\"},\"inLanguage\":\"es\",\"potentialAction\":[{\"@type\":\"ReadAction\",\"target\":[\"https:\\\/\\\/quehacerpolitico.mx\\\/?p=13370\"]}]},{\"@type\":\"ImageObject\",\"inLanguage\":\"es\",\"@id\":\"https:\\\/\\\/quehacerpolitico.mx\\\/?p=13370#primaryimage\",\"url\":\"\",\"contentUrl\":\"\"},{\"@type\":\"BreadcrumbList\",\"@id\":\"https:\\\/\\\/quehacerpolitico.mx\\\/?p=13370#breadcrumb\",\"itemListElement\":[{\"@type\":\"ListItem\",\"position\":1,\"name\":\"Inicio\",\"item\":\"https:\\\/\\\/quehacerpolitico.mx\\\/\"},{\"@type\":\"ListItem\",\"position\":2,\"name\":\"El Presidente Andres Manuel L\u00f3pez Obrador revela su declaraci\u00f3n de bienes\"}]},{\"@type\":\"WebSite\",\"@id\":\"https:\\\/\\\/quehacerpolitico.mx\\\/#website\",\"url\":\"https:\\\/\\\/quehacerpolitico.mx\\\/\",\"name\":\"\",\"description\":\"\",\"potentialAction\":[{\"@type\":\"SearchAction\",\"target\":{\"@type\":\"EntryPoint\",\"urlTemplate\":\"https:\\\/\\\/quehacerpolitico.mx\\\/?s={search_term_string}\"},\"query-input\":{\"@type\":\"PropertyValueSpecification\",\"valueRequired\":true,\"valueName\":\"search_term_string\"}}],\"inLanguage\":\"es\"},{\"@type\":\"Person\",\"@id\":\"https:\\\/\\\/quehacerpolitico.mx\\\/#\\\/schema\\\/person\\\/496d8ad2d1d3f8036101dca7ee39e585\",\"name\":\"Redacci\u00f3n QP\",\"image\":{\"@type\":\"ImageObject\",\"inLanguage\":\"es\",\"@id\":\"https:\\\/\\\/secure.gravatar.com\\\/avatar\\\/c7164ed6fdec453195284ad24a5ae5b6e1eed2b848477fa2a4787ba9adf39a41?s=96&d=mm&r=g\",\"url\":\"https:\\\/\\\/secure.gravatar.com\\\/avatar\\\/c7164ed6fdec453195284ad24a5ae5b6e1eed2b848477fa2a4787ba9adf39a41?s=96&d=mm&r=g\",\"contentUrl\":\"https:\\\/\\\/secure.gravatar.com\\\/avatar\\\/c7164ed6fdec453195284ad24a5ae5b6e1eed2b848477fa2a4787ba9adf39a41?s=96&d=mm&r=g\",\"caption\":\"Redacci\u00f3n QP\"},\"url\":\"https:\\\/\\\/quehacerpolitico.mx\\\/?author=2\"}]}<\/script>\n<!-- \/ Yoast SEO plugin. -->","yoast_head_json":{"title":"El Presidente Andres Manuel L\u00f3pez Obrador revela su declaraci\u00f3n de bienes -","robots":{"index":"index","follow":"follow","max-snippet":"max-snippet:-1","max-image-preview":"max-image-preview:large","max-video-preview":"max-video-preview:-1"},"canonical":"https:\/\/quehacerpolitico.mx\/?p=13370","og_locale":"es_MX","og_type":"article","og_title":"El Presidente Andres Manuel L\u00f3pez Obrador revela su declaraci\u00f3n de bienes -","og_description":"El Presidente Andres Manuel L\u00f3pez Obrador revela su declaraci\u00f3n de bienes Por Redacci\u00f3n QP","og_url":"https:\/\/quehacerpolitico.mx\/?p=13370","article_published_time":"2019-01-04T14:56:09+00:00","author":"Redacci\u00f3n QP","twitter_card":"summary_large_image","twitter_misc":{"Escrito por":"Redacci\u00f3n QP","Tiempo de lectura":"5 minutos"},"schema":{"@context":"https:\/\/schema.org","@graph":[{"@type":"Article","@id":"https:\/\/quehacerpolitico.mx\/?p=13370#article","isPartOf":{"@id":"https:\/\/quehacerpolitico.mx\/?p=13370"},"author":{"name":"Redacci\u00f3n QP","@id":"https:\/\/quehacerpolitico.mx\/#\/schema\/person\/496d8ad2d1d3f8036101dca7ee39e585"},"headline":"El Presidente Andres Manuel L\u00f3pez Obrador revela su declaraci\u00f3n de bienes","datePublished":"2019-01-04T14:56:09+00:00","mainEntityOfPage":{"@id":"https:\/\/quehacerpolitico.mx\/?p=13370"},"wordCount":1115,"commentCount":0,"image":{"@id":"https:\/\/quehacerpolitico.mx\/?p=13370#primaryimage"},"thumbnailUrl":"","articleSection":["Noticias"],"inLanguage":"es","potentialAction":[{"@type":"CommentAction","name":"Comment","target":["https:\/\/quehacerpolitico.mx\/?p=13370#respond"]}]},{"@type":"WebPage","@id":"https:\/\/quehacerpolitico.mx\/?p=13370","url":"https:\/\/quehacerpolitico.mx\/?p=13370","name":"El Presidente Andres Manuel L\u00f3pez Obrador revela su declaraci\u00f3n de bienes -","isPartOf":{"@id":"https:\/\/quehacerpolitico.mx\/#website"},"primaryImageOfPage":{"@id":"https:\/\/quehacerpolitico.mx\/?p=13370#primaryimage"},"image":{"@id":"https:\/\/quehacerpolitico.mx\/?p=13370#primaryimage"},"thumbnailUrl":"","datePublished":"2019-01-04T14:56:09+00:00","author":{"@id":"https:\/\/quehacerpolitico.mx\/#\/schema\/person\/496d8ad2d1d3f8036101dca7ee39e585"},"breadcrumb":{"@id":"https:\/\/quehacerpolitico.mx\/?p=13370#breadcrumb"},"inLanguage":"es","potentialAction":[{"@type":"ReadAction","target":["https:\/\/quehacerpolitico.mx\/?p=13370"]}]},{"@type":"ImageObject","inLanguage":"es","@id":"https:\/\/quehacerpolitico.mx\/?p=13370#primaryimage","url":"","contentUrl":""},{"@type":"BreadcrumbList","@id":"https:\/\/quehacerpolitico.mx\/?p=13370#breadcrumb","itemListElement":[{"@type":"ListItem","position":1,"name":"Inicio","item":"https:\/\/quehacerpolitico.mx\/"},{"@type":"ListItem","position":2,"name":"El Presidente Andres Manuel L\u00f3pez Obrador revela su declaraci\u00f3n de bienes"}]},{"@type":"WebSite","@id":"https:\/\/quehacerpolitico.mx\/#website","url":"https:\/\/quehacerpolitico.mx\/","name":"","description":"","potentialAction":[{"@type":"SearchAction","target":{"@type":"EntryPoint","urlTemplate":"https:\/\/quehacerpolitico.mx\/?s={search_term_string}"},"query-input":{"@type":"PropertyValueSpecification","valueRequired":true,"valueName":"search_term_string"}}],"inLanguage":"es"},{"@type":"Person","@id":"https:\/\/quehacerpolitico.mx\/#\/schema\/person\/496d8ad2d1d3f8036101dca7ee39e585","name":"Redacci\u00f3n QP","image":{"@type":"ImageObject","inLanguage":"es","@id":"https:\/\/secure.gravatar.com\/avatar\/c7164ed6fdec453195284ad24a5ae5b6e1eed2b848477fa2a4787ba9adf39a41?s=96&d=mm&r=g","url":"https:\/\/secure.gravatar.com\/avatar\/c7164ed6fdec453195284ad24a5ae5b6e1eed2b848477fa2a4787ba9adf39a41?s=96&d=mm&r=g","contentUrl":"https:\/\/secure.gravatar.com\/avatar\/c7164ed6fdec453195284ad24a5ae5b6e1eed2b848477fa2a4787ba9adf39a41?s=96&d=mm&r=g","caption":"Redacci\u00f3n QP"},"url":"https:\/\/quehacerpolitico.mx\/?author=2"}]}},"featured_image_urls":{"full":"","thumbnail":"","medium":"","medium_large":"","large":"","1536x1536":"","2048x2048":"","covernews-featured":"","covernews-medium":""},"author_info":{"display_name":"Redacci\u00f3n QP","author_link":"https:\/\/quehacerpolitico.mx\/?author=2"},"category_info":"<a href=\"https:\/\/quehacerpolitico.mx\/?cat=2\" rel=\"category\">Noticias<\/a>","tag_info":"Noticias","comment_count":"0","_links":{"self":[{"href":"https:\/\/quehacerpolitico.mx\/index.php?rest_route=\/wp\/v2\/posts\/13370","targetHints":{"allow":["GET"]}}],"collection":[{"href":"https:\/\/quehacerpolitico.mx\/index.php?rest_route=\/wp\/v2\/posts"}],"about":[{"href":"https:\/\/quehacerpolitico.mx\/index.php?rest_route=\/wp\/v2\/types\/post"}],"author":[{"embeddable":true,"href":"https:\/\/quehacerpolitico.mx\/index.php?rest_route=\/wp\/v2\/users\/2"}],"replies":[{"embeddable":true,"href":"https:\/\/quehacerpolitico.mx\/index.php?rest_route=%2Fwp%2Fv2%2Fcomments&post=13370"}],"version-history":[{"count":0,"href":"https:\/\/quehacerpolitico.mx\/index.php?rest_route=\/wp\/v2\/posts\/13370\/revisions"}],"wp:featuredmedia":[{"embeddable":true,"href":"https:\/\/quehacerpolitico.mx\/index.php?rest_route=\/"}],"wp:attachment":[{"href":"https:\/\/quehacerpolitico.mx\/index.php?rest_route=%2Fwp%2Fv2%2Fmedia&parent=13370"}],"wp:term":[{"taxonomy":"category","embeddable":true,"href":"https:\/\/quehacerpolitico.mx\/index.php?rest_route=%2Fwp%2Fv2%2Fcategories&post=13370"},{"taxonomy":"post_tag","embeddable":true,"href":"https:\/\/quehacerpolitico.mx\/index.php?rest_route=%2Fwp%2Fv2%2Ftags&post=13370"}],"curies":[{"name":"wp","href":"https:\/\/api.w.org\/{rel}","templated":true}]}}