{"id":13326,"date":"2019-01-04T04:05:44","date_gmt":"2019-01-04T04:05:44","guid":{"rendered":"http:\/\/quehacerpolitico.mx\/la-salud-llegara-a-todos-los-mexicanos-amlo\/"},"modified":"2019-01-04T04:05:44","modified_gmt":"2019-01-04T04:05:44","slug":"la-salud-llegara-a-todos-los-mexicanos-amlo","status":"publish","type":"post","link":"https:\/\/quehacerpolitico.mx\/?p=13326","title":{"rendered":"La salud llegar\u00e1 a todos los mexicanos: AMLO"},"content":{"rendered":"<header class=\"amp-wp-content amp-wp-article-header ampforwp-title\">\n<h1 class=\"amp-wp-title\">La salud llegar\u00e1 a todos los mexicanos: AMLO<\/h1>\n<\/header>\n<div class=\"amp-wp-content breadcrumb\">Por Redacci\u00f3n QP<\/div>\n<div>\u00a0<\/div>\n<div>\n<p>El presidente de M\u00e9xico, <strong>Andr\u00e9s Manuel L\u00f3pez Obrador<\/strong>, reiter\u00f3 que todos los mexicanos tendr\u00e1n acceso al sistema de salud.<\/p>\n<p>Al presentar el Plan Nacional del IMSS para el per\u00edodo 2018-2024, indic\u00f3 que en la actualidad <strong>mucha gente no tiene<\/strong> una salud digna.<\/p>\n<blockquote>\n<p>\u201cGarantizar el derecho a la salud, no s\u00f3lo pensando en los derechohabientes sino en todo el pueblo, haciendo honor al art\u00edculo cuarto de la Constituci\u00f3n\u201d, expres\u00f3.<\/p>\n<p>\u201cEs todo un desaf\u00edo convertir en realidad ese principio constitucional porque se abandon\u00f3 el sistema de salud p\u00fablica en los \u00faltimos tiempos, al grado que est\u00e1 peor el sistema de salud que el sistema educativo\u201d, se\u00f1al\u00f3.<\/p>\n<\/blockquote>\n<p>Asimismo, indic\u00f3 que para su gobierno <strong>el rescate del sistema de salud<\/strong> tiene m\u00e1s importancia que el del sistema educativo<\/p>\n<p>El presidente destac\u00f3 la honestidad de<strong> Germ\u00e1n Mart\u00ednez C\u00e1zares<\/strong> y se\u00f1al\u00f3 que lo invito a participar como director del IMSS por que ser\u00e1 pieza clave en el proceso de recuperaci\u00f3n del sistema de salud en el pa\u00eds.<\/p>\n<blockquote>\n<p>\u201cEl problema es tan complejo que ser\u00eda demag\u00f3gico decir que lo vamos a resolver este a\u00f1o\u2026 primero hay que terminar centros de salud y hospitales inconclusos\u201d, se\u00f1al\u00f3.<\/p>\n<\/blockquote>\n<p>Respecto al tema de la corrupci\u00f3n, indic\u00f3 que se tiene que <strong>consolidar la compra de medicamentos<\/strong>.<\/p>\n<p>Resalt\u00f3 que de ser necesario se abrir\u00e1n licitaciones a empresas internacionales<strong> para que se compren las medicinas<\/strong> donde se puedan adquirir a mejores precios.<\/p>\n<p>\u201cTenemos que desterrar la palabra Cuadro b\u00e1sico. El enfermo debe tener todos los medicamentos, es una tristeza tener a pacientes que se les recomienda una medicina que si no est\u00e1 en el cuadro b\u00e1sico no la puede tener la gente, sobre todo aquellos que son para la atenci\u00f3n del c\u00e1ncer\u201d, indic\u00f3.<\/p>\n<h3>Pide paciencia<\/h3>\n<p>L\u00f3pez Obrador se\u00f1al\u00f3 que todo esto se tiene que hacer <strong>poco a poco pero prev\u00e9 un lapso de dos a\u00f1os<\/strong> para poder \u201cgarantizar el derecho a la salud y a todos los medicamentos\u201d.<\/p>\n<p>Apunt\u00f3 que en seis meses se aplicar\u00e1 un nuevo sistema de salud a <strong>ocho estados de la rep\u00fablica.<\/strong><\/p>\n<p>\u201cSer\u00e1 un sistema de salud como el que tienen en Canad\u00e1, en Reino Unido, en Dinamarca\u2026 de lo mejor, ese es el compromiso y estoy seguro que voy a contar con el apoyo de todos los trabajadores de Salud, del IMSS, del ISSTE, de la secretar\u00eda de Salud\u201d, asever\u00f3.<\/p>\n<p>El presidente expres\u00f3 sentirse<strong> respaldado para la aplicaci\u00f3n de este proyecto<\/strong> \u201cporque Germ\u00e1n es una garant\u00eda y el se\u00f1or Alcocer, premio de ciencia 2015, es un hombre honesto y un hombre con convicciones, el secretario de Salud del gobierno que represento\u201d.<\/p>\n<p>\u201cPor eso estoy seguro que vamos a lograr el <strong>prop\u00f3sito de garantizar el derecho a la salud<\/strong>. En el plan de descentralizaci\u00f3n, el IMSS va a estar en Morelia\u201d, anunci\u00f3.<\/p>\n<p>Agradeci\u00f3 a Silvano Aureoles, <strong>gobernador de Michoac\u00e1n<\/strong>, por trabajar de manera coordinada.<\/p>\n<p>\u201cTenemos que unirnos, la reconciliaci\u00f3n es la palabra clave. Ya pasaron las elecciones y siempre lo digo, partido es una parte, gobierno es todo. Tenemos que unirnos para sacar adelante a nuestro pa\u00eds, para lograr la cuarta transformaci\u00f3n de la vida p\u00fablica\u201d, indic\u00f3.<\/p>\n<p>Vamos a sacar a Michoac\u00e1n del atraso, <strong>vamos a sacar a nuestro querido M\u00e9xico<\/strong>. No vamos a fallarles y nos vamos a sentir todos muy orgullosos.<\/p>\n<p>https:\/\/www.facebook.com\/122070839781\/posts\/10158258689319782\/<\/p>\n<p>https:\/\/www.facebook.com\/gobmexico\/videos\/328973624496068\/<\/p>\n<\/div>\n","protected":false},"excerpt":{"rendered":"<p>La salud llegar\u00e1 a todos los mexicanos: AMLO<br \/>\nPor Redacci\u00f3n QP<\/p>\n","protected":false},"author":2,"featured_media":13325,"comment_status":"open","ping_status":"open","sticky":false,"template":"","format":"standard","meta":{"_monsterinsights_skip_tracking":false,"_monsterinsights_sitenote_active":false,"_monsterinsights_sitenote_note":"","_monsterinsights_sitenote_category":0,"footnotes":""},"categories":[2],"tags":[],"class_list":["post-13326","post","type-post","status-publish","format-standard","has-post-thumbnail","hentry","category-noticias"],"yoast_head":"<!-- This site is optimized with the Yoast SEO plugin v27.3 - https:\/\/yoast.com\/product\/yoast-seo-wordpress\/ -->\n<title>La salud llegar\u00e1 a todos los mexicanos: AMLO -<\/title>\n<meta name=\"robots\" content=\"index, follow, max-snippet:-1, max-image-preview:large, max-video-preview:-1\" \/>\n<link rel=\"canonical\" href=\"https:\/\/quehacerpolitico.mx\/?p=13326\" \/>\n<meta property=\"og:locale\" content=\"es_MX\" \/>\n<meta property=\"og:type\" content=\"article\" \/>\n<meta property=\"og:title\" content=\"La salud llegar\u00e1 a todos los mexicanos: AMLO -\" \/>\n<meta property=\"og:description\" content=\"La salud llegar\u00e1 a todos los mexicanos: AMLO Por Redacci\u00f3n QP\" \/>\n<meta property=\"og:url\" content=\"https:\/\/quehacerpolitico.mx\/?p=13326\" \/>\n<meta property=\"article:published_time\" content=\"2019-01-04T04:05:44+00:00\" \/>\n<meta name=\"author\" content=\"Redacci\u00f3n QP\" \/>\n<meta name=\"twitter:card\" content=\"summary_large_image\" \/>\n<meta name=\"twitter:label1\" content=\"Escrito por\" \/>\n\t<meta name=\"twitter:data1\" content=\"Redacci\u00f3n QP\" \/>\n\t<meta name=\"twitter:label2\" content=\"Tiempo de lectura\" \/>\n\t<meta name=\"twitter:data2\" content=\"3 minutos\" \/>\n<script type=\"application\/ld+json\" class=\"yoast-schema-graph\">{\"@context\":\"https:\\\/\\\/schema.org\",\"@graph\":[{\"@type\":\"Article\",\"@id\":\"https:\\\/\\\/quehacerpolitico.mx\\\/?p=13326#article\",\"isPartOf\":{\"@id\":\"https:\\\/\\\/quehacerpolitico.mx\\\/?p=13326\"},\"author\":{\"name\":\"Redacci\u00f3n QP\",\"@id\":\"https:\\\/\\\/quehacerpolitico.mx\\\/#\\\/schema\\\/person\\\/496d8ad2d1d3f8036101dca7ee39e585\"},\"headline\":\"La salud llegar\u00e1 a todos los mexicanos: AMLO\",\"datePublished\":\"2019-01-04T04:05:44+00:00\",\"mainEntityOfPage\":{\"@id\":\"https:\\\/\\\/quehacerpolitico.mx\\\/?p=13326\"},\"wordCount\":609,\"commentCount\":0,\"image\":{\"@id\":\"https:\\\/\\\/quehacerpolitico.mx\\\/?p=13326#primaryimage\"},\"thumbnailUrl\":\"\",\"articleSection\":[\"Noticias\"],\"inLanguage\":\"es\",\"potentialAction\":[{\"@type\":\"CommentAction\",\"name\":\"Comment\",\"target\":[\"https:\\\/\\\/quehacerpolitico.mx\\\/?p=13326#respond\"]}]},{\"@type\":\"WebPage\",\"@id\":\"https:\\\/\\\/quehacerpolitico.mx\\\/?p=13326\",\"url\":\"https:\\\/\\\/quehacerpolitico.mx\\\/?p=13326\",\"name\":\"La salud llegar\u00e1 a todos los mexicanos: AMLO -\",\"isPartOf\":{\"@id\":\"https:\\\/\\\/quehacerpolitico.mx\\\/#website\"},\"primaryImageOfPage\":{\"@id\":\"https:\\\/\\\/quehacerpolitico.mx\\\/?p=13326#primaryimage\"},\"image\":{\"@id\":\"https:\\\/\\\/quehacerpolitico.mx\\\/?p=13326#primaryimage\"},\"thumbnailUrl\":\"\",\"datePublished\":\"2019-01-04T04:05:44+00:00\",\"author\":{\"@id\":\"https:\\\/\\\/quehacerpolitico.mx\\\/#\\\/schema\\\/person\\\/496d8ad2d1d3f8036101dca7ee39e585\"},\"breadcrumb\":{\"@id\":\"https:\\\/\\\/quehacerpolitico.mx\\\/?p=13326#breadcrumb\"},\"inLanguage\":\"es\",\"potentialAction\":[{\"@type\":\"ReadAction\",\"target\":[\"https:\\\/\\\/quehacerpolitico.mx\\\/?p=13326\"]}]},{\"@type\":\"ImageObject\",\"inLanguage\":\"es\",\"@id\":\"https:\\\/\\\/quehacerpolitico.mx\\\/?p=13326#primaryimage\",\"url\":\"\",\"contentUrl\":\"\"},{\"@type\":\"BreadcrumbList\",\"@id\":\"https:\\\/\\\/quehacerpolitico.mx\\\/?p=13326#breadcrumb\",\"itemListElement\":[{\"@type\":\"ListItem\",\"position\":1,\"name\":\"Inicio\",\"item\":\"https:\\\/\\\/quehacerpolitico.mx\\\/\"},{\"@type\":\"ListItem\",\"position\":2,\"name\":\"La salud llegar\u00e1 a todos los mexicanos: AMLO\"}]},{\"@type\":\"WebSite\",\"@id\":\"https:\\\/\\\/quehacerpolitico.mx\\\/#website\",\"url\":\"https:\\\/\\\/quehacerpolitico.mx\\\/\",\"name\":\"\",\"description\":\"\",\"potentialAction\":[{\"@type\":\"SearchAction\",\"target\":{\"@type\":\"EntryPoint\",\"urlTemplate\":\"https:\\\/\\\/quehacerpolitico.mx\\\/?s={search_term_string}\"},\"query-input\":{\"@type\":\"PropertyValueSpecification\",\"valueRequired\":true,\"valueName\":\"search_term_string\"}}],\"inLanguage\":\"es\"},{\"@type\":\"Person\",\"@id\":\"https:\\\/\\\/quehacerpolitico.mx\\\/#\\\/schema\\\/person\\\/496d8ad2d1d3f8036101dca7ee39e585\",\"name\":\"Redacci\u00f3n QP\",\"image\":{\"@type\":\"ImageObject\",\"inLanguage\":\"es\",\"@id\":\"https:\\\/\\\/secure.gravatar.com\\\/avatar\\\/c7164ed6fdec453195284ad24a5ae5b6e1eed2b848477fa2a4787ba9adf39a41?s=96&d=mm&r=g\",\"url\":\"https:\\\/\\\/secure.gravatar.com\\\/avatar\\\/c7164ed6fdec453195284ad24a5ae5b6e1eed2b848477fa2a4787ba9adf39a41?s=96&d=mm&r=g\",\"contentUrl\":\"https:\\\/\\\/secure.gravatar.com\\\/avatar\\\/c7164ed6fdec453195284ad24a5ae5b6e1eed2b848477fa2a4787ba9adf39a41?s=96&d=mm&r=g\",\"caption\":\"Redacci\u00f3n QP\"},\"url\":\"https:\\\/\\\/quehacerpolitico.mx\\\/?author=2\"}]}<\/script>\n<!-- \/ Yoast SEO plugin. -->","yoast_head_json":{"title":"La salud llegar\u00e1 a todos los mexicanos: AMLO -","robots":{"index":"index","follow":"follow","max-snippet":"max-snippet:-1","max-image-preview":"max-image-preview:large","max-video-preview":"max-video-preview:-1"},"canonical":"https:\/\/quehacerpolitico.mx\/?p=13326","og_locale":"es_MX","og_type":"article","og_title":"La salud llegar\u00e1 a todos los mexicanos: AMLO -","og_description":"La salud llegar\u00e1 a todos los mexicanos: AMLO Por Redacci\u00f3n QP","og_url":"https:\/\/quehacerpolitico.mx\/?p=13326","article_published_time":"2019-01-04T04:05:44+00:00","author":"Redacci\u00f3n QP","twitter_card":"summary_large_image","twitter_misc":{"Escrito por":"Redacci\u00f3n QP","Tiempo de lectura":"3 minutos"},"schema":{"@context":"https:\/\/schema.org","@graph":[{"@type":"Article","@id":"https:\/\/quehacerpolitico.mx\/?p=13326#article","isPartOf":{"@id":"https:\/\/quehacerpolitico.mx\/?p=13326"},"author":{"name":"Redacci\u00f3n QP","@id":"https:\/\/quehacerpolitico.mx\/#\/schema\/person\/496d8ad2d1d3f8036101dca7ee39e585"},"headline":"La salud llegar\u00e1 a todos los mexicanos: AMLO","datePublished":"2019-01-04T04:05:44+00:00","mainEntityOfPage":{"@id":"https:\/\/quehacerpolitico.mx\/?p=13326"},"wordCount":609,"commentCount":0,"image":{"@id":"https:\/\/quehacerpolitico.mx\/?p=13326#primaryimage"},"thumbnailUrl":"","articleSection":["Noticias"],"inLanguage":"es","potentialAction":[{"@type":"CommentAction","name":"Comment","target":["https:\/\/quehacerpolitico.mx\/?p=13326#respond"]}]},{"@type":"WebPage","@id":"https:\/\/quehacerpolitico.mx\/?p=13326","url":"https:\/\/quehacerpolitico.mx\/?p=13326","name":"La salud llegar\u00e1 a todos los mexicanos: AMLO -","isPartOf":{"@id":"https:\/\/quehacerpolitico.mx\/#website"},"primaryImageOfPage":{"@id":"https:\/\/quehacerpolitico.mx\/?p=13326#primaryimage"},"image":{"@id":"https:\/\/quehacerpolitico.mx\/?p=13326#primaryimage"},"thumbnailUrl":"","datePublished":"2019-01-04T04:05:44+00:00","author":{"@id":"https:\/\/quehacerpolitico.mx\/#\/schema\/person\/496d8ad2d1d3f8036101dca7ee39e585"},"breadcrumb":{"@id":"https:\/\/quehacerpolitico.mx\/?p=13326#breadcrumb"},"inLanguage":"es","potentialAction":[{"@type":"ReadAction","target":["https:\/\/quehacerpolitico.mx\/?p=13326"]}]},{"@type":"ImageObject","inLanguage":"es","@id":"https:\/\/quehacerpolitico.mx\/?p=13326#primaryimage","url":"","contentUrl":""},{"@type":"BreadcrumbList","@id":"https:\/\/quehacerpolitico.mx\/?p=13326#breadcrumb","itemListElement":[{"@type":"ListItem","position":1,"name":"Inicio","item":"https:\/\/quehacerpolitico.mx\/"},{"@type":"ListItem","position":2,"name":"La salud llegar\u00e1 a todos los mexicanos: AMLO"}]},{"@type":"WebSite","@id":"https:\/\/quehacerpolitico.mx\/#website","url":"https:\/\/quehacerpolitico.mx\/","name":"","description":"","potentialAction":[{"@type":"SearchAction","target":{"@type":"EntryPoint","urlTemplate":"https:\/\/quehacerpolitico.mx\/?s={search_term_string}"},"query-input":{"@type":"PropertyValueSpecification","valueRequired":true,"valueName":"search_term_string"}}],"inLanguage":"es"},{"@type":"Person","@id":"https:\/\/quehacerpolitico.mx\/#\/schema\/person\/496d8ad2d1d3f8036101dca7ee39e585","name":"Redacci\u00f3n QP","image":{"@type":"ImageObject","inLanguage":"es","@id":"https:\/\/secure.gravatar.com\/avatar\/c7164ed6fdec453195284ad24a5ae5b6e1eed2b848477fa2a4787ba9adf39a41?s=96&d=mm&r=g","url":"https:\/\/secure.gravatar.com\/avatar\/c7164ed6fdec453195284ad24a5ae5b6e1eed2b848477fa2a4787ba9adf39a41?s=96&d=mm&r=g","contentUrl":"https:\/\/secure.gravatar.com\/avatar\/c7164ed6fdec453195284ad24a5ae5b6e1eed2b848477fa2a4787ba9adf39a41?s=96&d=mm&r=g","caption":"Redacci\u00f3n QP"},"url":"https:\/\/quehacerpolitico.mx\/?author=2"}]}},"featured_image_urls":{"full":"","thumbnail":"","medium":"","medium_large":"","large":"","1536x1536":"","2048x2048":"","covernews-featured":"","covernews-medium":""},"author_info":{"display_name":"Redacci\u00f3n QP","author_link":"https:\/\/quehacerpolitico.mx\/?author=2"},"category_info":"<a href=\"https:\/\/quehacerpolitico.mx\/?cat=2\" rel=\"category\">Noticias<\/a>","tag_info":"Noticias","comment_count":"0","_links":{"self":[{"href":"https:\/\/quehacerpolitico.mx\/index.php?rest_route=\/wp\/v2\/posts\/13326","targetHints":{"allow":["GET"]}}],"collection":[{"href":"https:\/\/quehacerpolitico.mx\/index.php?rest_route=\/wp\/v2\/posts"}],"about":[{"href":"https:\/\/quehacerpolitico.mx\/index.php?rest_route=\/wp\/v2\/types\/post"}],"author":[{"embeddable":true,"href":"https:\/\/quehacerpolitico.mx\/index.php?rest_route=\/wp\/v2\/users\/2"}],"replies":[{"embeddable":true,"href":"https:\/\/quehacerpolitico.mx\/index.php?rest_route=%2Fwp%2Fv2%2Fcomments&post=13326"}],"version-history":[{"count":0,"href":"https:\/\/quehacerpolitico.mx\/index.php?rest_route=\/wp\/v2\/posts\/13326\/revisions"}],"wp:featuredmedia":[{"embeddable":true,"href":"https:\/\/quehacerpolitico.mx\/index.php?rest_route=\/"}],"wp:attachment":[{"href":"https:\/\/quehacerpolitico.mx\/index.php?rest_route=%2Fwp%2Fv2%2Fmedia&parent=13326"}],"wp:term":[{"taxonomy":"category","embeddable":true,"href":"https:\/\/quehacerpolitico.mx\/index.php?rest_route=%2Fwp%2Fv2%2Fcategories&post=13326"},{"taxonomy":"post_tag","embeddable":true,"href":"https:\/\/quehacerpolitico.mx\/index.php?rest_route=%2Fwp%2Fv2%2Ftags&post=13326"}],"curies":[{"name":"wp","href":"https:\/\/api.w.org\/{rel}","templated":true}]}}