{"id":13320,"date":"2019-01-04T03:25:15","date_gmt":"2019-01-04T03:25:15","guid":{"rendered":"http:\/\/quehacerpolitico.mx\/cutberto-porcayo-dirigente-de-morena-en-san-jose-del-progreso-oaxaca-es-asesinado-a-balazos\/"},"modified":"2019-01-04T03:25:15","modified_gmt":"2019-01-04T03:25:15","slug":"cutberto-porcayo-dirigente-de-morena-en-san-jose-del-progreso-oaxaca-es-asesinado-a-balazos","status":"publish","type":"post","link":"https:\/\/quehacerpolitico.mx\/?p=13320","title":{"rendered":"Cutberto Porcayo, dirigente de Morena en San Jos\u00e9 del Progreso, Oaxaca, es asesinado a balazos"},"content":{"rendered":"<h1>Cutberto Porcayo, dirigente de Morena en\u00a0San Jos\u00e9 del Progreso, Oaxaca, es asesinado a balazos<\/h1>\n<p>Por Redacci\u00f3n QP<\/p>\n<p>Un l\u00edder del izquierdista <strong>Movimiento Regeneraci\u00f3n Nacional (Morena)<\/strong>\u00a0fue atacado y asesinado hoy a balazos, con lo que se elev\u00f3 a dos los dirigentes de esta <strong>fuerza pol\u00edtica asesinados<\/strong>en las \u00faltimas <strong>48 horas en el estado de Oaxaca<\/strong>.<\/p>\n<p>Cutberto Porcayo S\u00e1nchez, l\u00edder de Morena en San Jos\u00e9 del Progreso, <strong>fue asesinato a tiros<\/strong> en un ataque en el que su esposa, <strong>Denia Itzel Mata<\/strong>, result\u00f3 herida de gravedad, confirm\u00f3 <strong>la dirigente nacional del partido<\/strong>, Yeidckol Polevnsky.<\/p>\n<blockquote>\n<p>\u201cIndignante la violencia que en Oaxaca est\u00e1n sufriendo nuestros compa\u00f1eros, hoy fue asesinado cobardemente el profesor Cutberto Porcayo\u201d, acus\u00f3 la dirigente nacional de Morena, en un mensaje en su cuenta oficial de Twitter.<\/p>\n<p>El pasado 1 de enero, Alejandro Aparicio, alcalde del municipio mexicano de Tlaxiaco, fue asesinado a tiros minutos despu\u00e9s de haber tomado posesi\u00f3n de su cargo y las autoridades detuvieron a uno de sus presuntos asesinos.<\/p>\n<blockquote>\n<p>Estas muertes se sumaron al asesinato el 16 de diciembre de la alcaldesa Olga Gabriela Kobel, del municipio de Ju\u00e1rez del norte\u00f1o estado de Coahuila.<\/p>\n<\/blockquote>\n<p>M\u00e9xico est\u00e1 considerado un pa\u00eds muy peligroso para el ejercicio de la funci\u00f3n p\u00fablica y, por ejemplo, durante la pasada campa\u00f1a electoral, en la que se renovaron 3 mil 400 cargos p\u00fablicos y que culmin\u00f3 el 1 de julio, se contabilizaron centenares de agresiones y unos 130 pol\u00edticos asesinados.<\/p>\n<blockquote class=\"twitter-tweet\" data-width=\"550\" data-dnt=\"true\">\n<p lang=\"es\" dir=\"ltr\">Indignante la violencia que en Oaxaca est\u00e1n sufriendo nuestros compa\u00f1eros, hoy fue asesinado cobardemente el profesor Cutberto Porcayo, l\u00edder de <a href=\"https:\/\/twitter.com\/hashtag\/Morena?src=hash&amp;ref_src=twsrc%5Etfw\">#Morena<\/a> en San Jos\u00e9 del Progreso e hirieron de gravedad a su esposa Denia Itzel Mata.<br \/>Mi m\u00e1s sentido p\u00e9same y solidaridad <a href=\"https:\/\/twitter.com\/yeidckol?ref_src=twsrc%5Etfw\">@yeidckol<\/a><\/p>\n<p>&mdash; Yeidckol Polevnsky (@yeidckol) <a href=\"https:\/\/twitter.com\/yeidckol\/status\/1080995724882411520?ref_src=twsrc%5Etfw\">January 4, 2019<\/a><\/p><\/blockquote>\n<p><script async src=\"https:\/\/platform.twitter.com\/widgets.js\" charset=\"utf-8\"><\/script><\/p>\n<p>Con Informaci\u00f3n de EFE<\/p>\n<\/blockquote>\n","protected":false},"excerpt":{"rendered":"<p>Cutberto Porcayo, dirigente de Morena en San Jos\u00e9 del Progreso, Oaxaca, es asesinado a balazos<br \/>\nPor Redacci\u00f3n QP<\/p>\n","protected":false},"author":2,"featured_media":13319,"comment_status":"open","ping_status":"open","sticky":false,"template":"","format":"standard","meta":{"_monsterinsights_skip_tracking":false,"_monsterinsights_sitenote_active":false,"_monsterinsights_sitenote_note":"","_monsterinsights_sitenote_category":0,"footnotes":""},"categories":[2],"tags":[],"class_list":["post-13320","post","type-post","status-publish","format-standard","has-post-thumbnail","hentry","category-noticias"],"yoast_head":"<!-- This site is optimized with the Yoast SEO plugin v27.3 - https:\/\/yoast.com\/product\/yoast-seo-wordpress\/ -->\n<title>Cutberto Porcayo, dirigente de Morena en San Jos\u00e9 del Progreso, Oaxaca, es asesinado a balazos -<\/title>\n<meta name=\"robots\" content=\"index, follow, max-snippet:-1, max-image-preview:large, max-video-preview:-1\" \/>\n<link rel=\"canonical\" href=\"https:\/\/quehacerpolitico.mx\/?p=13320\" \/>\n<meta property=\"og:locale\" content=\"es_MX\" \/>\n<meta property=\"og:type\" content=\"article\" \/>\n<meta property=\"og:title\" content=\"Cutberto Porcayo, dirigente de Morena en San Jos\u00e9 del Progreso, Oaxaca, es asesinado a balazos -\" \/>\n<meta property=\"og:description\" content=\"Cutberto Porcayo, dirigente de Morena en San Jos\u00e9 del Progreso, Oaxaca, es asesinado a balazos Por Redacci\u00f3n QP\" \/>\n<meta property=\"og:url\" content=\"https:\/\/quehacerpolitico.mx\/?p=13320\" \/>\n<meta property=\"article:published_time\" content=\"2019-01-04T03:25:15+00:00\" \/>\n<meta name=\"author\" content=\"Redacci\u00f3n QP\" \/>\n<meta name=\"twitter:card\" content=\"summary_large_image\" \/>\n<meta name=\"twitter:label1\" content=\"Escrito por\" \/>\n\t<meta name=\"twitter:data1\" content=\"Redacci\u00f3n QP\" \/>\n\t<meta name=\"twitter:label2\" content=\"Tiempo de lectura\" \/>\n\t<meta name=\"twitter:data2\" content=\"1 minuto\" \/>\n<script type=\"application\/ld+json\" class=\"yoast-schema-graph\">{\"@context\":\"https:\\\/\\\/schema.org\",\"@graph\":[{\"@type\":\"Article\",\"@id\":\"https:\\\/\\\/quehacerpolitico.mx\\\/?p=13320#article\",\"isPartOf\":{\"@id\":\"https:\\\/\\\/quehacerpolitico.mx\\\/?p=13320\"},\"author\":{\"name\":\"Redacci\u00f3n QP\",\"@id\":\"https:\\\/\\\/quehacerpolitico.mx\\\/#\\\/schema\\\/person\\\/496d8ad2d1d3f8036101dca7ee39e585\"},\"headline\":\"Cutberto Porcayo, dirigente de Morena en San Jos\u00e9 del Progreso, Oaxaca, es asesinado a balazos\",\"datePublished\":\"2019-01-04T03:25:15+00:00\",\"mainEntityOfPage\":{\"@id\":\"https:\\\/\\\/quehacerpolitico.mx\\\/?p=13320\"},\"wordCount\":275,\"commentCount\":0,\"image\":{\"@id\":\"https:\\\/\\\/quehacerpolitico.mx\\\/?p=13320#primaryimage\"},\"thumbnailUrl\":\"\",\"articleSection\":[\"Noticias\"],\"inLanguage\":\"es\",\"potentialAction\":[{\"@type\":\"CommentAction\",\"name\":\"Comment\",\"target\":[\"https:\\\/\\\/quehacerpolitico.mx\\\/?p=13320#respond\"]}]},{\"@type\":\"WebPage\",\"@id\":\"https:\\\/\\\/quehacerpolitico.mx\\\/?p=13320\",\"url\":\"https:\\\/\\\/quehacerpolitico.mx\\\/?p=13320\",\"name\":\"Cutberto Porcayo, dirigente de Morena en San Jos\u00e9 del Progreso, Oaxaca, es asesinado a balazos -\",\"isPartOf\":{\"@id\":\"https:\\\/\\\/quehacerpolitico.mx\\\/#website\"},\"primaryImageOfPage\":{\"@id\":\"https:\\\/\\\/quehacerpolitico.mx\\\/?p=13320#primaryimage\"},\"image\":{\"@id\":\"https:\\\/\\\/quehacerpolitico.mx\\\/?p=13320#primaryimage\"},\"thumbnailUrl\":\"\",\"datePublished\":\"2019-01-04T03:25:15+00:00\",\"author\":{\"@id\":\"https:\\\/\\\/quehacerpolitico.mx\\\/#\\\/schema\\\/person\\\/496d8ad2d1d3f8036101dca7ee39e585\"},\"breadcrumb\":{\"@id\":\"https:\\\/\\\/quehacerpolitico.mx\\\/?p=13320#breadcrumb\"},\"inLanguage\":\"es\",\"potentialAction\":[{\"@type\":\"ReadAction\",\"target\":[\"https:\\\/\\\/quehacerpolitico.mx\\\/?p=13320\"]}]},{\"@type\":\"ImageObject\",\"inLanguage\":\"es\",\"@id\":\"https:\\\/\\\/quehacerpolitico.mx\\\/?p=13320#primaryimage\",\"url\":\"\",\"contentUrl\":\"\"},{\"@type\":\"BreadcrumbList\",\"@id\":\"https:\\\/\\\/quehacerpolitico.mx\\\/?p=13320#breadcrumb\",\"itemListElement\":[{\"@type\":\"ListItem\",\"position\":1,\"name\":\"Inicio\",\"item\":\"https:\\\/\\\/quehacerpolitico.mx\\\/\"},{\"@type\":\"ListItem\",\"position\":2,\"name\":\"Cutberto Porcayo, dirigente de Morena en San Jos\u00e9 del Progreso, Oaxaca, es asesinado a balazos\"}]},{\"@type\":\"WebSite\",\"@id\":\"https:\\\/\\\/quehacerpolitico.mx\\\/#website\",\"url\":\"https:\\\/\\\/quehacerpolitico.mx\\\/\",\"name\":\"\",\"description\":\"\",\"potentialAction\":[{\"@type\":\"SearchAction\",\"target\":{\"@type\":\"EntryPoint\",\"urlTemplate\":\"https:\\\/\\\/quehacerpolitico.mx\\\/?s={search_term_string}\"},\"query-input\":{\"@type\":\"PropertyValueSpecification\",\"valueRequired\":true,\"valueName\":\"search_term_string\"}}],\"inLanguage\":\"es\"},{\"@type\":\"Person\",\"@id\":\"https:\\\/\\\/quehacerpolitico.mx\\\/#\\\/schema\\\/person\\\/496d8ad2d1d3f8036101dca7ee39e585\",\"name\":\"Redacci\u00f3n QP\",\"image\":{\"@type\":\"ImageObject\",\"inLanguage\":\"es\",\"@id\":\"https:\\\/\\\/secure.gravatar.com\\\/avatar\\\/c7164ed6fdec453195284ad24a5ae5b6e1eed2b848477fa2a4787ba9adf39a41?s=96&d=mm&r=g\",\"url\":\"https:\\\/\\\/secure.gravatar.com\\\/avatar\\\/c7164ed6fdec453195284ad24a5ae5b6e1eed2b848477fa2a4787ba9adf39a41?s=96&d=mm&r=g\",\"contentUrl\":\"https:\\\/\\\/secure.gravatar.com\\\/avatar\\\/c7164ed6fdec453195284ad24a5ae5b6e1eed2b848477fa2a4787ba9adf39a41?s=96&d=mm&r=g\",\"caption\":\"Redacci\u00f3n QP\"},\"url\":\"https:\\\/\\\/quehacerpolitico.mx\\\/?author=2\"}]}<\/script>\n<!-- \/ Yoast SEO plugin. -->","yoast_head_json":{"title":"Cutberto Porcayo, dirigente de Morena en San Jos\u00e9 del Progreso, Oaxaca, es asesinado a balazos -","robots":{"index":"index","follow":"follow","max-snippet":"max-snippet:-1","max-image-preview":"max-image-preview:large","max-video-preview":"max-video-preview:-1"},"canonical":"https:\/\/quehacerpolitico.mx\/?p=13320","og_locale":"es_MX","og_type":"article","og_title":"Cutberto Porcayo, dirigente de Morena en San Jos\u00e9 del Progreso, Oaxaca, es asesinado a balazos -","og_description":"Cutberto Porcayo, dirigente de Morena en San Jos\u00e9 del Progreso, Oaxaca, es asesinado a balazos Por Redacci\u00f3n QP","og_url":"https:\/\/quehacerpolitico.mx\/?p=13320","article_published_time":"2019-01-04T03:25:15+00:00","author":"Redacci\u00f3n QP","twitter_card":"summary_large_image","twitter_misc":{"Escrito por":"Redacci\u00f3n QP","Tiempo de lectura":"1 minuto"},"schema":{"@context":"https:\/\/schema.org","@graph":[{"@type":"Article","@id":"https:\/\/quehacerpolitico.mx\/?p=13320#article","isPartOf":{"@id":"https:\/\/quehacerpolitico.mx\/?p=13320"},"author":{"name":"Redacci\u00f3n QP","@id":"https:\/\/quehacerpolitico.mx\/#\/schema\/person\/496d8ad2d1d3f8036101dca7ee39e585"},"headline":"Cutberto Porcayo, dirigente de Morena en San Jos\u00e9 del Progreso, Oaxaca, es asesinado a balazos","datePublished":"2019-01-04T03:25:15+00:00","mainEntityOfPage":{"@id":"https:\/\/quehacerpolitico.mx\/?p=13320"},"wordCount":275,"commentCount":0,"image":{"@id":"https:\/\/quehacerpolitico.mx\/?p=13320#primaryimage"},"thumbnailUrl":"","articleSection":["Noticias"],"inLanguage":"es","potentialAction":[{"@type":"CommentAction","name":"Comment","target":["https:\/\/quehacerpolitico.mx\/?p=13320#respond"]}]},{"@type":"WebPage","@id":"https:\/\/quehacerpolitico.mx\/?p=13320","url":"https:\/\/quehacerpolitico.mx\/?p=13320","name":"Cutberto Porcayo, dirigente de Morena en San Jos\u00e9 del Progreso, Oaxaca, es asesinado a balazos -","isPartOf":{"@id":"https:\/\/quehacerpolitico.mx\/#website"},"primaryImageOfPage":{"@id":"https:\/\/quehacerpolitico.mx\/?p=13320#primaryimage"},"image":{"@id":"https:\/\/quehacerpolitico.mx\/?p=13320#primaryimage"},"thumbnailUrl":"","datePublished":"2019-01-04T03:25:15+00:00","author":{"@id":"https:\/\/quehacerpolitico.mx\/#\/schema\/person\/496d8ad2d1d3f8036101dca7ee39e585"},"breadcrumb":{"@id":"https:\/\/quehacerpolitico.mx\/?p=13320#breadcrumb"},"inLanguage":"es","potentialAction":[{"@type":"ReadAction","target":["https:\/\/quehacerpolitico.mx\/?p=13320"]}]},{"@type":"ImageObject","inLanguage":"es","@id":"https:\/\/quehacerpolitico.mx\/?p=13320#primaryimage","url":"","contentUrl":""},{"@type":"BreadcrumbList","@id":"https:\/\/quehacerpolitico.mx\/?p=13320#breadcrumb","itemListElement":[{"@type":"ListItem","position":1,"name":"Inicio","item":"https:\/\/quehacerpolitico.mx\/"},{"@type":"ListItem","position":2,"name":"Cutberto Porcayo, dirigente de Morena en San Jos\u00e9 del Progreso, Oaxaca, es asesinado a balazos"}]},{"@type":"WebSite","@id":"https:\/\/quehacerpolitico.mx\/#website","url":"https:\/\/quehacerpolitico.mx\/","name":"","description":"","potentialAction":[{"@type":"SearchAction","target":{"@type":"EntryPoint","urlTemplate":"https:\/\/quehacerpolitico.mx\/?s={search_term_string}"},"query-input":{"@type":"PropertyValueSpecification","valueRequired":true,"valueName":"search_term_string"}}],"inLanguage":"es"},{"@type":"Person","@id":"https:\/\/quehacerpolitico.mx\/#\/schema\/person\/496d8ad2d1d3f8036101dca7ee39e585","name":"Redacci\u00f3n QP","image":{"@type":"ImageObject","inLanguage":"es","@id":"https:\/\/secure.gravatar.com\/avatar\/c7164ed6fdec453195284ad24a5ae5b6e1eed2b848477fa2a4787ba9adf39a41?s=96&d=mm&r=g","url":"https:\/\/secure.gravatar.com\/avatar\/c7164ed6fdec453195284ad24a5ae5b6e1eed2b848477fa2a4787ba9adf39a41?s=96&d=mm&r=g","contentUrl":"https:\/\/secure.gravatar.com\/avatar\/c7164ed6fdec453195284ad24a5ae5b6e1eed2b848477fa2a4787ba9adf39a41?s=96&d=mm&r=g","caption":"Redacci\u00f3n QP"},"url":"https:\/\/quehacerpolitico.mx\/?author=2"}]}},"featured_image_urls":{"full":"","thumbnail":"","medium":"","medium_large":"","large":"","1536x1536":"","2048x2048":"","covernews-featured":"","covernews-medium":""},"author_info":{"display_name":"Redacci\u00f3n QP","author_link":"https:\/\/quehacerpolitico.mx\/?author=2"},"category_info":"<a href=\"https:\/\/quehacerpolitico.mx\/?cat=2\" rel=\"category\">Noticias<\/a>","tag_info":"Noticias","comment_count":"0","_links":{"self":[{"href":"https:\/\/quehacerpolitico.mx\/index.php?rest_route=\/wp\/v2\/posts\/13320","targetHints":{"allow":["GET"]}}],"collection":[{"href":"https:\/\/quehacerpolitico.mx\/index.php?rest_route=\/wp\/v2\/posts"}],"about":[{"href":"https:\/\/quehacerpolitico.mx\/index.php?rest_route=\/wp\/v2\/types\/post"}],"author":[{"embeddable":true,"href":"https:\/\/quehacerpolitico.mx\/index.php?rest_route=\/wp\/v2\/users\/2"}],"replies":[{"embeddable":true,"href":"https:\/\/quehacerpolitico.mx\/index.php?rest_route=%2Fwp%2Fv2%2Fcomments&post=13320"}],"version-history":[{"count":0,"href":"https:\/\/quehacerpolitico.mx\/index.php?rest_route=\/wp\/v2\/posts\/13320\/revisions"}],"wp:featuredmedia":[{"embeddable":true,"href":"https:\/\/quehacerpolitico.mx\/index.php?rest_route=\/"}],"wp:attachment":[{"href":"https:\/\/quehacerpolitico.mx\/index.php?rest_route=%2Fwp%2Fv2%2Fmedia&parent=13320"}],"wp:term":[{"taxonomy":"category","embeddable":true,"href":"https:\/\/quehacerpolitico.mx\/index.php?rest_route=%2Fwp%2Fv2%2Fcategories&post=13320"},{"taxonomy":"post_tag","embeddable":true,"href":"https:\/\/quehacerpolitico.mx\/index.php?rest_route=%2Fwp%2Fv2%2Ftags&post=13320"}],"curies":[{"name":"wp","href":"https:\/\/api.w.org\/{rel}","templated":true}]}}