{"id":13306,"date":"2019-01-03T19:21:08","date_gmt":"2019-01-03T19:21:08","guid":{"rendered":"http:\/\/quehacerpolitico.mx\/la-sct-suspende-oficialmente-las-obras-del-naim-en-texcoco-jimenez-espriu-niega-naimproa\/"},"modified":"2019-01-03T19:21:08","modified_gmt":"2019-01-03T19:21:08","slug":"la-sct-suspende-oficialmente-las-obras-del-naim-en-texcoco-jimenez-espriu-niega-naimproa","status":"publish","type":"post","link":"https:\/\/quehacerpolitico.mx\/?p=13306","title":{"rendered":"La SCT suspende oficialmente las obras del NAIM en Texcoco; Jim\u00e9nez Espri\u00fa niega \u201cNAIMproa\u201d"},"content":{"rendered":"<h1>La SCT suspende oficialmente las obras del NAIM en Texcoco; Jim\u00e9nez Espri\u00fa niega \u201cNAIMproa\u201d<\/h1>\n<p>Por Redacci\u00f3n QP<\/p>\n<p>Tras varios procesos de negociaci\u00f3n con los tenedores de bonos, el <strong>Consejo de Administraci\u00f3n del Grupo Aeroportuario de la Ciudad de M\u00e9xico<\/strong> (GACM), concesionario del proyecto del <strong>Nuevo Aeropuerto Internacional de M\u00e9xico<\/strong> (NAIM) en Texcoco, orden\u00f3 la cancelaci\u00f3n anticipada de los contratos del proyecto aeroportuario y el fin de las obras el pr\u00f3ximo 4 de enero.<\/p>\n<p>As\u00ed lo inform\u00f3 el <strong>Secretario de Comunicaciones, Javier Jim\u00e9nez Espri\u00fa<\/strong>, en la conferencia matutina del Presidente.<\/p>\n<blockquote>\n<p>\u201cNo tuvimos que esperar al 4 de enero sino que el 27 de diciembre, ya habiendo resultado, se hizo un consejo de administraci\u00f3n en el Grupo Aeroportuario y, en vista de que ya se hab\u00eda resuelto el problema de los bonos, se dio la instrucci\u00f3n al director de ya cancelar las obras\u201d, explic\u00f3.<\/p>\n<p>Por lo que ser\u00e1 este viernes cuando por fin se frenar\u00e1 la construcci\u00f3n del que ser\u00eda el nuevo aeropuerto.<\/p>\n<p>Jim\u00e9nez Espri\u00fa neg\u00f3 que la cancelaci\u00f3n del nuevo aeropuerto en Texcoco sea un NAIMProa, en alusi\u00f3n al Fobaproa (fondo creado en 1990 por el Gobierno para asumir las\u00a0carteras vencidas). Mencion\u00f3 que la propuesta que hab\u00eda hecho la Secretar\u00eda de Hacienda para la recompra de bonos, de comprarlos por mil 800 millones de d\u00f3lares, se est\u00e1 pagando.<\/p>\n<blockquote>\n<p>\u201cLa compra de mil 800 millones significa que lo que hab\u00edamos conseguido como deuda, no nosotros, el Gobierno anterior. Se devolvieron mil 600 millones\u201d, detall\u00f3.<\/p>\n<\/blockquote>\n<div id=\"attachment_3518000\" class=\"wp-caption alignnone\"><img loading=\"lazy\" decoding=\"async\" class=\"size-full wp-image-3518000\" src=\"https:\/\/www.sinembargo.mx\/wp-content\/uploads\/2019\/01\/conferencia_matutina_amlo-1_3.jpg\" sizes=\"auto, (max-width: 700px) 100vw, 700px\" srcset=\"https:\/\/www.sinembargo.mx\/wp-content\/uploads\/2019\/01\/conferencia_matutina_amlo-1_3.jpg 700w, https:\/\/www.sinembargo.mx\/wp-content\/uploads\/2019\/01\/conferencia_matutina_amlo-1_3-300x200.jpg 300w\" alt=\"\" width=\"700\" height=\"467\" \/><\/p>\n<p class=\"wp-caption-text\">Javier Jim\u00e9nez Espri\u00fa, Secretario de Comunicaciones y Transportes, anunci\u00f3 oficialmente la cancelaci\u00f3n de las obras del NAIM en Texcoco. Foto: Cuartoscuro.<\/p>\n<\/div>\n<p>El documento oficial, emitido al inicio de la semana por el GACM, refiere que hay aspectos de planeaci\u00f3n y recursos presupuestarios que hacen necesario concluir de forma anticipada los contratos.<\/p>\n<p>Pese a que ya hay un acuerdo con los tenedores de bonos internacionales, a\u00fan\u00a0est\u00e1 pendiente la negociaci\u00f3n con los tenedores de t\u00edtulos de la Fibra E del NAIM. Por lo que el Grupo tambi\u00e9n anunci\u00f3 que realizar\u00e1 una asamblea con tenedores de la Fibra E para anticiparles el pago.<\/p>\n<p><strong>EL PROYECTO QUE NO FUE<\/strong><\/p>\n<p>De la obra que se anunci\u00f3 en septiembre de 2014 y que ser\u00eda la principal del\u00a0sexenio del priista Enrique Pe\u00f1a Nieto, qued\u00f3 como recuerdo la obra negra. En 2018, el\u00a0Nuevo Aeropuerto Internacional de M\u00e9xico fue\u00a0cancelado por el Presidente Andr\u00e9s Manuel L\u00f3pez Obrador, que bas\u00f3 su decisi\u00f3n en el resultado de una\u00a0consulta popular\u00a0organizada por su equipo.<\/p>\n<p>La cancelaci\u00f3n de la construcci\u00f3n del NAIM en Texcoco dejar\u00e1 al aeropuerto con un avance de alrededor del 32 por ciento, de acuerdo con los \u00faltimos datos disponibles al mes de septiembre.<\/p>\n<blockquote>\n<p>La mayor\u00eda de esos contratos que\u00a0tienen una fecha de conclusi\u00f3n en diciembre de 2018, en 2019 o hasta 2021, son de obra p\u00fablica; el resto es de bienes y servicios y otros relacionados con la obra, de acuerdo con los contratos disponibles en el portal del\u00a0GACM.<\/p>\n<p>El GACM tiene disponibles los\u00a0321 contratos\u00a0que se celebraron para la construcci\u00f3n del Aeropuerto para hacerlo la obra p\u00fablica m\u00e1s transparente. Al hacer una revisi\u00f3n detallada de cada uno de esos contratos, se puede corroborar que por 321 contratos se han pagado 137 mil 232 millones 459 mil 135 pesos. Sin embargo, en el apartado sobre Indicadores en Materia de Contrataciones Abiertas, el GACM plantea que s\u00f3lo el 0.4 por ciento de las licitaciones para la construcci\u00f3n del NAIM se hizo por la v\u00eda de la Adjudicaci\u00f3n Directa, cuando el porcentaje real es de 47 por ciento.<\/p>\n<blockquote>\n<p>De la revisi\u00f3n hecha por\u00a0SinEmbargo, sali\u00f3 que las empresas de\u00a0Carlos Slim Hel\u00fa, Carlos Hank Rhon, Hip\u00f3lito Gerard Rivero, Rolando Cant\u00fa Barrag\u00e1n, Olegario V\u00e1zquez Aldir, Bernardo Quintana Isaac y constructoras como Iuyet\u00a0\u2013que participa en la construcci\u00f3n del Tren M\u00e9xico-Toluca\u2013 y\u00a0Aldesem, Epccor y Aldesa\u00a0\u2013encargadas de construir el Paso Expr\u00e9s de Cuernavaca\u2013, concentraron el 77 por ciento del presupuesto que se ha pagado hasta el momento para la obra.<\/p>\n<\/blockquote>\n<p>Con base en los datos abiertos, de los 321 contratos este grupo de empresas obtuvieron s\u00f3lo 16. El monto de esos contratos asciende a 106 mil 890 millones 791 mil 874 pesos, y esto representa el 77 por ciento del monto total.<\/p>\n<blockquote class=\"twitter-tweet\" data-width=\"550\" data-dnt=\"true\">\n<p lang=\"es\" dir=\"ltr\">\u00bfY en qu\u00e9 va el <a href=\"https:\/\/twitter.com\/hashtag\/NAIM?src=hash&amp;ref_src=twsrc%5Etfw\">#NAIM<\/a> y la construcci\u00f3n en Texcoco?<\/p>\n<p>Esto explica <a href=\"https:\/\/twitter.com\/JimenezEspriu?ref_src=twsrc%5Etfw\">@JimenezEspriu<\/a> de la SCT <a href=\"https:\/\/t.co\/KB3ybvQEDr\">pic.twitter.com\/KB3ybvQEDr<\/a><\/p>\n<p>&mdash; Ruido en la Red (@RuidoEnLaRed) <a href=\"https:\/\/twitter.com\/RuidoEnLaRed\/status\/1080832493048160256?ref_src=twsrc%5Etfw\">January 3, 2019<\/a><\/p><\/blockquote>\n<p><script async src=\"https:\/\/platform.twitter.com\/widgets.js\" charset=\"utf-8\"><\/script><\/p>\n<\/blockquote>\n<\/blockquote>\n","protected":false},"excerpt":{"rendered":"<p>La SCT suspende oficialmente las obras del NAIM en Texcoco; Jim\u00e9nez Espri\u00fa niega \u201cNAIMproa\u201d<br \/>\nPor Redacci\u00f3n QP<\/p>\n","protected":false},"author":2,"featured_media":13305,"comment_status":"open","ping_status":"open","sticky":false,"template":"","format":"standard","meta":{"_monsterinsights_skip_tracking":false,"_monsterinsights_sitenote_active":false,"_monsterinsights_sitenote_note":"","_monsterinsights_sitenote_category":0,"footnotes":""},"categories":[2],"tags":[],"class_list":["post-13306","post","type-post","status-publish","format-standard","has-post-thumbnail","hentry","category-noticias"],"yoast_head":"<!-- This site is optimized with the Yoast SEO plugin v27.3 - https:\/\/yoast.com\/product\/yoast-seo-wordpress\/ -->\n<title>La SCT suspende oficialmente las obras del NAIM en Texcoco; Jim\u00e9nez Espri\u00fa niega \u201cNAIMproa\u201d -<\/title>\n<meta name=\"robots\" content=\"index, follow, max-snippet:-1, max-image-preview:large, max-video-preview:-1\" \/>\n<link rel=\"canonical\" href=\"https:\/\/quehacerpolitico.mx\/?p=13306\" \/>\n<meta property=\"og:locale\" content=\"es_MX\" \/>\n<meta property=\"og:type\" content=\"article\" \/>\n<meta property=\"og:title\" content=\"La SCT suspende oficialmente las obras del NAIM en Texcoco; Jim\u00e9nez Espri\u00fa niega \u201cNAIMproa\u201d -\" \/>\n<meta property=\"og:description\" content=\"La SCT suspende oficialmente las obras del NAIM en Texcoco; Jim\u00e9nez Espri\u00fa niega \u201cNAIMproa\u201d Por Redacci\u00f3n QP\" \/>\n<meta property=\"og:url\" content=\"https:\/\/quehacerpolitico.mx\/?p=13306\" \/>\n<meta property=\"article:published_time\" content=\"2019-01-03T19:21:08+00:00\" \/>\n<meta name=\"author\" content=\"Redacci\u00f3n QP\" \/>\n<meta name=\"twitter:card\" content=\"summary_large_image\" \/>\n<meta name=\"twitter:label1\" content=\"Escrito por\" \/>\n\t<meta name=\"twitter:data1\" content=\"Redacci\u00f3n QP\" \/>\n\t<meta name=\"twitter:label2\" content=\"Tiempo de lectura\" \/>\n\t<meta name=\"twitter:data2\" content=\"4 minutos\" \/>\n<script type=\"application\/ld+json\" class=\"yoast-schema-graph\">{\"@context\":\"https:\\\/\\\/schema.org\",\"@graph\":[{\"@type\":\"Article\",\"@id\":\"https:\\\/\\\/quehacerpolitico.mx\\\/?p=13306#article\",\"isPartOf\":{\"@id\":\"https:\\\/\\\/quehacerpolitico.mx\\\/?p=13306\"},\"author\":{\"name\":\"Redacci\u00f3n QP\",\"@id\":\"https:\\\/\\\/quehacerpolitico.mx\\\/#\\\/schema\\\/person\\\/496d8ad2d1d3f8036101dca7ee39e585\"},\"headline\":\"La SCT suspende oficialmente las obras del NAIM en Texcoco; Jim\u00e9nez Espri\u00fa niega \u201cNAIMproa\u201d\",\"datePublished\":\"2019-01-03T19:21:08+00:00\",\"mainEntityOfPage\":{\"@id\":\"https:\\\/\\\/quehacerpolitico.mx\\\/?p=13306\"},\"wordCount\":747,\"commentCount\":0,\"image\":{\"@id\":\"https:\\\/\\\/quehacerpolitico.mx\\\/?p=13306#primaryimage\"},\"thumbnailUrl\":\"\",\"articleSection\":[\"Noticias\"],\"inLanguage\":\"es\",\"potentialAction\":[{\"@type\":\"CommentAction\",\"name\":\"Comment\",\"target\":[\"https:\\\/\\\/quehacerpolitico.mx\\\/?p=13306#respond\"]}]},{\"@type\":\"WebPage\",\"@id\":\"https:\\\/\\\/quehacerpolitico.mx\\\/?p=13306\",\"url\":\"https:\\\/\\\/quehacerpolitico.mx\\\/?p=13306\",\"name\":\"La SCT suspende oficialmente las obras del NAIM en Texcoco; Jim\u00e9nez Espri\u00fa niega \u201cNAIMproa\u201d -\",\"isPartOf\":{\"@id\":\"https:\\\/\\\/quehacerpolitico.mx\\\/#website\"},\"primaryImageOfPage\":{\"@id\":\"https:\\\/\\\/quehacerpolitico.mx\\\/?p=13306#primaryimage\"},\"image\":{\"@id\":\"https:\\\/\\\/quehacerpolitico.mx\\\/?p=13306#primaryimage\"},\"thumbnailUrl\":\"\",\"datePublished\":\"2019-01-03T19:21:08+00:00\",\"author\":{\"@id\":\"https:\\\/\\\/quehacerpolitico.mx\\\/#\\\/schema\\\/person\\\/496d8ad2d1d3f8036101dca7ee39e585\"},\"breadcrumb\":{\"@id\":\"https:\\\/\\\/quehacerpolitico.mx\\\/?p=13306#breadcrumb\"},\"inLanguage\":\"es\",\"potentialAction\":[{\"@type\":\"ReadAction\",\"target\":[\"https:\\\/\\\/quehacerpolitico.mx\\\/?p=13306\"]}]},{\"@type\":\"ImageObject\",\"inLanguage\":\"es\",\"@id\":\"https:\\\/\\\/quehacerpolitico.mx\\\/?p=13306#primaryimage\",\"url\":\"\",\"contentUrl\":\"\"},{\"@type\":\"BreadcrumbList\",\"@id\":\"https:\\\/\\\/quehacerpolitico.mx\\\/?p=13306#breadcrumb\",\"itemListElement\":[{\"@type\":\"ListItem\",\"position\":1,\"name\":\"Inicio\",\"item\":\"https:\\\/\\\/quehacerpolitico.mx\\\/\"},{\"@type\":\"ListItem\",\"position\":2,\"name\":\"La SCT suspende oficialmente las obras del NAIM en Texcoco; Jim\u00e9nez Espri\u00fa niega \u201cNAIMproa\u201d\"}]},{\"@type\":\"WebSite\",\"@id\":\"https:\\\/\\\/quehacerpolitico.mx\\\/#website\",\"url\":\"https:\\\/\\\/quehacerpolitico.mx\\\/\",\"name\":\"\",\"description\":\"\",\"potentialAction\":[{\"@type\":\"SearchAction\",\"target\":{\"@type\":\"EntryPoint\",\"urlTemplate\":\"https:\\\/\\\/quehacerpolitico.mx\\\/?s={search_term_string}\"},\"query-input\":{\"@type\":\"PropertyValueSpecification\",\"valueRequired\":true,\"valueName\":\"search_term_string\"}}],\"inLanguage\":\"es\"},{\"@type\":\"Person\",\"@id\":\"https:\\\/\\\/quehacerpolitico.mx\\\/#\\\/schema\\\/person\\\/496d8ad2d1d3f8036101dca7ee39e585\",\"name\":\"Redacci\u00f3n QP\",\"image\":{\"@type\":\"ImageObject\",\"inLanguage\":\"es\",\"@id\":\"https:\\\/\\\/secure.gravatar.com\\\/avatar\\\/c7164ed6fdec453195284ad24a5ae5b6e1eed2b848477fa2a4787ba9adf39a41?s=96&d=mm&r=g\",\"url\":\"https:\\\/\\\/secure.gravatar.com\\\/avatar\\\/c7164ed6fdec453195284ad24a5ae5b6e1eed2b848477fa2a4787ba9adf39a41?s=96&d=mm&r=g\",\"contentUrl\":\"https:\\\/\\\/secure.gravatar.com\\\/avatar\\\/c7164ed6fdec453195284ad24a5ae5b6e1eed2b848477fa2a4787ba9adf39a41?s=96&d=mm&r=g\",\"caption\":\"Redacci\u00f3n QP\"},\"url\":\"https:\\\/\\\/quehacerpolitico.mx\\\/?author=2\"}]}<\/script>\n<!-- \/ Yoast SEO plugin. -->","yoast_head_json":{"title":"La SCT suspende oficialmente las obras del NAIM en Texcoco; Jim\u00e9nez Espri\u00fa niega \u201cNAIMproa\u201d -","robots":{"index":"index","follow":"follow","max-snippet":"max-snippet:-1","max-image-preview":"max-image-preview:large","max-video-preview":"max-video-preview:-1"},"canonical":"https:\/\/quehacerpolitico.mx\/?p=13306","og_locale":"es_MX","og_type":"article","og_title":"La SCT suspende oficialmente las obras del NAIM en Texcoco; Jim\u00e9nez Espri\u00fa niega \u201cNAIMproa\u201d -","og_description":"La SCT suspende oficialmente las obras del NAIM en Texcoco; Jim\u00e9nez Espri\u00fa niega \u201cNAIMproa\u201d Por Redacci\u00f3n QP","og_url":"https:\/\/quehacerpolitico.mx\/?p=13306","article_published_time":"2019-01-03T19:21:08+00:00","author":"Redacci\u00f3n QP","twitter_card":"summary_large_image","twitter_misc":{"Escrito por":"Redacci\u00f3n QP","Tiempo de lectura":"4 minutos"},"schema":{"@context":"https:\/\/schema.org","@graph":[{"@type":"Article","@id":"https:\/\/quehacerpolitico.mx\/?p=13306#article","isPartOf":{"@id":"https:\/\/quehacerpolitico.mx\/?p=13306"},"author":{"name":"Redacci\u00f3n QP","@id":"https:\/\/quehacerpolitico.mx\/#\/schema\/person\/496d8ad2d1d3f8036101dca7ee39e585"},"headline":"La SCT suspende oficialmente las obras del NAIM en Texcoco; Jim\u00e9nez Espri\u00fa niega \u201cNAIMproa\u201d","datePublished":"2019-01-03T19:21:08+00:00","mainEntityOfPage":{"@id":"https:\/\/quehacerpolitico.mx\/?p=13306"},"wordCount":747,"commentCount":0,"image":{"@id":"https:\/\/quehacerpolitico.mx\/?p=13306#primaryimage"},"thumbnailUrl":"","articleSection":["Noticias"],"inLanguage":"es","potentialAction":[{"@type":"CommentAction","name":"Comment","target":["https:\/\/quehacerpolitico.mx\/?p=13306#respond"]}]},{"@type":"WebPage","@id":"https:\/\/quehacerpolitico.mx\/?p=13306","url":"https:\/\/quehacerpolitico.mx\/?p=13306","name":"La SCT suspende oficialmente las obras del NAIM en Texcoco; Jim\u00e9nez Espri\u00fa niega \u201cNAIMproa\u201d -","isPartOf":{"@id":"https:\/\/quehacerpolitico.mx\/#website"},"primaryImageOfPage":{"@id":"https:\/\/quehacerpolitico.mx\/?p=13306#primaryimage"},"image":{"@id":"https:\/\/quehacerpolitico.mx\/?p=13306#primaryimage"},"thumbnailUrl":"","datePublished":"2019-01-03T19:21:08+00:00","author":{"@id":"https:\/\/quehacerpolitico.mx\/#\/schema\/person\/496d8ad2d1d3f8036101dca7ee39e585"},"breadcrumb":{"@id":"https:\/\/quehacerpolitico.mx\/?p=13306#breadcrumb"},"inLanguage":"es","potentialAction":[{"@type":"ReadAction","target":["https:\/\/quehacerpolitico.mx\/?p=13306"]}]},{"@type":"ImageObject","inLanguage":"es","@id":"https:\/\/quehacerpolitico.mx\/?p=13306#primaryimage","url":"","contentUrl":""},{"@type":"BreadcrumbList","@id":"https:\/\/quehacerpolitico.mx\/?p=13306#breadcrumb","itemListElement":[{"@type":"ListItem","position":1,"name":"Inicio","item":"https:\/\/quehacerpolitico.mx\/"},{"@type":"ListItem","position":2,"name":"La SCT suspende oficialmente las obras del NAIM en Texcoco; Jim\u00e9nez Espri\u00fa niega \u201cNAIMproa\u201d"}]},{"@type":"WebSite","@id":"https:\/\/quehacerpolitico.mx\/#website","url":"https:\/\/quehacerpolitico.mx\/","name":"","description":"","potentialAction":[{"@type":"SearchAction","target":{"@type":"EntryPoint","urlTemplate":"https:\/\/quehacerpolitico.mx\/?s={search_term_string}"},"query-input":{"@type":"PropertyValueSpecification","valueRequired":true,"valueName":"search_term_string"}}],"inLanguage":"es"},{"@type":"Person","@id":"https:\/\/quehacerpolitico.mx\/#\/schema\/person\/496d8ad2d1d3f8036101dca7ee39e585","name":"Redacci\u00f3n QP","image":{"@type":"ImageObject","inLanguage":"es","@id":"https:\/\/secure.gravatar.com\/avatar\/c7164ed6fdec453195284ad24a5ae5b6e1eed2b848477fa2a4787ba9adf39a41?s=96&d=mm&r=g","url":"https:\/\/secure.gravatar.com\/avatar\/c7164ed6fdec453195284ad24a5ae5b6e1eed2b848477fa2a4787ba9adf39a41?s=96&d=mm&r=g","contentUrl":"https:\/\/secure.gravatar.com\/avatar\/c7164ed6fdec453195284ad24a5ae5b6e1eed2b848477fa2a4787ba9adf39a41?s=96&d=mm&r=g","caption":"Redacci\u00f3n QP"},"url":"https:\/\/quehacerpolitico.mx\/?author=2"}]}},"featured_image_urls":{"full":"","thumbnail":"","medium":"","medium_large":"","large":"","1536x1536":"","2048x2048":"","covernews-featured":"","covernews-medium":""},"author_info":{"display_name":"Redacci\u00f3n QP","author_link":"https:\/\/quehacerpolitico.mx\/?author=2"},"category_info":"<a href=\"https:\/\/quehacerpolitico.mx\/?cat=2\" rel=\"category\">Noticias<\/a>","tag_info":"Noticias","comment_count":"0","_links":{"self":[{"href":"https:\/\/quehacerpolitico.mx\/index.php?rest_route=\/wp\/v2\/posts\/13306","targetHints":{"allow":["GET"]}}],"collection":[{"href":"https:\/\/quehacerpolitico.mx\/index.php?rest_route=\/wp\/v2\/posts"}],"about":[{"href":"https:\/\/quehacerpolitico.mx\/index.php?rest_route=\/wp\/v2\/types\/post"}],"author":[{"embeddable":true,"href":"https:\/\/quehacerpolitico.mx\/index.php?rest_route=\/wp\/v2\/users\/2"}],"replies":[{"embeddable":true,"href":"https:\/\/quehacerpolitico.mx\/index.php?rest_route=%2Fwp%2Fv2%2Fcomments&post=13306"}],"version-history":[{"count":0,"href":"https:\/\/quehacerpolitico.mx\/index.php?rest_route=\/wp\/v2\/posts\/13306\/revisions"}],"wp:featuredmedia":[{"embeddable":true,"href":"https:\/\/quehacerpolitico.mx\/index.php?rest_route=\/"}],"wp:attachment":[{"href":"https:\/\/quehacerpolitico.mx\/index.php?rest_route=%2Fwp%2Fv2%2Fmedia&parent=13306"}],"wp:term":[{"taxonomy":"category","embeddable":true,"href":"https:\/\/quehacerpolitico.mx\/index.php?rest_route=%2Fwp%2Fv2%2Fcategories&post=13306"},{"taxonomy":"post_tag","embeddable":true,"href":"https:\/\/quehacerpolitico.mx\/index.php?rest_route=%2Fwp%2Fv2%2Ftags&post=13306"}],"curies":[{"name":"wp","href":"https:\/\/api.w.org\/{rel}","templated":true}]}}