{"id":13294,"date":"2019-01-03T18:22:08","date_gmt":"2019-01-03T18:22:08","guid":{"rendered":"http:\/\/quehacerpolitico.mx\/navegar-en-las-multiples-facetas-de-la-escritura\/"},"modified":"2019-01-03T18:22:08","modified_gmt":"2019-01-03T18:22:08","slug":"navegar-en-las-multiples-facetas-de-la-escritura","status":"publish","type":"post","link":"https:\/\/quehacerpolitico.mx\/?p=13294","title":{"rendered":"Navegar en las m\u00faltiples facetas de la escritura"},"content":{"rendered":"<h1 class=\"news-title\">Navegar en las m\u00faltiples facetas de la escritura<\/h1>\n<p>Por Redacci\u00f3n QP<\/p>\n<header class=\"news-header\">\n<div class=\"news-subtitle\">\n<p>El autor mexicano Jos\u00e9 Miguel Tomasena vuelve a lanzar su colecci\u00f3n de cuentos \u201c\u00bfQui\u00e9n se acuerda del polvo de la casa de Hemingway?\u201d; adem\u00e1s, colabora en documentales<\/p>\n<\/div>\n<\/header>\n<div class=\"news-content\">\n<div class=\"news-body row\">\n<p>El escritor mexicano Jos\u00e9 Miguel Tomasena public\u00f3 en la editorial tapat\u00eda Para\u00edso Perdido su colecci\u00f3n de cuentos \u201c\u00bfQui\u00e9n se acuerda del polvo de la casa de Hemingway?\u201d, merecedora del Premio Nacional de Cuento San Luis Potos\u00ed en su edici\u00f3n 2013.<\/p>\n<p>Con una diversidad de temas, al igual que de estilos, el autor explora desde diferentes puntos de vista dichas tem\u00e1ticas, como la violencia, presente desde el primero de los cuentos: \u201cEs un tema que me interesa, la violencia cotidiana, de todos los d\u00edas que no necesariamente la experimentamos. En M\u00e9xico hay una sensaci\u00f3n de que todo puede explotar en cualquier momento. Viviendo fuera del pa\u00eds se siente un poco m\u00e1s al volver. Me interesa trabajarlo narrativamente porque es interesante\u201d, coment\u00f3 en entrevista.<\/p>\n<p>El tema se maneja con diferentes perspectivas: <strong>\u201cEs el encuentro de unos personajes que han perdido a sus hijos en distintas situaciones. Le\u00ed algunos testimonios de excombatientes. Es un tema recurrente en el cine y la literatura: la gente que vuelve de lugares terribles, me parece interesante narrativamente. En el cuento contrasta con el encuentro de otro hombre que ha perdido a su hijo en otras circunstancias\u2026 Me interesaba la mirada del padre\u201d.<\/strong><\/p>\n<p>En ese cuento se menciona la fe y su p\u00e9rdida, otro tema recurrente en la escritura de Tomasena es el \u201cde qu\u00e9 tanto lo que creemos nos mueve a cambiarnos, a intentar cambiar al mundo, o qu\u00e9 tanto sirve como justificaci\u00f3n para la injusticia y el poder\u201d.<\/p>\n<p>Este abanico tem\u00e1tico surge por los intereses literarios de Jos\u00e9 Miguel, de una manera natural: \u201cSon temas medio inconscientes, no es que lo piense. Son el tipo de temas que me llaman la atenci\u00f3n, tienen que ir por all\u00ed. Al trabajarlos me interesa pulir las palabras, comprimir el lenguaje: resulta que as\u00ed estas cosas resaltan m\u00e1s. Se dramatiza m\u00e1s al trabajar m\u00e1s las frases que retratan una situaci\u00f3n violenta o tensa\u201d.<\/p>\n<h4>Pulir y comprimir<\/h4>\n<p>Previamente, el autor public\u00f3 la novela corta \u201cLa ca\u00edda de Cobra\u201d. Este g\u00e9nero y el cuento est\u00e1n enlazados por esa brevedad, una de las \u201cSeis propuestas para el pr\u00f3ximo milenio\u201d de Italo Calvino: <strong>\u201cPulir y comprimir van de la mano de la brevedad: Me gusta mucho ese texto de Calvino. El cuento con el que empieza, el del anillo, un viejo cuento de la tradici\u00f3n oral\u201d.<\/strong><\/p>\n<p>Al igual a c\u00f3mo se manifiestan sus temas, la forma breve es tambi\u00e9n inherente a su manera de escribir: \u201cEs una mezcla: siempre he escrito en paralelo a otros trabajos, como reportero, como editor y ahora como investigador universitario. En el periodismo hay poco espacio y mucho que decir: mi formaci\u00f3n period\u00edstica me ha ayudado mucho a comprimir y comprimir, ser muy conciso y expresivo. No me interesa la brevedad como tal, sino la expresividad. Que cada palabra est\u00e9 cargada de todo el sentido posible, que no est\u00e9 de adorno. Es una especie de mezcla entre maldici\u00f3n y voluntad: me cuesta mucho extenderme, sostener proyectos de largo aliento (novelas que he intentado). No me puedo expandir mucho, es una especie de l\u00edmite. Hago de la debilidad, del defecto, una virtud\u201d.<\/p>\n<h4>Tradici\u00f3n literaria<\/h4>\n<p>La menci\u00f3n de Hemingway en el t\u00edtulo del libro no es casualidad: \u201cMe siento identificado con la tradici\u00f3n de Chejov, Hemingway, Carver, Tobias Wolff, Alice Munro en alg\u00fan sentido, aunque ella es m\u00e1s extendida. Son historias en las que aparentemente no pasa nada, donde todo est\u00e1 tranquilo pero por debajo hay grandes tensiones y grandes dramas. Piglia lo dec\u00eda en su \u2018Tesis sobre el cuento\u2019: hay una segunda historia que nunca se cuenta, es la que se calla pero desde el fondo mueve el artefacto narrativo\u201d.<\/p>\n<p>Partiendo desde el periodismo, Tomasena lleg\u00f3 a la literatura gracias al gusto y a un taller donde descubri\u00f3 que sus historias podr\u00edan impactar a los lectores: \u201c<strong>Me qued\u00f3 m\u00e1s claro que pod\u00eda escribir en un taller de Vicente Le\u00f1ero. Le\u00ed algo que hab\u00eda escrito y me aplaudieron, consegu\u00ed que la gente que estaba all\u00ed se emocionara. Fue la primera validaci\u00f3n externa de que lo que hac\u00eda no estaba tan mal. A partir de all\u00ed me empec\u00e9 a obsesionar, a tom\u00e1rmela m\u00e1s en serio. <\/strong>Estudi\u00e9 en Espa\u00f1a un m\u00e1ster en escritura creativa, all\u00ed le\u00ed a muchos de los cuentistas m\u00e1s sistem\u00e1ticamente. A Salinger, que sus \u2018Nueve cuentos\u2019 me parecen mejores que \u2018El guardi\u00e1n entre el centeno\u2019, me parecen geniales. Me fui clavando\u201d.<\/p>\n<p>En ese sentido, \u201c\u00bfQui\u00e9n se acuerda del polvo de la casa de Hemingway?\u201d resulta una manifestaci\u00f3n de esos a\u00f1os de aprendizaje como escritor: \u201cEstos cuentos recogen muchas tentativas que hice, exploratorias: hay distintos temas, distintos tonos y juegos con registros diferentes. Es un periodo de mi formaci\u00f3n literaria, de 2007 a 2011 cuando los agrup\u00e9 e hice una selecci\u00f3n\u201d.<\/p>\n<h4>Actividades paralelas<\/h4>\n<p>Adem\u00e1s de su actividad como escritor y periodista, el autor es investigador. Actualmente realiza una tesis doctoral sobre booktubers y su nuevo modelo de difusi\u00f3n de la lectura: \u201cEspero que se convierta en un libro sobre la circulaci\u00f3n de la literatura en redes digitales y comunidades de lectores en l\u00ednea\u201d.<\/p>\n<p><strong>Otra faceta de escritura es la que lleva a cabo con su compa\u00f1era Alicia Calder\u00f3n, cineasta, con quien ha colaborado en el documental \u201cRetratos de una b\u00fasqueda\u201d, sobre madres de desaparecidos durante la narcoguerra. Ahora est\u00e1n en la parte final de \u201cDibujos contra las balas\u201d, \u201csobre ni\u00f1os en contextos de violencia y lo que algunas mujeres hacen para intentar salvarlo\u201d.<\/strong><\/p>\n<\/div>\n<\/div>\n","protected":false},"excerpt":{"rendered":"<p>Navegar en las m\u00faltiples facetas de la escritura<br \/>\nPor Redacci\u00f3n QP<\/p>\n","protected":false},"author":2,"featured_media":13293,"comment_status":"open","ping_status":"open","sticky":false,"template":"","format":"standard","meta":{"_monsterinsights_skip_tracking":false,"_monsterinsights_sitenote_active":false,"_monsterinsights_sitenote_note":"","_monsterinsights_sitenote_category":0,"footnotes":""},"categories":[58],"tags":[],"class_list":["post-13294","post","type-post","status-publish","format-standard","has-post-thumbnail","hentry","category-cultura"],"yoast_head":"<!-- This site is optimized with the Yoast SEO plugin v27.3 - https:\/\/yoast.com\/product\/yoast-seo-wordpress\/ -->\n<title>Navegar en las m\u00faltiples facetas de la escritura -<\/title>\n<meta name=\"robots\" content=\"index, follow, max-snippet:-1, max-image-preview:large, max-video-preview:-1\" \/>\n<link rel=\"canonical\" href=\"https:\/\/quehacerpolitico.mx\/?p=13294\" \/>\n<meta property=\"og:locale\" content=\"es_MX\" \/>\n<meta property=\"og:type\" content=\"article\" \/>\n<meta property=\"og:title\" content=\"Navegar en las m\u00faltiples facetas de la escritura -\" \/>\n<meta property=\"og:description\" content=\"Navegar en las m\u00faltiples facetas de la escritura Por Redacci\u00f3n QP\" \/>\n<meta property=\"og:url\" content=\"https:\/\/quehacerpolitico.mx\/?p=13294\" \/>\n<meta property=\"article:published_time\" content=\"2019-01-03T18:22:08+00:00\" \/>\n<meta name=\"author\" content=\"Redacci\u00f3n QP\" \/>\n<meta name=\"twitter:card\" content=\"summary_large_image\" \/>\n<meta name=\"twitter:label1\" content=\"Escrito por\" \/>\n\t<meta name=\"twitter:data1\" content=\"Redacci\u00f3n QP\" \/>\n\t<meta name=\"twitter:label2\" content=\"Tiempo de lectura\" \/>\n\t<meta name=\"twitter:data2\" content=\"5 minutos\" \/>\n<script type=\"application\/ld+json\" class=\"yoast-schema-graph\">{\"@context\":\"https:\\\/\\\/schema.org\",\"@graph\":[{\"@type\":\"Article\",\"@id\":\"https:\\\/\\\/quehacerpolitico.mx\\\/?p=13294#article\",\"isPartOf\":{\"@id\":\"https:\\\/\\\/quehacerpolitico.mx\\\/?p=13294\"},\"author\":{\"name\":\"Redacci\u00f3n QP\",\"@id\":\"https:\\\/\\\/quehacerpolitico.mx\\\/#\\\/schema\\\/person\\\/496d8ad2d1d3f8036101dca7ee39e585\"},\"headline\":\"Navegar en las m\u00faltiples facetas de la escritura\",\"datePublished\":\"2019-01-03T18:22:08+00:00\",\"mainEntityOfPage\":{\"@id\":\"https:\\\/\\\/quehacerpolitico.mx\\\/?p=13294\"},\"wordCount\":1006,\"commentCount\":0,\"image\":{\"@id\":\"https:\\\/\\\/quehacerpolitico.mx\\\/?p=13294#primaryimage\"},\"thumbnailUrl\":\"\",\"articleSection\":[\"Cultura y Entretenimiento\"],\"inLanguage\":\"es\",\"potentialAction\":[{\"@type\":\"CommentAction\",\"name\":\"Comment\",\"target\":[\"https:\\\/\\\/quehacerpolitico.mx\\\/?p=13294#respond\"]}]},{\"@type\":\"WebPage\",\"@id\":\"https:\\\/\\\/quehacerpolitico.mx\\\/?p=13294\",\"url\":\"https:\\\/\\\/quehacerpolitico.mx\\\/?p=13294\",\"name\":\"Navegar en las m\u00faltiples facetas de la escritura -\",\"isPartOf\":{\"@id\":\"https:\\\/\\\/quehacerpolitico.mx\\\/#website\"},\"primaryImageOfPage\":{\"@id\":\"https:\\\/\\\/quehacerpolitico.mx\\\/?p=13294#primaryimage\"},\"image\":{\"@id\":\"https:\\\/\\\/quehacerpolitico.mx\\\/?p=13294#primaryimage\"},\"thumbnailUrl\":\"\",\"datePublished\":\"2019-01-03T18:22:08+00:00\",\"author\":{\"@id\":\"https:\\\/\\\/quehacerpolitico.mx\\\/#\\\/schema\\\/person\\\/496d8ad2d1d3f8036101dca7ee39e585\"},\"breadcrumb\":{\"@id\":\"https:\\\/\\\/quehacerpolitico.mx\\\/?p=13294#breadcrumb\"},\"inLanguage\":\"es\",\"potentialAction\":[{\"@type\":\"ReadAction\",\"target\":[\"https:\\\/\\\/quehacerpolitico.mx\\\/?p=13294\"]}]},{\"@type\":\"ImageObject\",\"inLanguage\":\"es\",\"@id\":\"https:\\\/\\\/quehacerpolitico.mx\\\/?p=13294#primaryimage\",\"url\":\"\",\"contentUrl\":\"\"},{\"@type\":\"BreadcrumbList\",\"@id\":\"https:\\\/\\\/quehacerpolitico.mx\\\/?p=13294#breadcrumb\",\"itemListElement\":[{\"@type\":\"ListItem\",\"position\":1,\"name\":\"Inicio\",\"item\":\"https:\\\/\\\/quehacerpolitico.mx\\\/\"},{\"@type\":\"ListItem\",\"position\":2,\"name\":\"Navegar en las m\u00faltiples facetas de la escritura\"}]},{\"@type\":\"WebSite\",\"@id\":\"https:\\\/\\\/quehacerpolitico.mx\\\/#website\",\"url\":\"https:\\\/\\\/quehacerpolitico.mx\\\/\",\"name\":\"\",\"description\":\"\",\"potentialAction\":[{\"@type\":\"SearchAction\",\"target\":{\"@type\":\"EntryPoint\",\"urlTemplate\":\"https:\\\/\\\/quehacerpolitico.mx\\\/?s={search_term_string}\"},\"query-input\":{\"@type\":\"PropertyValueSpecification\",\"valueRequired\":true,\"valueName\":\"search_term_string\"}}],\"inLanguage\":\"es\"},{\"@type\":\"Person\",\"@id\":\"https:\\\/\\\/quehacerpolitico.mx\\\/#\\\/schema\\\/person\\\/496d8ad2d1d3f8036101dca7ee39e585\",\"name\":\"Redacci\u00f3n QP\",\"image\":{\"@type\":\"ImageObject\",\"inLanguage\":\"es\",\"@id\":\"https:\\\/\\\/secure.gravatar.com\\\/avatar\\\/c7164ed6fdec453195284ad24a5ae5b6e1eed2b848477fa2a4787ba9adf39a41?s=96&d=mm&r=g\",\"url\":\"https:\\\/\\\/secure.gravatar.com\\\/avatar\\\/c7164ed6fdec453195284ad24a5ae5b6e1eed2b848477fa2a4787ba9adf39a41?s=96&d=mm&r=g\",\"contentUrl\":\"https:\\\/\\\/secure.gravatar.com\\\/avatar\\\/c7164ed6fdec453195284ad24a5ae5b6e1eed2b848477fa2a4787ba9adf39a41?s=96&d=mm&r=g\",\"caption\":\"Redacci\u00f3n QP\"},\"url\":\"https:\\\/\\\/quehacerpolitico.mx\\\/?author=2\"}]}<\/script>\n<!-- \/ Yoast SEO plugin. -->","yoast_head_json":{"title":"Navegar en las m\u00faltiples facetas de la escritura -","robots":{"index":"index","follow":"follow","max-snippet":"max-snippet:-1","max-image-preview":"max-image-preview:large","max-video-preview":"max-video-preview:-1"},"canonical":"https:\/\/quehacerpolitico.mx\/?p=13294","og_locale":"es_MX","og_type":"article","og_title":"Navegar en las m\u00faltiples facetas de la escritura -","og_description":"Navegar en las m\u00faltiples facetas de la escritura Por Redacci\u00f3n QP","og_url":"https:\/\/quehacerpolitico.mx\/?p=13294","article_published_time":"2019-01-03T18:22:08+00:00","author":"Redacci\u00f3n QP","twitter_card":"summary_large_image","twitter_misc":{"Escrito por":"Redacci\u00f3n QP","Tiempo de lectura":"5 minutos"},"schema":{"@context":"https:\/\/schema.org","@graph":[{"@type":"Article","@id":"https:\/\/quehacerpolitico.mx\/?p=13294#article","isPartOf":{"@id":"https:\/\/quehacerpolitico.mx\/?p=13294"},"author":{"name":"Redacci\u00f3n QP","@id":"https:\/\/quehacerpolitico.mx\/#\/schema\/person\/496d8ad2d1d3f8036101dca7ee39e585"},"headline":"Navegar en las m\u00faltiples facetas de la escritura","datePublished":"2019-01-03T18:22:08+00:00","mainEntityOfPage":{"@id":"https:\/\/quehacerpolitico.mx\/?p=13294"},"wordCount":1006,"commentCount":0,"image":{"@id":"https:\/\/quehacerpolitico.mx\/?p=13294#primaryimage"},"thumbnailUrl":"","articleSection":["Cultura y Entretenimiento"],"inLanguage":"es","potentialAction":[{"@type":"CommentAction","name":"Comment","target":["https:\/\/quehacerpolitico.mx\/?p=13294#respond"]}]},{"@type":"WebPage","@id":"https:\/\/quehacerpolitico.mx\/?p=13294","url":"https:\/\/quehacerpolitico.mx\/?p=13294","name":"Navegar en las m\u00faltiples facetas de la escritura -","isPartOf":{"@id":"https:\/\/quehacerpolitico.mx\/#website"},"primaryImageOfPage":{"@id":"https:\/\/quehacerpolitico.mx\/?p=13294#primaryimage"},"image":{"@id":"https:\/\/quehacerpolitico.mx\/?p=13294#primaryimage"},"thumbnailUrl":"","datePublished":"2019-01-03T18:22:08+00:00","author":{"@id":"https:\/\/quehacerpolitico.mx\/#\/schema\/person\/496d8ad2d1d3f8036101dca7ee39e585"},"breadcrumb":{"@id":"https:\/\/quehacerpolitico.mx\/?p=13294#breadcrumb"},"inLanguage":"es","potentialAction":[{"@type":"ReadAction","target":["https:\/\/quehacerpolitico.mx\/?p=13294"]}]},{"@type":"ImageObject","inLanguage":"es","@id":"https:\/\/quehacerpolitico.mx\/?p=13294#primaryimage","url":"","contentUrl":""},{"@type":"BreadcrumbList","@id":"https:\/\/quehacerpolitico.mx\/?p=13294#breadcrumb","itemListElement":[{"@type":"ListItem","position":1,"name":"Inicio","item":"https:\/\/quehacerpolitico.mx\/"},{"@type":"ListItem","position":2,"name":"Navegar en las m\u00faltiples facetas de la escritura"}]},{"@type":"WebSite","@id":"https:\/\/quehacerpolitico.mx\/#website","url":"https:\/\/quehacerpolitico.mx\/","name":"","description":"","potentialAction":[{"@type":"SearchAction","target":{"@type":"EntryPoint","urlTemplate":"https:\/\/quehacerpolitico.mx\/?s={search_term_string}"},"query-input":{"@type":"PropertyValueSpecification","valueRequired":true,"valueName":"search_term_string"}}],"inLanguage":"es"},{"@type":"Person","@id":"https:\/\/quehacerpolitico.mx\/#\/schema\/person\/496d8ad2d1d3f8036101dca7ee39e585","name":"Redacci\u00f3n QP","image":{"@type":"ImageObject","inLanguage":"es","@id":"https:\/\/secure.gravatar.com\/avatar\/c7164ed6fdec453195284ad24a5ae5b6e1eed2b848477fa2a4787ba9adf39a41?s=96&d=mm&r=g","url":"https:\/\/secure.gravatar.com\/avatar\/c7164ed6fdec453195284ad24a5ae5b6e1eed2b848477fa2a4787ba9adf39a41?s=96&d=mm&r=g","contentUrl":"https:\/\/secure.gravatar.com\/avatar\/c7164ed6fdec453195284ad24a5ae5b6e1eed2b848477fa2a4787ba9adf39a41?s=96&d=mm&r=g","caption":"Redacci\u00f3n QP"},"url":"https:\/\/quehacerpolitico.mx\/?author=2"}]}},"featured_image_urls":{"full":"","thumbnail":"","medium":"","medium_large":"","large":"","1536x1536":"","2048x2048":"","covernews-featured":"","covernews-medium":""},"author_info":{"display_name":"Redacci\u00f3n QP","author_link":"https:\/\/quehacerpolitico.mx\/?author=2"},"category_info":"<a href=\"https:\/\/quehacerpolitico.mx\/?cat=58\" rel=\"category\">Cultura y Entretenimiento<\/a>","tag_info":"Cultura y Entretenimiento","comment_count":"0","_links":{"self":[{"href":"https:\/\/quehacerpolitico.mx\/index.php?rest_route=\/wp\/v2\/posts\/13294","targetHints":{"allow":["GET"]}}],"collection":[{"href":"https:\/\/quehacerpolitico.mx\/index.php?rest_route=\/wp\/v2\/posts"}],"about":[{"href":"https:\/\/quehacerpolitico.mx\/index.php?rest_route=\/wp\/v2\/types\/post"}],"author":[{"embeddable":true,"href":"https:\/\/quehacerpolitico.mx\/index.php?rest_route=\/wp\/v2\/users\/2"}],"replies":[{"embeddable":true,"href":"https:\/\/quehacerpolitico.mx\/index.php?rest_route=%2Fwp%2Fv2%2Fcomments&post=13294"}],"version-history":[{"count":0,"href":"https:\/\/quehacerpolitico.mx\/index.php?rest_route=\/wp\/v2\/posts\/13294\/revisions"}],"wp:featuredmedia":[{"embeddable":true,"href":"https:\/\/quehacerpolitico.mx\/index.php?rest_route=\/"}],"wp:attachment":[{"href":"https:\/\/quehacerpolitico.mx\/index.php?rest_route=%2Fwp%2Fv2%2Fmedia&parent=13294"}],"wp:term":[{"taxonomy":"category","embeddable":true,"href":"https:\/\/quehacerpolitico.mx\/index.php?rest_route=%2Fwp%2Fv2%2Fcategories&post=13294"},{"taxonomy":"post_tag","embeddable":true,"href":"https:\/\/quehacerpolitico.mx\/index.php?rest_route=%2Fwp%2Fv2%2Ftags&post=13294"}],"curies":[{"name":"wp","href":"https:\/\/api.w.org\/{rel}","templated":true}]}}