{"id":13285,"date":"2019-01-03T17:45:19","date_gmt":"2019-01-03T17:45:19","guid":{"rendered":"http:\/\/quehacerpolitico.mx\/cien-choferes-de-taxis-urbanos-colectivos-rutas-y-urvan-fueron-asesinados-en-2018-en-acapulco\/"},"modified":"2019-01-03T17:45:19","modified_gmt":"2019-01-03T17:45:19","slug":"cien-choferes-de-taxis-urbanos-colectivos-rutas-y-urvan-fueron-asesinados-en-2018-en-acapulco","status":"publish","type":"post","link":"https:\/\/quehacerpolitico.mx\/?p=13285","title":{"rendered":"Cien choferes de taxis, urbanos, colectivos, rutas y Urvan fueron asesinados en 2018 en Acapulco"},"content":{"rendered":"<h1>Cien choferes de taxis, urbanos, colectivos, rutas y Urvan fueron asesinados en 2018 en Acapulco<\/h1>\n<p>Por Redacci\u00f3n QP<\/p>\n<p>En 2018, en <strong>Acapulco<\/strong><strong>14 sitios del transporte p\u00fablico<\/strong> fueron <strong>atacados a balazos<\/strong>, lo que dej\u00f3 como saldo <strong>100 choferes asesinados<\/strong>, mientras que en 2017 hubo 47 homicidios de trabajadores del volante.<\/p>\n<p>Las v\u00edctimas de 2018 fueron entre choferes de taxis azul con blanco, de colectivos, de ruta alimentadora, de Urvan y de camiones urbanos.<\/p>\n<blockquote>\n<p>En el 2017 hubo 47 choferes asesinados, y de ellos el 80 por ciento fueron taxistas acribillados a balazos, con torniquete, desmembrados, e incluso quemados adentro de sus autom\u00f3viles.<\/p>\n<p>De acuerdo con un recuento de este medio, en los tres primeros meses de 2018 ya iban 27 choferes asesinados, y despu\u00e9s de seis meses la cifra aument\u00f3 a 60 homicidios y hasta terminar el a\u00f1o cerr\u00f3 en 100 muertes.<\/p>\n<p>De los 14 ataques a sitios del transporte p\u00fablico, en su mayor\u00eda fueron las que van a las regiones de la Costa Grande y Costa Chica.<\/p>\n<p>El sitio de las Urvan que van de Acapulco a Coyuca de Ben\u00edtez, ubicado frente al pante\u00f3n San Francisco, fue atacado en tres ocasiones y cuatro personas fallecieron.<\/p>\n<p>Mientras que en el fraccionamiento Las Playas, en el barrio de La Bodega y esquina con la avenida Costera, un hombre y una estudiante de Enfermer\u00eda de la escuela Indaseg fueron asesinados; dos d\u00edas antes un taxi de la alimentadora hab\u00eda sido incendiado.<\/p>\n<blockquote>\n<p>En la avenida Costera, uno de los ataques fue el 4 de junio en el sitio de la tienda Aurrer\u00e1, en el fraccionamiento Hornos; tambi\u00e9n dos choferes fueron ejecutados, uno de ellos un taxista en la colonia Carabal\u00ed y un chofer de Urvan en la Calle 10 de la colonia Cuauht\u00e9moc. Ese d\u00eda fueron ataques casi simult\u00e1neos contra el transporte p\u00fablico.<\/p>\n<p>El 13 de abril, el sitio de las Urvan que circulan por las calles 13, 15 y 16, la avenida Ejido y Granjas, del fraccionamiento Mozimba, dos choferes fueron los atacados, incluso el servicio fue suspendido por tres d\u00edas por la inseguridad.<\/p>\n<div id=\"attachment_3517997\" class=\"wp-caption alignnone\"><img loading=\"lazy\" decoding=\"async\" class=\"wp-image-3517997 size-full\" src=\"https:\/\/www.sinembargo.mx\/wp-content\/uploads\/2019\/01\/el-sur-urvan-cuauhtemoc.jpeg\" sizes=\"auto, (max-width: 700px) 100vw, 700px\" srcset=\"https:\/\/www.sinembargo.mx\/wp-content\/uploads\/2019\/01\/el-sur-urvan-cuauhtemoc.jpeg 700w, https:\/\/www.sinembargo.mx\/wp-content\/uploads\/2019\/01\/el-sur-urvan-cuauhtemoc-300x150.jpeg 300w\" alt=\"\" width=\"700\" height=\"350\" \/><\/p>\n<p class=\"wp-caption-text\">Foto: El Sur<\/p>\n<p>Del mismo modo, el asesinato del l\u00edder del sitio n\u00famero 1 de la ruta San Isidro-Pedregoso, Nabor de la Paz, ocasion\u00f3 la suspensi\u00f3n del servicio en taxis colectivos que van a la colonia Jard\u00edn.<\/p>\n<blockquote>\n<p>Adem\u00e1s fueron atacados los sitios que se ubican en la calle Michoac\u00e1n, en la colonia Progreso; y en la avenida Ni\u00f1os H\u00e9roes; en el Centro, frente a la tienda Woolworth, y en el punto conocido como El Vaquero, en la avenida Cuauht\u00e9moc, y a la altura de Magallanes, en Universidad.<\/p>\n<\/blockquote>\n<p>El pasado 1 de marzo, tres sitios fueron atacados en el Centro y en la zona suburbana, que dejaron cinco hombres muertos, de los cuales cuatro eran choferes.<\/p>\n<p>Con Informaci\u00f3n de El Sur<\/p>\n<\/div>\n<\/blockquote>\n<\/blockquote>\n","protected":false},"excerpt":{"rendered":"<p>Cien choferes de taxis, urbanos, colectivos, rutas y Urvan fueron asesinados en 2018 en Acapulco<br \/>\nPor Redacci\u00f3n QP<\/p>\n","protected":false},"author":2,"featured_media":13284,"comment_status":"open","ping_status":"open","sticky":false,"template":"","format":"standard","meta":{"_monsterinsights_skip_tracking":false,"_monsterinsights_sitenote_active":false,"_monsterinsights_sitenote_note":"","_monsterinsights_sitenote_category":0,"footnotes":""},"categories":[2],"tags":[],"class_list":["post-13285","post","type-post","status-publish","format-standard","has-post-thumbnail","hentry","category-noticias"],"yoast_head":"<!-- This site is optimized with the Yoast SEO plugin v27.3 - https:\/\/yoast.com\/product\/yoast-seo-wordpress\/ -->\n<title>Cien choferes de taxis, urbanos, colectivos, rutas y Urvan fueron asesinados en 2018 en Acapulco -<\/title>\n<meta name=\"robots\" content=\"index, follow, max-snippet:-1, max-image-preview:large, max-video-preview:-1\" \/>\n<link rel=\"canonical\" href=\"https:\/\/quehacerpolitico.mx\/?p=13285\" \/>\n<meta property=\"og:locale\" content=\"es_MX\" \/>\n<meta property=\"og:type\" content=\"article\" \/>\n<meta property=\"og:title\" content=\"Cien choferes de taxis, urbanos, colectivos, rutas y Urvan fueron asesinados en 2018 en Acapulco -\" \/>\n<meta property=\"og:description\" content=\"Cien choferes de taxis, urbanos, colectivos, rutas y Urvan fueron asesinados en 2018 en Acapulco Por Redacci\u00f3n QP\" \/>\n<meta property=\"og:url\" content=\"https:\/\/quehacerpolitico.mx\/?p=13285\" \/>\n<meta property=\"article:published_time\" content=\"2019-01-03T17:45:19+00:00\" \/>\n<meta name=\"author\" content=\"Redacci\u00f3n QP\" \/>\n<meta name=\"twitter:card\" content=\"summary_large_image\" \/>\n<meta name=\"twitter:label1\" content=\"Escrito por\" \/>\n\t<meta name=\"twitter:data1\" content=\"Redacci\u00f3n QP\" \/>\n\t<meta name=\"twitter:label2\" content=\"Tiempo de lectura\" \/>\n\t<meta name=\"twitter:data2\" content=\"2 minutos\" \/>\n<script type=\"application\/ld+json\" class=\"yoast-schema-graph\">{\"@context\":\"https:\\\/\\\/schema.org\",\"@graph\":[{\"@type\":\"Article\",\"@id\":\"https:\\\/\\\/quehacerpolitico.mx\\\/?p=13285#article\",\"isPartOf\":{\"@id\":\"https:\\\/\\\/quehacerpolitico.mx\\\/?p=13285\"},\"author\":{\"name\":\"Redacci\u00f3n QP\",\"@id\":\"https:\\\/\\\/quehacerpolitico.mx\\\/#\\\/schema\\\/person\\\/496d8ad2d1d3f8036101dca7ee39e585\"},\"headline\":\"Cien choferes de taxis, urbanos, colectivos, rutas y Urvan fueron asesinados en 2018 en Acapulco\",\"datePublished\":\"2019-01-03T17:45:19+00:00\",\"mainEntityOfPage\":{\"@id\":\"https:\\\/\\\/quehacerpolitico.mx\\\/?p=13285\"},\"wordCount\":482,\"commentCount\":0,\"image\":{\"@id\":\"https:\\\/\\\/quehacerpolitico.mx\\\/?p=13285#primaryimage\"},\"thumbnailUrl\":\"\",\"articleSection\":[\"Noticias\"],\"inLanguage\":\"es\",\"potentialAction\":[{\"@type\":\"CommentAction\",\"name\":\"Comment\",\"target\":[\"https:\\\/\\\/quehacerpolitico.mx\\\/?p=13285#respond\"]}]},{\"@type\":\"WebPage\",\"@id\":\"https:\\\/\\\/quehacerpolitico.mx\\\/?p=13285\",\"url\":\"https:\\\/\\\/quehacerpolitico.mx\\\/?p=13285\",\"name\":\"Cien choferes de taxis, urbanos, colectivos, rutas y Urvan fueron asesinados en 2018 en Acapulco -\",\"isPartOf\":{\"@id\":\"https:\\\/\\\/quehacerpolitico.mx\\\/#website\"},\"primaryImageOfPage\":{\"@id\":\"https:\\\/\\\/quehacerpolitico.mx\\\/?p=13285#primaryimage\"},\"image\":{\"@id\":\"https:\\\/\\\/quehacerpolitico.mx\\\/?p=13285#primaryimage\"},\"thumbnailUrl\":\"\",\"datePublished\":\"2019-01-03T17:45:19+00:00\",\"author\":{\"@id\":\"https:\\\/\\\/quehacerpolitico.mx\\\/#\\\/schema\\\/person\\\/496d8ad2d1d3f8036101dca7ee39e585\"},\"breadcrumb\":{\"@id\":\"https:\\\/\\\/quehacerpolitico.mx\\\/?p=13285#breadcrumb\"},\"inLanguage\":\"es\",\"potentialAction\":[{\"@type\":\"ReadAction\",\"target\":[\"https:\\\/\\\/quehacerpolitico.mx\\\/?p=13285\"]}]},{\"@type\":\"ImageObject\",\"inLanguage\":\"es\",\"@id\":\"https:\\\/\\\/quehacerpolitico.mx\\\/?p=13285#primaryimage\",\"url\":\"\",\"contentUrl\":\"\"},{\"@type\":\"BreadcrumbList\",\"@id\":\"https:\\\/\\\/quehacerpolitico.mx\\\/?p=13285#breadcrumb\",\"itemListElement\":[{\"@type\":\"ListItem\",\"position\":1,\"name\":\"Inicio\",\"item\":\"https:\\\/\\\/quehacerpolitico.mx\\\/\"},{\"@type\":\"ListItem\",\"position\":2,\"name\":\"Cien choferes de taxis, urbanos, colectivos, rutas y Urvan fueron asesinados en 2018 en Acapulco\"}]},{\"@type\":\"WebSite\",\"@id\":\"https:\\\/\\\/quehacerpolitico.mx\\\/#website\",\"url\":\"https:\\\/\\\/quehacerpolitico.mx\\\/\",\"name\":\"\",\"description\":\"\",\"potentialAction\":[{\"@type\":\"SearchAction\",\"target\":{\"@type\":\"EntryPoint\",\"urlTemplate\":\"https:\\\/\\\/quehacerpolitico.mx\\\/?s={search_term_string}\"},\"query-input\":{\"@type\":\"PropertyValueSpecification\",\"valueRequired\":true,\"valueName\":\"search_term_string\"}}],\"inLanguage\":\"es\"},{\"@type\":\"Person\",\"@id\":\"https:\\\/\\\/quehacerpolitico.mx\\\/#\\\/schema\\\/person\\\/496d8ad2d1d3f8036101dca7ee39e585\",\"name\":\"Redacci\u00f3n QP\",\"image\":{\"@type\":\"ImageObject\",\"inLanguage\":\"es\",\"@id\":\"https:\\\/\\\/secure.gravatar.com\\\/avatar\\\/c7164ed6fdec453195284ad24a5ae5b6e1eed2b848477fa2a4787ba9adf39a41?s=96&d=mm&r=g\",\"url\":\"https:\\\/\\\/secure.gravatar.com\\\/avatar\\\/c7164ed6fdec453195284ad24a5ae5b6e1eed2b848477fa2a4787ba9adf39a41?s=96&d=mm&r=g\",\"contentUrl\":\"https:\\\/\\\/secure.gravatar.com\\\/avatar\\\/c7164ed6fdec453195284ad24a5ae5b6e1eed2b848477fa2a4787ba9adf39a41?s=96&d=mm&r=g\",\"caption\":\"Redacci\u00f3n QP\"},\"url\":\"https:\\\/\\\/quehacerpolitico.mx\\\/?author=2\"}]}<\/script>\n<!-- \/ Yoast SEO plugin. -->","yoast_head_json":{"title":"Cien choferes de taxis, urbanos, colectivos, rutas y Urvan fueron asesinados en 2018 en Acapulco -","robots":{"index":"index","follow":"follow","max-snippet":"max-snippet:-1","max-image-preview":"max-image-preview:large","max-video-preview":"max-video-preview:-1"},"canonical":"https:\/\/quehacerpolitico.mx\/?p=13285","og_locale":"es_MX","og_type":"article","og_title":"Cien choferes de taxis, urbanos, colectivos, rutas y Urvan fueron asesinados en 2018 en Acapulco -","og_description":"Cien choferes de taxis, urbanos, colectivos, rutas y Urvan fueron asesinados en 2018 en Acapulco Por Redacci\u00f3n QP","og_url":"https:\/\/quehacerpolitico.mx\/?p=13285","article_published_time":"2019-01-03T17:45:19+00:00","author":"Redacci\u00f3n QP","twitter_card":"summary_large_image","twitter_misc":{"Escrito por":"Redacci\u00f3n QP","Tiempo de lectura":"2 minutos"},"schema":{"@context":"https:\/\/schema.org","@graph":[{"@type":"Article","@id":"https:\/\/quehacerpolitico.mx\/?p=13285#article","isPartOf":{"@id":"https:\/\/quehacerpolitico.mx\/?p=13285"},"author":{"name":"Redacci\u00f3n QP","@id":"https:\/\/quehacerpolitico.mx\/#\/schema\/person\/496d8ad2d1d3f8036101dca7ee39e585"},"headline":"Cien choferes de taxis, urbanos, colectivos, rutas y Urvan fueron asesinados en 2018 en Acapulco","datePublished":"2019-01-03T17:45:19+00:00","mainEntityOfPage":{"@id":"https:\/\/quehacerpolitico.mx\/?p=13285"},"wordCount":482,"commentCount":0,"image":{"@id":"https:\/\/quehacerpolitico.mx\/?p=13285#primaryimage"},"thumbnailUrl":"","articleSection":["Noticias"],"inLanguage":"es","potentialAction":[{"@type":"CommentAction","name":"Comment","target":["https:\/\/quehacerpolitico.mx\/?p=13285#respond"]}]},{"@type":"WebPage","@id":"https:\/\/quehacerpolitico.mx\/?p=13285","url":"https:\/\/quehacerpolitico.mx\/?p=13285","name":"Cien choferes de taxis, urbanos, colectivos, rutas y Urvan fueron asesinados en 2018 en Acapulco -","isPartOf":{"@id":"https:\/\/quehacerpolitico.mx\/#website"},"primaryImageOfPage":{"@id":"https:\/\/quehacerpolitico.mx\/?p=13285#primaryimage"},"image":{"@id":"https:\/\/quehacerpolitico.mx\/?p=13285#primaryimage"},"thumbnailUrl":"","datePublished":"2019-01-03T17:45:19+00:00","author":{"@id":"https:\/\/quehacerpolitico.mx\/#\/schema\/person\/496d8ad2d1d3f8036101dca7ee39e585"},"breadcrumb":{"@id":"https:\/\/quehacerpolitico.mx\/?p=13285#breadcrumb"},"inLanguage":"es","potentialAction":[{"@type":"ReadAction","target":["https:\/\/quehacerpolitico.mx\/?p=13285"]}]},{"@type":"ImageObject","inLanguage":"es","@id":"https:\/\/quehacerpolitico.mx\/?p=13285#primaryimage","url":"","contentUrl":""},{"@type":"BreadcrumbList","@id":"https:\/\/quehacerpolitico.mx\/?p=13285#breadcrumb","itemListElement":[{"@type":"ListItem","position":1,"name":"Inicio","item":"https:\/\/quehacerpolitico.mx\/"},{"@type":"ListItem","position":2,"name":"Cien choferes de taxis, urbanos, colectivos, rutas y Urvan fueron asesinados en 2018 en Acapulco"}]},{"@type":"WebSite","@id":"https:\/\/quehacerpolitico.mx\/#website","url":"https:\/\/quehacerpolitico.mx\/","name":"","description":"","potentialAction":[{"@type":"SearchAction","target":{"@type":"EntryPoint","urlTemplate":"https:\/\/quehacerpolitico.mx\/?s={search_term_string}"},"query-input":{"@type":"PropertyValueSpecification","valueRequired":true,"valueName":"search_term_string"}}],"inLanguage":"es"},{"@type":"Person","@id":"https:\/\/quehacerpolitico.mx\/#\/schema\/person\/496d8ad2d1d3f8036101dca7ee39e585","name":"Redacci\u00f3n QP","image":{"@type":"ImageObject","inLanguage":"es","@id":"https:\/\/secure.gravatar.com\/avatar\/c7164ed6fdec453195284ad24a5ae5b6e1eed2b848477fa2a4787ba9adf39a41?s=96&d=mm&r=g","url":"https:\/\/secure.gravatar.com\/avatar\/c7164ed6fdec453195284ad24a5ae5b6e1eed2b848477fa2a4787ba9adf39a41?s=96&d=mm&r=g","contentUrl":"https:\/\/secure.gravatar.com\/avatar\/c7164ed6fdec453195284ad24a5ae5b6e1eed2b848477fa2a4787ba9adf39a41?s=96&d=mm&r=g","caption":"Redacci\u00f3n QP"},"url":"https:\/\/quehacerpolitico.mx\/?author=2"}]}},"featured_image_urls":{"full":"","thumbnail":"","medium":"","medium_large":"","large":"","1536x1536":"","2048x2048":"","covernews-featured":"","covernews-medium":""},"author_info":{"display_name":"Redacci\u00f3n QP","author_link":"https:\/\/quehacerpolitico.mx\/?author=2"},"category_info":"<a href=\"https:\/\/quehacerpolitico.mx\/?cat=2\" rel=\"category\">Noticias<\/a>","tag_info":"Noticias","comment_count":"0","_links":{"self":[{"href":"https:\/\/quehacerpolitico.mx\/index.php?rest_route=\/wp\/v2\/posts\/13285","targetHints":{"allow":["GET"]}}],"collection":[{"href":"https:\/\/quehacerpolitico.mx\/index.php?rest_route=\/wp\/v2\/posts"}],"about":[{"href":"https:\/\/quehacerpolitico.mx\/index.php?rest_route=\/wp\/v2\/types\/post"}],"author":[{"embeddable":true,"href":"https:\/\/quehacerpolitico.mx\/index.php?rest_route=\/wp\/v2\/users\/2"}],"replies":[{"embeddable":true,"href":"https:\/\/quehacerpolitico.mx\/index.php?rest_route=%2Fwp%2Fv2%2Fcomments&post=13285"}],"version-history":[{"count":0,"href":"https:\/\/quehacerpolitico.mx\/index.php?rest_route=\/wp\/v2\/posts\/13285\/revisions"}],"wp:featuredmedia":[{"embeddable":true,"href":"https:\/\/quehacerpolitico.mx\/index.php?rest_route=\/"}],"wp:attachment":[{"href":"https:\/\/quehacerpolitico.mx\/index.php?rest_route=%2Fwp%2Fv2%2Fmedia&parent=13285"}],"wp:term":[{"taxonomy":"category","embeddable":true,"href":"https:\/\/quehacerpolitico.mx\/index.php?rest_route=%2Fwp%2Fv2%2Fcategories&post=13285"},{"taxonomy":"post_tag","embeddable":true,"href":"https:\/\/quehacerpolitico.mx\/index.php?rest_route=%2Fwp%2Fv2%2Ftags&post=13285"}],"curies":[{"name":"wp","href":"https:\/\/api.w.org\/{rel}","templated":true}]}}