{"id":13281,"date":"2019-01-03T17:28:18","date_gmt":"2019-01-03T17:28:18","guid":{"rendered":"http:\/\/quehacerpolitico.mx\/la-sonda-china-change-4-envia-las-primeras-fotos-desde-la-cara-oculta-de-la-luna\/"},"modified":"2019-01-03T17:28:18","modified_gmt":"2019-01-03T17:28:18","slug":"la-sonda-china-change-4-envia-las-primeras-fotos-desde-la-cara-oculta-de-la-luna","status":"publish","type":"post","link":"https:\/\/quehacerpolitico.mx\/?p=13281","title":{"rendered":"La sonda china Chang\u2019e-4 env\u00eda las primeras FOTOS desde la cara oculta de la Luna"},"content":{"rendered":"<h1>La sonda china Chang\u2019e-4 env\u00eda las primeras FOTOS desde la cara oculta de la Luna<\/h1>\n<p>Por Redacci\u00f3n QP<\/p>\n<p>La sonda <strong>Chang\u2019e-4 de China<\/strong> aterriz\u00f3 este 3 de enero en la cara oculta de la Luna, convirti\u00e9ndose en la <strong>primera nave en conseguir posarse en un terreno inexplorado<\/strong>, nunca visible desde la <strong>Tierra<\/strong>.<\/p>\n<p>La sonda, compuesta por un m\u00f3dulo de aterrizaje y un veh\u00edculo de exploraci\u00f3n, toco la superficie lunar en el \u00e1rea de aterrizaje preseleccionada a 177.6 grados de longitud este y 45.5 grados de latitud sur en el lado opuesto de la luna a las 02.26 GMT, anunci\u00f3 la <strong>Administraci\u00f3n Nacional del Espacio de China<\/strong> (CNSA), citada por Xinhua.<\/p>\n<p>https:\/\/youtu.be\/Olhi91lRK90<\/p>\n<p>Con la asistencia de comunicaci\u00f3n del sat\u00e9lite de reenv\u00edo Queqiao, que significa \u201cpuente de la urraca\u201d, la sonda envi\u00f3 la primera fotograf\u00eda de primer plano del otro lado de la Luna, abriendo un nuevo cap\u00edtulo en la exploraci\u00f3n lunar.<\/p>\n<p>Despu\u00e9s de que el<strong> Centro de Control Aeroespacial de Pek\u00edn<\/strong> envi\u00f3 una orden a las 02.15 GMT, la sonda Chang\u2019e-4, lanzada el 8 de diciembre de 2018, comenz\u00f3 a descender desde 15 kil\u00f3metros por encima de la luna con un motor de empuje variable encendido, dijo la CNSA.<\/p>\n<div id=\"attachment_3518044\" class=\"wp-caption alignnone\"><img loading=\"lazy\" decoding=\"async\" class=\"size-full wp-image-3518044\" src=\"https:\/\/www.sinembargo.mx\/wp-content\/uploads\/2019\/01\/sonda-cara-luna.png\" sizes=\"auto, (max-width: 700px) 100vw, 700px\" srcset=\"https:\/\/www.sinembargo.mx\/wp-content\/uploads\/2019\/01\/sonda-cara-luna.png 700w, https:\/\/www.sinembargo.mx\/wp-content\/uploads\/2019\/01\/sonda-cara-luna-300x300.png 300w\" alt=\"\" width=\"700\" height=\"699\" \/><\/p>\n<p class=\"wp-caption-text\">La velocidad relativa de Chang\u2019e-4 a la luna se redujo de 1.7 kil\u00f3metros por segundo. Foto: EuropaPress<\/p>\n<\/div>\n<div id=\"attachment_3518054\" class=\"wp-caption alignnone\"><img loading=\"lazy\" decoding=\"async\" class=\"size-full wp-image-3518054\" src=\"https:\/\/www.sinembargo.mx\/wp-content\/uploads\/2019\/01\/foto-cara-oculta-luna.jpg\" sizes=\"auto, (max-width: 700px) 100vw, 700px\" srcset=\"https:\/\/www.sinembargo.mx\/wp-content\/uploads\/2019\/01\/foto-cara-oculta-luna.jpg 700w, https:\/\/www.sinembargo.mx\/wp-content\/uploads\/2019\/01\/foto-cara-oculta-luna-300x300.jpg 300w\" alt=\"\" width=\"700\" height=\"700\" \/><\/p>\n<p class=\"wp-caption-text\">El pa\u00eds asi\u00e1tico se ha convertido en la primera naci\u00f3n que logra hacer aterrizar con \u00e9xito una sonda en esta zona lunar. Foto: Chinese Academy of Sciences<\/p>\n<\/div>\n<p>La velocidad relativa de Chang\u2019e-4 a la luna se redujo de 1.7 kil\u00f3metros por segundo a cerca de cero, y la actitud de la sonda se ajust\u00f3 a unos 6 a 8 kil\u00f3metros por encima de la superficie lunar.<\/p>\n<p>A 100 metros de altura, la sonda flotaba para identificar obst\u00e1culos y med\u00eda las pendientes en la superficie. Despu\u00e9s de evitar los obst\u00e1culos, seleccion\u00f3 un \u00e1rea relativamente plana y descendi\u00f3 vertical y lentamente.<\/p>\n<div id=\"attachment_3518046\" class=\"wp-caption alignnone\"><img loading=\"lazy\" decoding=\"async\" class=\"size-full wp-image-3518046\" src=\"https:\/\/www.sinembargo.mx\/wp-content\/uploads\/2019\/01\/aterrizaje-sonda-china-1.jpg\" sizes=\"auto, (max-width: 700px) 100vw, 700px\" srcset=\"https:\/\/www.sinembargo.mx\/wp-content\/uploads\/2019\/01\/aterrizaje-sonda-china-1.jpg 700w, https:\/\/www.sinembargo.mx\/wp-content\/uploads\/2019\/01\/aterrizaje-sonda-china-1-300x300.jpg 300w\" alt=\"\" width=\"700\" height=\"700\" \/><\/p>\n<p class=\"wp-caption-text\">El explorador lunar chino aterriz\u00f3 con \u00e9xito en el sector oculto de la Luna. Foto: RT<\/p>\n<\/div>\n<p>Finalmente, la sonda aterriz\u00f3 en el Cr\u00e1ter Von Karman en la Cuenca del Polo Sur-Aitken, uno de los mayores cr\u00e1teres de impacto conocido en el Sistema Solar, que mide 2 mil 600 kil\u00f3metros de di\u00e1metro. Durante el proceso descendente, una c\u00e1mara en la sonda tom\u00f3 fotos del \u00e1rea de aterrizaje.<\/p>\n<p>Chang\u2019e 4 va equipado con ocho instrumentos, incluida c\u00e1mara y espectr\u00f3metro. Se pretende que obtenga detalles sobre la composici\u00f3n de la superficie y tambi\u00e9n de capas en el subsuelo, con el objetivo de explicar la diferente apariencia de la cara oculta de la Luna frente al lado que vemos desde la Tierra, mucho menos accidentado. Tambi\u00e9n se realizar\u00e1n observaciones radioastron\u00f3micas.<\/p>\n<p>Con Informaci\u00f3n de\u00a0Europa Press<\/p>\n","protected":false},"excerpt":{"rendered":"<p>La sonda china Chang\u2019e-4 env\u00eda las primeras FOTOS desde la cara oculta de la Luna<br \/>\nPor Redacci\u00f3n QP<\/p>\n","protected":false},"author":2,"featured_media":13280,"comment_status":"open","ping_status":"open","sticky":false,"template":"","format":"standard","meta":{"_monsterinsights_skip_tracking":false,"_monsterinsights_sitenote_active":false,"_monsterinsights_sitenote_note":"","_monsterinsights_sitenote_category":0,"footnotes":""},"categories":[2],"tags":[],"class_list":["post-13281","post","type-post","status-publish","format-standard","has-post-thumbnail","hentry","category-noticias"],"yoast_head":"<!-- This site is optimized with the Yoast SEO plugin v27.3 - https:\/\/yoast.com\/product\/yoast-seo-wordpress\/ -->\n<title>La sonda china Chang\u2019e-4 env\u00eda las primeras FOTOS desde la cara oculta de la Luna -<\/title>\n<meta name=\"robots\" content=\"index, follow, max-snippet:-1, max-image-preview:large, max-video-preview:-1\" \/>\n<link rel=\"canonical\" href=\"https:\/\/quehacerpolitico.mx\/?p=13281\" \/>\n<meta property=\"og:locale\" content=\"es_MX\" \/>\n<meta property=\"og:type\" content=\"article\" \/>\n<meta property=\"og:title\" content=\"La sonda china Chang\u2019e-4 env\u00eda las primeras FOTOS desde la cara oculta de la Luna -\" \/>\n<meta property=\"og:description\" content=\"La sonda china Chang\u2019e-4 env\u00eda las primeras FOTOS desde la cara oculta de la Luna Por Redacci\u00f3n QP\" \/>\n<meta property=\"og:url\" content=\"https:\/\/quehacerpolitico.mx\/?p=13281\" \/>\n<meta property=\"article:published_time\" content=\"2019-01-03T17:28:18+00:00\" \/>\n<meta name=\"author\" content=\"Redacci\u00f3n QP\" \/>\n<meta name=\"twitter:card\" content=\"summary_large_image\" \/>\n<meta name=\"twitter:label1\" content=\"Escrito por\" \/>\n\t<meta name=\"twitter:data1\" content=\"Redacci\u00f3n QP\" \/>\n\t<meta name=\"twitter:label2\" content=\"Tiempo de lectura\" \/>\n\t<meta name=\"twitter:data2\" content=\"2 minutos\" \/>\n<script type=\"application\/ld+json\" class=\"yoast-schema-graph\">{\"@context\":\"https:\\\/\\\/schema.org\",\"@graph\":[{\"@type\":\"Article\",\"@id\":\"https:\\\/\\\/quehacerpolitico.mx\\\/?p=13281#article\",\"isPartOf\":{\"@id\":\"https:\\\/\\\/quehacerpolitico.mx\\\/?p=13281\"},\"author\":{\"name\":\"Redacci\u00f3n QP\",\"@id\":\"https:\\\/\\\/quehacerpolitico.mx\\\/#\\\/schema\\\/person\\\/496d8ad2d1d3f8036101dca7ee39e585\"},\"headline\":\"La sonda china Chang\u2019e-4 env\u00eda las primeras FOTOS desde la cara oculta de la Luna\",\"datePublished\":\"2019-01-03T17:28:18+00:00\",\"mainEntityOfPage\":{\"@id\":\"https:\\\/\\\/quehacerpolitico.mx\\\/?p=13281\"},\"wordCount\":495,\"commentCount\":0,\"image\":{\"@id\":\"https:\\\/\\\/quehacerpolitico.mx\\\/?p=13281#primaryimage\"},\"thumbnailUrl\":\"\",\"articleSection\":[\"Noticias\"],\"inLanguage\":\"es\",\"potentialAction\":[{\"@type\":\"CommentAction\",\"name\":\"Comment\",\"target\":[\"https:\\\/\\\/quehacerpolitico.mx\\\/?p=13281#respond\"]}]},{\"@type\":\"WebPage\",\"@id\":\"https:\\\/\\\/quehacerpolitico.mx\\\/?p=13281\",\"url\":\"https:\\\/\\\/quehacerpolitico.mx\\\/?p=13281\",\"name\":\"La sonda china Chang\u2019e-4 env\u00eda las primeras FOTOS desde la cara oculta de la Luna -\",\"isPartOf\":{\"@id\":\"https:\\\/\\\/quehacerpolitico.mx\\\/#website\"},\"primaryImageOfPage\":{\"@id\":\"https:\\\/\\\/quehacerpolitico.mx\\\/?p=13281#primaryimage\"},\"image\":{\"@id\":\"https:\\\/\\\/quehacerpolitico.mx\\\/?p=13281#primaryimage\"},\"thumbnailUrl\":\"\",\"datePublished\":\"2019-01-03T17:28:18+00:00\",\"author\":{\"@id\":\"https:\\\/\\\/quehacerpolitico.mx\\\/#\\\/schema\\\/person\\\/496d8ad2d1d3f8036101dca7ee39e585\"},\"breadcrumb\":{\"@id\":\"https:\\\/\\\/quehacerpolitico.mx\\\/?p=13281#breadcrumb\"},\"inLanguage\":\"es\",\"potentialAction\":[{\"@type\":\"ReadAction\",\"target\":[\"https:\\\/\\\/quehacerpolitico.mx\\\/?p=13281\"]}]},{\"@type\":\"ImageObject\",\"inLanguage\":\"es\",\"@id\":\"https:\\\/\\\/quehacerpolitico.mx\\\/?p=13281#primaryimage\",\"url\":\"\",\"contentUrl\":\"\"},{\"@type\":\"BreadcrumbList\",\"@id\":\"https:\\\/\\\/quehacerpolitico.mx\\\/?p=13281#breadcrumb\",\"itemListElement\":[{\"@type\":\"ListItem\",\"position\":1,\"name\":\"Inicio\",\"item\":\"https:\\\/\\\/quehacerpolitico.mx\\\/\"},{\"@type\":\"ListItem\",\"position\":2,\"name\":\"La sonda china Chang\u2019e-4 env\u00eda las primeras FOTOS desde la cara oculta de la Luna\"}]},{\"@type\":\"WebSite\",\"@id\":\"https:\\\/\\\/quehacerpolitico.mx\\\/#website\",\"url\":\"https:\\\/\\\/quehacerpolitico.mx\\\/\",\"name\":\"\",\"description\":\"\",\"potentialAction\":[{\"@type\":\"SearchAction\",\"target\":{\"@type\":\"EntryPoint\",\"urlTemplate\":\"https:\\\/\\\/quehacerpolitico.mx\\\/?s={search_term_string}\"},\"query-input\":{\"@type\":\"PropertyValueSpecification\",\"valueRequired\":true,\"valueName\":\"search_term_string\"}}],\"inLanguage\":\"es\"},{\"@type\":\"Person\",\"@id\":\"https:\\\/\\\/quehacerpolitico.mx\\\/#\\\/schema\\\/person\\\/496d8ad2d1d3f8036101dca7ee39e585\",\"name\":\"Redacci\u00f3n QP\",\"image\":{\"@type\":\"ImageObject\",\"inLanguage\":\"es\",\"@id\":\"https:\\\/\\\/secure.gravatar.com\\\/avatar\\\/c7164ed6fdec453195284ad24a5ae5b6e1eed2b848477fa2a4787ba9adf39a41?s=96&d=mm&r=g\",\"url\":\"https:\\\/\\\/secure.gravatar.com\\\/avatar\\\/c7164ed6fdec453195284ad24a5ae5b6e1eed2b848477fa2a4787ba9adf39a41?s=96&d=mm&r=g\",\"contentUrl\":\"https:\\\/\\\/secure.gravatar.com\\\/avatar\\\/c7164ed6fdec453195284ad24a5ae5b6e1eed2b848477fa2a4787ba9adf39a41?s=96&d=mm&r=g\",\"caption\":\"Redacci\u00f3n QP\"},\"url\":\"https:\\\/\\\/quehacerpolitico.mx\\\/?author=2\"}]}<\/script>\n<!-- \/ Yoast SEO plugin. -->","yoast_head_json":{"title":"La sonda china Chang\u2019e-4 env\u00eda las primeras FOTOS desde la cara oculta de la Luna -","robots":{"index":"index","follow":"follow","max-snippet":"max-snippet:-1","max-image-preview":"max-image-preview:large","max-video-preview":"max-video-preview:-1"},"canonical":"https:\/\/quehacerpolitico.mx\/?p=13281","og_locale":"es_MX","og_type":"article","og_title":"La sonda china Chang\u2019e-4 env\u00eda las primeras FOTOS desde la cara oculta de la Luna -","og_description":"La sonda china Chang\u2019e-4 env\u00eda las primeras FOTOS desde la cara oculta de la Luna Por Redacci\u00f3n QP","og_url":"https:\/\/quehacerpolitico.mx\/?p=13281","article_published_time":"2019-01-03T17:28:18+00:00","author":"Redacci\u00f3n QP","twitter_card":"summary_large_image","twitter_misc":{"Escrito por":"Redacci\u00f3n QP","Tiempo de lectura":"2 minutos"},"schema":{"@context":"https:\/\/schema.org","@graph":[{"@type":"Article","@id":"https:\/\/quehacerpolitico.mx\/?p=13281#article","isPartOf":{"@id":"https:\/\/quehacerpolitico.mx\/?p=13281"},"author":{"name":"Redacci\u00f3n QP","@id":"https:\/\/quehacerpolitico.mx\/#\/schema\/person\/496d8ad2d1d3f8036101dca7ee39e585"},"headline":"La sonda china Chang\u2019e-4 env\u00eda las primeras FOTOS desde la cara oculta de la Luna","datePublished":"2019-01-03T17:28:18+00:00","mainEntityOfPage":{"@id":"https:\/\/quehacerpolitico.mx\/?p=13281"},"wordCount":495,"commentCount":0,"image":{"@id":"https:\/\/quehacerpolitico.mx\/?p=13281#primaryimage"},"thumbnailUrl":"","articleSection":["Noticias"],"inLanguage":"es","potentialAction":[{"@type":"CommentAction","name":"Comment","target":["https:\/\/quehacerpolitico.mx\/?p=13281#respond"]}]},{"@type":"WebPage","@id":"https:\/\/quehacerpolitico.mx\/?p=13281","url":"https:\/\/quehacerpolitico.mx\/?p=13281","name":"La sonda china Chang\u2019e-4 env\u00eda las primeras FOTOS desde la cara oculta de la Luna -","isPartOf":{"@id":"https:\/\/quehacerpolitico.mx\/#website"},"primaryImageOfPage":{"@id":"https:\/\/quehacerpolitico.mx\/?p=13281#primaryimage"},"image":{"@id":"https:\/\/quehacerpolitico.mx\/?p=13281#primaryimage"},"thumbnailUrl":"","datePublished":"2019-01-03T17:28:18+00:00","author":{"@id":"https:\/\/quehacerpolitico.mx\/#\/schema\/person\/496d8ad2d1d3f8036101dca7ee39e585"},"breadcrumb":{"@id":"https:\/\/quehacerpolitico.mx\/?p=13281#breadcrumb"},"inLanguage":"es","potentialAction":[{"@type":"ReadAction","target":["https:\/\/quehacerpolitico.mx\/?p=13281"]}]},{"@type":"ImageObject","inLanguage":"es","@id":"https:\/\/quehacerpolitico.mx\/?p=13281#primaryimage","url":"","contentUrl":""},{"@type":"BreadcrumbList","@id":"https:\/\/quehacerpolitico.mx\/?p=13281#breadcrumb","itemListElement":[{"@type":"ListItem","position":1,"name":"Inicio","item":"https:\/\/quehacerpolitico.mx\/"},{"@type":"ListItem","position":2,"name":"La sonda china Chang\u2019e-4 env\u00eda las primeras FOTOS desde la cara oculta de la Luna"}]},{"@type":"WebSite","@id":"https:\/\/quehacerpolitico.mx\/#website","url":"https:\/\/quehacerpolitico.mx\/","name":"","description":"","potentialAction":[{"@type":"SearchAction","target":{"@type":"EntryPoint","urlTemplate":"https:\/\/quehacerpolitico.mx\/?s={search_term_string}"},"query-input":{"@type":"PropertyValueSpecification","valueRequired":true,"valueName":"search_term_string"}}],"inLanguage":"es"},{"@type":"Person","@id":"https:\/\/quehacerpolitico.mx\/#\/schema\/person\/496d8ad2d1d3f8036101dca7ee39e585","name":"Redacci\u00f3n QP","image":{"@type":"ImageObject","inLanguage":"es","@id":"https:\/\/secure.gravatar.com\/avatar\/c7164ed6fdec453195284ad24a5ae5b6e1eed2b848477fa2a4787ba9adf39a41?s=96&d=mm&r=g","url":"https:\/\/secure.gravatar.com\/avatar\/c7164ed6fdec453195284ad24a5ae5b6e1eed2b848477fa2a4787ba9adf39a41?s=96&d=mm&r=g","contentUrl":"https:\/\/secure.gravatar.com\/avatar\/c7164ed6fdec453195284ad24a5ae5b6e1eed2b848477fa2a4787ba9adf39a41?s=96&d=mm&r=g","caption":"Redacci\u00f3n QP"},"url":"https:\/\/quehacerpolitico.mx\/?author=2"}]}},"featured_image_urls":{"full":"","thumbnail":"","medium":"","medium_large":"","large":"","1536x1536":"","2048x2048":"","covernews-featured":"","covernews-medium":""},"author_info":{"display_name":"Redacci\u00f3n QP","author_link":"https:\/\/quehacerpolitico.mx\/?author=2"},"category_info":"<a href=\"https:\/\/quehacerpolitico.mx\/?cat=2\" rel=\"category\">Noticias<\/a>","tag_info":"Noticias","comment_count":"0","_links":{"self":[{"href":"https:\/\/quehacerpolitico.mx\/index.php?rest_route=\/wp\/v2\/posts\/13281","targetHints":{"allow":["GET"]}}],"collection":[{"href":"https:\/\/quehacerpolitico.mx\/index.php?rest_route=\/wp\/v2\/posts"}],"about":[{"href":"https:\/\/quehacerpolitico.mx\/index.php?rest_route=\/wp\/v2\/types\/post"}],"author":[{"embeddable":true,"href":"https:\/\/quehacerpolitico.mx\/index.php?rest_route=\/wp\/v2\/users\/2"}],"replies":[{"embeddable":true,"href":"https:\/\/quehacerpolitico.mx\/index.php?rest_route=%2Fwp%2Fv2%2Fcomments&post=13281"}],"version-history":[{"count":0,"href":"https:\/\/quehacerpolitico.mx\/index.php?rest_route=\/wp\/v2\/posts\/13281\/revisions"}],"wp:featuredmedia":[{"embeddable":true,"href":"https:\/\/quehacerpolitico.mx\/index.php?rest_route=\/"}],"wp:attachment":[{"href":"https:\/\/quehacerpolitico.mx\/index.php?rest_route=%2Fwp%2Fv2%2Fmedia&parent=13281"}],"wp:term":[{"taxonomy":"category","embeddable":true,"href":"https:\/\/quehacerpolitico.mx\/index.php?rest_route=%2Fwp%2Fv2%2Fcategories&post=13281"},{"taxonomy":"post_tag","embeddable":true,"href":"https:\/\/quehacerpolitico.mx\/index.php?rest_route=%2Fwp%2Fv2%2Ftags&post=13281"}],"curies":[{"name":"wp","href":"https:\/\/api.w.org\/{rel}","templated":true}]}}