{"id":13259,"date":"2019-01-03T14:52:47","date_gmt":"2019-01-03T14:52:47","guid":{"rendered":"http:\/\/quehacerpolitico.mx\/el-analisis-del-accidente-en-el-que-murieron-alonso-y-moreno-valle-continua-sct-presenta-avance\/"},"modified":"2019-01-03T14:52:47","modified_gmt":"2019-01-03T14:52:47","slug":"el-analisis-del-accidente-en-el-que-murieron-alonso-y-moreno-valle-continua-sct-presenta-avance","status":"publish","type":"post","link":"https:\/\/quehacerpolitico.mx\/?p=13259","title":{"rendered":"El an\u00e1lisis del accidente en el que murieron Alonso y Moreno Valle contin\u00faa; SCT presenta \u201cavance\u201d"},"content":{"rendered":"<h1>El an\u00e1lisis del accidente en el que murieron Alonso y Moreno Valle contin\u00faa; SCT presenta \u201cavance\u201d<\/h1>\n<p>Por Redacci\u00f3n QP<\/p>\n<p>Carlos Mor\u00e1n, Subsecretario federal de Transportes de la SCT, dijo esta ma\u00f1ana que algunos de los expertos extranjeros que participan en el an\u00e1lisis del helic\u00f3ptero en el que murieron el pasado 24 de diciembre la Gobernadora de Puebla Marta Erika Alonso, el Senador Rafael Moreno Valle y otras tres personas (dos pilotos y un asistente), regresaron con material de an\u00e1lisis a sus respectivos pa\u00edses. Otros siguen en distintas reuniones.<\/p>\n<p>Mor\u00e1n estuvo en la conferencia matutina del Presidente Andr\u00e9s Manuel L\u00f3pez Obrador, quien hab\u00eda prometido dar adelantos sobre la investigaci\u00f3n. Alonso, de 45 a\u00f1os, hab\u00eda asumido apenas hace diez d\u00edas antes como Gobernadora; su esposo era coordinador de los senadores del Partido Acci\u00f3n Nacional (PAN) en el Senado de la Rep\u00fablica y tambi\u00e9n hab\u00eda sido Gobernador de Puebla.<\/p>\n<p>El Subsecretario precis\u00f3 que los investigadores extranjeros y los nacionales contin\u00faan con diversas reuniones para avanzar en la investigaci\u00f3n. Inform\u00f3 que el grupo de canadienses termin\u00f3 ayer su trabajo en Puebla y regres\u00f3 a su pa\u00eds desde donde continuar\u00e1n sus labores de investigaci\u00f3n, sobre todo el an\u00e1lisis de los motores, los cuales ser\u00e1n enviados a ese pa\u00eds. Dijo que se est\u00e1 conformando una gran base de datos a la cual podr\u00e1n acceder todos los grupos de investigaci\u00f3n participantes.<\/p>\n<p>Precis\u00f3 que muchos de los componentes recuperados no est\u00e1n en su mejor forma pues se da\u00f1aron por el fuego, los cuales ser\u00e1n enviados a laboratorios especializados en Estados Unidos. Tambi\u00e9n se ha recabado la informaci\u00f3n meteorol\u00f3gica del \u00e1rea, la transcripci\u00f3n de la conversaci\u00f3n entre pilotos. \u201cHay una enorme cantidad de fotograf\u00edas que se han tomado, se han integrado esas im\u00e1genes. Esperemos en el transcurso de la semana darles una imagen m\u00e1s clara de esta actividad, que les d\u00e9 certeza, confianza que se est\u00e1 realizando una investigaci\u00f3n para llegar a la verdad\u201d, indic\u00f3.<\/p>\n<p>\u00a0El accidente ocurri\u00f3 a la altura del Cerro del Chacuaco, en territorio perteneciente a Santa Mar\u00eda Coronango en Puebla. Dos ambulancias y un helic\u00f3ptero llegaron al lugar para movilizar a los heridos. Por la tarde se realizaba la remoci\u00f3n de escombros y el levantamiento de los restos de los cuatro pasajeros y dos tripulantes. Las investigaciones sobre los hechos comenzaron inmediatamente. El Gobierno de la Rep\u00fablica inform\u00f3 que ser\u00edan invitados peritos extranjeros para investigar las causas de la ca\u00edda del helic\u00f3ptero.<\/p>\n<p>Mor\u00e1n explic\u00f3 que se contactaron a los fabricantes del helic\u00f3ptero y a la de motores, de quienes, dijo, tuvieron respuesta inmediata. Y tambi\u00e9n se contact\u00f3 con el Gobierno de Estados Unidos para apoyo de investigaci\u00f3n, pero que por el cierre del Gobierno no pudo haber una respuesta inmediata. Sin embargo se pusieron en contacto con otra empresa independiente canadiense quien envi\u00f3 a M\u00e9xico una delegaci\u00f3n que lleg\u00f3 el viernes 28 de diciembre a territorio nacional.<\/p>\n<p>Adem\u00e1s vino un asesor t\u00e9cnico del Ministerio de Transporte de Canad\u00e1. Dijo que tambi\u00e9n arrib\u00f3 un especialista de la Agencia Europea de Aviaci\u00f3n. Detall\u00f3 que la Fiscal\u00eda de Puebla ha seguido el proceso y tiene el resguardo del hangar a donde se llevaron todos los restos recuperados en el sitio para las investigaciones.<\/p>\n","protected":false},"excerpt":{"rendered":"<p>El an\u00e1lisis del accidente en el que murieron Alonso y Moreno Valle contin\u00faa; SCT presenta \u201cavance\u201d<br \/>\nPor Redacci\u00f3n QP<\/p>\n","protected":false},"author":2,"featured_media":13258,"comment_status":"open","ping_status":"open","sticky":false,"template":"","format":"standard","meta":{"_monsterinsights_skip_tracking":false,"_monsterinsights_sitenote_active":false,"_monsterinsights_sitenote_note":"","_monsterinsights_sitenote_category":0,"footnotes":""},"categories":[2],"tags":[],"class_list":["post-13259","post","type-post","status-publish","format-standard","has-post-thumbnail","hentry","category-noticias"],"yoast_head":"<!-- This site is optimized with the Yoast SEO plugin v27.3 - https:\/\/yoast.com\/product\/yoast-seo-wordpress\/ -->\n<title>El an\u00e1lisis del accidente en el que murieron Alonso y Moreno Valle contin\u00faa; SCT presenta \u201cavance\u201d -<\/title>\n<meta name=\"robots\" content=\"index, follow, max-snippet:-1, max-image-preview:large, max-video-preview:-1\" \/>\n<link rel=\"canonical\" href=\"https:\/\/quehacerpolitico.mx\/?p=13259\" \/>\n<meta property=\"og:locale\" content=\"es_MX\" \/>\n<meta property=\"og:type\" content=\"article\" \/>\n<meta property=\"og:title\" content=\"El an\u00e1lisis del accidente en el que murieron Alonso y Moreno Valle contin\u00faa; SCT presenta \u201cavance\u201d -\" \/>\n<meta property=\"og:description\" content=\"El an\u00e1lisis del accidente en el que murieron Alonso y Moreno Valle contin\u00faa; SCT presenta \u201cavance\u201d Por Redacci\u00f3n QP\" \/>\n<meta property=\"og:url\" content=\"https:\/\/quehacerpolitico.mx\/?p=13259\" \/>\n<meta property=\"article:published_time\" content=\"2019-01-03T14:52:47+00:00\" \/>\n<meta name=\"author\" content=\"Redacci\u00f3n QP\" \/>\n<meta name=\"twitter:card\" content=\"summary_large_image\" \/>\n<meta name=\"twitter:label1\" content=\"Escrito por\" \/>\n\t<meta name=\"twitter:data1\" content=\"Redacci\u00f3n QP\" \/>\n\t<meta name=\"twitter:label2\" content=\"Tiempo de lectura\" \/>\n\t<meta name=\"twitter:data2\" content=\"3 minutos\" \/>\n<script type=\"application\/ld+json\" class=\"yoast-schema-graph\">{\"@context\":\"https:\\\/\\\/schema.org\",\"@graph\":[{\"@type\":\"Article\",\"@id\":\"https:\\\/\\\/quehacerpolitico.mx\\\/?p=13259#article\",\"isPartOf\":{\"@id\":\"https:\\\/\\\/quehacerpolitico.mx\\\/?p=13259\"},\"author\":{\"name\":\"Redacci\u00f3n QP\",\"@id\":\"https:\\\/\\\/quehacerpolitico.mx\\\/#\\\/schema\\\/person\\\/496d8ad2d1d3f8036101dca7ee39e585\"},\"headline\":\"El an\u00e1lisis del accidente en el que murieron Alonso y Moreno Valle contin\u00faa; SCT presenta \u201cavance\u201d\",\"datePublished\":\"2019-01-03T14:52:47+00:00\",\"mainEntityOfPage\":{\"@id\":\"https:\\\/\\\/quehacerpolitico.mx\\\/?p=13259\"},\"wordCount\":601,\"commentCount\":0,\"image\":{\"@id\":\"https:\\\/\\\/quehacerpolitico.mx\\\/?p=13259#primaryimage\"},\"thumbnailUrl\":\"\",\"articleSection\":[\"Noticias\"],\"inLanguage\":\"es\",\"potentialAction\":[{\"@type\":\"CommentAction\",\"name\":\"Comment\",\"target\":[\"https:\\\/\\\/quehacerpolitico.mx\\\/?p=13259#respond\"]}]},{\"@type\":\"WebPage\",\"@id\":\"https:\\\/\\\/quehacerpolitico.mx\\\/?p=13259\",\"url\":\"https:\\\/\\\/quehacerpolitico.mx\\\/?p=13259\",\"name\":\"El an\u00e1lisis del accidente en el que murieron Alonso y Moreno Valle contin\u00faa; SCT presenta \u201cavance\u201d -\",\"isPartOf\":{\"@id\":\"https:\\\/\\\/quehacerpolitico.mx\\\/#website\"},\"primaryImageOfPage\":{\"@id\":\"https:\\\/\\\/quehacerpolitico.mx\\\/?p=13259#primaryimage\"},\"image\":{\"@id\":\"https:\\\/\\\/quehacerpolitico.mx\\\/?p=13259#primaryimage\"},\"thumbnailUrl\":\"\",\"datePublished\":\"2019-01-03T14:52:47+00:00\",\"author\":{\"@id\":\"https:\\\/\\\/quehacerpolitico.mx\\\/#\\\/schema\\\/person\\\/496d8ad2d1d3f8036101dca7ee39e585\"},\"breadcrumb\":{\"@id\":\"https:\\\/\\\/quehacerpolitico.mx\\\/?p=13259#breadcrumb\"},\"inLanguage\":\"es\",\"potentialAction\":[{\"@type\":\"ReadAction\",\"target\":[\"https:\\\/\\\/quehacerpolitico.mx\\\/?p=13259\"]}]},{\"@type\":\"ImageObject\",\"inLanguage\":\"es\",\"@id\":\"https:\\\/\\\/quehacerpolitico.mx\\\/?p=13259#primaryimage\",\"url\":\"\",\"contentUrl\":\"\"},{\"@type\":\"BreadcrumbList\",\"@id\":\"https:\\\/\\\/quehacerpolitico.mx\\\/?p=13259#breadcrumb\",\"itemListElement\":[{\"@type\":\"ListItem\",\"position\":1,\"name\":\"Inicio\",\"item\":\"https:\\\/\\\/quehacerpolitico.mx\\\/\"},{\"@type\":\"ListItem\",\"position\":2,\"name\":\"El an\u00e1lisis del accidente en el que murieron Alonso y Moreno Valle contin\u00faa; SCT presenta \u201cavance\u201d\"}]},{\"@type\":\"WebSite\",\"@id\":\"https:\\\/\\\/quehacerpolitico.mx\\\/#website\",\"url\":\"https:\\\/\\\/quehacerpolitico.mx\\\/\",\"name\":\"\",\"description\":\"\",\"potentialAction\":[{\"@type\":\"SearchAction\",\"target\":{\"@type\":\"EntryPoint\",\"urlTemplate\":\"https:\\\/\\\/quehacerpolitico.mx\\\/?s={search_term_string}\"},\"query-input\":{\"@type\":\"PropertyValueSpecification\",\"valueRequired\":true,\"valueName\":\"search_term_string\"}}],\"inLanguage\":\"es\"},{\"@type\":\"Person\",\"@id\":\"https:\\\/\\\/quehacerpolitico.mx\\\/#\\\/schema\\\/person\\\/496d8ad2d1d3f8036101dca7ee39e585\",\"name\":\"Redacci\u00f3n QP\",\"image\":{\"@type\":\"ImageObject\",\"inLanguage\":\"es\",\"@id\":\"https:\\\/\\\/secure.gravatar.com\\\/avatar\\\/c7164ed6fdec453195284ad24a5ae5b6e1eed2b848477fa2a4787ba9adf39a41?s=96&d=mm&r=g\",\"url\":\"https:\\\/\\\/secure.gravatar.com\\\/avatar\\\/c7164ed6fdec453195284ad24a5ae5b6e1eed2b848477fa2a4787ba9adf39a41?s=96&d=mm&r=g\",\"contentUrl\":\"https:\\\/\\\/secure.gravatar.com\\\/avatar\\\/c7164ed6fdec453195284ad24a5ae5b6e1eed2b848477fa2a4787ba9adf39a41?s=96&d=mm&r=g\",\"caption\":\"Redacci\u00f3n QP\"},\"url\":\"https:\\\/\\\/quehacerpolitico.mx\\\/?author=2\"}]}<\/script>\n<!-- \/ Yoast SEO plugin. -->","yoast_head_json":{"title":"El an\u00e1lisis del accidente en el que murieron Alonso y Moreno Valle contin\u00faa; SCT presenta \u201cavance\u201d -","robots":{"index":"index","follow":"follow","max-snippet":"max-snippet:-1","max-image-preview":"max-image-preview:large","max-video-preview":"max-video-preview:-1"},"canonical":"https:\/\/quehacerpolitico.mx\/?p=13259","og_locale":"es_MX","og_type":"article","og_title":"El an\u00e1lisis del accidente en el que murieron Alonso y Moreno Valle contin\u00faa; SCT presenta \u201cavance\u201d -","og_description":"El an\u00e1lisis del accidente en el que murieron Alonso y Moreno Valle contin\u00faa; SCT presenta \u201cavance\u201d Por Redacci\u00f3n QP","og_url":"https:\/\/quehacerpolitico.mx\/?p=13259","article_published_time":"2019-01-03T14:52:47+00:00","author":"Redacci\u00f3n QP","twitter_card":"summary_large_image","twitter_misc":{"Escrito por":"Redacci\u00f3n QP","Tiempo de lectura":"3 minutos"},"schema":{"@context":"https:\/\/schema.org","@graph":[{"@type":"Article","@id":"https:\/\/quehacerpolitico.mx\/?p=13259#article","isPartOf":{"@id":"https:\/\/quehacerpolitico.mx\/?p=13259"},"author":{"name":"Redacci\u00f3n QP","@id":"https:\/\/quehacerpolitico.mx\/#\/schema\/person\/496d8ad2d1d3f8036101dca7ee39e585"},"headline":"El an\u00e1lisis del accidente en el que murieron Alonso y Moreno Valle contin\u00faa; SCT presenta \u201cavance\u201d","datePublished":"2019-01-03T14:52:47+00:00","mainEntityOfPage":{"@id":"https:\/\/quehacerpolitico.mx\/?p=13259"},"wordCount":601,"commentCount":0,"image":{"@id":"https:\/\/quehacerpolitico.mx\/?p=13259#primaryimage"},"thumbnailUrl":"","articleSection":["Noticias"],"inLanguage":"es","potentialAction":[{"@type":"CommentAction","name":"Comment","target":["https:\/\/quehacerpolitico.mx\/?p=13259#respond"]}]},{"@type":"WebPage","@id":"https:\/\/quehacerpolitico.mx\/?p=13259","url":"https:\/\/quehacerpolitico.mx\/?p=13259","name":"El an\u00e1lisis del accidente en el que murieron Alonso y Moreno Valle contin\u00faa; SCT presenta \u201cavance\u201d -","isPartOf":{"@id":"https:\/\/quehacerpolitico.mx\/#website"},"primaryImageOfPage":{"@id":"https:\/\/quehacerpolitico.mx\/?p=13259#primaryimage"},"image":{"@id":"https:\/\/quehacerpolitico.mx\/?p=13259#primaryimage"},"thumbnailUrl":"","datePublished":"2019-01-03T14:52:47+00:00","author":{"@id":"https:\/\/quehacerpolitico.mx\/#\/schema\/person\/496d8ad2d1d3f8036101dca7ee39e585"},"breadcrumb":{"@id":"https:\/\/quehacerpolitico.mx\/?p=13259#breadcrumb"},"inLanguage":"es","potentialAction":[{"@type":"ReadAction","target":["https:\/\/quehacerpolitico.mx\/?p=13259"]}]},{"@type":"ImageObject","inLanguage":"es","@id":"https:\/\/quehacerpolitico.mx\/?p=13259#primaryimage","url":"","contentUrl":""},{"@type":"BreadcrumbList","@id":"https:\/\/quehacerpolitico.mx\/?p=13259#breadcrumb","itemListElement":[{"@type":"ListItem","position":1,"name":"Inicio","item":"https:\/\/quehacerpolitico.mx\/"},{"@type":"ListItem","position":2,"name":"El an\u00e1lisis del accidente en el que murieron Alonso y Moreno Valle contin\u00faa; SCT presenta \u201cavance\u201d"}]},{"@type":"WebSite","@id":"https:\/\/quehacerpolitico.mx\/#website","url":"https:\/\/quehacerpolitico.mx\/","name":"","description":"","potentialAction":[{"@type":"SearchAction","target":{"@type":"EntryPoint","urlTemplate":"https:\/\/quehacerpolitico.mx\/?s={search_term_string}"},"query-input":{"@type":"PropertyValueSpecification","valueRequired":true,"valueName":"search_term_string"}}],"inLanguage":"es"},{"@type":"Person","@id":"https:\/\/quehacerpolitico.mx\/#\/schema\/person\/496d8ad2d1d3f8036101dca7ee39e585","name":"Redacci\u00f3n QP","image":{"@type":"ImageObject","inLanguage":"es","@id":"https:\/\/secure.gravatar.com\/avatar\/c7164ed6fdec453195284ad24a5ae5b6e1eed2b848477fa2a4787ba9adf39a41?s=96&d=mm&r=g","url":"https:\/\/secure.gravatar.com\/avatar\/c7164ed6fdec453195284ad24a5ae5b6e1eed2b848477fa2a4787ba9adf39a41?s=96&d=mm&r=g","contentUrl":"https:\/\/secure.gravatar.com\/avatar\/c7164ed6fdec453195284ad24a5ae5b6e1eed2b848477fa2a4787ba9adf39a41?s=96&d=mm&r=g","caption":"Redacci\u00f3n QP"},"url":"https:\/\/quehacerpolitico.mx\/?author=2"}]}},"featured_image_urls":{"full":"","thumbnail":"","medium":"","medium_large":"","large":"","1536x1536":"","2048x2048":"","covernews-featured":"","covernews-medium":""},"author_info":{"display_name":"Redacci\u00f3n QP","author_link":"https:\/\/quehacerpolitico.mx\/?author=2"},"category_info":"<a href=\"https:\/\/quehacerpolitico.mx\/?cat=2\" rel=\"category\">Noticias<\/a>","tag_info":"Noticias","comment_count":"0","_links":{"self":[{"href":"https:\/\/quehacerpolitico.mx\/index.php?rest_route=\/wp\/v2\/posts\/13259","targetHints":{"allow":["GET"]}}],"collection":[{"href":"https:\/\/quehacerpolitico.mx\/index.php?rest_route=\/wp\/v2\/posts"}],"about":[{"href":"https:\/\/quehacerpolitico.mx\/index.php?rest_route=\/wp\/v2\/types\/post"}],"author":[{"embeddable":true,"href":"https:\/\/quehacerpolitico.mx\/index.php?rest_route=\/wp\/v2\/users\/2"}],"replies":[{"embeddable":true,"href":"https:\/\/quehacerpolitico.mx\/index.php?rest_route=%2Fwp%2Fv2%2Fcomments&post=13259"}],"version-history":[{"count":0,"href":"https:\/\/quehacerpolitico.mx\/index.php?rest_route=\/wp\/v2\/posts\/13259\/revisions"}],"wp:featuredmedia":[{"embeddable":true,"href":"https:\/\/quehacerpolitico.mx\/index.php?rest_route=\/"}],"wp:attachment":[{"href":"https:\/\/quehacerpolitico.mx\/index.php?rest_route=%2Fwp%2Fv2%2Fmedia&parent=13259"}],"wp:term":[{"taxonomy":"category","embeddable":true,"href":"https:\/\/quehacerpolitico.mx\/index.php?rest_route=%2Fwp%2Fv2%2Fcategories&post=13259"},{"taxonomy":"post_tag","embeddable":true,"href":"https:\/\/quehacerpolitico.mx\/index.php?rest_route=%2Fwp%2Fv2%2Ftags&post=13259"}],"curies":[{"name":"wp","href":"https:\/\/api.w.org\/{rel}","templated":true}]}}