{"id":13243,"date":"2019-01-03T04:11:08","date_gmt":"2019-01-03T04:11:08","guid":{"rendered":"http:\/\/quehacerpolitico.mx\/investigan-a-policias-que-prestaron-arma-de-fuego-a-civil-en-sinaloa\/"},"modified":"2019-01-03T04:11:08","modified_gmt":"2019-01-03T04:11:08","slug":"investigan-a-policias-que-prestaron-arma-de-fuego-a-civil-en-sinaloa","status":"publish","type":"post","link":"https:\/\/quehacerpolitico.mx\/?p=13243","title":{"rendered":"Investigan a polic\u00edas que prestaron arma de fuego a civil en Sinaloa"},"content":{"rendered":"<h1 class=\"news-title\">Investigan a polic\u00edas que prestaron arma de fuego a civil en Sinaloa<\/h1>\n<p>Por Redacci\u00f3n QP<\/p>\n<header class=\"news-header\">\n<div class=\"news-subtitle\">\n<p>Los elementos habr\u00edan prestado el arma a un hombre para que realizara disparos al aire durante los festejos de Fin de A\u00f1o<\/p>\n<\/div>\n<\/header>\n<div class=\"news-content\">\n<div class=\"news-body row\">\n<p>Los polic\u00edas municipales de Culiac\u00e1n, Hilario &#8220;N&#8221; y Juan &#8220;N&#8221;, que prestaron una de sus armas de cargo, un rifle autom\u00e1tico a un civil, para que este realizada disparos al aire, durante los festejos de Fin de A\u00f1o, en los que se escucharon largas serenatas de descargas de diversas armas en tres ciudades, fueron separados de sus cargos.<\/p>\n<p>Crist\u00f3bal Casta\u00f1eda Camarillo, secretario de Seguridad P\u00fablica del Estado, dijo que <strong>el videodifundido en redes sociales, se aprecia que dos elementos de polic\u00eda municipal, los cuales ten\u00edan asignada la patrulla 3035, festejan que un civil accione una arma de fuego.<\/strong><\/p>\n<blockquote class=\"twitter-tweet\" data-width=\"550\" data-dnt=\"true\">\n<p lang=\"es\" dir=\"ltr\">Sinaloa: como confiar en la Polic\u00eda Municipal. Esta es la realidad de Culiac\u00e1n, el Gobierno NO gobierna, se subordina. <a href=\"https:\/\/twitter.com\/AristeguiOnline?ref_src=twsrc%5Etfw\">@AristeguiOnline<\/a> <a href=\"https:\/\/twitter.com\/julioastillero?ref_src=twsrc%5Etfw\">@julioastillero<\/a> <a href=\"https:\/\/t.co\/VjgZnRPPML\">pic.twitter.com\/VjgZnRPPML<\/a><\/p>\n<p>&mdash; Juan Carlos L\u00f3pez (@Jcls100) <a href=\"https:\/\/twitter.com\/Jcls100\/status\/1080198447364485120?ref_src=twsrc%5Etfw\">January 1, 2019<\/a><\/p><\/blockquote>\n<p><script async src=\"https:\/\/platform.twitter.com\/widgets.js\" charset=\"utf-8\"><\/script><\/p>\n<p>El secretario de Seguridad P\u00fablica <strong>confirm\u00f3 que el arma que dispara en r\u00e1faga es una de cargo de uno de los agentes municipales, los cuales est\u00e1n sujetos a investigaci\u00f3n por su actuaci\u00f3n en estos hechos<\/strong>, cuando la instrucci\u00f3n que se gir\u00f3 fue detener a los responsables de este tipo de festejos.<\/p>\n<p>Casta\u00f1eda Camarillo manifest\u00f3 que se trabaja en la identificaci\u00f3n y detenci\u00f3n del civil que accion\u00f3 el arma de cargo de uno de los dos agentes, hecho que fue video grabado y subido a las redes sociales en los primeros minutos de este nuevo a\u00f1o.<\/p>\n<p><strong>En Sinaloa, se convirti\u00f3 en una vieja tradici\u00f3n que durante los festejos de Noche Buena, Fin de A\u00f1o y el inicio del nuevo a\u00f1o, personas saquen sus armas de fuego y realicen disparos continuos al aire<\/strong>, pese a las advertencias de las autoridades de actuar en su contra.<\/p>\n<p>Con prolongadas serenatas de disparos de armas de fuego, en su inmensa mayor\u00eda de fusiles autom\u00e1ticos, fue despedido el a\u00f1o 2018 y recibido el 2019, en las ciudades de Culiac\u00e1n, Guasave y Guam\u00fachil, pese al despliegue de operativos de vigilancia.<\/p>\n<p>Un primer reporte emitido el d\u00eda primero de enero, establece que <strong>s\u00f3lo ocho personas fueron detenidas por disparar armas de fuego al aire, entre ellos un ciudadano de nacionalidad canadiense<\/strong>, los cuales fueron turnados a la delegaci\u00f3n de la Procuradur\u00eda General de la Rep\u00fablica.<\/p>\n<p>Crist\u00f3bal Casta\u00f1eda Camarillo, secretario de Seguridad P\u00fablica del Estado manifest\u00f3 que <strong>se aseguraron diez armas de fuego, siete cortas y tres rifles autom\u00e1ticos y una granada<\/strong>, por lo que los detenidos y sus armas fueron puestos a disposici\u00f3n de las autoridades federales.<\/p>\n<\/div>\n<\/div>\n","protected":false},"excerpt":{"rendered":"<p>Investigan a polic\u00edas que prestaron arma de fuego a civil en Sinaloa<br \/>\nPor Redacci\u00f3n QP<\/p>\n","protected":false},"author":2,"featured_media":13242,"comment_status":"open","ping_status":"open","sticky":false,"template":"","format":"standard","meta":{"_monsterinsights_skip_tracking":false,"_monsterinsights_sitenote_active":false,"_monsterinsights_sitenote_note":"","_monsterinsights_sitenote_category":0,"footnotes":""},"categories":[2],"tags":[],"class_list":["post-13243","post","type-post","status-publish","format-standard","has-post-thumbnail","hentry","category-noticias"],"yoast_head":"<!-- This site is optimized with the Yoast SEO plugin v27.3 - https:\/\/yoast.com\/product\/yoast-seo-wordpress\/ -->\n<title>Investigan a polic\u00edas que prestaron arma de fuego a civil en Sinaloa -<\/title>\n<meta name=\"robots\" content=\"index, follow, max-snippet:-1, max-image-preview:large, max-video-preview:-1\" \/>\n<link rel=\"canonical\" href=\"https:\/\/quehacerpolitico.mx\/?p=13243\" \/>\n<meta property=\"og:locale\" content=\"es_MX\" \/>\n<meta property=\"og:type\" content=\"article\" \/>\n<meta property=\"og:title\" content=\"Investigan a polic\u00edas que prestaron arma de fuego a civil en Sinaloa -\" \/>\n<meta property=\"og:description\" content=\"Investigan a polic\u00edas que prestaron arma de fuego a civil en Sinaloa Por Redacci\u00f3n QP\" \/>\n<meta property=\"og:url\" content=\"https:\/\/quehacerpolitico.mx\/?p=13243\" \/>\n<meta property=\"article:published_time\" content=\"2019-01-03T04:11:08+00:00\" \/>\n<meta name=\"author\" content=\"Redacci\u00f3n QP\" \/>\n<meta name=\"twitter:card\" content=\"summary_large_image\" \/>\n<meta name=\"twitter:label1\" content=\"Escrito por\" \/>\n\t<meta name=\"twitter:data1\" content=\"Redacci\u00f3n QP\" \/>\n\t<meta name=\"twitter:label2\" content=\"Tiempo de lectura\" \/>\n\t<meta name=\"twitter:data2\" content=\"2 minutos\" \/>\n<script type=\"application\/ld+json\" class=\"yoast-schema-graph\">{\"@context\":\"https:\\\/\\\/schema.org\",\"@graph\":[{\"@type\":\"Article\",\"@id\":\"https:\\\/\\\/quehacerpolitico.mx\\\/?p=13243#article\",\"isPartOf\":{\"@id\":\"https:\\\/\\\/quehacerpolitico.mx\\\/?p=13243\"},\"author\":{\"name\":\"Redacci\u00f3n QP\",\"@id\":\"https:\\\/\\\/quehacerpolitico.mx\\\/#\\\/schema\\\/person\\\/496d8ad2d1d3f8036101dca7ee39e585\"},\"headline\":\"Investigan a polic\u00edas que prestaron arma de fuego a civil en Sinaloa\",\"datePublished\":\"2019-01-03T04:11:08+00:00\",\"mainEntityOfPage\":{\"@id\":\"https:\\\/\\\/quehacerpolitico.mx\\\/?p=13243\"},\"wordCount\":461,\"commentCount\":0,\"image\":{\"@id\":\"https:\\\/\\\/quehacerpolitico.mx\\\/?p=13243#primaryimage\"},\"thumbnailUrl\":\"\",\"articleSection\":[\"Noticias\"],\"inLanguage\":\"es\",\"potentialAction\":[{\"@type\":\"CommentAction\",\"name\":\"Comment\",\"target\":[\"https:\\\/\\\/quehacerpolitico.mx\\\/?p=13243#respond\"]}]},{\"@type\":\"WebPage\",\"@id\":\"https:\\\/\\\/quehacerpolitico.mx\\\/?p=13243\",\"url\":\"https:\\\/\\\/quehacerpolitico.mx\\\/?p=13243\",\"name\":\"Investigan a polic\u00edas que prestaron arma de fuego a civil en Sinaloa -\",\"isPartOf\":{\"@id\":\"https:\\\/\\\/quehacerpolitico.mx\\\/#website\"},\"primaryImageOfPage\":{\"@id\":\"https:\\\/\\\/quehacerpolitico.mx\\\/?p=13243#primaryimage\"},\"image\":{\"@id\":\"https:\\\/\\\/quehacerpolitico.mx\\\/?p=13243#primaryimage\"},\"thumbnailUrl\":\"\",\"datePublished\":\"2019-01-03T04:11:08+00:00\",\"author\":{\"@id\":\"https:\\\/\\\/quehacerpolitico.mx\\\/#\\\/schema\\\/person\\\/496d8ad2d1d3f8036101dca7ee39e585\"},\"breadcrumb\":{\"@id\":\"https:\\\/\\\/quehacerpolitico.mx\\\/?p=13243#breadcrumb\"},\"inLanguage\":\"es\",\"potentialAction\":[{\"@type\":\"ReadAction\",\"target\":[\"https:\\\/\\\/quehacerpolitico.mx\\\/?p=13243\"]}]},{\"@type\":\"ImageObject\",\"inLanguage\":\"es\",\"@id\":\"https:\\\/\\\/quehacerpolitico.mx\\\/?p=13243#primaryimage\",\"url\":\"\",\"contentUrl\":\"\"},{\"@type\":\"BreadcrumbList\",\"@id\":\"https:\\\/\\\/quehacerpolitico.mx\\\/?p=13243#breadcrumb\",\"itemListElement\":[{\"@type\":\"ListItem\",\"position\":1,\"name\":\"Inicio\",\"item\":\"https:\\\/\\\/quehacerpolitico.mx\\\/\"},{\"@type\":\"ListItem\",\"position\":2,\"name\":\"Investigan a polic\u00edas que prestaron arma de fuego a civil en Sinaloa\"}]},{\"@type\":\"WebSite\",\"@id\":\"https:\\\/\\\/quehacerpolitico.mx\\\/#website\",\"url\":\"https:\\\/\\\/quehacerpolitico.mx\\\/\",\"name\":\"\",\"description\":\"\",\"potentialAction\":[{\"@type\":\"SearchAction\",\"target\":{\"@type\":\"EntryPoint\",\"urlTemplate\":\"https:\\\/\\\/quehacerpolitico.mx\\\/?s={search_term_string}\"},\"query-input\":{\"@type\":\"PropertyValueSpecification\",\"valueRequired\":true,\"valueName\":\"search_term_string\"}}],\"inLanguage\":\"es\"},{\"@type\":\"Person\",\"@id\":\"https:\\\/\\\/quehacerpolitico.mx\\\/#\\\/schema\\\/person\\\/496d8ad2d1d3f8036101dca7ee39e585\",\"name\":\"Redacci\u00f3n QP\",\"image\":{\"@type\":\"ImageObject\",\"inLanguage\":\"es\",\"@id\":\"https:\\\/\\\/secure.gravatar.com\\\/avatar\\\/c7164ed6fdec453195284ad24a5ae5b6e1eed2b848477fa2a4787ba9adf39a41?s=96&d=mm&r=g\",\"url\":\"https:\\\/\\\/secure.gravatar.com\\\/avatar\\\/c7164ed6fdec453195284ad24a5ae5b6e1eed2b848477fa2a4787ba9adf39a41?s=96&d=mm&r=g\",\"contentUrl\":\"https:\\\/\\\/secure.gravatar.com\\\/avatar\\\/c7164ed6fdec453195284ad24a5ae5b6e1eed2b848477fa2a4787ba9adf39a41?s=96&d=mm&r=g\",\"caption\":\"Redacci\u00f3n QP\"},\"url\":\"https:\\\/\\\/quehacerpolitico.mx\\\/?author=2\"}]}<\/script>\n<!-- \/ Yoast SEO plugin. -->","yoast_head_json":{"title":"Investigan a polic\u00edas que prestaron arma de fuego a civil en Sinaloa -","robots":{"index":"index","follow":"follow","max-snippet":"max-snippet:-1","max-image-preview":"max-image-preview:large","max-video-preview":"max-video-preview:-1"},"canonical":"https:\/\/quehacerpolitico.mx\/?p=13243","og_locale":"es_MX","og_type":"article","og_title":"Investigan a polic\u00edas que prestaron arma de fuego a civil en Sinaloa -","og_description":"Investigan a polic\u00edas que prestaron arma de fuego a civil en Sinaloa Por Redacci\u00f3n QP","og_url":"https:\/\/quehacerpolitico.mx\/?p=13243","article_published_time":"2019-01-03T04:11:08+00:00","author":"Redacci\u00f3n QP","twitter_card":"summary_large_image","twitter_misc":{"Escrito por":"Redacci\u00f3n QP","Tiempo de lectura":"2 minutos"},"schema":{"@context":"https:\/\/schema.org","@graph":[{"@type":"Article","@id":"https:\/\/quehacerpolitico.mx\/?p=13243#article","isPartOf":{"@id":"https:\/\/quehacerpolitico.mx\/?p=13243"},"author":{"name":"Redacci\u00f3n QP","@id":"https:\/\/quehacerpolitico.mx\/#\/schema\/person\/496d8ad2d1d3f8036101dca7ee39e585"},"headline":"Investigan a polic\u00edas que prestaron arma de fuego a civil en Sinaloa","datePublished":"2019-01-03T04:11:08+00:00","mainEntityOfPage":{"@id":"https:\/\/quehacerpolitico.mx\/?p=13243"},"wordCount":461,"commentCount":0,"image":{"@id":"https:\/\/quehacerpolitico.mx\/?p=13243#primaryimage"},"thumbnailUrl":"","articleSection":["Noticias"],"inLanguage":"es","potentialAction":[{"@type":"CommentAction","name":"Comment","target":["https:\/\/quehacerpolitico.mx\/?p=13243#respond"]}]},{"@type":"WebPage","@id":"https:\/\/quehacerpolitico.mx\/?p=13243","url":"https:\/\/quehacerpolitico.mx\/?p=13243","name":"Investigan a polic\u00edas que prestaron arma de fuego a civil en Sinaloa -","isPartOf":{"@id":"https:\/\/quehacerpolitico.mx\/#website"},"primaryImageOfPage":{"@id":"https:\/\/quehacerpolitico.mx\/?p=13243#primaryimage"},"image":{"@id":"https:\/\/quehacerpolitico.mx\/?p=13243#primaryimage"},"thumbnailUrl":"","datePublished":"2019-01-03T04:11:08+00:00","author":{"@id":"https:\/\/quehacerpolitico.mx\/#\/schema\/person\/496d8ad2d1d3f8036101dca7ee39e585"},"breadcrumb":{"@id":"https:\/\/quehacerpolitico.mx\/?p=13243#breadcrumb"},"inLanguage":"es","potentialAction":[{"@type":"ReadAction","target":["https:\/\/quehacerpolitico.mx\/?p=13243"]}]},{"@type":"ImageObject","inLanguage":"es","@id":"https:\/\/quehacerpolitico.mx\/?p=13243#primaryimage","url":"","contentUrl":""},{"@type":"BreadcrumbList","@id":"https:\/\/quehacerpolitico.mx\/?p=13243#breadcrumb","itemListElement":[{"@type":"ListItem","position":1,"name":"Inicio","item":"https:\/\/quehacerpolitico.mx\/"},{"@type":"ListItem","position":2,"name":"Investigan a polic\u00edas que prestaron arma de fuego a civil en Sinaloa"}]},{"@type":"WebSite","@id":"https:\/\/quehacerpolitico.mx\/#website","url":"https:\/\/quehacerpolitico.mx\/","name":"","description":"","potentialAction":[{"@type":"SearchAction","target":{"@type":"EntryPoint","urlTemplate":"https:\/\/quehacerpolitico.mx\/?s={search_term_string}"},"query-input":{"@type":"PropertyValueSpecification","valueRequired":true,"valueName":"search_term_string"}}],"inLanguage":"es"},{"@type":"Person","@id":"https:\/\/quehacerpolitico.mx\/#\/schema\/person\/496d8ad2d1d3f8036101dca7ee39e585","name":"Redacci\u00f3n QP","image":{"@type":"ImageObject","inLanguage":"es","@id":"https:\/\/secure.gravatar.com\/avatar\/c7164ed6fdec453195284ad24a5ae5b6e1eed2b848477fa2a4787ba9adf39a41?s=96&d=mm&r=g","url":"https:\/\/secure.gravatar.com\/avatar\/c7164ed6fdec453195284ad24a5ae5b6e1eed2b848477fa2a4787ba9adf39a41?s=96&d=mm&r=g","contentUrl":"https:\/\/secure.gravatar.com\/avatar\/c7164ed6fdec453195284ad24a5ae5b6e1eed2b848477fa2a4787ba9adf39a41?s=96&d=mm&r=g","caption":"Redacci\u00f3n QP"},"url":"https:\/\/quehacerpolitico.mx\/?author=2"}]}},"featured_image_urls":{"full":"","thumbnail":"","medium":"","medium_large":"","large":"","1536x1536":"","2048x2048":"","covernews-featured":"","covernews-medium":""},"author_info":{"display_name":"Redacci\u00f3n QP","author_link":"https:\/\/quehacerpolitico.mx\/?author=2"},"category_info":"<a href=\"https:\/\/quehacerpolitico.mx\/?cat=2\" rel=\"category\">Noticias<\/a>","tag_info":"Noticias","comment_count":"0","_links":{"self":[{"href":"https:\/\/quehacerpolitico.mx\/index.php?rest_route=\/wp\/v2\/posts\/13243","targetHints":{"allow":["GET"]}}],"collection":[{"href":"https:\/\/quehacerpolitico.mx\/index.php?rest_route=\/wp\/v2\/posts"}],"about":[{"href":"https:\/\/quehacerpolitico.mx\/index.php?rest_route=\/wp\/v2\/types\/post"}],"author":[{"embeddable":true,"href":"https:\/\/quehacerpolitico.mx\/index.php?rest_route=\/wp\/v2\/users\/2"}],"replies":[{"embeddable":true,"href":"https:\/\/quehacerpolitico.mx\/index.php?rest_route=%2Fwp%2Fv2%2Fcomments&post=13243"}],"version-history":[{"count":0,"href":"https:\/\/quehacerpolitico.mx\/index.php?rest_route=\/wp\/v2\/posts\/13243\/revisions"}],"wp:featuredmedia":[{"embeddable":true,"href":"https:\/\/quehacerpolitico.mx\/index.php?rest_route=\/"}],"wp:attachment":[{"href":"https:\/\/quehacerpolitico.mx\/index.php?rest_route=%2Fwp%2Fv2%2Fmedia&parent=13243"}],"wp:term":[{"taxonomy":"category","embeddable":true,"href":"https:\/\/quehacerpolitico.mx\/index.php?rest_route=%2Fwp%2Fv2%2Fcategories&post=13243"},{"taxonomy":"post_tag","embeddable":true,"href":"https:\/\/quehacerpolitico.mx\/index.php?rest_route=%2Fwp%2Fv2%2Ftags&post=13243"}],"curies":[{"name":"wp","href":"https:\/\/api.w.org\/{rel}","templated":true}]}}