{"id":13238,"date":"2019-01-03T03:42:08","date_gmt":"2019-01-03T03:42:08","guid":{"rendered":"http:\/\/quehacerpolitico.mx\/el-vaticano-oculto-por-60-anos-los-abusos-sexuales-de-maciel-lider-de-los-legionarios-de-cristo\/"},"modified":"2019-01-03T03:42:08","modified_gmt":"2019-01-03T03:42:08","slug":"el-vaticano-oculto-por-60-anos-los-abusos-sexuales-de-maciel-lider-de-los-legionarios-de-cristo","status":"publish","type":"post","link":"https:\/\/quehacerpolitico.mx\/?p=13238","title":{"rendered":"El Vaticano ocult\u00f3 por 60 a\u00f1os los abusos sexuales de Maciel, l\u00edder de los Legionarios de Cristo"},"content":{"rendered":"<h1>El Vaticano ocult\u00f3 por 60 a\u00f1os los abusos sexuales de Maciel, l\u00edder de los Legionarios de Cristo<\/h1>\n<p>Por Redacci\u00f3n QP<\/p>\n<p>El cardenal <strong>Jo\u00e3o Braz de Aviz<\/strong>, prefecto de la Congregaci\u00f3n para los Institutos de <strong>Vida Consagrada<\/strong>, ha reconocido que el Vaticano ten\u00eda constancia de los <strong>abusos del fundador de los Legionarios de Cristo<\/strong>, Marcial Maciel, seg\u00fan ha informado <em>El Pa\u00eds<\/em>.<\/p>\n<blockquote>\n<p>Braz ha asegurado que la <strong>Santa Sede<\/strong>contaba con documentaci\u00f3n desde el a\u00f1o 1943 sobre<strong> la pederastia de Maciel<\/strong>. \u201cTengo la impresi\u00f3n de que las denuncias de abusos crecer\u00e1n, porque solo estamos en el inicio. <strong>Llevamos 70 a\u00f1os encubriendo<\/strong>, y esto ha sido un tremendo error\u201d, ha apuntado a la revista cat\u00f3lica <em>Vida Nueva<\/em>.<\/p>\n<\/blockquote>\n<p>El fundador de los Legionarios de Cristo fue obligado por la Santa Sede en 2006 retirarse de la vida p\u00fablica ante las decenas de acusaciones de abuso sexual y falleci\u00f3 dos a\u00f1os despu\u00e9s sin pedir perd\u00f3n, a pesar de que una comisi\u00f3n de investigaci\u00f3n ya hab\u00eda revelado estas actividades delictivas.<\/p>\n<p>Tal y como reconoce ahora Braz, Maciel estuvo protegido por Juan Pablo II. \u201cEs un gu\u00eda eficaz de la juventud\u201d, lleg\u00f3 a plantear el papa polaco sobre Maciel cuando las denuncias eran ya p\u00fablicas.<\/p>\n<p>Este sacerdote lleg\u00f3 a nuestro pa\u00eds a finales de los a\u00f1os 40 del siglo pasado para extender su fundaci\u00f3n, protegido por el ministro franquista de Asuntos Exteriores del Alberto Mart\u00edn Artajo. Ven\u00eda avalado por el papa P\u00edo XII, que lo recibi\u00f3 en 1941, nada m\u00e1s fundar los Legionarios de Cristo. En aquella \u00e9poca este sacerdote con apenas 21 a\u00f1os.<\/p>\n<p>Maciel fue investigado en varias ocasiones, seg\u00fan informa el medio. En la d\u00e9cada de los 50 se realiz\u00f3 por encargo del cardenal Alfredo Ottaviani, aunque no se resolvi\u00f3 nada y el fundador de los Legionarios de Cristo sali\u00f3 fortalecido de este procedimiento. En 1999 Ratzinger tampoco actu\u00f3. Finalmente, en 2006 tras un aluvi\u00f3n de denuncias, entre las que se encontraban quejas de mujeres con las que Maciel hab\u00eda tenido hijos, Benedicto XVI tom\u00f3 la decisi\u00f3n de castigarle y le oblig\u00f3 a retirarse en M\u00e9xico dedicado \u201ca la penitencia y la oraci\u00f3n\u201d.<\/p>\n<p>Con Informaci\u00f3n de El Diario.es<\/p>\n","protected":false},"excerpt":{"rendered":"<p>El Vaticano ocult\u00f3 por 60 a\u00f1os los abusos sexuales de Maciel, l\u00edder de los Legionarios de Cristo<br \/>\nPor Redacci\u00f3n QP<\/p>\n","protected":false},"author":2,"featured_media":13237,"comment_status":"open","ping_status":"open","sticky":false,"template":"","format":"standard","meta":{"_monsterinsights_skip_tracking":false,"_monsterinsights_sitenote_active":false,"_monsterinsights_sitenote_note":"","_monsterinsights_sitenote_category":0,"footnotes":""},"categories":[2],"tags":[],"class_list":["post-13238","post","type-post","status-publish","format-standard","has-post-thumbnail","hentry","category-noticias"],"yoast_head":"<!-- This site is optimized with the Yoast SEO plugin v27.3 - https:\/\/yoast.com\/product\/yoast-seo-wordpress\/ -->\n<title>El Vaticano ocult\u00f3 por 60 a\u00f1os los abusos sexuales de Maciel, l\u00edder de los Legionarios de Cristo -<\/title>\n<meta name=\"robots\" content=\"index, follow, max-snippet:-1, max-image-preview:large, max-video-preview:-1\" \/>\n<link rel=\"canonical\" href=\"https:\/\/quehacerpolitico.mx\/?p=13238\" \/>\n<meta property=\"og:locale\" content=\"es_MX\" \/>\n<meta property=\"og:type\" content=\"article\" \/>\n<meta property=\"og:title\" content=\"El Vaticano ocult\u00f3 por 60 a\u00f1os los abusos sexuales de Maciel, l\u00edder de los Legionarios de Cristo -\" \/>\n<meta property=\"og:description\" content=\"El Vaticano ocult\u00f3 por 60 a\u00f1os los abusos sexuales de Maciel, l\u00edder de los Legionarios de Cristo Por Redacci\u00f3n QP\" \/>\n<meta property=\"og:url\" content=\"https:\/\/quehacerpolitico.mx\/?p=13238\" \/>\n<meta property=\"article:published_time\" content=\"2019-01-03T03:42:08+00:00\" \/>\n<meta name=\"author\" content=\"Redacci\u00f3n QP\" \/>\n<meta name=\"twitter:card\" content=\"summary_large_image\" \/>\n<meta name=\"twitter:label1\" content=\"Escrito por\" \/>\n\t<meta name=\"twitter:data1\" content=\"Redacci\u00f3n QP\" \/>\n\t<meta name=\"twitter:label2\" content=\"Tiempo de lectura\" \/>\n\t<meta name=\"twitter:data2\" content=\"2 minutos\" \/>\n<script type=\"application\/ld+json\" class=\"yoast-schema-graph\">{\"@context\":\"https:\\\/\\\/schema.org\",\"@graph\":[{\"@type\":\"Article\",\"@id\":\"https:\\\/\\\/quehacerpolitico.mx\\\/?p=13238#article\",\"isPartOf\":{\"@id\":\"https:\\\/\\\/quehacerpolitico.mx\\\/?p=13238\"},\"author\":{\"name\":\"Redacci\u00f3n QP\",\"@id\":\"https:\\\/\\\/quehacerpolitico.mx\\\/#\\\/schema\\\/person\\\/496d8ad2d1d3f8036101dca7ee39e585\"},\"headline\":\"El Vaticano ocult\u00f3 por 60 a\u00f1os los abusos sexuales de Maciel, l\u00edder de los Legionarios de Cristo\",\"datePublished\":\"2019-01-03T03:42:08+00:00\",\"mainEntityOfPage\":{\"@id\":\"https:\\\/\\\/quehacerpolitico.mx\\\/?p=13238\"},\"wordCount\":400,\"commentCount\":0,\"image\":{\"@id\":\"https:\\\/\\\/quehacerpolitico.mx\\\/?p=13238#primaryimage\"},\"thumbnailUrl\":\"\",\"articleSection\":[\"Noticias\"],\"inLanguage\":\"es\",\"potentialAction\":[{\"@type\":\"CommentAction\",\"name\":\"Comment\",\"target\":[\"https:\\\/\\\/quehacerpolitico.mx\\\/?p=13238#respond\"]}]},{\"@type\":\"WebPage\",\"@id\":\"https:\\\/\\\/quehacerpolitico.mx\\\/?p=13238\",\"url\":\"https:\\\/\\\/quehacerpolitico.mx\\\/?p=13238\",\"name\":\"El Vaticano ocult\u00f3 por 60 a\u00f1os los abusos sexuales de Maciel, l\u00edder de los Legionarios de Cristo -\",\"isPartOf\":{\"@id\":\"https:\\\/\\\/quehacerpolitico.mx\\\/#website\"},\"primaryImageOfPage\":{\"@id\":\"https:\\\/\\\/quehacerpolitico.mx\\\/?p=13238#primaryimage\"},\"image\":{\"@id\":\"https:\\\/\\\/quehacerpolitico.mx\\\/?p=13238#primaryimage\"},\"thumbnailUrl\":\"\",\"datePublished\":\"2019-01-03T03:42:08+00:00\",\"author\":{\"@id\":\"https:\\\/\\\/quehacerpolitico.mx\\\/#\\\/schema\\\/person\\\/496d8ad2d1d3f8036101dca7ee39e585\"},\"breadcrumb\":{\"@id\":\"https:\\\/\\\/quehacerpolitico.mx\\\/?p=13238#breadcrumb\"},\"inLanguage\":\"es\",\"potentialAction\":[{\"@type\":\"ReadAction\",\"target\":[\"https:\\\/\\\/quehacerpolitico.mx\\\/?p=13238\"]}]},{\"@type\":\"ImageObject\",\"inLanguage\":\"es\",\"@id\":\"https:\\\/\\\/quehacerpolitico.mx\\\/?p=13238#primaryimage\",\"url\":\"\",\"contentUrl\":\"\"},{\"@type\":\"BreadcrumbList\",\"@id\":\"https:\\\/\\\/quehacerpolitico.mx\\\/?p=13238#breadcrumb\",\"itemListElement\":[{\"@type\":\"ListItem\",\"position\":1,\"name\":\"Inicio\",\"item\":\"https:\\\/\\\/quehacerpolitico.mx\\\/\"},{\"@type\":\"ListItem\",\"position\":2,\"name\":\"El Vaticano ocult\u00f3 por 60 a\u00f1os los abusos sexuales de Maciel, l\u00edder de los Legionarios de Cristo\"}]},{\"@type\":\"WebSite\",\"@id\":\"https:\\\/\\\/quehacerpolitico.mx\\\/#website\",\"url\":\"https:\\\/\\\/quehacerpolitico.mx\\\/\",\"name\":\"\",\"description\":\"\",\"potentialAction\":[{\"@type\":\"SearchAction\",\"target\":{\"@type\":\"EntryPoint\",\"urlTemplate\":\"https:\\\/\\\/quehacerpolitico.mx\\\/?s={search_term_string}\"},\"query-input\":{\"@type\":\"PropertyValueSpecification\",\"valueRequired\":true,\"valueName\":\"search_term_string\"}}],\"inLanguage\":\"es\"},{\"@type\":\"Person\",\"@id\":\"https:\\\/\\\/quehacerpolitico.mx\\\/#\\\/schema\\\/person\\\/496d8ad2d1d3f8036101dca7ee39e585\",\"name\":\"Redacci\u00f3n QP\",\"image\":{\"@type\":\"ImageObject\",\"inLanguage\":\"es\",\"@id\":\"https:\\\/\\\/secure.gravatar.com\\\/avatar\\\/c7164ed6fdec453195284ad24a5ae5b6e1eed2b848477fa2a4787ba9adf39a41?s=96&d=mm&r=g\",\"url\":\"https:\\\/\\\/secure.gravatar.com\\\/avatar\\\/c7164ed6fdec453195284ad24a5ae5b6e1eed2b848477fa2a4787ba9adf39a41?s=96&d=mm&r=g\",\"contentUrl\":\"https:\\\/\\\/secure.gravatar.com\\\/avatar\\\/c7164ed6fdec453195284ad24a5ae5b6e1eed2b848477fa2a4787ba9adf39a41?s=96&d=mm&r=g\",\"caption\":\"Redacci\u00f3n QP\"},\"url\":\"https:\\\/\\\/quehacerpolitico.mx\\\/?author=2\"}]}<\/script>\n<!-- \/ Yoast SEO plugin. -->","yoast_head_json":{"title":"El Vaticano ocult\u00f3 por 60 a\u00f1os los abusos sexuales de Maciel, l\u00edder de los Legionarios de Cristo -","robots":{"index":"index","follow":"follow","max-snippet":"max-snippet:-1","max-image-preview":"max-image-preview:large","max-video-preview":"max-video-preview:-1"},"canonical":"https:\/\/quehacerpolitico.mx\/?p=13238","og_locale":"es_MX","og_type":"article","og_title":"El Vaticano ocult\u00f3 por 60 a\u00f1os los abusos sexuales de Maciel, l\u00edder de los Legionarios de Cristo -","og_description":"El Vaticano ocult\u00f3 por 60 a\u00f1os los abusos sexuales de Maciel, l\u00edder de los Legionarios de Cristo Por Redacci\u00f3n QP","og_url":"https:\/\/quehacerpolitico.mx\/?p=13238","article_published_time":"2019-01-03T03:42:08+00:00","author":"Redacci\u00f3n QP","twitter_card":"summary_large_image","twitter_misc":{"Escrito por":"Redacci\u00f3n QP","Tiempo de lectura":"2 minutos"},"schema":{"@context":"https:\/\/schema.org","@graph":[{"@type":"Article","@id":"https:\/\/quehacerpolitico.mx\/?p=13238#article","isPartOf":{"@id":"https:\/\/quehacerpolitico.mx\/?p=13238"},"author":{"name":"Redacci\u00f3n QP","@id":"https:\/\/quehacerpolitico.mx\/#\/schema\/person\/496d8ad2d1d3f8036101dca7ee39e585"},"headline":"El Vaticano ocult\u00f3 por 60 a\u00f1os los abusos sexuales de Maciel, l\u00edder de los Legionarios de Cristo","datePublished":"2019-01-03T03:42:08+00:00","mainEntityOfPage":{"@id":"https:\/\/quehacerpolitico.mx\/?p=13238"},"wordCount":400,"commentCount":0,"image":{"@id":"https:\/\/quehacerpolitico.mx\/?p=13238#primaryimage"},"thumbnailUrl":"","articleSection":["Noticias"],"inLanguage":"es","potentialAction":[{"@type":"CommentAction","name":"Comment","target":["https:\/\/quehacerpolitico.mx\/?p=13238#respond"]}]},{"@type":"WebPage","@id":"https:\/\/quehacerpolitico.mx\/?p=13238","url":"https:\/\/quehacerpolitico.mx\/?p=13238","name":"El Vaticano ocult\u00f3 por 60 a\u00f1os los abusos sexuales de Maciel, l\u00edder de los Legionarios de Cristo -","isPartOf":{"@id":"https:\/\/quehacerpolitico.mx\/#website"},"primaryImageOfPage":{"@id":"https:\/\/quehacerpolitico.mx\/?p=13238#primaryimage"},"image":{"@id":"https:\/\/quehacerpolitico.mx\/?p=13238#primaryimage"},"thumbnailUrl":"","datePublished":"2019-01-03T03:42:08+00:00","author":{"@id":"https:\/\/quehacerpolitico.mx\/#\/schema\/person\/496d8ad2d1d3f8036101dca7ee39e585"},"breadcrumb":{"@id":"https:\/\/quehacerpolitico.mx\/?p=13238#breadcrumb"},"inLanguage":"es","potentialAction":[{"@type":"ReadAction","target":["https:\/\/quehacerpolitico.mx\/?p=13238"]}]},{"@type":"ImageObject","inLanguage":"es","@id":"https:\/\/quehacerpolitico.mx\/?p=13238#primaryimage","url":"","contentUrl":""},{"@type":"BreadcrumbList","@id":"https:\/\/quehacerpolitico.mx\/?p=13238#breadcrumb","itemListElement":[{"@type":"ListItem","position":1,"name":"Inicio","item":"https:\/\/quehacerpolitico.mx\/"},{"@type":"ListItem","position":2,"name":"El Vaticano ocult\u00f3 por 60 a\u00f1os los abusos sexuales de Maciel, l\u00edder de los Legionarios de Cristo"}]},{"@type":"WebSite","@id":"https:\/\/quehacerpolitico.mx\/#website","url":"https:\/\/quehacerpolitico.mx\/","name":"","description":"","potentialAction":[{"@type":"SearchAction","target":{"@type":"EntryPoint","urlTemplate":"https:\/\/quehacerpolitico.mx\/?s={search_term_string}"},"query-input":{"@type":"PropertyValueSpecification","valueRequired":true,"valueName":"search_term_string"}}],"inLanguage":"es"},{"@type":"Person","@id":"https:\/\/quehacerpolitico.mx\/#\/schema\/person\/496d8ad2d1d3f8036101dca7ee39e585","name":"Redacci\u00f3n QP","image":{"@type":"ImageObject","inLanguage":"es","@id":"https:\/\/secure.gravatar.com\/avatar\/c7164ed6fdec453195284ad24a5ae5b6e1eed2b848477fa2a4787ba9adf39a41?s=96&d=mm&r=g","url":"https:\/\/secure.gravatar.com\/avatar\/c7164ed6fdec453195284ad24a5ae5b6e1eed2b848477fa2a4787ba9adf39a41?s=96&d=mm&r=g","contentUrl":"https:\/\/secure.gravatar.com\/avatar\/c7164ed6fdec453195284ad24a5ae5b6e1eed2b848477fa2a4787ba9adf39a41?s=96&d=mm&r=g","caption":"Redacci\u00f3n QP"},"url":"https:\/\/quehacerpolitico.mx\/?author=2"}]}},"featured_image_urls":{"full":"","thumbnail":"","medium":"","medium_large":"","large":"","1536x1536":"","2048x2048":"","covernews-featured":"","covernews-medium":""},"author_info":{"display_name":"Redacci\u00f3n QP","author_link":"https:\/\/quehacerpolitico.mx\/?author=2"},"category_info":"<a href=\"https:\/\/quehacerpolitico.mx\/?cat=2\" rel=\"category\">Noticias<\/a>","tag_info":"Noticias","comment_count":"0","_links":{"self":[{"href":"https:\/\/quehacerpolitico.mx\/index.php?rest_route=\/wp\/v2\/posts\/13238","targetHints":{"allow":["GET"]}}],"collection":[{"href":"https:\/\/quehacerpolitico.mx\/index.php?rest_route=\/wp\/v2\/posts"}],"about":[{"href":"https:\/\/quehacerpolitico.mx\/index.php?rest_route=\/wp\/v2\/types\/post"}],"author":[{"embeddable":true,"href":"https:\/\/quehacerpolitico.mx\/index.php?rest_route=\/wp\/v2\/users\/2"}],"replies":[{"embeddable":true,"href":"https:\/\/quehacerpolitico.mx\/index.php?rest_route=%2Fwp%2Fv2%2Fcomments&post=13238"}],"version-history":[{"count":0,"href":"https:\/\/quehacerpolitico.mx\/index.php?rest_route=\/wp\/v2\/posts\/13238\/revisions"}],"wp:featuredmedia":[{"embeddable":true,"href":"https:\/\/quehacerpolitico.mx\/index.php?rest_route=\/"}],"wp:attachment":[{"href":"https:\/\/quehacerpolitico.mx\/index.php?rest_route=%2Fwp%2Fv2%2Fmedia&parent=13238"}],"wp:term":[{"taxonomy":"category","embeddable":true,"href":"https:\/\/quehacerpolitico.mx\/index.php?rest_route=%2Fwp%2Fv2%2Fcategories&post=13238"},{"taxonomy":"post_tag","embeddable":true,"href":"https:\/\/quehacerpolitico.mx\/index.php?rest_route=%2Fwp%2Fv2%2Ftags&post=13238"}],"curies":[{"name":"wp","href":"https:\/\/api.w.org\/{rel}","templated":true}]}}