{"id":13236,"date":"2019-01-03T02:56:48","date_gmt":"2019-01-03T02:56:48","guid":{"rendered":"http:\/\/quehacerpolitico.mx\/autoridades-confirman-permanencia-de-mando-unico-en-morelos\/"},"modified":"2019-01-03T02:56:48","modified_gmt":"2019-01-03T02:56:48","slug":"autoridades-confirman-permanencia-de-mando-unico-en-morelos","status":"publish","type":"post","link":"https:\/\/quehacerpolitico.mx\/?p=13236","title":{"rendered":"Autoridades confirman permanencia de Mando \u00danico en Morelos"},"content":{"rendered":"<h1 class=\"news-title\">Autoridades confirman permanencia de Mando \u00danico en Morelos<\/h1>\n<p>Por Redacci\u00f3n QP<\/p>\n<header class=\"news-header\">\n<div class=\"news-subtitle\">\n<p>El comisionado Jos\u00e9 Antonio Ortiz adelant\u00f3 que en los municipios donde los alcaldes se nieguen a firmar el convenio, se impondr\u00e1 el sistema policial por decreto<\/p>\n<\/div>\n<\/header>\n<div class=\"news-content\">\n<div class=\"news-body row\">\n<p>El comisionado Estatal de Seguridad P\u00fablica, Jos\u00e9 Antonio Ortiz Guarneros, confirm\u00f3 la permanencia del modelo policiaco de Mando \u00danico en el estado mediante la firma de convenios, y adelant\u00f3 que en aquellos municipios donde los alcaldes se nieguen a firmar se impondr\u00e1 el sistema policial por decreto.<\/p>\n<p><strong>Es el caso, dijo, de la capital morelense donde asegur\u00f3 que la alcald\u00eda se encargar\u00e1 del aspecto administrativo, pero la operatividad la mantendr\u00e1 la Comisi\u00f3n Estatal de Seguridad P\u00fablica (CESP).<\/strong> De hecho el alcalde capitalino Francisco Antonio Villalobos Ad\u00e1n acept\u00f3 el acuerdo en esos t\u00e9rminos.<\/p>\n<p><strong>El primer decreto para imponer el Mando \u00danico en los 33 municipios se registr\u00f3 en enero de 2016<\/strong>, durante la administraci\u00f3n del perredista Graco Ram\u00edrez Garrido (2012-2018), &#8220;ante las alteraciones graves al orden p\u00fablico&#8221; suscitadas por el asesinato de la alcaldesa Gisela Raquel Mota Ocampo, acribillada en el interior de su domicilio por un grupo armado un d\u00eda despu\u00e9s de rendir la protesta de ley.<\/p>\n<p>El decreto entr\u00f3 en vigor con el ayuntamiento de Cuernavaca y cuando Cuauht\u00e9moc Blanco tom\u00f3 posesi\u00f3n como alcalde la Comisi\u00f3n Estatal de Seguridad asumi\u00f3 el control de la Secretar\u00eda de Seguridad Ciudadana (SSC) e impidi\u00f3 que el ex diputado Carlos de la Rosa, designado por Blanco Bravo como mando policiaco, entrara al edificio bajo el argumento de que no contaba con los ex\u00e1menes de Control de Confianza, requisito indispensable para estar al frente de la instituci\u00f3n, se inform\u00f3 en un comunicado.<\/p>\n<p><strong>Blanco Bravo mantuvo su negativa para entregar la SSC al gobierno de Morelos, pero el entonces gobernador Graco Ram\u00edrez insisti\u00f3 en la necesidad de combatir al crimen en Cuernavaca<\/strong> mediante la estrategia de Mando \u00danico, y el modelo policial permaneci\u00f3 hasta esta administraci\u00f3n.<\/p>\n<p>Ahora el comisionado de Seguridad, vicealmirante Jos\u00e9 Antonio Ortiz Guarneros, afirm\u00f3 que mantendr\u00e1n la estrategia de Mando \u00danico para combatir los altos \u00edndices de violencia en el estado, que se recrudecieron hacia el final de 2018.<\/p>\n<p><strong>Violencia en cifras<\/strong><\/p>\n<p>Acorde a las fichas de levantamiento de cuerpos de la Fiscal\u00eda General del Estado, <strong>diciembre cerr\u00f3 con 86 homicidios dolosos, 15 de las v\u00edctimas eran mujeres, 57 de los casos ocurridos fueron por impacto de bala<\/strong>, 10 por golpes, seis desconocidas, pero con se\u00f1ales de violencia sin mayores detalles, cuatro degollados, cuatro acuchillados, dos calcinados, dos estrangulados, un desmembrado y una lapidada.<\/p>\n<p>Durante los cambios de gobiernos se observa un incremento de la violencia homicida. El cambio de gobierno del panista Marco Adame y la entrada del perredista Graco Ram\u00edrez, en 2012, dej\u00f3 867 personas asesinadas, cifras registradas en el Secretariado Ejecutivo del sistema Nacional de Seguridad P\u00fablica.<\/p>\n<p><strong>Con el cambio de gobierno en 2018, el a\u00f1o cerr\u00f3 con 819 asesinatos, el m\u00e1s violento de los \u00faltimos seis a\u00f1os<\/strong>; 82 de estos cr\u00edmenes fueron mujeres y 231 de se cometieron los \u00faltimos tres meses, con el nuevo sexenio que inici\u00f3 el 1 de octubre pasado.<\/p>\n<\/div>\n<\/div>\n","protected":false},"excerpt":{"rendered":"<p>Autoridades confirman permanencia de Mando \u00danico en Morelos<br \/>\nPor Redacci\u00f3n QP<\/p>\n","protected":false},"author":2,"featured_media":13235,"comment_status":"open","ping_status":"open","sticky":false,"template":"","format":"standard","meta":{"_monsterinsights_skip_tracking":false,"_monsterinsights_sitenote_active":false,"_monsterinsights_sitenote_note":"","_monsterinsights_sitenote_category":0,"footnotes":""},"categories":[2],"tags":[],"class_list":["post-13236","post","type-post","status-publish","format-standard","has-post-thumbnail","hentry","category-noticias"],"yoast_head":"<!-- This site is optimized with the Yoast SEO plugin v27.3 - https:\/\/yoast.com\/product\/yoast-seo-wordpress\/ -->\n<title>Autoridades confirman permanencia de Mando \u00danico en Morelos -<\/title>\n<meta name=\"robots\" content=\"index, follow, max-snippet:-1, max-image-preview:large, max-video-preview:-1\" \/>\n<link rel=\"canonical\" href=\"https:\/\/quehacerpolitico.mx\/?p=13236\" \/>\n<meta property=\"og:locale\" content=\"es_MX\" \/>\n<meta property=\"og:type\" content=\"article\" \/>\n<meta property=\"og:title\" content=\"Autoridades confirman permanencia de Mando \u00danico en Morelos -\" \/>\n<meta property=\"og:description\" content=\"Autoridades confirman permanencia de Mando \u00danico en Morelos Por Redacci\u00f3n QP\" \/>\n<meta property=\"og:url\" content=\"https:\/\/quehacerpolitico.mx\/?p=13236\" \/>\n<meta property=\"article:published_time\" content=\"2019-01-03T02:56:48+00:00\" \/>\n<meta name=\"author\" content=\"Redacci\u00f3n QP\" \/>\n<meta name=\"twitter:card\" content=\"summary_large_image\" \/>\n<meta name=\"twitter:label1\" content=\"Escrito por\" \/>\n\t<meta name=\"twitter:data1\" content=\"Redacci\u00f3n QP\" \/>\n\t<meta name=\"twitter:label2\" content=\"Tiempo de lectura\" \/>\n\t<meta name=\"twitter:data2\" content=\"3 minutos\" \/>\n<script type=\"application\/ld+json\" class=\"yoast-schema-graph\">{\"@context\":\"https:\\\/\\\/schema.org\",\"@graph\":[{\"@type\":\"Article\",\"@id\":\"https:\\\/\\\/quehacerpolitico.mx\\\/?p=13236#article\",\"isPartOf\":{\"@id\":\"https:\\\/\\\/quehacerpolitico.mx\\\/?p=13236\"},\"author\":{\"name\":\"Redacci\u00f3n QP\",\"@id\":\"https:\\\/\\\/quehacerpolitico.mx\\\/#\\\/schema\\\/person\\\/496d8ad2d1d3f8036101dca7ee39e585\"},\"headline\":\"Autoridades confirman permanencia de Mando \u00danico en Morelos\",\"datePublished\":\"2019-01-03T02:56:48+00:00\",\"mainEntityOfPage\":{\"@id\":\"https:\\\/\\\/quehacerpolitico.mx\\\/?p=13236\"},\"wordCount\":536,\"commentCount\":0,\"image\":{\"@id\":\"https:\\\/\\\/quehacerpolitico.mx\\\/?p=13236#primaryimage\"},\"thumbnailUrl\":\"\",\"articleSection\":[\"Noticias\"],\"inLanguage\":\"es\",\"potentialAction\":[{\"@type\":\"CommentAction\",\"name\":\"Comment\",\"target\":[\"https:\\\/\\\/quehacerpolitico.mx\\\/?p=13236#respond\"]}]},{\"@type\":\"WebPage\",\"@id\":\"https:\\\/\\\/quehacerpolitico.mx\\\/?p=13236\",\"url\":\"https:\\\/\\\/quehacerpolitico.mx\\\/?p=13236\",\"name\":\"Autoridades confirman permanencia de Mando \u00danico en Morelos -\",\"isPartOf\":{\"@id\":\"https:\\\/\\\/quehacerpolitico.mx\\\/#website\"},\"primaryImageOfPage\":{\"@id\":\"https:\\\/\\\/quehacerpolitico.mx\\\/?p=13236#primaryimage\"},\"image\":{\"@id\":\"https:\\\/\\\/quehacerpolitico.mx\\\/?p=13236#primaryimage\"},\"thumbnailUrl\":\"\",\"datePublished\":\"2019-01-03T02:56:48+00:00\",\"author\":{\"@id\":\"https:\\\/\\\/quehacerpolitico.mx\\\/#\\\/schema\\\/person\\\/496d8ad2d1d3f8036101dca7ee39e585\"},\"breadcrumb\":{\"@id\":\"https:\\\/\\\/quehacerpolitico.mx\\\/?p=13236#breadcrumb\"},\"inLanguage\":\"es\",\"potentialAction\":[{\"@type\":\"ReadAction\",\"target\":[\"https:\\\/\\\/quehacerpolitico.mx\\\/?p=13236\"]}]},{\"@type\":\"ImageObject\",\"inLanguage\":\"es\",\"@id\":\"https:\\\/\\\/quehacerpolitico.mx\\\/?p=13236#primaryimage\",\"url\":\"\",\"contentUrl\":\"\"},{\"@type\":\"BreadcrumbList\",\"@id\":\"https:\\\/\\\/quehacerpolitico.mx\\\/?p=13236#breadcrumb\",\"itemListElement\":[{\"@type\":\"ListItem\",\"position\":1,\"name\":\"Inicio\",\"item\":\"https:\\\/\\\/quehacerpolitico.mx\\\/\"},{\"@type\":\"ListItem\",\"position\":2,\"name\":\"Autoridades confirman permanencia de Mando \u00danico en Morelos\"}]},{\"@type\":\"WebSite\",\"@id\":\"https:\\\/\\\/quehacerpolitico.mx\\\/#website\",\"url\":\"https:\\\/\\\/quehacerpolitico.mx\\\/\",\"name\":\"\",\"description\":\"\",\"potentialAction\":[{\"@type\":\"SearchAction\",\"target\":{\"@type\":\"EntryPoint\",\"urlTemplate\":\"https:\\\/\\\/quehacerpolitico.mx\\\/?s={search_term_string}\"},\"query-input\":{\"@type\":\"PropertyValueSpecification\",\"valueRequired\":true,\"valueName\":\"search_term_string\"}}],\"inLanguage\":\"es\"},{\"@type\":\"Person\",\"@id\":\"https:\\\/\\\/quehacerpolitico.mx\\\/#\\\/schema\\\/person\\\/496d8ad2d1d3f8036101dca7ee39e585\",\"name\":\"Redacci\u00f3n QP\",\"image\":{\"@type\":\"ImageObject\",\"inLanguage\":\"es\",\"@id\":\"https:\\\/\\\/secure.gravatar.com\\\/avatar\\\/c7164ed6fdec453195284ad24a5ae5b6e1eed2b848477fa2a4787ba9adf39a41?s=96&d=mm&r=g\",\"url\":\"https:\\\/\\\/secure.gravatar.com\\\/avatar\\\/c7164ed6fdec453195284ad24a5ae5b6e1eed2b848477fa2a4787ba9adf39a41?s=96&d=mm&r=g\",\"contentUrl\":\"https:\\\/\\\/secure.gravatar.com\\\/avatar\\\/c7164ed6fdec453195284ad24a5ae5b6e1eed2b848477fa2a4787ba9adf39a41?s=96&d=mm&r=g\",\"caption\":\"Redacci\u00f3n QP\"},\"url\":\"https:\\\/\\\/quehacerpolitico.mx\\\/?author=2\"}]}<\/script>\n<!-- \/ Yoast SEO plugin. -->","yoast_head_json":{"title":"Autoridades confirman permanencia de Mando \u00danico en Morelos -","robots":{"index":"index","follow":"follow","max-snippet":"max-snippet:-1","max-image-preview":"max-image-preview:large","max-video-preview":"max-video-preview:-1"},"canonical":"https:\/\/quehacerpolitico.mx\/?p=13236","og_locale":"es_MX","og_type":"article","og_title":"Autoridades confirman permanencia de Mando \u00danico en Morelos -","og_description":"Autoridades confirman permanencia de Mando \u00danico en Morelos Por Redacci\u00f3n QP","og_url":"https:\/\/quehacerpolitico.mx\/?p=13236","article_published_time":"2019-01-03T02:56:48+00:00","author":"Redacci\u00f3n QP","twitter_card":"summary_large_image","twitter_misc":{"Escrito por":"Redacci\u00f3n QP","Tiempo de lectura":"3 minutos"},"schema":{"@context":"https:\/\/schema.org","@graph":[{"@type":"Article","@id":"https:\/\/quehacerpolitico.mx\/?p=13236#article","isPartOf":{"@id":"https:\/\/quehacerpolitico.mx\/?p=13236"},"author":{"name":"Redacci\u00f3n QP","@id":"https:\/\/quehacerpolitico.mx\/#\/schema\/person\/496d8ad2d1d3f8036101dca7ee39e585"},"headline":"Autoridades confirman permanencia de Mando \u00danico en Morelos","datePublished":"2019-01-03T02:56:48+00:00","mainEntityOfPage":{"@id":"https:\/\/quehacerpolitico.mx\/?p=13236"},"wordCount":536,"commentCount":0,"image":{"@id":"https:\/\/quehacerpolitico.mx\/?p=13236#primaryimage"},"thumbnailUrl":"","articleSection":["Noticias"],"inLanguage":"es","potentialAction":[{"@type":"CommentAction","name":"Comment","target":["https:\/\/quehacerpolitico.mx\/?p=13236#respond"]}]},{"@type":"WebPage","@id":"https:\/\/quehacerpolitico.mx\/?p=13236","url":"https:\/\/quehacerpolitico.mx\/?p=13236","name":"Autoridades confirman permanencia de Mando \u00danico en Morelos -","isPartOf":{"@id":"https:\/\/quehacerpolitico.mx\/#website"},"primaryImageOfPage":{"@id":"https:\/\/quehacerpolitico.mx\/?p=13236#primaryimage"},"image":{"@id":"https:\/\/quehacerpolitico.mx\/?p=13236#primaryimage"},"thumbnailUrl":"","datePublished":"2019-01-03T02:56:48+00:00","author":{"@id":"https:\/\/quehacerpolitico.mx\/#\/schema\/person\/496d8ad2d1d3f8036101dca7ee39e585"},"breadcrumb":{"@id":"https:\/\/quehacerpolitico.mx\/?p=13236#breadcrumb"},"inLanguage":"es","potentialAction":[{"@type":"ReadAction","target":["https:\/\/quehacerpolitico.mx\/?p=13236"]}]},{"@type":"ImageObject","inLanguage":"es","@id":"https:\/\/quehacerpolitico.mx\/?p=13236#primaryimage","url":"","contentUrl":""},{"@type":"BreadcrumbList","@id":"https:\/\/quehacerpolitico.mx\/?p=13236#breadcrumb","itemListElement":[{"@type":"ListItem","position":1,"name":"Inicio","item":"https:\/\/quehacerpolitico.mx\/"},{"@type":"ListItem","position":2,"name":"Autoridades confirman permanencia de Mando \u00danico en Morelos"}]},{"@type":"WebSite","@id":"https:\/\/quehacerpolitico.mx\/#website","url":"https:\/\/quehacerpolitico.mx\/","name":"","description":"","potentialAction":[{"@type":"SearchAction","target":{"@type":"EntryPoint","urlTemplate":"https:\/\/quehacerpolitico.mx\/?s={search_term_string}"},"query-input":{"@type":"PropertyValueSpecification","valueRequired":true,"valueName":"search_term_string"}}],"inLanguage":"es"},{"@type":"Person","@id":"https:\/\/quehacerpolitico.mx\/#\/schema\/person\/496d8ad2d1d3f8036101dca7ee39e585","name":"Redacci\u00f3n QP","image":{"@type":"ImageObject","inLanguage":"es","@id":"https:\/\/secure.gravatar.com\/avatar\/c7164ed6fdec453195284ad24a5ae5b6e1eed2b848477fa2a4787ba9adf39a41?s=96&d=mm&r=g","url":"https:\/\/secure.gravatar.com\/avatar\/c7164ed6fdec453195284ad24a5ae5b6e1eed2b848477fa2a4787ba9adf39a41?s=96&d=mm&r=g","contentUrl":"https:\/\/secure.gravatar.com\/avatar\/c7164ed6fdec453195284ad24a5ae5b6e1eed2b848477fa2a4787ba9adf39a41?s=96&d=mm&r=g","caption":"Redacci\u00f3n QP"},"url":"https:\/\/quehacerpolitico.mx\/?author=2"}]}},"featured_image_urls":{"full":"","thumbnail":"","medium":"","medium_large":"","large":"","1536x1536":"","2048x2048":"","covernews-featured":"","covernews-medium":""},"author_info":{"display_name":"Redacci\u00f3n QP","author_link":"https:\/\/quehacerpolitico.mx\/?author=2"},"category_info":"<a href=\"https:\/\/quehacerpolitico.mx\/?cat=2\" rel=\"category\">Noticias<\/a>","tag_info":"Noticias","comment_count":"0","_links":{"self":[{"href":"https:\/\/quehacerpolitico.mx\/index.php?rest_route=\/wp\/v2\/posts\/13236","targetHints":{"allow":["GET"]}}],"collection":[{"href":"https:\/\/quehacerpolitico.mx\/index.php?rest_route=\/wp\/v2\/posts"}],"about":[{"href":"https:\/\/quehacerpolitico.mx\/index.php?rest_route=\/wp\/v2\/types\/post"}],"author":[{"embeddable":true,"href":"https:\/\/quehacerpolitico.mx\/index.php?rest_route=\/wp\/v2\/users\/2"}],"replies":[{"embeddable":true,"href":"https:\/\/quehacerpolitico.mx\/index.php?rest_route=%2Fwp%2Fv2%2Fcomments&post=13236"}],"version-history":[{"count":0,"href":"https:\/\/quehacerpolitico.mx\/index.php?rest_route=\/wp\/v2\/posts\/13236\/revisions"}],"wp:featuredmedia":[{"embeddable":true,"href":"https:\/\/quehacerpolitico.mx\/index.php?rest_route=\/"}],"wp:attachment":[{"href":"https:\/\/quehacerpolitico.mx\/index.php?rest_route=%2Fwp%2Fv2%2Fmedia&parent=13236"}],"wp:term":[{"taxonomy":"category","embeddable":true,"href":"https:\/\/quehacerpolitico.mx\/index.php?rest_route=%2Fwp%2Fv2%2Fcategories&post=13236"},{"taxonomy":"post_tag","embeddable":true,"href":"https:\/\/quehacerpolitico.mx\/index.php?rest_route=%2Fwp%2Fv2%2Ftags&post=13236"}],"curies":[{"name":"wp","href":"https:\/\/api.w.org\/{rel}","templated":true}]}}