{"id":13234,"date":"2019-01-03T02:49:11","date_gmt":"2019-01-03T02:49:11","guid":{"rendered":"http:\/\/quehacerpolitico.mx\/la-casa-de-los-angeles-es-rentada-angelica-rivera-es-del-padre-de-mis-hijas-dice\/"},"modified":"2019-01-03T02:49:11","modified_gmt":"2019-01-03T02:49:11","slug":"la-casa-de-los-angeles-es-rentada-angelica-rivera-es-del-padre-de-mis-hijas-dice","status":"publish","type":"post","link":"https:\/\/quehacerpolitico.mx\/?p=13234","title":{"rendered":"La casa de Los \u00c1ngeles es rentada: Ang\u00e9lica Rivera; \u201ces del padre de mis hijas\u201d, dice"},"content":{"rendered":"<h1>La casa de Los \u00c1ngeles es rentada: Ang\u00e9lica Rivera; \u201ces del padre de mis hijas\u201d, dice<\/h1>\n<p>Por Redacci\u00f3n QP<\/p>\n<p>La <strong>ex Primera Dama de M\u00e9xico<\/strong>, <strong>Ang\u00e9lica Rivera<\/strong> Hurtado, dijo que la informaci\u00f3n compartida por la revista <em>TVNotas<\/em> es falsa.<\/p>\n<p>El medio de espect\u00e1culos mexicano asegur\u00f3 que Rivera se<strong> habr\u00eda mudado<\/strong> a vivir a <strong>Los \u00c1ngeles<\/strong>\u00a0, California, donde habr\u00eda <strong>comprado<\/strong>una residencia en una zona exclusiva de esa ciudad estadounidense por m\u00e1s de\u00a0<strong>63 millones<\/strong>de pesos.<\/p>\n<p>De acuerdo con un reportaje de la revista de espect\u00e1culos <em>TVNotas<\/em>, la ex actriz de <em>Televisa<\/em>compr\u00f3 la <strong>residencia<\/strong> ubicada en la avenida Highland en <strong>Los \u00c1ngeles<\/strong>, California.<\/p>\n<p>La publicaci\u00f3n comparte en su edici\u00f3n de este enero diversas fotograf\u00edas de \u201cla mansi\u00f3n\u201d de Rivera.<em> TVNotas<\/em> muestra desde la fachada, la sala principal y la de estar, el cuarto de lavado, de los interiores de la habitaci\u00f3n principal, de la cocina e incluso de un cl\u00f3set.<\/p>\n<p>La publicaci\u00f3n cita a una persona cercana a la ex Primera Dama mexicana, quien confirma que Rivera Hurtado se mud\u00f3 a Estados Unidos luego de dejar Los Pinos \u201cporque quer\u00eda alejarse de M\u00e9xico\u201d. Tambi\u00e9n refiere que decidi\u00f3 irse a Los \u00c1ngeles porque ah\u00ed su hija Sof\u00eda estudia actuaci\u00f3n y porque en Hollywood hay m\u00e1s oportunidades.<\/p>\n<p>Aunque la revista no dice qui\u00e9n le proporcion\u00f3 las fotograf\u00edas de la residencia ni los datos de su costo, s\u00ed detalla que la mansi\u00f3n se construy\u00f3 en 1928, que tiene cinco rec\u00e1maras, cuatro ba\u00f1os completos y uno medio, as\u00ed como patios delantero y trasero.<\/p>\n<div id=\"attachment_3517674\" class=\"wp-caption alignnone\"><img loading=\"lazy\" decoding=\"async\" class=\"size-full wp-image-3517674\" src=\"https:\/\/www.sinembargo.mx\/wp-content\/uploads\/2019\/01\/casala.jpg\" sizes=\"auto, (max-width: 700px) 100vw, 700px\" srcset=\"https:\/\/www.sinembargo.mx\/wp-content\/uploads\/2019\/01\/casala.jpg 700w, https:\/\/www.sinembargo.mx\/wp-content\/uploads\/2019\/01\/casala-300x184.jpg 300w\" alt=\"\" width=\"700\" height=\"429\" \/><\/p>\n<p class=\"wp-caption-text\">La revista asegura que la mansi\u00f3n tiene 5 rec\u00e1maras, cuatro ba\u00f1os completos y uno medio, patios delantero y trasero. Foto: Google Maps<\/p>\n<\/div>\n<div id=\"attachment_3517675\" class=\"wp-caption alignnone\"><img loading=\"lazy\" decoding=\"async\" class=\"size-full wp-image-3517675\" src=\"https:\/\/www.sinembargo.mx\/wp-content\/uploads\/2019\/01\/casala-1.jpg\" sizes=\"auto, (max-width: 700px) 100vw, 700px\" srcset=\"https:\/\/www.sinembargo.mx\/wp-content\/uploads\/2019\/01\/casala-1.jpg 700w, https:\/\/www.sinembargo.mx\/wp-content\/uploads\/2019\/01\/casala-1-300x185.jpg 300w\" alt=\"\" width=\"700\" height=\"431\" \/><\/p>\n<p class=\"wp-caption-text\">Y se\u00f1ala que el terreno mide en total mil metros cuadrados. Foto: Google maps<\/p>\n<\/div>\n<p>La publicaci\u00f3n describe tambi\u00e9n que el terreno de la residencia mide en total mil metros cuadrados y la construcci\u00f3n 400 metros cuadrados.<\/p>\n<p>Adem\u00e1s,<em> TVNotas<\/em>\u00a0comparte fotograf\u00edas de un cami\u00f3n de mudanza frente a la residencia, la cual asegura se efectu\u00f3 el pasado 12 de diciembre. La revista dice que un d\u00eda despu\u00e9s vio a Ang\u00e9lica Rivera salir de la casa y subirse a una camioneta con sus guaruras.<\/p>\n<p>En la imagen se ve a Rivera bajar por las escaleras del patio delantero de la casa vestida con una playera blanca, una mascada y usando lentes de sol. Luego, agrega el reportaje, se vio a Rivera en el aeropuerto de Los \u00c1ngeles para viajar a la Ciudad de M\u00e9xico.<\/p>\n<p><strong>Se\u00a0<\/strong>pudo constatar, en una b\u00fasqueda en Google Maps, que la residencia de la que <em>TVNotas<\/em> comparte fotograf\u00edas se encuentra en el n\u00famero 148 de la avenida Highland de Los \u00c1ngeles, California.<\/p>\n<p>Una parte de la avenida Highland se enmarca por las famosas palmeras de Los \u00c1ngeles que se sembraron en 1928, entre Melrose Avenue y Wilshire Boulevard, y que fue fue designada Monumento Hist\u00f3rico-Cultural de Los \u00c1ngeles en 1972.<\/p>\n<p>La casa se ubica en el barrio residencial de Hancock Park y muy cerca de Hollywood, sede de la industria cinematogr\u00e1fica de Estados Unidos.<\/p>\n<p>De acuerdo con una consulta <b>en<\/b>\u00a0diversas empresas de bienes ra\u00edces en Los \u00c1ngeles, las casas del barrio donde se ubica la residencia mencionada cuestan entre 2 y 3 millones de d\u00f3lares, y <em>TVNotas<\/em> indica que Ang\u00e9lica Rivera compr\u00f3 una de las casas m\u00e1s caras de la zona.<\/p>\n<p>\u201cEn relaci\u00f3n al art\u00edculo publicado por la revista <em>TVyNotas<\/em>, la informaci\u00f3n que di\u00f3 es falsa, la casa que mencionan es rentada por el pap\u00e1 de mis hijas, por sus actividades de estudio y trabajo. Lamento profundamente esta informaci\u00f3n falsa y sin sustento que lo \u00fanico que provoca es la desinformaci\u00f3n a la opini\u00f3n p\u00fablica\u201d, respondi\u00f3 Ang\u00e9lica Rivera en Facebook.<\/p>\n<p><strong>EL ESC\u00c1NDALO \u201cCASA BLANCA\u201d<\/strong><\/p>\n<p>Hija de un oculista y egresada del colegio de monjas cat\u00f3licas \u201cLas Rosas\u201d, Ang\u00e9lica Rivera es evocada en el mundo art\u00edstico por su actuaci\u00f3n en once telenovelas, entre ellas La Due\u00f1a (1995) y Destilando Amor (2007) por las que gan\u00f3 premios y se qued\u00f3 con el sobrenombre de \u201cLa Gaviota\u201d.<\/p>\n<p>En 2014, el periodista Rafael Cabrera, seg\u00fan su versi\u00f3n, vio en la fila de un supermercado la portada de la revista \u00a1Hola!, la cual mostraba a la actriz en su famosa \u201ccasa blanca\u201d.<\/p>\n<p>En noviembre de ese 2014, el equipo de investigaci\u00f3n de la periodista Carmen Aristegui revel\u00f3 que la \u201ccasa blanca\u201d era una mansi\u00f3n ubicada en la calle Sierra Gorda, en las Lomas de Chapultepec, en la Ciudad de M\u00e9xico, valuada en 7 millones de d\u00f3lares. La casa fue construida al gusto de Ang\u00e9lica Rivera por Grupo Higa, propiedad del ingeniero Juan Armando Hinojosa, y una de las empresas que gan\u00f3 la licitaci\u00f3n cancelada del Tren M\u00e9xico-Quer\u00e9taro y que levant\u00f3 obras importantes en el Estado de M\u00e9xico cuando Pe\u00f1a fue Gobernador de esa entidad.<\/p>\n<p>Ang\u00e9lica Rivera respondi\u00f3 sobre la casa con un video de siete minutos asegurando que la propiedad era fruto de su carrera art\u00edstica durante 25 a\u00f1os en <em>Televisa<\/em> y anunci\u00f3 que vendi\u00f3 los derechos derivados del contrato para que dejara de ser pretexto para da\u00f1ar a su familia. Durante una serie de videos para promocionar su Sexto y \u00faltimo Informe de Gobierno, Pe\u00f1a Nieto ofreci\u00f3 una disculpa a los mexicanos y reiter\u00f3 que ese caso \u201cimpact\u00f3 negativamente en la credibilidad del Gobierno\u201d; tambi\u00e9n expuso que no debi\u00f3 permitir que su esposa diera esa explicaci\u00f3n ante las c\u00e1maras.<\/p>\n<blockquote class=\"twitter-tweet\" data-width=\"550\" data-dnt=\"true\">\n<p lang=\"es\" dir=\"ltr\">Ang\u00e9lica Rivera dice que no est\u00e9n de chismosos, que son puras mentiras \ud83d\ude48\ud83d\ude4a <a href=\"https:\/\/t.co\/hb0piI403f\">pic.twitter.com\/hb0piI403f<\/a><\/p>\n<p>&mdash; Ruido en la Red (@RuidoEnLaRed) <a href=\"https:\/\/twitter.com\/RuidoEnLaRed\/status\/1080644748556357633?ref_src=twsrc%5Etfw\">January 3, 2019<\/a><\/p><\/blockquote>\n<p><script async src=\"https:\/\/platform.twitter.com\/widgets.js\" charset=\"utf-8\"><\/script><\/p>\n","protected":false},"excerpt":{"rendered":"<p>La casa de Los \u00c1ngeles es rentada: Ang\u00e9lica Rivera; \u201ces del padre de mis hijas\u201d, dice<br \/>\nPor Redacci\u00f3n QP<\/p>\n","protected":false},"author":2,"featured_media":13233,"comment_status":"open","ping_status":"open","sticky":false,"template":"","format":"standard","meta":{"_monsterinsights_skip_tracking":false,"_monsterinsights_sitenote_active":false,"_monsterinsights_sitenote_note":"","_monsterinsights_sitenote_category":0,"footnotes":""},"categories":[58],"tags":[],"class_list":["post-13234","post","type-post","status-publish","format-standard","has-post-thumbnail","hentry","category-cultura"],"yoast_head":"<!-- This site is optimized with the Yoast SEO plugin v27.3 - https:\/\/yoast.com\/product\/yoast-seo-wordpress\/ -->\n<title>La casa de Los \u00c1ngeles es rentada: Ang\u00e9lica Rivera; \u201ces del padre de mis hijas\u201d, dice -<\/title>\n<meta name=\"robots\" content=\"index, follow, max-snippet:-1, max-image-preview:large, max-video-preview:-1\" \/>\n<link rel=\"canonical\" href=\"https:\/\/quehacerpolitico.mx\/?p=13234\" \/>\n<meta property=\"og:locale\" content=\"es_MX\" \/>\n<meta property=\"og:type\" content=\"article\" \/>\n<meta property=\"og:title\" content=\"La casa de Los \u00c1ngeles es rentada: Ang\u00e9lica Rivera; \u201ces del padre de mis hijas\u201d, dice -\" \/>\n<meta property=\"og:description\" content=\"La casa de Los \u00c1ngeles es rentada: Ang\u00e9lica Rivera; \u201ces del padre de mis hijas\u201d, dice Por Redacci\u00f3n QP\" \/>\n<meta property=\"og:url\" content=\"https:\/\/quehacerpolitico.mx\/?p=13234\" \/>\n<meta property=\"article:published_time\" content=\"2019-01-03T02:49:11+00:00\" \/>\n<meta name=\"author\" content=\"Redacci\u00f3n QP\" \/>\n<meta name=\"twitter:card\" content=\"summary_large_image\" \/>\n<meta name=\"twitter:label1\" content=\"Escrito por\" \/>\n\t<meta name=\"twitter:data1\" content=\"Redacci\u00f3n QP\" \/>\n\t<meta name=\"twitter:label2\" content=\"Tiempo de lectura\" \/>\n\t<meta name=\"twitter:data2\" content=\"5 minutos\" \/>\n<script type=\"application\/ld+json\" class=\"yoast-schema-graph\">{\"@context\":\"https:\\\/\\\/schema.org\",\"@graph\":[{\"@type\":\"Article\",\"@id\":\"https:\\\/\\\/quehacerpolitico.mx\\\/?p=13234#article\",\"isPartOf\":{\"@id\":\"https:\\\/\\\/quehacerpolitico.mx\\\/?p=13234\"},\"author\":{\"name\":\"Redacci\u00f3n QP\",\"@id\":\"https:\\\/\\\/quehacerpolitico.mx\\\/#\\\/schema\\\/person\\\/496d8ad2d1d3f8036101dca7ee39e585\"},\"headline\":\"La casa de Los \u00c1ngeles es rentada: Ang\u00e9lica Rivera; \u201ces del padre de mis hijas\u201d, dice\",\"datePublished\":\"2019-01-03T02:49:11+00:00\",\"mainEntityOfPage\":{\"@id\":\"https:\\\/\\\/quehacerpolitico.mx\\\/?p=13234\"},\"wordCount\":969,\"commentCount\":0,\"image\":{\"@id\":\"https:\\\/\\\/quehacerpolitico.mx\\\/?p=13234#primaryimage\"},\"thumbnailUrl\":\"\",\"articleSection\":[\"Cultura y Entretenimiento\"],\"inLanguage\":\"es\",\"potentialAction\":[{\"@type\":\"CommentAction\",\"name\":\"Comment\",\"target\":[\"https:\\\/\\\/quehacerpolitico.mx\\\/?p=13234#respond\"]}]},{\"@type\":\"WebPage\",\"@id\":\"https:\\\/\\\/quehacerpolitico.mx\\\/?p=13234\",\"url\":\"https:\\\/\\\/quehacerpolitico.mx\\\/?p=13234\",\"name\":\"La casa de Los \u00c1ngeles es rentada: Ang\u00e9lica Rivera; \u201ces del padre de mis hijas\u201d, dice -\",\"isPartOf\":{\"@id\":\"https:\\\/\\\/quehacerpolitico.mx\\\/#website\"},\"primaryImageOfPage\":{\"@id\":\"https:\\\/\\\/quehacerpolitico.mx\\\/?p=13234#primaryimage\"},\"image\":{\"@id\":\"https:\\\/\\\/quehacerpolitico.mx\\\/?p=13234#primaryimage\"},\"thumbnailUrl\":\"\",\"datePublished\":\"2019-01-03T02:49:11+00:00\",\"author\":{\"@id\":\"https:\\\/\\\/quehacerpolitico.mx\\\/#\\\/schema\\\/person\\\/496d8ad2d1d3f8036101dca7ee39e585\"},\"breadcrumb\":{\"@id\":\"https:\\\/\\\/quehacerpolitico.mx\\\/?p=13234#breadcrumb\"},\"inLanguage\":\"es\",\"potentialAction\":[{\"@type\":\"ReadAction\",\"target\":[\"https:\\\/\\\/quehacerpolitico.mx\\\/?p=13234\"]}]},{\"@type\":\"ImageObject\",\"inLanguage\":\"es\",\"@id\":\"https:\\\/\\\/quehacerpolitico.mx\\\/?p=13234#primaryimage\",\"url\":\"\",\"contentUrl\":\"\"},{\"@type\":\"BreadcrumbList\",\"@id\":\"https:\\\/\\\/quehacerpolitico.mx\\\/?p=13234#breadcrumb\",\"itemListElement\":[{\"@type\":\"ListItem\",\"position\":1,\"name\":\"Inicio\",\"item\":\"https:\\\/\\\/quehacerpolitico.mx\\\/\"},{\"@type\":\"ListItem\",\"position\":2,\"name\":\"La casa de Los \u00c1ngeles es rentada: Ang\u00e9lica Rivera; \u201ces del padre de mis hijas\u201d, dice\"}]},{\"@type\":\"WebSite\",\"@id\":\"https:\\\/\\\/quehacerpolitico.mx\\\/#website\",\"url\":\"https:\\\/\\\/quehacerpolitico.mx\\\/\",\"name\":\"\",\"description\":\"\",\"potentialAction\":[{\"@type\":\"SearchAction\",\"target\":{\"@type\":\"EntryPoint\",\"urlTemplate\":\"https:\\\/\\\/quehacerpolitico.mx\\\/?s={search_term_string}\"},\"query-input\":{\"@type\":\"PropertyValueSpecification\",\"valueRequired\":true,\"valueName\":\"search_term_string\"}}],\"inLanguage\":\"es\"},{\"@type\":\"Person\",\"@id\":\"https:\\\/\\\/quehacerpolitico.mx\\\/#\\\/schema\\\/person\\\/496d8ad2d1d3f8036101dca7ee39e585\",\"name\":\"Redacci\u00f3n QP\",\"image\":{\"@type\":\"ImageObject\",\"inLanguage\":\"es\",\"@id\":\"https:\\\/\\\/secure.gravatar.com\\\/avatar\\\/c7164ed6fdec453195284ad24a5ae5b6e1eed2b848477fa2a4787ba9adf39a41?s=96&d=mm&r=g\",\"url\":\"https:\\\/\\\/secure.gravatar.com\\\/avatar\\\/c7164ed6fdec453195284ad24a5ae5b6e1eed2b848477fa2a4787ba9adf39a41?s=96&d=mm&r=g\",\"contentUrl\":\"https:\\\/\\\/secure.gravatar.com\\\/avatar\\\/c7164ed6fdec453195284ad24a5ae5b6e1eed2b848477fa2a4787ba9adf39a41?s=96&d=mm&r=g\",\"caption\":\"Redacci\u00f3n QP\"},\"url\":\"https:\\\/\\\/quehacerpolitico.mx\\\/?author=2\"}]}<\/script>\n<!-- \/ Yoast SEO plugin. -->","yoast_head_json":{"title":"La casa de Los \u00c1ngeles es rentada: Ang\u00e9lica Rivera; \u201ces del padre de mis hijas\u201d, dice -","robots":{"index":"index","follow":"follow","max-snippet":"max-snippet:-1","max-image-preview":"max-image-preview:large","max-video-preview":"max-video-preview:-1"},"canonical":"https:\/\/quehacerpolitico.mx\/?p=13234","og_locale":"es_MX","og_type":"article","og_title":"La casa de Los \u00c1ngeles es rentada: Ang\u00e9lica Rivera; \u201ces del padre de mis hijas\u201d, dice -","og_description":"La casa de Los \u00c1ngeles es rentada: Ang\u00e9lica Rivera; \u201ces del padre de mis hijas\u201d, dice Por Redacci\u00f3n QP","og_url":"https:\/\/quehacerpolitico.mx\/?p=13234","article_published_time":"2019-01-03T02:49:11+00:00","author":"Redacci\u00f3n QP","twitter_card":"summary_large_image","twitter_misc":{"Escrito por":"Redacci\u00f3n QP","Tiempo de lectura":"5 minutos"},"schema":{"@context":"https:\/\/schema.org","@graph":[{"@type":"Article","@id":"https:\/\/quehacerpolitico.mx\/?p=13234#article","isPartOf":{"@id":"https:\/\/quehacerpolitico.mx\/?p=13234"},"author":{"name":"Redacci\u00f3n QP","@id":"https:\/\/quehacerpolitico.mx\/#\/schema\/person\/496d8ad2d1d3f8036101dca7ee39e585"},"headline":"La casa de Los \u00c1ngeles es rentada: Ang\u00e9lica Rivera; \u201ces del padre de mis hijas\u201d, dice","datePublished":"2019-01-03T02:49:11+00:00","mainEntityOfPage":{"@id":"https:\/\/quehacerpolitico.mx\/?p=13234"},"wordCount":969,"commentCount":0,"image":{"@id":"https:\/\/quehacerpolitico.mx\/?p=13234#primaryimage"},"thumbnailUrl":"","articleSection":["Cultura y Entretenimiento"],"inLanguage":"es","potentialAction":[{"@type":"CommentAction","name":"Comment","target":["https:\/\/quehacerpolitico.mx\/?p=13234#respond"]}]},{"@type":"WebPage","@id":"https:\/\/quehacerpolitico.mx\/?p=13234","url":"https:\/\/quehacerpolitico.mx\/?p=13234","name":"La casa de Los \u00c1ngeles es rentada: Ang\u00e9lica Rivera; \u201ces del padre de mis hijas\u201d, dice -","isPartOf":{"@id":"https:\/\/quehacerpolitico.mx\/#website"},"primaryImageOfPage":{"@id":"https:\/\/quehacerpolitico.mx\/?p=13234#primaryimage"},"image":{"@id":"https:\/\/quehacerpolitico.mx\/?p=13234#primaryimage"},"thumbnailUrl":"","datePublished":"2019-01-03T02:49:11+00:00","author":{"@id":"https:\/\/quehacerpolitico.mx\/#\/schema\/person\/496d8ad2d1d3f8036101dca7ee39e585"},"breadcrumb":{"@id":"https:\/\/quehacerpolitico.mx\/?p=13234#breadcrumb"},"inLanguage":"es","potentialAction":[{"@type":"ReadAction","target":["https:\/\/quehacerpolitico.mx\/?p=13234"]}]},{"@type":"ImageObject","inLanguage":"es","@id":"https:\/\/quehacerpolitico.mx\/?p=13234#primaryimage","url":"","contentUrl":""},{"@type":"BreadcrumbList","@id":"https:\/\/quehacerpolitico.mx\/?p=13234#breadcrumb","itemListElement":[{"@type":"ListItem","position":1,"name":"Inicio","item":"https:\/\/quehacerpolitico.mx\/"},{"@type":"ListItem","position":2,"name":"La casa de Los \u00c1ngeles es rentada: Ang\u00e9lica Rivera; \u201ces del padre de mis hijas\u201d, dice"}]},{"@type":"WebSite","@id":"https:\/\/quehacerpolitico.mx\/#website","url":"https:\/\/quehacerpolitico.mx\/","name":"","description":"","potentialAction":[{"@type":"SearchAction","target":{"@type":"EntryPoint","urlTemplate":"https:\/\/quehacerpolitico.mx\/?s={search_term_string}"},"query-input":{"@type":"PropertyValueSpecification","valueRequired":true,"valueName":"search_term_string"}}],"inLanguage":"es"},{"@type":"Person","@id":"https:\/\/quehacerpolitico.mx\/#\/schema\/person\/496d8ad2d1d3f8036101dca7ee39e585","name":"Redacci\u00f3n QP","image":{"@type":"ImageObject","inLanguage":"es","@id":"https:\/\/secure.gravatar.com\/avatar\/c7164ed6fdec453195284ad24a5ae5b6e1eed2b848477fa2a4787ba9adf39a41?s=96&d=mm&r=g","url":"https:\/\/secure.gravatar.com\/avatar\/c7164ed6fdec453195284ad24a5ae5b6e1eed2b848477fa2a4787ba9adf39a41?s=96&d=mm&r=g","contentUrl":"https:\/\/secure.gravatar.com\/avatar\/c7164ed6fdec453195284ad24a5ae5b6e1eed2b848477fa2a4787ba9adf39a41?s=96&d=mm&r=g","caption":"Redacci\u00f3n QP"},"url":"https:\/\/quehacerpolitico.mx\/?author=2"}]}},"featured_image_urls":{"full":"","thumbnail":"","medium":"","medium_large":"","large":"","1536x1536":"","2048x2048":"","covernews-featured":"","covernews-medium":""},"author_info":{"display_name":"Redacci\u00f3n QP","author_link":"https:\/\/quehacerpolitico.mx\/?author=2"},"category_info":"<a href=\"https:\/\/quehacerpolitico.mx\/?cat=58\" rel=\"category\">Cultura y Entretenimiento<\/a>","tag_info":"Cultura y Entretenimiento","comment_count":"0","_links":{"self":[{"href":"https:\/\/quehacerpolitico.mx\/index.php?rest_route=\/wp\/v2\/posts\/13234","targetHints":{"allow":["GET"]}}],"collection":[{"href":"https:\/\/quehacerpolitico.mx\/index.php?rest_route=\/wp\/v2\/posts"}],"about":[{"href":"https:\/\/quehacerpolitico.mx\/index.php?rest_route=\/wp\/v2\/types\/post"}],"author":[{"embeddable":true,"href":"https:\/\/quehacerpolitico.mx\/index.php?rest_route=\/wp\/v2\/users\/2"}],"replies":[{"embeddable":true,"href":"https:\/\/quehacerpolitico.mx\/index.php?rest_route=%2Fwp%2Fv2%2Fcomments&post=13234"}],"version-history":[{"count":0,"href":"https:\/\/quehacerpolitico.mx\/index.php?rest_route=\/wp\/v2\/posts\/13234\/revisions"}],"wp:featuredmedia":[{"embeddable":true,"href":"https:\/\/quehacerpolitico.mx\/index.php?rest_route=\/"}],"wp:attachment":[{"href":"https:\/\/quehacerpolitico.mx\/index.php?rest_route=%2Fwp%2Fv2%2Fmedia&parent=13234"}],"wp:term":[{"taxonomy":"category","embeddable":true,"href":"https:\/\/quehacerpolitico.mx\/index.php?rest_route=%2Fwp%2Fv2%2Fcategories&post=13234"},{"taxonomy":"post_tag","embeddable":true,"href":"https:\/\/quehacerpolitico.mx\/index.php?rest_route=%2Fwp%2Fv2%2Ftags&post=13234"}],"curies":[{"name":"wp","href":"https:\/\/api.w.org\/{rel}","templated":true}]}}