{"id":13223,"date":"2019-01-02T21:21:02","date_gmt":"2019-01-02T21:21:02","guid":{"rendered":"http:\/\/quehacerpolitico.mx\/reorientan-medico-en-tu-casa-unicamente-para-adultos-mayores\/"},"modified":"2019-01-02T21:21:02","modified_gmt":"2019-01-02T21:21:02","slug":"reorientan-medico-en-tu-casa-unicamente-para-adultos-mayores","status":"publish","type":"post","link":"https:\/\/quehacerpolitico.mx\/?p=13223","title":{"rendered":"Reorientan M\u00e9dico en Tu Casa \u00fanicamente para adultos mayores"},"content":{"rendered":"<h1 class=\"amp-wp-title\">Reorientan M\u00e9dico en Tu Casa \u00fanicamente para adultos mayores<\/h1>\n<p>Por Redacci\u00f3n QP<\/p>\n<p>El programa \u201c<strong>M\u00e9dico en Tu Casa\u201d <\/strong>tendr\u00e1 continuidad durante la administraci\u00f3n de la jefa de Gobierno, <strong>Claudia Sheinbaum,<\/strong> pero ser\u00e1 absorbido en el modelo<strong> \u201cSalud en tu Vida\u201d<\/strong>.<\/p>\n<p>La jefa de Gobierno agreg\u00f3 que la <strong>atenci\u00f3n m\u00e9dica<\/strong>se enfocar\u00e1 en las personas <strong>adultas mayores,<\/strong> en tanto que quienes est\u00e9n fuera de este grupo poblacional, pero requieran seguimiento continuar\u00e1n recibiendo el beneficio social.<\/p>\n<blockquote>\n<p>\u201cEn los casos en los que hay seguimiento vamos a seguir atendiendo por parte de la Secretar\u00eda de Salud, pero la mayor parte de los m\u00e9dicos que trabajan en el programa se van a orientar a adultos mayores\u201d, expuso la mandataria local.<\/p>\n<p>Al respecto, la secretaria de <strong>Salud<\/strong> capitalina,<strong> Olivia L\u00f3pez Arellano<\/strong>, detall\u00f3 que a trav\u00e9s del programa <strong>\u201cSalud en tu Vida\u201d<\/strong>, la administraci\u00f3n considera que atender\u00e1 a 810 mil adultos mayores, de las que 20% tienen movilidad limitada.<\/p>\n<blockquote>\n<p>\u201cPara esto integraremos 120 brigadas, esto es muy importante porque son brigadas con personal m\u00e9dico, de enfermer\u00eda o trabajo social y promotores de salud, donde son 80 m\u00e9dicos de Secretar\u00eda de Salud, 40 m\u00e9dicos de la Secretar\u00eda de Inclusi\u00f3n y Bienestar Social, 80 enfermeras, 110 promotores y mil 200 profesionales de atenci\u00f3n social y gerontol\u00f3gicas\u201d, detall\u00f3 la funcionaria.<\/p>\n<\/blockquote>\n<p>En relaci\u00f3n a la atenci\u00f3n de los adultos mayores, <strong>Sheinbaum<\/strong> adelant\u00f3 que la entrega de <strong>apoyos econ\u00f3micos mensuales<\/strong> que este grupo poblacional recibe continuar\u00e1 durante los tres meses pr\u00f3ximo a cargo de la administraci\u00f3n local y posteriormente se trasferir\u00e1 al Gobierno federal.<\/p>\n<blockquote>\n<p>\u201cPara avanzar con la implementaci\u00f3n de este modelo en el tema de seguridad econ\u00f3mica, hoy la Ciudad de M\u00e9xico tiene un padr\u00f3n de 525 mil personas mayores a las cuales se les entrega mil 200 nueve pesos mensuales como pensi\u00f3n. Como bien saben a partir del 2019 este programa va a pasar a ser parte de la federaci\u00f3n\u201d, indic\u00f3 la secretaria de Inclusi\u00f3n y Bienestar Social, Almudena Ocejo.<\/p>\n<\/blockquote>\n<p>La funcionaria federal record\u00f3 que una vez que el programa sea absorbido por la dependencia que encabeza, las <strong>personas mayores<\/strong> recibir\u00e1n mil 274.6 pesos como apoyo mensual.<\/p>\n<p>https:\/\/www.facebook.com\/309693749208493\/posts\/1085242308320296\/<\/p>\n<\/blockquote>\n","protected":false},"excerpt":{"rendered":"<p>Reorientan M\u00e9dico en Tu Casa \u00fanicamente para adultos mayores<br \/>\nPor Redacci\u00f3n QP<\/p>\n","protected":false},"author":2,"featured_media":13222,"comment_status":"open","ping_status":"open","sticky":false,"template":"","format":"standard","meta":{"_monsterinsights_skip_tracking":false,"_monsterinsights_sitenote_active":false,"_monsterinsights_sitenote_note":"","_monsterinsights_sitenote_category":0,"footnotes":""},"categories":[55],"tags":[],"class_list":["post-13223","post","type-post","status-publish","format-standard","has-post-thumbnail","hentry","category-cdmx"],"yoast_head":"<!-- This site is optimized with the Yoast SEO plugin v27.3 - https:\/\/yoast.com\/product\/yoast-seo-wordpress\/ -->\n<title>Reorientan M\u00e9dico en Tu Casa \u00fanicamente para adultos mayores -<\/title>\n<meta name=\"robots\" content=\"index, follow, max-snippet:-1, max-image-preview:large, max-video-preview:-1\" \/>\n<link rel=\"canonical\" href=\"https:\/\/quehacerpolitico.mx\/?p=13223\" \/>\n<meta property=\"og:locale\" content=\"es_MX\" \/>\n<meta property=\"og:type\" content=\"article\" \/>\n<meta property=\"og:title\" content=\"Reorientan M\u00e9dico en Tu Casa \u00fanicamente para adultos mayores -\" \/>\n<meta property=\"og:description\" content=\"Reorientan M\u00e9dico en Tu Casa \u00fanicamente para adultos mayores Por Redacci\u00f3n QP\" \/>\n<meta property=\"og:url\" content=\"https:\/\/quehacerpolitico.mx\/?p=13223\" \/>\n<meta property=\"article:published_time\" content=\"2019-01-02T21:21:02+00:00\" \/>\n<meta name=\"author\" content=\"Redacci\u00f3n QP\" \/>\n<meta name=\"twitter:card\" content=\"summary_large_image\" \/>\n<meta name=\"twitter:label1\" content=\"Escrito por\" \/>\n\t<meta name=\"twitter:data1\" content=\"Redacci\u00f3n QP\" \/>\n\t<meta name=\"twitter:label2\" content=\"Tiempo de lectura\" \/>\n\t<meta name=\"twitter:data2\" content=\"2 minutos\" \/>\n<script type=\"application\/ld+json\" class=\"yoast-schema-graph\">{\"@context\":\"https:\\\/\\\/schema.org\",\"@graph\":[{\"@type\":\"Article\",\"@id\":\"https:\\\/\\\/quehacerpolitico.mx\\\/?p=13223#article\",\"isPartOf\":{\"@id\":\"https:\\\/\\\/quehacerpolitico.mx\\\/?p=13223\"},\"author\":{\"name\":\"Redacci\u00f3n QP\",\"@id\":\"https:\\\/\\\/quehacerpolitico.mx\\\/#\\\/schema\\\/person\\\/496d8ad2d1d3f8036101dca7ee39e585\"},\"headline\":\"Reorientan M\u00e9dico en Tu Casa \u00fanicamente para adultos mayores\",\"datePublished\":\"2019-01-02T21:21:02+00:00\",\"mainEntityOfPage\":{\"@id\":\"https:\\\/\\\/quehacerpolitico.mx\\\/?p=13223\"},\"wordCount\":385,\"commentCount\":0,\"image\":{\"@id\":\"https:\\\/\\\/quehacerpolitico.mx\\\/?p=13223#primaryimage\"},\"thumbnailUrl\":\"\",\"articleSection\":[\"CDMX\"],\"inLanguage\":\"es\",\"potentialAction\":[{\"@type\":\"CommentAction\",\"name\":\"Comment\",\"target\":[\"https:\\\/\\\/quehacerpolitico.mx\\\/?p=13223#respond\"]}]},{\"@type\":\"WebPage\",\"@id\":\"https:\\\/\\\/quehacerpolitico.mx\\\/?p=13223\",\"url\":\"https:\\\/\\\/quehacerpolitico.mx\\\/?p=13223\",\"name\":\"Reorientan M\u00e9dico en Tu Casa \u00fanicamente para adultos mayores -\",\"isPartOf\":{\"@id\":\"https:\\\/\\\/quehacerpolitico.mx\\\/#website\"},\"primaryImageOfPage\":{\"@id\":\"https:\\\/\\\/quehacerpolitico.mx\\\/?p=13223#primaryimage\"},\"image\":{\"@id\":\"https:\\\/\\\/quehacerpolitico.mx\\\/?p=13223#primaryimage\"},\"thumbnailUrl\":\"\",\"datePublished\":\"2019-01-02T21:21:02+00:00\",\"author\":{\"@id\":\"https:\\\/\\\/quehacerpolitico.mx\\\/#\\\/schema\\\/person\\\/496d8ad2d1d3f8036101dca7ee39e585\"},\"breadcrumb\":{\"@id\":\"https:\\\/\\\/quehacerpolitico.mx\\\/?p=13223#breadcrumb\"},\"inLanguage\":\"es\",\"potentialAction\":[{\"@type\":\"ReadAction\",\"target\":[\"https:\\\/\\\/quehacerpolitico.mx\\\/?p=13223\"]}]},{\"@type\":\"ImageObject\",\"inLanguage\":\"es\",\"@id\":\"https:\\\/\\\/quehacerpolitico.mx\\\/?p=13223#primaryimage\",\"url\":\"\",\"contentUrl\":\"\"},{\"@type\":\"BreadcrumbList\",\"@id\":\"https:\\\/\\\/quehacerpolitico.mx\\\/?p=13223#breadcrumb\",\"itemListElement\":[{\"@type\":\"ListItem\",\"position\":1,\"name\":\"Inicio\",\"item\":\"https:\\\/\\\/quehacerpolitico.mx\\\/\"},{\"@type\":\"ListItem\",\"position\":2,\"name\":\"Reorientan M\u00e9dico en Tu Casa \u00fanicamente para adultos mayores\"}]},{\"@type\":\"WebSite\",\"@id\":\"https:\\\/\\\/quehacerpolitico.mx\\\/#website\",\"url\":\"https:\\\/\\\/quehacerpolitico.mx\\\/\",\"name\":\"\",\"description\":\"\",\"potentialAction\":[{\"@type\":\"SearchAction\",\"target\":{\"@type\":\"EntryPoint\",\"urlTemplate\":\"https:\\\/\\\/quehacerpolitico.mx\\\/?s={search_term_string}\"},\"query-input\":{\"@type\":\"PropertyValueSpecification\",\"valueRequired\":true,\"valueName\":\"search_term_string\"}}],\"inLanguage\":\"es\"},{\"@type\":\"Person\",\"@id\":\"https:\\\/\\\/quehacerpolitico.mx\\\/#\\\/schema\\\/person\\\/496d8ad2d1d3f8036101dca7ee39e585\",\"name\":\"Redacci\u00f3n QP\",\"image\":{\"@type\":\"ImageObject\",\"inLanguage\":\"es\",\"@id\":\"https:\\\/\\\/secure.gravatar.com\\\/avatar\\\/c7164ed6fdec453195284ad24a5ae5b6e1eed2b848477fa2a4787ba9adf39a41?s=96&d=mm&r=g\",\"url\":\"https:\\\/\\\/secure.gravatar.com\\\/avatar\\\/c7164ed6fdec453195284ad24a5ae5b6e1eed2b848477fa2a4787ba9adf39a41?s=96&d=mm&r=g\",\"contentUrl\":\"https:\\\/\\\/secure.gravatar.com\\\/avatar\\\/c7164ed6fdec453195284ad24a5ae5b6e1eed2b848477fa2a4787ba9adf39a41?s=96&d=mm&r=g\",\"caption\":\"Redacci\u00f3n QP\"},\"url\":\"https:\\\/\\\/quehacerpolitico.mx\\\/?author=2\"}]}<\/script>\n<!-- \/ Yoast SEO plugin. -->","yoast_head_json":{"title":"Reorientan M\u00e9dico en Tu Casa \u00fanicamente para adultos mayores -","robots":{"index":"index","follow":"follow","max-snippet":"max-snippet:-1","max-image-preview":"max-image-preview:large","max-video-preview":"max-video-preview:-1"},"canonical":"https:\/\/quehacerpolitico.mx\/?p=13223","og_locale":"es_MX","og_type":"article","og_title":"Reorientan M\u00e9dico en Tu Casa \u00fanicamente para adultos mayores -","og_description":"Reorientan M\u00e9dico en Tu Casa \u00fanicamente para adultos mayores Por Redacci\u00f3n QP","og_url":"https:\/\/quehacerpolitico.mx\/?p=13223","article_published_time":"2019-01-02T21:21:02+00:00","author":"Redacci\u00f3n QP","twitter_card":"summary_large_image","twitter_misc":{"Escrito por":"Redacci\u00f3n QP","Tiempo de lectura":"2 minutos"},"schema":{"@context":"https:\/\/schema.org","@graph":[{"@type":"Article","@id":"https:\/\/quehacerpolitico.mx\/?p=13223#article","isPartOf":{"@id":"https:\/\/quehacerpolitico.mx\/?p=13223"},"author":{"name":"Redacci\u00f3n QP","@id":"https:\/\/quehacerpolitico.mx\/#\/schema\/person\/496d8ad2d1d3f8036101dca7ee39e585"},"headline":"Reorientan M\u00e9dico en Tu Casa \u00fanicamente para adultos mayores","datePublished":"2019-01-02T21:21:02+00:00","mainEntityOfPage":{"@id":"https:\/\/quehacerpolitico.mx\/?p=13223"},"wordCount":385,"commentCount":0,"image":{"@id":"https:\/\/quehacerpolitico.mx\/?p=13223#primaryimage"},"thumbnailUrl":"","articleSection":["CDMX"],"inLanguage":"es","potentialAction":[{"@type":"CommentAction","name":"Comment","target":["https:\/\/quehacerpolitico.mx\/?p=13223#respond"]}]},{"@type":"WebPage","@id":"https:\/\/quehacerpolitico.mx\/?p=13223","url":"https:\/\/quehacerpolitico.mx\/?p=13223","name":"Reorientan M\u00e9dico en Tu Casa \u00fanicamente para adultos mayores -","isPartOf":{"@id":"https:\/\/quehacerpolitico.mx\/#website"},"primaryImageOfPage":{"@id":"https:\/\/quehacerpolitico.mx\/?p=13223#primaryimage"},"image":{"@id":"https:\/\/quehacerpolitico.mx\/?p=13223#primaryimage"},"thumbnailUrl":"","datePublished":"2019-01-02T21:21:02+00:00","author":{"@id":"https:\/\/quehacerpolitico.mx\/#\/schema\/person\/496d8ad2d1d3f8036101dca7ee39e585"},"breadcrumb":{"@id":"https:\/\/quehacerpolitico.mx\/?p=13223#breadcrumb"},"inLanguage":"es","potentialAction":[{"@type":"ReadAction","target":["https:\/\/quehacerpolitico.mx\/?p=13223"]}]},{"@type":"ImageObject","inLanguage":"es","@id":"https:\/\/quehacerpolitico.mx\/?p=13223#primaryimage","url":"","contentUrl":""},{"@type":"BreadcrumbList","@id":"https:\/\/quehacerpolitico.mx\/?p=13223#breadcrumb","itemListElement":[{"@type":"ListItem","position":1,"name":"Inicio","item":"https:\/\/quehacerpolitico.mx\/"},{"@type":"ListItem","position":2,"name":"Reorientan M\u00e9dico en Tu Casa \u00fanicamente para adultos mayores"}]},{"@type":"WebSite","@id":"https:\/\/quehacerpolitico.mx\/#website","url":"https:\/\/quehacerpolitico.mx\/","name":"","description":"","potentialAction":[{"@type":"SearchAction","target":{"@type":"EntryPoint","urlTemplate":"https:\/\/quehacerpolitico.mx\/?s={search_term_string}"},"query-input":{"@type":"PropertyValueSpecification","valueRequired":true,"valueName":"search_term_string"}}],"inLanguage":"es"},{"@type":"Person","@id":"https:\/\/quehacerpolitico.mx\/#\/schema\/person\/496d8ad2d1d3f8036101dca7ee39e585","name":"Redacci\u00f3n QP","image":{"@type":"ImageObject","inLanguage":"es","@id":"https:\/\/secure.gravatar.com\/avatar\/c7164ed6fdec453195284ad24a5ae5b6e1eed2b848477fa2a4787ba9adf39a41?s=96&d=mm&r=g","url":"https:\/\/secure.gravatar.com\/avatar\/c7164ed6fdec453195284ad24a5ae5b6e1eed2b848477fa2a4787ba9adf39a41?s=96&d=mm&r=g","contentUrl":"https:\/\/secure.gravatar.com\/avatar\/c7164ed6fdec453195284ad24a5ae5b6e1eed2b848477fa2a4787ba9adf39a41?s=96&d=mm&r=g","caption":"Redacci\u00f3n QP"},"url":"https:\/\/quehacerpolitico.mx\/?author=2"}]}},"featured_image_urls":{"full":"","thumbnail":"","medium":"","medium_large":"","large":"","1536x1536":"","2048x2048":"","covernews-featured":"","covernews-medium":""},"author_info":{"display_name":"Redacci\u00f3n QP","author_link":"https:\/\/quehacerpolitico.mx\/?author=2"},"category_info":"<a href=\"https:\/\/quehacerpolitico.mx\/?cat=55\" rel=\"category\">CDMX<\/a>","tag_info":"CDMX","comment_count":"0","_links":{"self":[{"href":"https:\/\/quehacerpolitico.mx\/index.php?rest_route=\/wp\/v2\/posts\/13223","targetHints":{"allow":["GET"]}}],"collection":[{"href":"https:\/\/quehacerpolitico.mx\/index.php?rest_route=\/wp\/v2\/posts"}],"about":[{"href":"https:\/\/quehacerpolitico.mx\/index.php?rest_route=\/wp\/v2\/types\/post"}],"author":[{"embeddable":true,"href":"https:\/\/quehacerpolitico.mx\/index.php?rest_route=\/wp\/v2\/users\/2"}],"replies":[{"embeddable":true,"href":"https:\/\/quehacerpolitico.mx\/index.php?rest_route=%2Fwp%2Fv2%2Fcomments&post=13223"}],"version-history":[{"count":0,"href":"https:\/\/quehacerpolitico.mx\/index.php?rest_route=\/wp\/v2\/posts\/13223\/revisions"}],"wp:featuredmedia":[{"embeddable":true,"href":"https:\/\/quehacerpolitico.mx\/index.php?rest_route=\/"}],"wp:attachment":[{"href":"https:\/\/quehacerpolitico.mx\/index.php?rest_route=%2Fwp%2Fv2%2Fmedia&parent=13223"}],"wp:term":[{"taxonomy":"category","embeddable":true,"href":"https:\/\/quehacerpolitico.mx\/index.php?rest_route=%2Fwp%2Fv2%2Fcategories&post=13223"},{"taxonomy":"post_tag","embeddable":true,"href":"https:\/\/quehacerpolitico.mx\/index.php?rest_route=%2Fwp%2Fv2%2Ftags&post=13223"}],"curies":[{"name":"wp","href":"https:\/\/api.w.org\/{rel}","templated":true}]}}