{"id":13221,"date":"2019-01-02T21:10:24","date_gmt":"2019-01-02T21:10:24","guid":{"rendered":"http:\/\/quehacerpolitico.mx\/agentes-ministeriales-se-amparan-contra-despidos-en-la-pgj\/"},"modified":"2019-01-02T21:10:24","modified_gmt":"2019-01-02T21:10:24","slug":"agentes-ministeriales-se-amparan-contra-despidos-en-la-pgj","status":"publish","type":"post","link":"https:\/\/quehacerpolitico.mx\/?p=13221","title":{"rendered":"Agentes Ministeriales se amparan contra despidos en la PGJ"},"content":{"rendered":"<h1 class=\"amp-wp-title\">Agentes Ministeriales se amparan contra despidos en la PGJ<\/h1>\n<p>Por Redacci\u00f3n QP<\/p>\n<p><strong>Agentes<\/strong> de la<strong> Procuradur\u00eda General de Justicia (PGJ)<\/strong> que fueron despedidos interpusieron <strong>amparos<\/strong>ante un Juzgado de Distrito en Materia Administrativa de la Ciudad de M\u00e9xico por presuntas violaciones a sus garant\u00edas individuales.<\/p>\n<blockquote>\n<p>\u201cA los agentes de la Polic\u00eda de Investigaci\u00f3n nos hacen la promesa de regresarnos a nuestros puestos de trabajo, pero no queremos que quede ah\u00ed, queremos certeza en nuestros casos y por eso interpusimos el amparo.<\/p>\n<p>\u201cHay mucha gente que no ha firmado su baja o renuncia, pero estamos hablando de que hay la intenci\u00f3n de despedir a m\u00e1s de dos mil personas y la PGJ dice que es una reestructuraci\u00f3n\u201d, relat\u00f3 uno de los agentes que prefiri\u00f3 omitir su nombre.<\/p>\n<\/blockquote>\n<p>Hasta el momento la corporaci\u00f3n dio de baja a 30 agentes de la <strong>Polic\u00eda de Investigaci\u00f3n (PDI)<\/strong> ya que no aprobaron sus ex\u00e1menes de control y confianza; sin embargo, a los <strong>agentes<\/strong> no les entregaron ninguna liquidaci\u00f3n debido a que est\u00e1n contratados como personal de confianza.<\/p>\n<blockquote>\n<p>\u201cAdem\u00e1s de que en esos ex\u00e1menes jam\u00e1s se nos dice en qu\u00e9 fallamos y los motivos por lo que no podemos continuar en la corporaci\u00f3n, por eso es que emprendemos las demandas\u201d, dijo Erick, agente con 15 a\u00f1os en la PGJ<\/p>\n<\/blockquote>\n<p>La PGJ, encabezada por <strong>Ernestina Godoy,<\/strong> inform\u00f3 a trav\u00e9s de un comunicado que \u00fanicamente ejecut\u00f3 las bajas del personal de la <strong>PDI<\/strong> que no aprobaron los ex\u00e1menes del <strong>Sistema Nacional de Seguridad P\u00fablica<\/strong> aplicados durante la administraci\u00f3n pasada<\/p>\n<blockquote>\n<p>\u201cLa dependencia s\u00f3lo cumple con lo establecido y en esta ocasi\u00f3n ejecut\u00f3 las bajas correspondientes a los ex\u00e1menes que se realizaron en el Centro de Control y Confianza\u201d, se lee en el comunicado.<\/p>\n<\/blockquote>\n<p>Aunque se ten\u00eda previsto que realizaran una manifestaci\u00f3n afuera del b\u00fanker de la <strong>PGJ,<\/strong> en su lugar los <strong>agentes<\/strong> tuvieron una reuni\u00f3n con <strong>Bernardo G\u00f3mez<\/strong> d<strong>el Campo<\/strong>, jefe general de la <strong>Polic\u00eda de Investigaci\u00f3n<\/strong> de la Ciudad de M\u00e9xico, a decir de los quejosos \u00e9l les prometi\u00f3 reinstalarlos en sus puestos de trabajo a partir de hoy.<\/p>\n<p>Sin embargo, los <strong>agentes<\/strong> cuestionaron el m\u00e9todo que emplear\u00e1, pues todos <strong>fueron dados de baja<\/strong> en la v\u00edspera del a\u00f1o nuevo y piensan que no es tan f\u00e1cil desconocer los <strong>ex\u00e1menes de control<\/strong> y confianza que elabora otra instituci\u00f3n.<\/p>\n<blockquote>\n<p>\u201cTenemos serias dudas, por un lado parece una mala broma que nos hayan corrido el 31 de diciembre y ahora cuando los amagamos con una manifestaci\u00f3n nos van a regresar a nuestras bases de trabajo, no sabemos si realmente se puede pasar por alto los resultados del examen de control y confianza.<\/p>\n<\/blockquote>\n<p>En su cuenta de Twitter, <strong>G\u00f3mez del Campo<\/strong> public\u00f3 que el despido de <strong>agentes ministeriales<\/strong> se debe a procedimientos que han heredado de la administraci\u00f3n pasada y revisar\u00e1 caso por caso de los despedidos.<\/p>\n","protected":false},"excerpt":{"rendered":"<p>Agentes Ministeriales se amparan contra despidos en la PGJ<br \/>\nPor Redacci\u00f3n QP<\/p>\n","protected":false},"author":2,"featured_media":13220,"comment_status":"open","ping_status":"open","sticky":false,"template":"","format":"standard","meta":{"_monsterinsights_skip_tracking":false,"_monsterinsights_sitenote_active":false,"_monsterinsights_sitenote_note":"","_monsterinsights_sitenote_category":0,"footnotes":""},"categories":[55],"tags":[],"class_list":["post-13221","post","type-post","status-publish","format-standard","has-post-thumbnail","hentry","category-cdmx"],"yoast_head":"<!-- This site is optimized with the Yoast SEO plugin v27.3 - https:\/\/yoast.com\/product\/yoast-seo-wordpress\/ -->\n<title>Agentes Ministeriales se amparan contra despidos en la PGJ -<\/title>\n<meta name=\"robots\" content=\"index, follow, max-snippet:-1, max-image-preview:large, max-video-preview:-1\" \/>\n<link rel=\"canonical\" href=\"https:\/\/quehacerpolitico.mx\/?p=13221\" \/>\n<meta property=\"og:locale\" content=\"es_MX\" \/>\n<meta property=\"og:type\" content=\"article\" \/>\n<meta property=\"og:title\" content=\"Agentes Ministeriales se amparan contra despidos en la PGJ -\" \/>\n<meta property=\"og:description\" content=\"Agentes Ministeriales se amparan contra despidos en la PGJ Por Redacci\u00f3n QP\" \/>\n<meta property=\"og:url\" content=\"https:\/\/quehacerpolitico.mx\/?p=13221\" \/>\n<meta property=\"article:published_time\" content=\"2019-01-02T21:10:24+00:00\" \/>\n<meta name=\"author\" content=\"Redacci\u00f3n QP\" \/>\n<meta name=\"twitter:card\" content=\"summary_large_image\" \/>\n<meta name=\"twitter:label1\" content=\"Escrito por\" \/>\n\t<meta name=\"twitter:data1\" content=\"Redacci\u00f3n QP\" \/>\n\t<meta name=\"twitter:label2\" content=\"Tiempo de lectura\" \/>\n\t<meta name=\"twitter:data2\" content=\"3 minutos\" \/>\n<script type=\"application\/ld+json\" class=\"yoast-schema-graph\">{\"@context\":\"https:\\\/\\\/schema.org\",\"@graph\":[{\"@type\":\"Article\",\"@id\":\"https:\\\/\\\/quehacerpolitico.mx\\\/?p=13221#article\",\"isPartOf\":{\"@id\":\"https:\\\/\\\/quehacerpolitico.mx\\\/?p=13221\"},\"author\":{\"name\":\"Redacci\u00f3n QP\",\"@id\":\"https:\\\/\\\/quehacerpolitico.mx\\\/#\\\/schema\\\/person\\\/496d8ad2d1d3f8036101dca7ee39e585\"},\"headline\":\"Agentes Ministeriales se amparan contra despidos en la PGJ\",\"datePublished\":\"2019-01-02T21:10:24+00:00\",\"mainEntityOfPage\":{\"@id\":\"https:\\\/\\\/quehacerpolitico.mx\\\/?p=13221\"},\"wordCount\":515,\"commentCount\":0,\"image\":{\"@id\":\"https:\\\/\\\/quehacerpolitico.mx\\\/?p=13221#primaryimage\"},\"thumbnailUrl\":\"\",\"articleSection\":[\"CDMX\"],\"inLanguage\":\"es\",\"potentialAction\":[{\"@type\":\"CommentAction\",\"name\":\"Comment\",\"target\":[\"https:\\\/\\\/quehacerpolitico.mx\\\/?p=13221#respond\"]}]},{\"@type\":\"WebPage\",\"@id\":\"https:\\\/\\\/quehacerpolitico.mx\\\/?p=13221\",\"url\":\"https:\\\/\\\/quehacerpolitico.mx\\\/?p=13221\",\"name\":\"Agentes Ministeriales se amparan contra despidos en la PGJ -\",\"isPartOf\":{\"@id\":\"https:\\\/\\\/quehacerpolitico.mx\\\/#website\"},\"primaryImageOfPage\":{\"@id\":\"https:\\\/\\\/quehacerpolitico.mx\\\/?p=13221#primaryimage\"},\"image\":{\"@id\":\"https:\\\/\\\/quehacerpolitico.mx\\\/?p=13221#primaryimage\"},\"thumbnailUrl\":\"\",\"datePublished\":\"2019-01-02T21:10:24+00:00\",\"author\":{\"@id\":\"https:\\\/\\\/quehacerpolitico.mx\\\/#\\\/schema\\\/person\\\/496d8ad2d1d3f8036101dca7ee39e585\"},\"breadcrumb\":{\"@id\":\"https:\\\/\\\/quehacerpolitico.mx\\\/?p=13221#breadcrumb\"},\"inLanguage\":\"es\",\"potentialAction\":[{\"@type\":\"ReadAction\",\"target\":[\"https:\\\/\\\/quehacerpolitico.mx\\\/?p=13221\"]}]},{\"@type\":\"ImageObject\",\"inLanguage\":\"es\",\"@id\":\"https:\\\/\\\/quehacerpolitico.mx\\\/?p=13221#primaryimage\",\"url\":\"\",\"contentUrl\":\"\"},{\"@type\":\"BreadcrumbList\",\"@id\":\"https:\\\/\\\/quehacerpolitico.mx\\\/?p=13221#breadcrumb\",\"itemListElement\":[{\"@type\":\"ListItem\",\"position\":1,\"name\":\"Inicio\",\"item\":\"https:\\\/\\\/quehacerpolitico.mx\\\/\"},{\"@type\":\"ListItem\",\"position\":2,\"name\":\"Agentes Ministeriales se amparan contra despidos en la PGJ\"}]},{\"@type\":\"WebSite\",\"@id\":\"https:\\\/\\\/quehacerpolitico.mx\\\/#website\",\"url\":\"https:\\\/\\\/quehacerpolitico.mx\\\/\",\"name\":\"\",\"description\":\"\",\"potentialAction\":[{\"@type\":\"SearchAction\",\"target\":{\"@type\":\"EntryPoint\",\"urlTemplate\":\"https:\\\/\\\/quehacerpolitico.mx\\\/?s={search_term_string}\"},\"query-input\":{\"@type\":\"PropertyValueSpecification\",\"valueRequired\":true,\"valueName\":\"search_term_string\"}}],\"inLanguage\":\"es\"},{\"@type\":\"Person\",\"@id\":\"https:\\\/\\\/quehacerpolitico.mx\\\/#\\\/schema\\\/person\\\/496d8ad2d1d3f8036101dca7ee39e585\",\"name\":\"Redacci\u00f3n QP\",\"image\":{\"@type\":\"ImageObject\",\"inLanguage\":\"es\",\"@id\":\"https:\\\/\\\/secure.gravatar.com\\\/avatar\\\/c7164ed6fdec453195284ad24a5ae5b6e1eed2b848477fa2a4787ba9adf39a41?s=96&d=mm&r=g\",\"url\":\"https:\\\/\\\/secure.gravatar.com\\\/avatar\\\/c7164ed6fdec453195284ad24a5ae5b6e1eed2b848477fa2a4787ba9adf39a41?s=96&d=mm&r=g\",\"contentUrl\":\"https:\\\/\\\/secure.gravatar.com\\\/avatar\\\/c7164ed6fdec453195284ad24a5ae5b6e1eed2b848477fa2a4787ba9adf39a41?s=96&d=mm&r=g\",\"caption\":\"Redacci\u00f3n QP\"},\"url\":\"https:\\\/\\\/quehacerpolitico.mx\\\/?author=2\"}]}<\/script>\n<!-- \/ Yoast SEO plugin. -->","yoast_head_json":{"title":"Agentes Ministeriales se amparan contra despidos en la PGJ -","robots":{"index":"index","follow":"follow","max-snippet":"max-snippet:-1","max-image-preview":"max-image-preview:large","max-video-preview":"max-video-preview:-1"},"canonical":"https:\/\/quehacerpolitico.mx\/?p=13221","og_locale":"es_MX","og_type":"article","og_title":"Agentes Ministeriales se amparan contra despidos en la PGJ -","og_description":"Agentes Ministeriales se amparan contra despidos en la PGJ Por Redacci\u00f3n QP","og_url":"https:\/\/quehacerpolitico.mx\/?p=13221","article_published_time":"2019-01-02T21:10:24+00:00","author":"Redacci\u00f3n QP","twitter_card":"summary_large_image","twitter_misc":{"Escrito por":"Redacci\u00f3n QP","Tiempo de lectura":"3 minutos"},"schema":{"@context":"https:\/\/schema.org","@graph":[{"@type":"Article","@id":"https:\/\/quehacerpolitico.mx\/?p=13221#article","isPartOf":{"@id":"https:\/\/quehacerpolitico.mx\/?p=13221"},"author":{"name":"Redacci\u00f3n QP","@id":"https:\/\/quehacerpolitico.mx\/#\/schema\/person\/496d8ad2d1d3f8036101dca7ee39e585"},"headline":"Agentes Ministeriales se amparan contra despidos en la PGJ","datePublished":"2019-01-02T21:10:24+00:00","mainEntityOfPage":{"@id":"https:\/\/quehacerpolitico.mx\/?p=13221"},"wordCount":515,"commentCount":0,"image":{"@id":"https:\/\/quehacerpolitico.mx\/?p=13221#primaryimage"},"thumbnailUrl":"","articleSection":["CDMX"],"inLanguage":"es","potentialAction":[{"@type":"CommentAction","name":"Comment","target":["https:\/\/quehacerpolitico.mx\/?p=13221#respond"]}]},{"@type":"WebPage","@id":"https:\/\/quehacerpolitico.mx\/?p=13221","url":"https:\/\/quehacerpolitico.mx\/?p=13221","name":"Agentes Ministeriales se amparan contra despidos en la PGJ -","isPartOf":{"@id":"https:\/\/quehacerpolitico.mx\/#website"},"primaryImageOfPage":{"@id":"https:\/\/quehacerpolitico.mx\/?p=13221#primaryimage"},"image":{"@id":"https:\/\/quehacerpolitico.mx\/?p=13221#primaryimage"},"thumbnailUrl":"","datePublished":"2019-01-02T21:10:24+00:00","author":{"@id":"https:\/\/quehacerpolitico.mx\/#\/schema\/person\/496d8ad2d1d3f8036101dca7ee39e585"},"breadcrumb":{"@id":"https:\/\/quehacerpolitico.mx\/?p=13221#breadcrumb"},"inLanguage":"es","potentialAction":[{"@type":"ReadAction","target":["https:\/\/quehacerpolitico.mx\/?p=13221"]}]},{"@type":"ImageObject","inLanguage":"es","@id":"https:\/\/quehacerpolitico.mx\/?p=13221#primaryimage","url":"","contentUrl":""},{"@type":"BreadcrumbList","@id":"https:\/\/quehacerpolitico.mx\/?p=13221#breadcrumb","itemListElement":[{"@type":"ListItem","position":1,"name":"Inicio","item":"https:\/\/quehacerpolitico.mx\/"},{"@type":"ListItem","position":2,"name":"Agentes Ministeriales se amparan contra despidos en la PGJ"}]},{"@type":"WebSite","@id":"https:\/\/quehacerpolitico.mx\/#website","url":"https:\/\/quehacerpolitico.mx\/","name":"","description":"","potentialAction":[{"@type":"SearchAction","target":{"@type":"EntryPoint","urlTemplate":"https:\/\/quehacerpolitico.mx\/?s={search_term_string}"},"query-input":{"@type":"PropertyValueSpecification","valueRequired":true,"valueName":"search_term_string"}}],"inLanguage":"es"},{"@type":"Person","@id":"https:\/\/quehacerpolitico.mx\/#\/schema\/person\/496d8ad2d1d3f8036101dca7ee39e585","name":"Redacci\u00f3n QP","image":{"@type":"ImageObject","inLanguage":"es","@id":"https:\/\/secure.gravatar.com\/avatar\/c7164ed6fdec453195284ad24a5ae5b6e1eed2b848477fa2a4787ba9adf39a41?s=96&d=mm&r=g","url":"https:\/\/secure.gravatar.com\/avatar\/c7164ed6fdec453195284ad24a5ae5b6e1eed2b848477fa2a4787ba9adf39a41?s=96&d=mm&r=g","contentUrl":"https:\/\/secure.gravatar.com\/avatar\/c7164ed6fdec453195284ad24a5ae5b6e1eed2b848477fa2a4787ba9adf39a41?s=96&d=mm&r=g","caption":"Redacci\u00f3n QP"},"url":"https:\/\/quehacerpolitico.mx\/?author=2"}]}},"featured_image_urls":{"full":"","thumbnail":"","medium":"","medium_large":"","large":"","1536x1536":"","2048x2048":"","covernews-featured":"","covernews-medium":""},"author_info":{"display_name":"Redacci\u00f3n QP","author_link":"https:\/\/quehacerpolitico.mx\/?author=2"},"category_info":"<a href=\"https:\/\/quehacerpolitico.mx\/?cat=55\" rel=\"category\">CDMX<\/a>","tag_info":"CDMX","comment_count":"0","_links":{"self":[{"href":"https:\/\/quehacerpolitico.mx\/index.php?rest_route=\/wp\/v2\/posts\/13221","targetHints":{"allow":["GET"]}}],"collection":[{"href":"https:\/\/quehacerpolitico.mx\/index.php?rest_route=\/wp\/v2\/posts"}],"about":[{"href":"https:\/\/quehacerpolitico.mx\/index.php?rest_route=\/wp\/v2\/types\/post"}],"author":[{"embeddable":true,"href":"https:\/\/quehacerpolitico.mx\/index.php?rest_route=\/wp\/v2\/users\/2"}],"replies":[{"embeddable":true,"href":"https:\/\/quehacerpolitico.mx\/index.php?rest_route=%2Fwp%2Fv2%2Fcomments&post=13221"}],"version-history":[{"count":0,"href":"https:\/\/quehacerpolitico.mx\/index.php?rest_route=\/wp\/v2\/posts\/13221\/revisions"}],"wp:featuredmedia":[{"embeddable":true,"href":"https:\/\/quehacerpolitico.mx\/index.php?rest_route=\/"}],"wp:attachment":[{"href":"https:\/\/quehacerpolitico.mx\/index.php?rest_route=%2Fwp%2Fv2%2Fmedia&parent=13221"}],"wp:term":[{"taxonomy":"category","embeddable":true,"href":"https:\/\/quehacerpolitico.mx\/index.php?rest_route=%2Fwp%2Fv2%2Fcategories&post=13221"},{"taxonomy":"post_tag","embeddable":true,"href":"https:\/\/quehacerpolitico.mx\/index.php?rest_route=%2Fwp%2Fv2%2Ftags&post=13221"}],"curies":[{"name":"wp","href":"https:\/\/api.w.org\/{rel}","templated":true}]}}