{"id":13219,"date":"2019-01-02T20:54:18","date_gmt":"2019-01-02T20:54:18","guid":{"rendered":"http:\/\/quehacerpolitico.mx\/el-mencho-el-mayo-el-azul-caro-una-decena-de-capos-que-quedaron-impunes-con-pena\/"},"modified":"2019-01-02T20:54:18","modified_gmt":"2019-01-02T20:54:18","slug":"el-mencho-el-mayo-el-azul-caro-una-decena-de-capos-que-quedaron-impunes-con-pena","status":"publish","type":"post","link":"https:\/\/quehacerpolitico.mx\/?p=13219","title":{"rendered":"\u201cEl Mencho\u201d, \u201cEl Mayo\u201d, \u201cEl Azul\u201d, Caro\u2026 una decena de capos que quedaron impunes con Pe\u00f1a"},"content":{"rendered":"<h1>\u201cEl Mencho\u201d, \u201cEl Mayo\u201d, \u201cEl Azul\u201d, Caro\u2026 una decena de capos que quedaron impunes con Pe\u00f1a<\/h1>\n<p>Por Redacci\u00f3n QP<\/p>\n<p>Las formas en el <strong>combate<\/strong> al <strong>crimen organizado<\/strong>como se efectuaron en los dos <strong>sexenios<\/strong>anteriores ya son cosa del pasado. Ahora, en las pol\u00edticas p\u00fablicas para la llamada <strong>pacificaci\u00f3n<\/strong> del pa\u00eds la estrategia ser\u00e1 diferente, seg\u00fan han anunciado una y otra vez las nuevas autoridades federales, para quienes la <strong>persecuci\u00f3n<\/strong> de <strong>narcotraficantes<\/strong> ya no es <strong>prioridad<\/strong>.<\/p>\n<p>Es el propio Secretario de Seguridad P\u00fablica, Alfonso Durazo, quien en diversas ocasiones ha asegurado que la primera de las acciones para atajar la grave violencia que existe en M\u00e9xico es poner orden en todos los cuerpos policiales, cortarle los tent\u00e1culos al lavado de dinero y combatir el robo de hidrocarburos.<\/p>\n<div id=\"attachment_3517791\" class=\"wp-caption alignnone\"><img loading=\"lazy\" decoding=\"async\" class=\"size-full wp-image-3517791\" src=\"https:\/\/www.sinembargo.mx\/wp-content\/uploads\/2019\/01\/monico.jpg\" sizes=\"auto, (max-width: 700px) 100vw, 700px\" srcset=\"https:\/\/www.sinembargo.mx\/wp-content\/uploads\/2019\/01\/monico.jpg 700w, https:\/\/www.sinembargo.mx\/wp-content\/uploads\/2019\/01\/monico-261x300.jpg 261w\" alt=\"\" width=\"700\" height=\"806\" \/><\/p>\n<p class=\"wp-caption-text\">Juan Pablo Guijarro Fragoza, \u201cEl M\u00f3nico\u201d, \u201cSe presume inocente, mientras no se declare su responsabilidad por la autoridad judicial. Art.13, CNPP\u201d. Foto: Zeta<\/p>\n<\/div>\n<p>Inteligencia antes que s\u00f3lo responder a los golpes de la delincuencia es la idea, sustentada en la creaci\u00f3n de una plataforma tecnol\u00f3gica que contendr\u00e1 informaci\u00f3n de la incidencia criminal y la apuesta por la operaci\u00f3n de la Guardia Nacional integrada por militares, marinos y polic\u00edas federales.<\/p>\n<p>El objetivo para antes de que concluya la administraci\u00f3n de Andr\u00e9s Manuel L\u00f3pez Obrador ser\u00e1 conseguir la ansiada pacificaci\u00f3n y regresar al Ej\u00e9rcito a sus cuarteles.<\/p>\n<p>Ya no aplicar\u00e1 m\u00e1s aquel papel del Estado de poner toda la fuerza a encontrar a los \u201cm\u00e1s buscados\u201d, como se hace en el modelo norteamericano, sino de repartir el esfuerzo en todos los rubros delictivos que la naci\u00f3n demanda.<\/p>\n<p>Pese a lo anterior, contin\u00faan vigentes las recompensas ofrecidas por otras gestiones gubernamentales federales, y, desde luego, las \u00f3rdenes de aprehensi\u00f3n pendientes de cumplimentar en contra de capos y lugartenientes de diferentes grupos criminales, sin que se descarte la reinvestigaci\u00f3n de asuntos, casos y el desistimiento de ejercitar la acci\u00f3n penal o emitir conclusiones no acusatorias. Como ocurri\u00f3 recientemente en favor del ex gobernador interino de Michoac\u00e1n, Jes\u00fas Reyna Garc\u00eda, quien recuper\u00f3 su libertad.<\/p>\n<p>De esta manera terminaron planes nacionales de seguridad sustentados en la captura de l\u00edderes de los c\u00e1rteles de la droga, generalmente solicitados para extradici\u00f3n por parte del gobierno de Estados Unidos.<\/p>\n<p><strong>LA COARTADA OFICIAL<\/strong><\/p>\n<p>El Gobierno del ex Presidente de M\u00e9xico, Enrique Pe\u00f1a Nieto, se jact\u00f3 de haber debilitado la operatividad del narcotr\u00e1fico al detener a centenares de presuntos capos, lugartenientes, operadores financieros y personas generadoras de violencia y trasiego de drogas en diversas regiones del territorio nacional de diciembre de 2012 a noviembre de 2018.<\/p>\n<p>La estrategia se finc\u00f3 en la elaboraci\u00f3n de una lista con los nombres de miembros del narcotr\u00e1fico, denominada 122 Objetivos Prioritarios, que nunca se revel\u00f3 de manera p\u00fablica y que conforme se iba deteniendo a personajes de mediana o alta relevancia en el mundo del crimen, se informaba a la sociedad que se cumpl\u00eda con los objetivos, d\u00e1ndoles uno de los 122 n\u00fameros.<\/p>\n<div id=\"attachment_3517788\" class=\"wp-caption alignnone\"><img loading=\"lazy\" decoding=\"async\" class=\"size-full wp-image-3517788\" src=\"https:\/\/www.sinembargo.mx\/wp-content\/uploads\/2019\/01\/elcontador.jpg\" sizes=\"auto, (max-width: 700px) 100vw, 700px\" srcset=\"https:\/\/www.sinembargo.mx\/wp-content\/uploads\/2019\/01\/elcontador.jpg 700w, https:\/\/www.sinembargo.mx\/wp-content\/uploads\/2019\/01\/elcontador-300x255.jpg 300w\" alt=\"\" width=\"700\" height=\"594\" \/><\/p>\n<p class=\"wp-caption-text\">Maxiley Barahona Nadales, \u201cEl Contador\u201d \u201cSe presume inocente, mientras no se declare su responsabilidad por la autoridad judicial. Art.13, CNPP\u201c. Foto: Zeta<\/p>\n<\/div>\n<p>Presuntamente se cumpli\u00f3 con la mayor\u00eda de los referidos objetivos; sin embargo, ni la violencia ni la incidencia delictiva disminuyeron. Por el contrario, se dispararon todos los indicadores y se gener\u00f3 la mayor ola de violencia civil en la historia. La versi\u00f3n constante de \u201cexisten reajustes entre las organizaciones criminales\u201d es la coartada oficial preferida para justificar la ineficacia e incluso complicidad de algunas autoridades ante la problem\u00e1tica.<\/p>\n<p>Detenciones como las de Joaqu\u00edn Archivaldo \u201cEl Chapo\u201d Guzm\u00e1n Loera; los hermanos Miguel \u00c1ngel y Omar Trevi\u00f1o Morales, conocidos de manera respectiva como \u201cZ-40\u201d y \u201cZ-42\u201d; Servando G\u00f3mez Mart\u00ednez \u201cLa Tuta\u201d; H\u00e9ctor Manuel Beltr\u00e1n Leyva \u201cEl H\u201d (recientemente finado en el penal Altiplano); Vicente Carrillo Leyva \u201cEl Viceroy\u201d; y Fernando S\u00e1nchez Arellano \u201cEl Ingeniero\u201d o \u201cEl Alineador\u201d, habr\u00edan tra\u00eddo m\u00e1s violencia al disputarse los lugares vacantes y su control territorial.<\/p>\n<p>Entre las v\u00edctimas de la brutalidad de la supuesta confrontaci\u00f3n entre c\u00e1rteles y del Estado contra \u00e9stos, figuran desde hombres, mujeres y ni\u00f1os hasta polic\u00edas de todos los niveles de gobierno, soldados y marinos, en una estad\u00edstica de asesinatos que alcanz\u00f3 los 151 mil durante el sexenio pe\u00f1ista. Casi 30 mil m\u00e1s que en la administraci\u00f3n presidencial de Felipe Calder\u00f3n, cuando se registraron 121 mil 35 homicidios.<\/p>\n<p>Tal vez por ello, durante el primer mes en el ejercicio en el poder, L\u00f3pez Obrador no ha anunciado fuertes golpes a la delincuencia, aunque la informaci\u00f3n de la ex Procuradur\u00eda General de la Rep\u00fablica (PGR, ahora Fiscal\u00eda) sigue fluyendo con detenciones, y la nota m\u00e1s importante en ese sentido es la denuncia que present\u00f3 la Unidad de Inteligencia Financiera (UIF) ante la PGR contra una red de lavado de dinero integrada por empresas afines al C\u00e1rtel Jalisco Nueva Generaci\u00f3n (CJNG).<\/p>\n<p><strong>PRESI\u00d3N DE EU<\/strong><\/p>\n<p>Entre los presuntos narcotraficantes que antes fueron \u201cobjetivos prioritarios\u201d y no pudieron ser capturados por el gobierno antecesor, se encuentran Nemesio Oseguera Cervantes \u201cEl Mencho\u201d, Ismael Zambada Garc\u00eda \u201cEl Mayo\u201d, Fausto Isidro Meza Flores \u201cEl Chapo Isidro\u201d y Juan Jos\u00e9 Esparragoza Moreno \u201cEl Azul\u201d, este \u00faltimo supuestamente muerto, sin que a la fecha se acredite su defunci\u00f3n.<\/p>\n<p>Se agrega a la lista Rafael Caro Quintero, quien precisamente recuper\u00f3 su libertad en el sexenio que acaba de concluir.<\/p>\n<p>Tanto Rafael como Nemesio son los personajes por quienes Estados Unidos ejerce mayor presi\u00f3n ante las autoridades mexicanas para que pronto sean detenidos. En el caso del \u201cMencho\u201d, l\u00edder del CJNG, apenas a mediados de octubre de 2018 se increment\u00f3 la recompensa por informaci\u00f3n que lleve a las autoridades norteamericanas a dar con su paradero. El monto subi\u00f3 hasta 10 millones de d\u00f3lares, la mitad de lo que la Agencia Antidrogas del vecino pa\u00eds (DEA, por sus siglas en ingl\u00e9s) ofrece por la aprehensi\u00f3n de Caro Quintero.<\/p>\n<div id=\"attachment_3517785\" class=\"wp-caption alignnone\"><img loading=\"lazy\" decoding=\"async\" class=\"size-full wp-image-3517785\" src=\"https:\/\/www.sinembargo.mx\/wp-content\/uploads\/2019\/01\/elmencho.jpg\" sizes=\"auto, (max-width: 700px) 100vw, 700px\" srcset=\"https:\/\/www.sinembargo.mx\/wp-content\/uploads\/2019\/01\/elmencho.jpg 700w, https:\/\/www.sinembargo.mx\/wp-content\/uploads\/2019\/01\/elmencho-273x300.jpg 273w\" alt=\"\" width=\"700\" height=\"770\" \/><\/p>\n<p class=\"wp-caption-text\">Nemesio Oseguera Martinez, \u201cEl Mencho\u201d, \u201cSe presume inocente, mientras no se declare su responsabilidad por la autoridad judicial. Art.13, CNPP\u201d. Foto: Zeta<\/p>\n<\/div>\n<p>El gobierno mexicano ha asestado algunos golpes al C\u00e1rtel Jalisco tras la detenci\u00f3n de los cu\u00f1ados de Oseguera Cervantes, apodados \u201cLos Cuinis\u201d, operadores financieros del grupo criminal. Tambi\u00e9n mantienen privado de la libertad en una prisi\u00f3n federal a Rub\u00e9n Oseguera Gonz\u00e1lez \u201cEl Menchito\u201d, hijo del capo michoacano. Sin embargo, es fecha que no se ha logrado su localizaci\u00f3n para cumplimentar alguna de las m\u00e1s de siete \u00f3rdenes de aprehensi\u00f3n que existen en su contra en los fueros com\u00fan de Jalisco y federal.<\/p>\n<p>En el caso de Caro Quintero, existe una orden de detenci\u00f3n provisional con fines de extradici\u00f3n internacional decretada en un Juzgado de Distrito de Procesos Penales Federales de Ciudad de M\u00e9xico, y una orden de reaprehensi\u00f3n en el Juzgado Cuarto de la misma materia en Jalisco para que cumpla con los doce a\u00f1os de condena que le hacen falta por el homicidio y secuestro del agente de la DEA, Enrique Camarena Salazar, y del piloto mexicano Alfredo Zavala Avelar.<\/p>\n<p>En abril de 2018, el Bur\u00f3 Federal de Investigaciones (FBI, por sus siglas en ingl\u00e9s) incluy\u00f3 a Rafael en su lista de los diez fugitivos m\u00e1s buscados en el mundo y anunci\u00f3 la apertura de un nuevo proceso criminal en contra del sinaloense por el crimen del referido agente antidrogas comisionado al Consulado estadounidense en Guadalajara en 1985. La renovada acusaci\u00f3n de EU contra Caro Quintero lo se\u00f1ala de ser parte de una empresa de narcotr\u00e1fico que actu\u00f3 entre 1980 y 2017.<\/p>\n<p>Autoridades mexicanas de la pasada administraci\u00f3n federal expresaron p\u00fablicamente en diversas ocasiones que tanto \u201cEl Mencho\u201d como Rafael Caro eran afanosamente buscados. Incluso en el caso del ex l\u00edder del C\u00e1rtel de Guadalajara, el ex comisionado general de la Polic\u00eda Federal, Manelich Castilla, lo mencion\u00f3 como uno de los objetivos primordiales del gabinete de seguridad.<\/p>\n<p>Fuentes militares revelaron que Rafael se desenvolv\u00eda en el Estado de Chihuahua, versi\u00f3n desmentida por el capo en una entrevista que otorg\u00f3 en un sitio clandestino a la periodista Anabel Hern\u00e1ndez, de la revista Proceso.<\/p>\n<p><strong>\u201cPECES GORDOS\u201d<\/strong><\/p>\n<p>Otro de los hombres \u201cintocados\u201d del narcotr\u00e1fico mexicano, quiz\u00e1 el menos, es Mario Ismael \u201cEl Mayo\u201d Zambada, l\u00edder del C\u00e1rtel de Sinaloa y ex socio de Joaqu\u00edn \u201cEl Chapo\u201d Guzm\u00e1n, se\u00f1alado como uno de los capos m\u00e1s veteranos y que tiene su asentamiento en el \u201cTri\u00e1ngulo Dorado\u201d que conforman los estados de Sinaloa, Durango y Chihuahua. Jam\u00e1s ha sido detenido.<\/p>\n<p>Jeffrey Lichtman, abogado de Guzm\u00e1n, asegur\u00f3 durante el juicio que se le sigue a su cliente en la Uni\u00f3n Americana, que \u201cEl Mayo\u201d es el verdadero jefe del clan delictivo.<\/p>\n<p>Aunque los hijos de Zambada han sido apresados y algunos de ellos enjuiciados en Estados Unidos y otras c\u00e9lulas de su organizaci\u00f3n han sido detenidas, incluso en pa\u00edses sudamericanos, \u201cEl Mayo\u201d se mantiene alejado de los reflectores. Voces an\u00f3nimas aseguran que vive entre monta\u00f1as, desde donde maneja el trasiego de drogas provenientes de Colombia, v\u00eda Panam\u00e1 y Costa Rica, principalmente a trav\u00e9s de embarcaciones y transporte a\u00e9reo. En M\u00e9xico y Estados Unidos cuenta con \u00f3rdenes de aprehensi\u00f3n en su contra.<\/p>\n<div id=\"attachment_3517787\" class=\"wp-caption alignnone\"><img loading=\"lazy\" decoding=\"async\" class=\"size-full wp-image-3517787\" src=\"https:\/\/www.sinembargo.mx\/wp-content\/uploads\/2019\/01\/jose-gil-quintero.jpg\" sizes=\"auto, (max-width: 700px) 100vw, 700px\" srcset=\"https:\/\/www.sinembargo.mx\/wp-content\/uploads\/2019\/01\/jose-gil-quintero.jpg 700w, https:\/\/www.sinembargo.mx\/wp-content\/uploads\/2019\/01\/jose-gil-quintero-263x300.jpg 263w\" alt=\"\" width=\"700\" height=\"798\" \/><\/p>\n<p class=\"wp-caption-text\">Jose Gil Caro Quintero, \u201cSe presume inocente, mientras no se declare su responsabilidad por la autoridad judicial. Art.13, CNPP\u201d. Foto: Zeta<\/p>\n<\/div>\n<p>La autoridad estadounidense ha ofrecido una recompensa para llevar ante la justicia de ese pa\u00eds a Fausto Isidro Meza Flores \u201cEl Chapo Isidro\u201d, l\u00edder de la organizaci\u00f3n criminal \u201cLos Mazatlecos\u201d, al servicio de los hermanos Beltr\u00e1n Leyva. El ofrecimiento de 5 millones de d\u00f3lares no ha conseguido resultados, por lo que prevalecen los cargos de posesi\u00f3n, distribuci\u00f3n e importaci\u00f3n de grandes cantidades de hero\u00edna, metanfetamina, coca\u00edna y marihuana a esa naci\u00f3n.<\/p>\n<p>En M\u00e9xico, \u201cEl Chapo Isidro\u201d obtuvo un amparo en mayo de 2018 que lo desvincula de una orden de aprehensi\u00f3n que pesaba en su contra desde mayo de 2013 en el Juzgado Sexto de Distrito de Sinaloa por el delito de delincuencia organizada; sin embargo, est\u00e1 pendiente de ejecutar una orden de detenci\u00f3n provisional con fines de extradici\u00f3n para que sea juzgado en una Corte de Distrito en Columbia, Estados Unidos, por violaciones a leyes de narc\u00f3ticos y armas de fuego.<\/p>\n<p>Por otra parte, las autoridades mexicanas mantienen vigente el mandamiento judicial de captura contra Juan Jos\u00e9 Esparragoza Moreno \u201cEl Azul\u201d, otro de los legendarios capos sinaloenses del narcotr\u00e1fico en M\u00e9xico, pues a pesar de que en junio de 2014 se inform\u00f3 de su presunta muerte en un accidente, no se cuenta con indicios suficientes que prueben dicha versi\u00f3n. El ex comisionado nacional de Seguridad, Renato Sales Heredia, asegur\u00f3 hace unos meses que \u201cEl Azul\u201d seguir\u00eda como objetivo prioritario del Gobierno Federal.<\/p>\n<p>Dos nombres m\u00e1s, se\u00f1alados como l\u00edderes del narcotr\u00e1fico en Sonora para el C\u00e1rtel Beltr\u00e1n Leyva, son los primos de Rafael Caro Quintero (hijo de Manuela Quintero): Jos\u00e9 Gil Caro Quintero (hijo de Eulogia Quintero Pay\u00e1n) y Juan Pablo Quintero Navidad, hijo del fallecido narcotraficante Emilio Quintero Pay\u00e1n, quienes controlan el trasiego de drogas en la zona des\u00e9rtica de esa entidad hasta Chihuahua, imponi\u00e9ndose en ambos estados a la organizaci\u00f3n Los Salazar.<\/p>\n<p>Anteriormente, el apodado \u201cJoGil\u201d Caro Quintero oper\u00f3 en Jalisco y Morelos, siempre como lugarteniente de alg\u00fan capo mayor. El 8 de enero de 2016 fue liberado del penal de m\u00e1xima seguridad de Puente Grande, donde en su \u00faltima etapa estuvo preso porque supuestamente dirig\u00eda una organizaci\u00f3n del crimen organizado desde el interior de dicho establecimiento, pero el Ministerio P\u00fablico Federal no pudo probar la imputaci\u00f3n. De Juan Pablo no hay muchas noticias, s\u00f3lo que es hermano de Emilio Sajid Quintero \u201cEl Cadete\u201d, anterior l\u00edder visible del grupo, quien fue aprehendido por el gobierno estadounidense el 11 de octubre de 2017 en la Garita Internacional de San Ysidro, California.<\/p>\n<p><strong>CAPOS DEL NORTE<\/strong><\/p>\n<p>Se\u00f1alado como l\u00edder del grupo delictivo Los Zetas, Maxiley Barahona Nadales \u201cEl Contador\u201d, \u201cEl 19\u201d o \u201cEl Max\u201d, se encuentra en la mira de la Agencia de Investigaci\u00f3n Criminal. Investigaciones refieren que el tamaulipeco se desempe\u00f1a en Nuevo Le\u00f3n, Veracruz, Chiapas y Tabasco. Adem\u00e1s del narcotr\u00e1fico, se le vincula con otros delitos como homicidio y secuestro. La Fiscal\u00eda General de la Rep\u00fablica ofrece una recompensa de 10 millones de pesos por su captura.<\/p>\n<div id=\"attachment_3517786\" class=\"wp-caption alignnone\"><img loading=\"lazy\" decoding=\"async\" class=\"size-full wp-image-3517786\" src=\"https:\/\/www.sinembargo.mx\/wp-content\/uploads\/2019\/01\/rafael-caro-quintero.jpg\" sizes=\"auto, (max-width: 700px) 100vw, 700px\" srcset=\"https:\/\/www.sinembargo.mx\/wp-content\/uploads\/2019\/01\/rafael-caro-quintero.jpg 700w, https:\/\/www.sinembargo.mx\/wp-content\/uploads\/2019\/01\/rafael-caro-quintero-220x300.jpg 220w\" alt=\"\" width=\"700\" height=\"955\" \/><\/p>\n<p class=\"wp-caption-text\">Rafael Caro Quintero, \u201cSe presume inocente, mientras no se declare su responsabilidad por la autoridad judicial. Art.13, CNPP\u201d. Foto: Zeta<\/p>\n<\/div>\n<p>En el C\u00e1rtel de Ju\u00e1rez se tiene por jefe a Juan Pablo Guijarro Fragoza \u201cEl M\u00f3nico\u201d o \u201cEl H1\u201d, quien ejerce control territorial a trav\u00e9s de pandillas, entre las que se encuentra la de Los Aztecas, lo que le permite contar con numerosos distribuidores de drogas y sicarios. El gobierno mexicano ofrece una recompensa de 15 millones de pesos por informaci\u00f3n que permita su detenci\u00f3n.<\/p>\n<p>En Chihuahua manda Juan Pablo Ledezma \u201cEl JL\u201d o \u201cEl Dos Letras\u201d, quien colabor\u00f3 directamente para los hermanos Vicente y Alberto Carrillo Fuentes. Despu\u00e9s del arresto de ambos capos, \u201cEl JL\u201d qued\u00f3 bajo las \u00f3rdenes de Jes\u00fas Salas Aguayo \u201cEl Chuy\u00edn\u201d, quien a la postre tambi\u00e9n fue apresado. Ledezma maneja el grupo criminal conocido como La L\u00ednea, en la Capital del Estado Grande. La Fiscal\u00eda General de la Rep\u00fablica ofrece recompensa de 15 millones de pesos por su localizaci\u00f3n.<\/p>\n<p>Sin corona, pero con mandamientos judiciales en su contra, sobrevive Eduardo Gonz\u00e1lez Quirarte \u201cEl Flaco\u201d, del viejo C\u00e1rtel de Ju\u00e1rez en tiempos de Amado Carrillo \u201cEl Se\u00f1or de los Cielos\u201d. El jalisciense estuvo escondido durante d\u00e9cada y media y recientemente reapareci\u00f3 para promover un juicio de amparo en contra de las antiguas \u00f3rdenes de aprehensi\u00f3n dictadas en su contra. \u201cEl Flaco\u201d es referido en expedientes norteamericanos con los alias Gregorio Gonz\u00e1lez L\u00f3pez, H\u00e9ctor Manuel Orellana Erazo y Gabriel G\u00f3mez Ch\u00e1vez.<\/p>\n<p>El programa de recompensas de la antes conocida como PGR sostiene una oferta de 10 millones de pesos para detener a Jos\u00e9 Antonio Cueto L\u00f3pez, ex funcionario del \u00e1mbito de la procuraci\u00f3n de justicia coludido con los c\u00e1rteles de Sinaloa y Beltr\u00e1n Leyva, cuando \u00e9stos participaban juntos. Cueto fue subdelegado de apoyo de la Fiscal\u00eda Especializada en la Atenci\u00f3n de Delitos contra la Salud, posici\u00f3n desde la cual supuestamente recib\u00eda sobornos de narcotraficantes para colaborar con protecci\u00f3n.<\/p>\n<p>Con Informaci\u00f3n de Zeta<\/p>\n","protected":false},"excerpt":{"rendered":"<p>\u201cEl Mencho\u201d, \u201cEl Mayo\u201d, \u201cEl Azul\u201d, Caro\u2026 una decena de capos que quedaron impunes con Pe\u00f1a<br \/>\nPor Redacci\u00f3n QP<\/p>\n","protected":false},"author":2,"featured_media":13218,"comment_status":"open","ping_status":"open","sticky":false,"template":"","format":"standard","meta":{"_monsterinsights_skip_tracking":false,"_monsterinsights_sitenote_active":false,"_monsterinsights_sitenote_note":"","_monsterinsights_sitenote_category":0,"footnotes":""},"categories":[2],"tags":[],"class_list":["post-13219","post","type-post","status-publish","format-standard","has-post-thumbnail","hentry","category-noticias"],"yoast_head":"<!-- This site is optimized with the Yoast SEO plugin v27.3 - https:\/\/yoast.com\/product\/yoast-seo-wordpress\/ -->\n<title>\u201cEl Mencho\u201d, \u201cEl Mayo\u201d, \u201cEl Azul\u201d, Caro\u2026 una decena de capos que quedaron impunes con Pe\u00f1a -<\/title>\n<meta name=\"robots\" content=\"index, follow, max-snippet:-1, max-image-preview:large, max-video-preview:-1\" \/>\n<link rel=\"canonical\" href=\"https:\/\/quehacerpolitico.mx\/?p=13219\" \/>\n<meta property=\"og:locale\" content=\"es_MX\" \/>\n<meta property=\"og:type\" content=\"article\" \/>\n<meta property=\"og:title\" content=\"\u201cEl Mencho\u201d, \u201cEl Mayo\u201d, \u201cEl Azul\u201d, Caro\u2026 una decena de capos que quedaron impunes con Pe\u00f1a -\" \/>\n<meta property=\"og:description\" content=\"\u201cEl Mencho\u201d, \u201cEl Mayo\u201d, \u201cEl Azul\u201d, Caro\u2026 una decena de capos que quedaron impunes con Pe\u00f1a Por Redacci\u00f3n QP\" \/>\n<meta property=\"og:url\" content=\"https:\/\/quehacerpolitico.mx\/?p=13219\" \/>\n<meta property=\"article:published_time\" content=\"2019-01-02T20:54:18+00:00\" \/>\n<meta name=\"author\" content=\"Redacci\u00f3n QP\" \/>\n<meta name=\"twitter:card\" content=\"summary_large_image\" \/>\n<meta name=\"twitter:label1\" content=\"Escrito por\" \/>\n\t<meta name=\"twitter:data1\" content=\"Redacci\u00f3n QP\" \/>\n\t<meta name=\"twitter:label2\" content=\"Tiempo de lectura\" \/>\n\t<meta name=\"twitter:data2\" content=\"13 minutos\" \/>\n<script type=\"application\/ld+json\" class=\"yoast-schema-graph\">{\"@context\":\"https:\\\/\\\/schema.org\",\"@graph\":[{\"@type\":\"Article\",\"@id\":\"https:\\\/\\\/quehacerpolitico.mx\\\/?p=13219#article\",\"isPartOf\":{\"@id\":\"https:\\\/\\\/quehacerpolitico.mx\\\/?p=13219\"},\"author\":{\"name\":\"Redacci\u00f3n QP\",\"@id\":\"https:\\\/\\\/quehacerpolitico.mx\\\/#\\\/schema\\\/person\\\/496d8ad2d1d3f8036101dca7ee39e585\"},\"headline\":\"\u201cEl Mencho\u201d, \u201cEl Mayo\u201d, \u201cEl Azul\u201d, Caro\u2026 una decena de capos que quedaron impunes con Pe\u00f1a\",\"datePublished\":\"2019-01-02T20:54:18+00:00\",\"mainEntityOfPage\":{\"@id\":\"https:\\\/\\\/quehacerpolitico.mx\\\/?p=13219\"},\"wordCount\":2529,\"commentCount\":0,\"image\":{\"@id\":\"https:\\\/\\\/quehacerpolitico.mx\\\/?p=13219#primaryimage\"},\"thumbnailUrl\":\"\",\"articleSection\":[\"Noticias\"],\"inLanguage\":\"es\",\"potentialAction\":[{\"@type\":\"CommentAction\",\"name\":\"Comment\",\"target\":[\"https:\\\/\\\/quehacerpolitico.mx\\\/?p=13219#respond\"]}]},{\"@type\":\"WebPage\",\"@id\":\"https:\\\/\\\/quehacerpolitico.mx\\\/?p=13219\",\"url\":\"https:\\\/\\\/quehacerpolitico.mx\\\/?p=13219\",\"name\":\"\u201cEl Mencho\u201d, \u201cEl Mayo\u201d, \u201cEl Azul\u201d, Caro\u2026 una decena de capos que quedaron impunes con Pe\u00f1a -\",\"isPartOf\":{\"@id\":\"https:\\\/\\\/quehacerpolitico.mx\\\/#website\"},\"primaryImageOfPage\":{\"@id\":\"https:\\\/\\\/quehacerpolitico.mx\\\/?p=13219#primaryimage\"},\"image\":{\"@id\":\"https:\\\/\\\/quehacerpolitico.mx\\\/?p=13219#primaryimage\"},\"thumbnailUrl\":\"\",\"datePublished\":\"2019-01-02T20:54:18+00:00\",\"author\":{\"@id\":\"https:\\\/\\\/quehacerpolitico.mx\\\/#\\\/schema\\\/person\\\/496d8ad2d1d3f8036101dca7ee39e585\"},\"breadcrumb\":{\"@id\":\"https:\\\/\\\/quehacerpolitico.mx\\\/?p=13219#breadcrumb\"},\"inLanguage\":\"es\",\"potentialAction\":[{\"@type\":\"ReadAction\",\"target\":[\"https:\\\/\\\/quehacerpolitico.mx\\\/?p=13219\"]}]},{\"@type\":\"ImageObject\",\"inLanguage\":\"es\",\"@id\":\"https:\\\/\\\/quehacerpolitico.mx\\\/?p=13219#primaryimage\",\"url\":\"\",\"contentUrl\":\"\"},{\"@type\":\"BreadcrumbList\",\"@id\":\"https:\\\/\\\/quehacerpolitico.mx\\\/?p=13219#breadcrumb\",\"itemListElement\":[{\"@type\":\"ListItem\",\"position\":1,\"name\":\"Inicio\",\"item\":\"https:\\\/\\\/quehacerpolitico.mx\\\/\"},{\"@type\":\"ListItem\",\"position\":2,\"name\":\"\u201cEl Mencho\u201d, \u201cEl Mayo\u201d, \u201cEl Azul\u201d, Caro\u2026 una decena de capos que quedaron impunes con Pe\u00f1a\"}]},{\"@type\":\"WebSite\",\"@id\":\"https:\\\/\\\/quehacerpolitico.mx\\\/#website\",\"url\":\"https:\\\/\\\/quehacerpolitico.mx\\\/\",\"name\":\"\",\"description\":\"\",\"potentialAction\":[{\"@type\":\"SearchAction\",\"target\":{\"@type\":\"EntryPoint\",\"urlTemplate\":\"https:\\\/\\\/quehacerpolitico.mx\\\/?s={search_term_string}\"},\"query-input\":{\"@type\":\"PropertyValueSpecification\",\"valueRequired\":true,\"valueName\":\"search_term_string\"}}],\"inLanguage\":\"es\"},{\"@type\":\"Person\",\"@id\":\"https:\\\/\\\/quehacerpolitico.mx\\\/#\\\/schema\\\/person\\\/496d8ad2d1d3f8036101dca7ee39e585\",\"name\":\"Redacci\u00f3n QP\",\"image\":{\"@type\":\"ImageObject\",\"inLanguage\":\"es\",\"@id\":\"https:\\\/\\\/secure.gravatar.com\\\/avatar\\\/c7164ed6fdec453195284ad24a5ae5b6e1eed2b848477fa2a4787ba9adf39a41?s=96&d=mm&r=g\",\"url\":\"https:\\\/\\\/secure.gravatar.com\\\/avatar\\\/c7164ed6fdec453195284ad24a5ae5b6e1eed2b848477fa2a4787ba9adf39a41?s=96&d=mm&r=g\",\"contentUrl\":\"https:\\\/\\\/secure.gravatar.com\\\/avatar\\\/c7164ed6fdec453195284ad24a5ae5b6e1eed2b848477fa2a4787ba9adf39a41?s=96&d=mm&r=g\",\"caption\":\"Redacci\u00f3n QP\"},\"url\":\"https:\\\/\\\/quehacerpolitico.mx\\\/?author=2\"}]}<\/script>\n<!-- \/ Yoast SEO plugin. -->","yoast_head_json":{"title":"\u201cEl Mencho\u201d, \u201cEl Mayo\u201d, \u201cEl Azul\u201d, Caro\u2026 una decena de capos que quedaron impunes con Pe\u00f1a -","robots":{"index":"index","follow":"follow","max-snippet":"max-snippet:-1","max-image-preview":"max-image-preview:large","max-video-preview":"max-video-preview:-1"},"canonical":"https:\/\/quehacerpolitico.mx\/?p=13219","og_locale":"es_MX","og_type":"article","og_title":"\u201cEl Mencho\u201d, \u201cEl Mayo\u201d, \u201cEl Azul\u201d, Caro\u2026 una decena de capos que quedaron impunes con Pe\u00f1a -","og_description":"\u201cEl Mencho\u201d, \u201cEl Mayo\u201d, \u201cEl Azul\u201d, Caro\u2026 una decena de capos que quedaron impunes con Pe\u00f1a Por Redacci\u00f3n QP","og_url":"https:\/\/quehacerpolitico.mx\/?p=13219","article_published_time":"2019-01-02T20:54:18+00:00","author":"Redacci\u00f3n QP","twitter_card":"summary_large_image","twitter_misc":{"Escrito por":"Redacci\u00f3n QP","Tiempo de lectura":"13 minutos"},"schema":{"@context":"https:\/\/schema.org","@graph":[{"@type":"Article","@id":"https:\/\/quehacerpolitico.mx\/?p=13219#article","isPartOf":{"@id":"https:\/\/quehacerpolitico.mx\/?p=13219"},"author":{"name":"Redacci\u00f3n QP","@id":"https:\/\/quehacerpolitico.mx\/#\/schema\/person\/496d8ad2d1d3f8036101dca7ee39e585"},"headline":"\u201cEl Mencho\u201d, \u201cEl Mayo\u201d, \u201cEl Azul\u201d, Caro\u2026 una decena de capos que quedaron impunes con Pe\u00f1a","datePublished":"2019-01-02T20:54:18+00:00","mainEntityOfPage":{"@id":"https:\/\/quehacerpolitico.mx\/?p=13219"},"wordCount":2529,"commentCount":0,"image":{"@id":"https:\/\/quehacerpolitico.mx\/?p=13219#primaryimage"},"thumbnailUrl":"","articleSection":["Noticias"],"inLanguage":"es","potentialAction":[{"@type":"CommentAction","name":"Comment","target":["https:\/\/quehacerpolitico.mx\/?p=13219#respond"]}]},{"@type":"WebPage","@id":"https:\/\/quehacerpolitico.mx\/?p=13219","url":"https:\/\/quehacerpolitico.mx\/?p=13219","name":"\u201cEl Mencho\u201d, \u201cEl Mayo\u201d, \u201cEl Azul\u201d, Caro\u2026 una decena de capos que quedaron impunes con Pe\u00f1a -","isPartOf":{"@id":"https:\/\/quehacerpolitico.mx\/#website"},"primaryImageOfPage":{"@id":"https:\/\/quehacerpolitico.mx\/?p=13219#primaryimage"},"image":{"@id":"https:\/\/quehacerpolitico.mx\/?p=13219#primaryimage"},"thumbnailUrl":"","datePublished":"2019-01-02T20:54:18+00:00","author":{"@id":"https:\/\/quehacerpolitico.mx\/#\/schema\/person\/496d8ad2d1d3f8036101dca7ee39e585"},"breadcrumb":{"@id":"https:\/\/quehacerpolitico.mx\/?p=13219#breadcrumb"},"inLanguage":"es","potentialAction":[{"@type":"ReadAction","target":["https:\/\/quehacerpolitico.mx\/?p=13219"]}]},{"@type":"ImageObject","inLanguage":"es","@id":"https:\/\/quehacerpolitico.mx\/?p=13219#primaryimage","url":"","contentUrl":""},{"@type":"BreadcrumbList","@id":"https:\/\/quehacerpolitico.mx\/?p=13219#breadcrumb","itemListElement":[{"@type":"ListItem","position":1,"name":"Inicio","item":"https:\/\/quehacerpolitico.mx\/"},{"@type":"ListItem","position":2,"name":"\u201cEl Mencho\u201d, \u201cEl Mayo\u201d, \u201cEl Azul\u201d, Caro\u2026 una decena de capos que quedaron impunes con Pe\u00f1a"}]},{"@type":"WebSite","@id":"https:\/\/quehacerpolitico.mx\/#website","url":"https:\/\/quehacerpolitico.mx\/","name":"","description":"","potentialAction":[{"@type":"SearchAction","target":{"@type":"EntryPoint","urlTemplate":"https:\/\/quehacerpolitico.mx\/?s={search_term_string}"},"query-input":{"@type":"PropertyValueSpecification","valueRequired":true,"valueName":"search_term_string"}}],"inLanguage":"es"},{"@type":"Person","@id":"https:\/\/quehacerpolitico.mx\/#\/schema\/person\/496d8ad2d1d3f8036101dca7ee39e585","name":"Redacci\u00f3n QP","image":{"@type":"ImageObject","inLanguage":"es","@id":"https:\/\/secure.gravatar.com\/avatar\/c7164ed6fdec453195284ad24a5ae5b6e1eed2b848477fa2a4787ba9adf39a41?s=96&d=mm&r=g","url":"https:\/\/secure.gravatar.com\/avatar\/c7164ed6fdec453195284ad24a5ae5b6e1eed2b848477fa2a4787ba9adf39a41?s=96&d=mm&r=g","contentUrl":"https:\/\/secure.gravatar.com\/avatar\/c7164ed6fdec453195284ad24a5ae5b6e1eed2b848477fa2a4787ba9adf39a41?s=96&d=mm&r=g","caption":"Redacci\u00f3n QP"},"url":"https:\/\/quehacerpolitico.mx\/?author=2"}]}},"featured_image_urls":{"full":"","thumbnail":"","medium":"","medium_large":"","large":"","1536x1536":"","2048x2048":"","covernews-featured":"","covernews-medium":""},"author_info":{"display_name":"Redacci\u00f3n QP","author_link":"https:\/\/quehacerpolitico.mx\/?author=2"},"category_info":"<a href=\"https:\/\/quehacerpolitico.mx\/?cat=2\" rel=\"category\">Noticias<\/a>","tag_info":"Noticias","comment_count":"0","_links":{"self":[{"href":"https:\/\/quehacerpolitico.mx\/index.php?rest_route=\/wp\/v2\/posts\/13219","targetHints":{"allow":["GET"]}}],"collection":[{"href":"https:\/\/quehacerpolitico.mx\/index.php?rest_route=\/wp\/v2\/posts"}],"about":[{"href":"https:\/\/quehacerpolitico.mx\/index.php?rest_route=\/wp\/v2\/types\/post"}],"author":[{"embeddable":true,"href":"https:\/\/quehacerpolitico.mx\/index.php?rest_route=\/wp\/v2\/users\/2"}],"replies":[{"embeddable":true,"href":"https:\/\/quehacerpolitico.mx\/index.php?rest_route=%2Fwp%2Fv2%2Fcomments&post=13219"}],"version-history":[{"count":0,"href":"https:\/\/quehacerpolitico.mx\/index.php?rest_route=\/wp\/v2\/posts\/13219\/revisions"}],"wp:featuredmedia":[{"embeddable":true,"href":"https:\/\/quehacerpolitico.mx\/index.php?rest_route=\/"}],"wp:attachment":[{"href":"https:\/\/quehacerpolitico.mx\/index.php?rest_route=%2Fwp%2Fv2%2Fmedia&parent=13219"}],"wp:term":[{"taxonomy":"category","embeddable":true,"href":"https:\/\/quehacerpolitico.mx\/index.php?rest_route=%2Fwp%2Fv2%2Fcategories&post=13219"},{"taxonomy":"post_tag","embeddable":true,"href":"https:\/\/quehacerpolitico.mx\/index.php?rest_route=%2Fwp%2Fv2%2Ftags&post=13219"}],"curies":[{"name":"wp","href":"https:\/\/api.w.org\/{rel}","templated":true}]}}