{"id":132138,"date":"2026-09-04T08:07:45","date_gmt":"2026-09-04T14:07:45","guid":{"rendered":"https:\/\/quehacerpolitico.mx\/?p=132138"},"modified":"2026-09-04T08:07:47","modified_gmt":"2026-09-04T14:07:47","slug":"el-quehacer-politico-a-traves-jose-alberto-prado-angeles-el-regreso-de-rocha-moya-y-el-espejo-roto-con-washington","status":"publish","type":"post","link":"https:\/\/quehacerpolitico.mx\/?p=132138","title":{"rendered":"El Quehacer Pol\u00edtico a trav\u00e9s\/\/\/Jose Alberto Prado Angeles\/\/\/El regreso de Rocha Moya y el espejo roto con Washington"},"content":{"rendered":"\n<p class=\"wp-block-paragraph\">Jos\u00e9 Alberto Prado Angeles<\/p>\n\n\n\n<p class=\"wp-block-paragraph\">Director General y Editor <\/p>\n\n\n\n<p class=\"wp-block-paragraph\">El regreso de Rub\u00e9n Rocha Moya a la gubernatura de Sinaloa el viernes 21 de agosto, tras 112 d\u00edas de licencia por la investigaci\u00f3n de la FGR derivada de acusaciones de Estados Unidos por presuntos v\u00ednculos con el C\u00e1rtel de Sinaloa, es mucho m\u00e1s que un asunto local. Es el punto de inflexi\u00f3n donde la pol\u00edtica interna de Morena choca de frente con la nueva doctrina de seguridad de Washington. \ufffc<br>Rocha Moya vuelve diciendo que &#8220;no he cometido ning\u00fan delito&#8221; y que la FGR no encontr\u00f3 elementos. Pero vuelve solo. La Secretar\u00eda de Gobernaci\u00f3n se apresur\u00f3 a aclarar que fue una &#8220;determinaci\u00f3n de car\u00e1cter personal&#8221;y la presidenta Claudia Sheinbaum lo cuestion\u00f3 p\u00fablicamente sin nombrarlo. El mensaje es claro: el Gobierno federal intenta desmarcarse para no contaminar la relaci\u00f3n bilateral. No le est\u00e1 funcionando. \ufffc<br>La tormenta perfecta&nbsp;Washington ya no juega con comunicados diplom\u00e1ticos. La acusaci\u00f3n contra Rocha Moya forma parte de un paquete m\u00e1s amplio: en abril, el Departamento de Justicia acus\u00f3 a 10 funcionarios mexicanos por presuntos v\u00ednculos con el narcotr\u00e1fico, la DEA presiona por extradiciones y detenciones directas, y el gobierno de Donald Trump ha convertido las visas en arma pol\u00edtica. \ufffc<br>Hace d\u00edas le retiraron la visa a Andy L\u00f3pez Beltr\u00e1n, hijo de AMLO, lo que el propio Andy calific\u00f3 como una &#8220;burda y perversa canallada&#8221; y un golpe &#8220;al estilo hitleriano&#8221;. Antes fue la gobernadora de Baja California. Estados Unidos lo utiliza como arma de presi\u00f3n, como los aranceles, advierten en Morena. \ufffc<br>Y aqu\u00ed entra la familia L\u00f3pez Obrador. El expresidente, fundador de Morena, ha reaparecido para defender al partido de lo que considera un intento de socavar a Morena con el pretexto del narcoterrorismo. Seg\u00fan fuentes internas, la facci\u00f3n leal a AMLO se ha opuesto vehementemente a cualquier cesi\u00f3n ante la presi\u00f3n estadounidense. \ufffc<br>La proyecci\u00f3n: tres escenarios para M\u00e9xico-Estados Unidos<br>1. La contenci\u00f3n fracturada. Es el escenario actual. Sheinbaum intenta mantener una cooperaci\u00f3n t\u00e9cnica con la DEA y el Departamento de Estado \u2014como lo muestra la alianza entre Omar Garc\u00eda Harfuch y el director de la DEA\u2014 mientras el ala dura de Morena cierra filas en torno a la soberan\u00eda. El regreso de Rocha Moya rompe ese equilibrio. Para Washington, es la prueba de impunidad; para el obradorismo, es la prueba de no sometimiento. \ufffc<br>2. La escalada punitiva. Si Sinaloa vuelve a ser percibido como un narco-Estado bajo Rocha Moya \u2014como acusa el PAN\u2014 Estados Unidos puede pasar de las visas y los se\u00f1alamientos a sanciones financieras directas bajo la ley Kingpin, aranceles selectivos y operaciones unilaterales. La relaci\u00f3n dejar\u00eda de ser bilateral para ser coercitiva. \ufffc<br>3. La ruptura controlada dentro de Morena. El regreso de Rocha Moya empa\u00f1a las se\u00f1ales contra la impunidad que quer\u00eda enviar el Gobiernoy abre un cisma interno. Sheinbaum necesita mostrar resultados a Washington para evitar la crisis econ\u00f3mica; el grupo L\u00f3pez Obrador necesita mostrar resistencia para no perder su base moral. Esa tensi\u00f3n es la que Washington est\u00e1 explotando. \ufffc<br>La pregunta ya no es si Rocha Moya es culpable o inocente. La FGR mexicana dice que no hay pruebas; la Justicia estadounidense dice que s\u00ed hay. La pregunta real es: \u00bfpuede M\u00e9xico sostener a un gobernador se\u00f1alado por EE.UU. como narcov\u00ednculo, gobernando el estado cuna del C\u00e1rtel de Sinaloa, sin que la relaci\u00f3n con su principal socio comercial y de seguridad colapse?<br>El regreso de Rocha Moya no cierra una crisis. La inaugura. Y pone a Morena en una encrucijada hist\u00f3rica: defender el legado de su fundador y su familia, o defender la viabilidad del Estado mexicano frente a Washington. No puede hacer las dos cosas a la vez por mucho tiempo m\u00e1s.<\/p>\n\n\n\n<p class=\"wp-block-paragraph\">As\u00ed el Quehacer Pol\u00edtico Desde 1980, 46 a\u00f1os inquiriendo en la pol\u00edtica de M\u00e9xico, cuestionando, exponiendo, revelando y razonando.Es cuanto.<\/p>\n","protected":false},"excerpt":{"rendered":"<p>Jos\u00e9 Alberto Prado Angeles Director General y Editor El regreso de Rub\u00e9n Rocha Moya a&#8230;<\/p>\n","protected":false},"author":2,"featured_media":132139,"comment_status":"open","ping_status":"open","sticky":false,"template":"","format":"standard","meta":{"footnotes":""},"categories":[280,2],"tags":[],"class_list":["post-132138","post","type-post","status-publish","format-standard","has-post-thumbnail","hentry","category-nacionales","category-noticias"],"yoast_head":"<!-- This site is optimized with the Yoast SEO plugin v27.9 - https:\/\/yoast.com\/product\/yoast-seo-wordpress\/ -->\n<title>El Quehacer Pol\u00edtico a trav\u00e9s\/\/\/Jose Alberto Prado Angeles\/\/\/El regreso de Rocha Moya y el espejo roto con Washington -<\/title>\n<meta name=\"robots\" content=\"index, follow, max-snippet:-1, max-image-preview:large, max-video-preview:-1\" \/>\n<link rel=\"canonical\" href=\"https:\/\/quehacerpolitico.mx\/?p=132138\" \/>\n<meta property=\"og:locale\" content=\"es_MX\" \/>\n<meta property=\"og:type\" content=\"article\" \/>\n<meta property=\"og:title\" content=\"El Quehacer Pol\u00edtico a trav\u00e9s\/\/\/Jose Alberto Prado Angeles\/\/\/El regreso de Rocha Moya y el espejo roto con Washington -\" \/>\n<meta property=\"og:description\" content=\"Jos\u00e9 Alberto Prado Angeles Director General y Editor El regreso de Rub\u00e9n Rocha Moya a...\" \/>\n<meta property=\"og:url\" content=\"https:\/\/quehacerpolitico.mx\/?p=132138\" \/>\n<meta property=\"article:published_time\" content=\"2026-09-04T14:07:45+00:00\" \/>\n<meta property=\"article:modified_time\" content=\"2026-09-04T14:07:47+00:00\" \/>\n<meta property=\"og:image\" content=\"https:\/\/quehacerpolitico.mx\/wp-content\/uploads\/2026\/09\/921e0283-24ae-4908-b1ab-fa3ea0d47174.jpeg\" \/>\n\t<meta property=\"og:image:width\" content=\"963\" \/>\n\t<meta property=\"og:image:height\" content=\"493\" \/>\n\t<meta property=\"og:image:type\" content=\"image\/jpeg\" \/>\n<meta name=\"author\" content=\"Redacci\u00f3n QP\" \/>\n<meta name=\"twitter:card\" content=\"summary_large_image\" \/>\n<meta name=\"twitter:label1\" content=\"Escrito por\" \/>\n\t<meta name=\"twitter:data1\" content=\"Redacci\u00f3n QP\" \/>\n\t<meta name=\"twitter:label2\" content=\"Tiempo de lectura\" \/>\n\t<meta name=\"twitter:data2\" content=\"4 minutos\" \/>\n<script type=\"application\/ld+json\" class=\"yoast-schema-graph\">{\"@context\":\"https:\\\/\\\/schema.org\",\"@graph\":[{\"@type\":\"Article\",\"@id\":\"https:\\\/\\\/quehacerpolitico.mx\\\/?p=132138#article\",\"isPartOf\":{\"@id\":\"https:\\\/\\\/quehacerpolitico.mx\\\/?p=132138\"},\"author\":{\"name\":\"Redacci\u00f3n QP\",\"@id\":\"https:\\\/\\\/quehacerpolitico.mx\\\/#\\\/schema\\\/person\\\/496d8ad2d1d3f8036101dca7ee39e585\"},\"headline\":\"El Quehacer Pol\u00edtico a trav\u00e9s\\\/\\\/\\\/Jose Alberto Prado Angeles\\\/\\\/\\\/El regreso de Rocha Moya y el espejo roto con Washington\",\"datePublished\":\"2026-09-04T14:07:45+00:00\",\"dateModified\":\"2026-09-04T14:07:47+00:00\",\"mainEntityOfPage\":{\"@id\":\"https:\\\/\\\/quehacerpolitico.mx\\\/?p=132138\"},\"wordCount\":706,\"commentCount\":0,\"image\":{\"@id\":\"https:\\\/\\\/quehacerpolitico.mx\\\/?p=132138#primaryimage\"},\"thumbnailUrl\":\"https:\\\/\\\/quehacerpolitico.mx\\\/wp-content\\\/uploads\\\/2026\\\/09\\\/921e0283-24ae-4908-b1ab-fa3ea0d47174.jpeg\",\"articleSection\":[\"Nacionales\",\"Noticias\"],\"inLanguage\":\"es\",\"potentialAction\":[{\"@type\":\"CommentAction\",\"name\":\"Comment\",\"target\":[\"https:\\\/\\\/quehacerpolitico.mx\\\/?p=132138#respond\"]}]},{\"@type\":\"WebPage\",\"@id\":\"https:\\\/\\\/quehacerpolitico.mx\\\/?p=132138\",\"url\":\"https:\\\/\\\/quehacerpolitico.mx\\\/?p=132138\",\"name\":\"El Quehacer Pol\u00edtico a trav\u00e9s\\\/\\\/\\\/Jose Alberto Prado Angeles\\\/\\\/\\\/El regreso de Rocha Moya y el espejo roto con Washington -\",\"isPartOf\":{\"@id\":\"https:\\\/\\\/quehacerpolitico.mx\\\/#website\"},\"primaryImageOfPage\":{\"@id\":\"https:\\\/\\\/quehacerpolitico.mx\\\/?p=132138#primaryimage\"},\"image\":{\"@id\":\"https:\\\/\\\/quehacerpolitico.mx\\\/?p=132138#primaryimage\"},\"thumbnailUrl\":\"https:\\\/\\\/quehacerpolitico.mx\\\/wp-content\\\/uploads\\\/2026\\\/09\\\/921e0283-24ae-4908-b1ab-fa3ea0d47174.jpeg\",\"datePublished\":\"2026-09-04T14:07:45+00:00\",\"dateModified\":\"2026-09-04T14:07:47+00:00\",\"author\":{\"@id\":\"https:\\\/\\\/quehacerpolitico.mx\\\/#\\\/schema\\\/person\\\/496d8ad2d1d3f8036101dca7ee39e585\"},\"breadcrumb\":{\"@id\":\"https:\\\/\\\/quehacerpolitico.mx\\\/?p=132138#breadcrumb\"},\"inLanguage\":\"es\",\"potentialAction\":[{\"@type\":\"ReadAction\",\"target\":[\"https:\\\/\\\/quehacerpolitico.mx\\\/?p=132138\"]}]},{\"@type\":\"ImageObject\",\"inLanguage\":\"es\",\"@id\":\"https:\\\/\\\/quehacerpolitico.mx\\\/?p=132138#primaryimage\",\"url\":\"https:\\\/\\\/quehacerpolitico.mx\\\/wp-content\\\/uploads\\\/2026\\\/09\\\/921e0283-24ae-4908-b1ab-fa3ea0d47174.jpeg\",\"contentUrl\":\"https:\\\/\\\/quehacerpolitico.mx\\\/wp-content\\\/uploads\\\/2026\\\/09\\\/921e0283-24ae-4908-b1ab-fa3ea0d47174.jpeg\",\"width\":963,\"height\":493},{\"@type\":\"BreadcrumbList\",\"@id\":\"https:\\\/\\\/quehacerpolitico.mx\\\/?p=132138#breadcrumb\",\"itemListElement\":[{\"@type\":\"ListItem\",\"position\":1,\"name\":\"Inicio\",\"item\":\"https:\\\/\\\/quehacerpolitico.mx\\\/\"},{\"@type\":\"ListItem\",\"position\":2,\"name\":\"El Quehacer Pol\u00edtico a trav\u00e9s\\\/\\\/\\\/Jose Alberto Prado Angeles\\\/\\\/\\\/El regreso de Rocha Moya y el espejo roto con Washington\"}]},{\"@type\":\"WebSite\",\"@id\":\"https:\\\/\\\/quehacerpolitico.mx\\\/#website\",\"url\":\"https:\\\/\\\/quehacerpolitico.mx\\\/\",\"name\":\"\",\"description\":\"\",\"potentialAction\":[{\"@type\":\"SearchAction\",\"target\":{\"@type\":\"EntryPoint\",\"urlTemplate\":\"https:\\\/\\\/quehacerpolitico.mx\\\/?s={search_term_string}\"},\"query-input\":{\"@type\":\"PropertyValueSpecification\",\"valueRequired\":true,\"valueName\":\"search_term_string\"}}],\"inLanguage\":\"es\"},{\"@type\":\"Person\",\"@id\":\"https:\\\/\\\/quehacerpolitico.mx\\\/#\\\/schema\\\/person\\\/496d8ad2d1d3f8036101dca7ee39e585\",\"name\":\"Redacci\u00f3n QP\",\"image\":{\"@type\":\"ImageObject\",\"inLanguage\":\"es\",\"@id\":\"https:\\\/\\\/secure.gravatar.com\\\/avatar\\\/c7164ed6fdec453195284ad24a5ae5b6e1eed2b848477fa2a4787ba9adf39a41?s=96&d=mm&r=g\",\"url\":\"https:\\\/\\\/secure.gravatar.com\\\/avatar\\\/c7164ed6fdec453195284ad24a5ae5b6e1eed2b848477fa2a4787ba9adf39a41?s=96&d=mm&r=g\",\"contentUrl\":\"https:\\\/\\\/secure.gravatar.com\\\/avatar\\\/c7164ed6fdec453195284ad24a5ae5b6e1eed2b848477fa2a4787ba9adf39a41?s=96&d=mm&r=g\",\"caption\":\"Redacci\u00f3n QP\"},\"url\":\"https:\\\/\\\/quehacerpolitico.mx\\\/?author=2\"}]}<\/script>\n<!-- \/ Yoast SEO plugin. -->","yoast_head_json":{"title":"El Quehacer Pol\u00edtico a trav\u00e9s\/\/\/Jose Alberto Prado Angeles\/\/\/El regreso de Rocha Moya y el espejo roto con Washington -","robots":{"index":"index","follow":"follow","max-snippet":"max-snippet:-1","max-image-preview":"max-image-preview:large","max-video-preview":"max-video-preview:-1"},"canonical":"https:\/\/quehacerpolitico.mx\/?p=132138","og_locale":"es_MX","og_type":"article","og_title":"El Quehacer Pol\u00edtico a trav\u00e9s\/\/\/Jose Alberto Prado Angeles\/\/\/El regreso de Rocha Moya y el espejo roto con Washington -","og_description":"Jos\u00e9 Alberto Prado Angeles Director General y Editor El regreso de Rub\u00e9n Rocha Moya a...","og_url":"https:\/\/quehacerpolitico.mx\/?p=132138","article_published_time":"2026-09-04T14:07:45+00:00","article_modified_time":"2026-09-04T14:07:47+00:00","og_image":[{"width":963,"height":493,"url":"https:\/\/quehacerpolitico.mx\/wp-content\/uploads\/2026\/09\/921e0283-24ae-4908-b1ab-fa3ea0d47174.jpeg","type":"image\/jpeg"}],"author":"Redacci\u00f3n QP","twitter_card":"summary_large_image","twitter_misc":{"Escrito por":"Redacci\u00f3n QP","Tiempo de lectura":"4 minutos"},"schema":{"@context":"https:\/\/schema.org","@graph":[{"@type":"Article","@id":"https:\/\/quehacerpolitico.mx\/?p=132138#article","isPartOf":{"@id":"https:\/\/quehacerpolitico.mx\/?p=132138"},"author":{"name":"Redacci\u00f3n QP","@id":"https:\/\/quehacerpolitico.mx\/#\/schema\/person\/496d8ad2d1d3f8036101dca7ee39e585"},"headline":"El Quehacer Pol\u00edtico a trav\u00e9s\/\/\/Jose Alberto Prado Angeles\/\/\/El regreso de Rocha Moya y el espejo roto con Washington","datePublished":"2026-09-04T14:07:45+00:00","dateModified":"2026-09-04T14:07:47+00:00","mainEntityOfPage":{"@id":"https:\/\/quehacerpolitico.mx\/?p=132138"},"wordCount":706,"commentCount":0,"image":{"@id":"https:\/\/quehacerpolitico.mx\/?p=132138#primaryimage"},"thumbnailUrl":"https:\/\/quehacerpolitico.mx\/wp-content\/uploads\/2026\/09\/921e0283-24ae-4908-b1ab-fa3ea0d47174.jpeg","articleSection":["Nacionales","Noticias"],"inLanguage":"es","potentialAction":[{"@type":"CommentAction","name":"Comment","target":["https:\/\/quehacerpolitico.mx\/?p=132138#respond"]}]},{"@type":"WebPage","@id":"https:\/\/quehacerpolitico.mx\/?p=132138","url":"https:\/\/quehacerpolitico.mx\/?p=132138","name":"El Quehacer Pol\u00edtico a trav\u00e9s\/\/\/Jose Alberto Prado Angeles\/\/\/El regreso de Rocha Moya y el espejo roto con Washington -","isPartOf":{"@id":"https:\/\/quehacerpolitico.mx\/#website"},"primaryImageOfPage":{"@id":"https:\/\/quehacerpolitico.mx\/?p=132138#primaryimage"},"image":{"@id":"https:\/\/quehacerpolitico.mx\/?p=132138#primaryimage"},"thumbnailUrl":"https:\/\/quehacerpolitico.mx\/wp-content\/uploads\/2026\/09\/921e0283-24ae-4908-b1ab-fa3ea0d47174.jpeg","datePublished":"2026-09-04T14:07:45+00:00","dateModified":"2026-09-04T14:07:47+00:00","author":{"@id":"https:\/\/quehacerpolitico.mx\/#\/schema\/person\/496d8ad2d1d3f8036101dca7ee39e585"},"breadcrumb":{"@id":"https:\/\/quehacerpolitico.mx\/?p=132138#breadcrumb"},"inLanguage":"es","potentialAction":[{"@type":"ReadAction","target":["https:\/\/quehacerpolitico.mx\/?p=132138"]}]},{"@type":"ImageObject","inLanguage":"es","@id":"https:\/\/quehacerpolitico.mx\/?p=132138#primaryimage","url":"https:\/\/quehacerpolitico.mx\/wp-content\/uploads\/2026\/09\/921e0283-24ae-4908-b1ab-fa3ea0d47174.jpeg","contentUrl":"https:\/\/quehacerpolitico.mx\/wp-content\/uploads\/2026\/09\/921e0283-24ae-4908-b1ab-fa3ea0d47174.jpeg","width":963,"height":493},{"@type":"BreadcrumbList","@id":"https:\/\/quehacerpolitico.mx\/?p=132138#breadcrumb","itemListElement":[{"@type":"ListItem","position":1,"name":"Inicio","item":"https:\/\/quehacerpolitico.mx\/"},{"@type":"ListItem","position":2,"name":"El Quehacer Pol\u00edtico a trav\u00e9s\/\/\/Jose Alberto Prado Angeles\/\/\/El regreso de Rocha Moya y el espejo roto con Washington"}]},{"@type":"WebSite","@id":"https:\/\/quehacerpolitico.mx\/#website","url":"https:\/\/quehacerpolitico.mx\/","name":"","description":"","potentialAction":[{"@type":"SearchAction","target":{"@type":"EntryPoint","urlTemplate":"https:\/\/quehacerpolitico.mx\/?s={search_term_string}"},"query-input":{"@type":"PropertyValueSpecification","valueRequired":true,"valueName":"search_term_string"}}],"inLanguage":"es"},{"@type":"Person","@id":"https:\/\/quehacerpolitico.mx\/#\/schema\/person\/496d8ad2d1d3f8036101dca7ee39e585","name":"Redacci\u00f3n QP","image":{"@type":"ImageObject","inLanguage":"es","@id":"https:\/\/secure.gravatar.com\/avatar\/c7164ed6fdec453195284ad24a5ae5b6e1eed2b848477fa2a4787ba9adf39a41?s=96&d=mm&r=g","url":"https:\/\/secure.gravatar.com\/avatar\/c7164ed6fdec453195284ad24a5ae5b6e1eed2b848477fa2a4787ba9adf39a41?s=96&d=mm&r=g","contentUrl":"https:\/\/secure.gravatar.com\/avatar\/c7164ed6fdec453195284ad24a5ae5b6e1eed2b848477fa2a4787ba9adf39a41?s=96&d=mm&r=g","caption":"Redacci\u00f3n QP"},"url":"https:\/\/quehacerpolitico.mx\/?author=2"}]}},"featured_image_urls":{"full":["https:\/\/quehacerpolitico.mx\/wp-content\/uploads\/2026\/09\/921e0283-24ae-4908-b1ab-fa3ea0d47174.jpeg",963,493,false],"thumbnail":["https:\/\/quehacerpolitico.mx\/wp-content\/uploads\/2026\/09\/921e0283-24ae-4908-b1ab-fa3ea0d47174-150x150.jpeg",150,150,true],"medium":["https:\/\/quehacerpolitico.mx\/wp-content\/uploads\/2026\/09\/921e0283-24ae-4908-b1ab-fa3ea0d47174-300x154.jpeg",300,154,true],"medium_large":["https:\/\/quehacerpolitico.mx\/wp-content\/uploads\/2026\/09\/921e0283-24ae-4908-b1ab-fa3ea0d47174-768x393.jpeg",640,328,true],"large":["https:\/\/quehacerpolitico.mx\/wp-content\/uploads\/2026\/09\/921e0283-24ae-4908-b1ab-fa3ea0d47174.jpeg",640,328,false],"1536x1536":["https:\/\/quehacerpolitico.mx\/wp-content\/uploads\/2026\/09\/921e0283-24ae-4908-b1ab-fa3ea0d47174.jpeg",963,493,false],"2048x2048":["https:\/\/quehacerpolitico.mx\/wp-content\/uploads\/2026\/09\/921e0283-24ae-4908-b1ab-fa3ea0d47174.jpeg",963,493,false],"covernews-featured":["https:\/\/quehacerpolitico.mx\/wp-content\/uploads\/2026\/09\/921e0283-24ae-4908-b1ab-fa3ea0d47174.jpeg",963,493,false],"covernews-medium":["https:\/\/quehacerpolitico.mx\/wp-content\/uploads\/2026\/09\/921e0283-24ae-4908-b1ab-fa3ea0d47174-540x340.jpeg",540,340,true]},"author_info":{"display_name":"Redacci\u00f3n QP","author_link":"https:\/\/quehacerpolitico.mx\/?author=2"},"category_info":"<a href=\"https:\/\/quehacerpolitico.mx\/?cat=280\" rel=\"category\">Nacionales<\/a> <a href=\"https:\/\/quehacerpolitico.mx\/?cat=2\" rel=\"category\">Noticias<\/a>","tag_info":"Noticias","comment_count":"0","_links":{"self":[{"href":"https:\/\/quehacerpolitico.mx\/index.php?rest_route=\/wp\/v2\/posts\/132138","targetHints":{"allow":["GET"]}}],"collection":[{"href":"https:\/\/quehacerpolitico.mx\/index.php?rest_route=\/wp\/v2\/posts"}],"about":[{"href":"https:\/\/quehacerpolitico.mx\/index.php?rest_route=\/wp\/v2\/types\/post"}],"author":[{"embeddable":true,"href":"https:\/\/quehacerpolitico.mx\/index.php?rest_route=\/wp\/v2\/users\/2"}],"replies":[{"embeddable":true,"href":"https:\/\/quehacerpolitico.mx\/index.php?rest_route=%2Fwp%2Fv2%2Fcomments&post=132138"}],"version-history":[{"count":1,"href":"https:\/\/quehacerpolitico.mx\/index.php?rest_route=\/wp\/v2\/posts\/132138\/revisions"}],"predecessor-version":[{"id":132140,"href":"https:\/\/quehacerpolitico.mx\/index.php?rest_route=\/wp\/v2\/posts\/132138\/revisions\/132140"}],"wp:featuredmedia":[{"embeddable":true,"href":"https:\/\/quehacerpolitico.mx\/index.php?rest_route=\/wp\/v2\/media\/132139"}],"wp:attachment":[{"href":"https:\/\/quehacerpolitico.mx\/index.php?rest_route=%2Fwp%2Fv2%2Fmedia&parent=132138"}],"wp:term":[{"taxonomy":"category","embeddable":true,"href":"https:\/\/quehacerpolitico.mx\/index.php?rest_route=%2Fwp%2Fv2%2Fcategories&post=132138"},{"taxonomy":"post_tag","embeddable":true,"href":"https:\/\/quehacerpolitico.mx\/index.php?rest_route=%2Fwp%2Fv2%2Ftags&post=132138"}],"curies":[{"name":"wp","href":"https:\/\/api.w.org\/{rel}","templated":true}]}}