{"id":132134,"date":"2026-09-03T20:46:52","date_gmt":"2026-09-04T02:46:52","guid":{"rendered":"https:\/\/quehacerpolitico.mx\/?p=132134"},"modified":"2026-09-03T20:46:54","modified_gmt":"2026-09-04T02:46:54","slug":"luis-de-llano-sale-del-centro-de-sanciones-administrativas-tras-ser-detenido-por-caso-de-abuso-contra-sasha-sokol","status":"publish","type":"post","link":"https:\/\/quehacerpolitico.mx\/?p=132134","title":{"rendered":"Luis de Llano sale del Centro de Sanciones Administrativas tras ser detenido por caso de abuso contra Sasha Sokol"},"content":{"rendered":"\n<p class=\"wp-block-paragraph\">Por Redacci\u00f3n QP<\/p>\n\n\n\n<p class=\"wp-block-paragraph\">Tras casi 24 horas, el productor sali\u00f3 de las instalaciones y se dirigi\u00f3 de manera directa a un veh\u00edculo sin dar declaraciones a los medios de comunicaci\u00f3n.<\/p>\n\n\n\n<p class=\"wp-block-paragraph\">El productor musical y televisivo&nbsp;<strong>Luis de Llano&nbsp;<\/strong>sali\u00f3 la tarde de este jueves del Centro de Sanciones Administrativas y de Integraci\u00f3n Social San Fernando luego de ser detenido por no cumplir con una sentencia al ser condenado por abuso sexual infantil contra la cantante&nbsp;<strong>Sasha Sokol<\/strong>.<\/p>\n\n\n\n<p class=\"wp-block-paragraph\">Tras casi 24 horas de su arresto, Luis de Llano sali\u00f3 de las instalaciones y se dirigi\u00f3 de manera directa a un veh\u00edculo sin dar declaraciones a los medios de comunicaci\u00f3n.<\/p>\n\n\n\n<p class=\"wp-block-paragraph\">El mi\u00e9rcoles, la Secretar\u00eda de Seguridad Ciudadana (SSC) inform\u00f3 que se cumpliment\u00f3 una orden de arresto de 15 horas en contra del productor musical como una medida de desacato por lo ordenado en el Tribunal Superior de Justicia.<\/p>\n\n\n\n<p class=\"wp-block-paragraph\">Por su parte, el equipo legal de\u00a0<strong>Sasha\u00a0Sokol<\/strong>\u00a0inform\u00f3 que hab\u00eda dos \u00f3rdenes de detenci\u00f3n contra el productor y fue aprehendido por su resistencia a cumplir con lo ordenado en la sentencia definitiva en su contra publicada por la Suprema Corte de Justicia de la Naci\u00f3n (SCJN).<\/p>\n\n\n\n<figure class=\"wp-block-embed is-type-rich is-provider-x wp-block-embed-x\"><div class=\"wp-block-embed__wrapper\">\n<blockquote class=\"twitter-tweet\" data-width=\"550\" data-dnt=\"true\"><p lang=\"es\" dir=\"ltr\">\ud83d\udea8 Luis de Llano sale de prisi\u00f3n tras cumplir arresto por desacato<br><br>El productor Luis de Llano sali\u00f3 del Centro de Sanciones Administrativas y de Integraci\u00f3n Social San Fernando, en CDMX, luego de ser detenido por negarse a cumplir una sentencia relacionada con el caso de Sasha\u2026<\/p>&mdash; Azucena Uresti (@azucenau) <a href=\"https:\/\/x.com\/azucenau\/status\/2095671654533738989?ref_src=twsrc%5Etfw\">September 4, 2026<\/a><\/blockquote><script async src=\"https:\/\/platform.x.com\/widgets.js\" charset=\"utf-8\"><\/script>\n<\/div><\/figure>\n\n\n\n<p class=\"wp-block-paragraph\">&#8220;De Llano se ha negado a grabar y exhibir al juzgado una disculpa p\u00fablica dirigida a Sasha Sokol, y (ii) el condenado se ha negado, tambi\u00e9n, a publicar la s\u00edntesis de la sentencia donde se confirm\u00f3 su responsabilidad por da\u00f1o moral en contra de Sasha Sokol, al haberse comprobado que fue v\u00edctima de abuso sexual siendo menor de edad&#8221;, precisaron los abogados de la artista mediante un comunicado.<\/p>\n\n\n\n<p class=\"wp-block-paragraph\">El equipo legal de Sokol explic\u00f3 que las medidas de apremio son recursos que establece la ley para que una persona acate las \u00f3rdenes judiciales, las cuales van desde multas al&nbsp;arresto administrativo de hasta 36 horas.<\/p>\n\n\n\n<p class=\"wp-block-paragraph\">Esta medida se aplic\u00f3 en contra de&nbsp;Luis de Llano, luego de que incumpliera con las resoluciones judiciales impuestas, adem\u00e1s de ignorar multas y requerimientos ante el juez, seg\u00fan el reporte.<\/p>\n\n\n\n<p class=\"wp-block-paragraph\">&#8220;De continuar con el incumplimiento de la sentencia y el desaf\u00edo sistem\u00e1tico de las \u00f3rdenes judiciales, podr\u00eda configurarse un delito que implica hasta 5 a\u00f1os de&nbsp;<strong>prisi\u00f3n<\/strong>&#8220;, advirti\u00f3 el equipo legal.<\/p>\n","protected":false},"excerpt":{"rendered":"<p>Por Redacci\u00f3n QP Tras casi 24 horas, el productor sali\u00f3 de las instalaciones y se&#8230;<\/p>\n","protected":false},"author":2,"featured_media":132135,"comment_status":"open","ping_status":"open","sticky":false,"template":"","format":"standard","meta":{"footnotes":""},"categories":[58],"tags":[],"class_list":["post-132134","post","type-post","status-publish","format-standard","has-post-thumbnail","hentry","category-cultura"],"yoast_head":"<!-- This site is optimized with the Yoast SEO plugin v27.9 - https:\/\/yoast.com\/product\/yoast-seo-wordpress\/ -->\n<title>Luis de Llano sale del Centro de Sanciones Administrativas tras ser detenido por caso de abuso contra Sasha Sokol -<\/title>\n<meta name=\"robots\" content=\"index, follow, max-snippet:-1, max-image-preview:large, max-video-preview:-1\" \/>\n<link rel=\"canonical\" href=\"https:\/\/quehacerpolitico.mx\/?p=132134\" \/>\n<meta property=\"og:locale\" content=\"es_MX\" \/>\n<meta property=\"og:type\" content=\"article\" \/>\n<meta property=\"og:title\" content=\"Luis de Llano sale del Centro de Sanciones Administrativas tras ser detenido por caso de abuso contra Sasha Sokol -\" \/>\n<meta property=\"og:description\" content=\"Por Redacci\u00f3n QP Tras casi 24 horas, el productor sali\u00f3 de las instalaciones y se...\" \/>\n<meta property=\"og:url\" content=\"https:\/\/quehacerpolitico.mx\/?p=132134\" \/>\n<meta property=\"article:published_time\" content=\"2026-09-04T02:46:52+00:00\" \/>\n<meta property=\"article:modified_time\" content=\"2026-09-04T02:46:54+00:00\" \/>\n<meta property=\"og:image\" content=\"https:\/\/quehacerpolitico.mx\/wp-content\/uploads\/2026\/09\/IMG_9903.jpeg\" \/>\n\t<meta property=\"og:image:width\" content=\"415\" \/>\n\t<meta property=\"og:image:height\" content=\"459\" \/>\n\t<meta property=\"og:image:type\" content=\"image\/jpeg\" \/>\n<meta name=\"author\" content=\"Redacci\u00f3n QP\" \/>\n<meta name=\"twitter:card\" content=\"summary_large_image\" \/>\n<meta name=\"twitter:label1\" content=\"Escrito por\" \/>\n\t<meta name=\"twitter:data1\" content=\"Redacci\u00f3n QP\" \/>\n\t<meta name=\"twitter:label2\" content=\"Tiempo de lectura\" \/>\n\t<meta name=\"twitter:data2\" content=\"2 minutos\" \/>\n<script type=\"application\/ld+json\" class=\"yoast-schema-graph\">{\"@context\":\"https:\\\/\\\/schema.org\",\"@graph\":[{\"@type\":\"Article\",\"@id\":\"https:\\\/\\\/quehacerpolitico.mx\\\/?p=132134#article\",\"isPartOf\":{\"@id\":\"https:\\\/\\\/quehacerpolitico.mx\\\/?p=132134\"},\"author\":{\"name\":\"Redacci\u00f3n QP\",\"@id\":\"https:\\\/\\\/quehacerpolitico.mx\\\/#\\\/schema\\\/person\\\/496d8ad2d1d3f8036101dca7ee39e585\"},\"headline\":\"Luis de Llano sale del Centro de Sanciones Administrativas tras ser detenido por caso de abuso contra Sasha Sokol\",\"datePublished\":\"2026-09-04T02:46:52+00:00\",\"dateModified\":\"2026-09-04T02:46:54+00:00\",\"mainEntityOfPage\":{\"@id\":\"https:\\\/\\\/quehacerpolitico.mx\\\/?p=132134\"},\"wordCount\":410,\"commentCount\":0,\"image\":{\"@id\":\"https:\\\/\\\/quehacerpolitico.mx\\\/?p=132134#primaryimage\"},\"thumbnailUrl\":\"https:\\\/\\\/quehacerpolitico.mx\\\/wp-content\\\/uploads\\\/2026\\\/09\\\/IMG_9903.jpeg\",\"articleSection\":[\"Cultura y Entretenimiento\"],\"inLanguage\":\"es\",\"potentialAction\":[{\"@type\":\"CommentAction\",\"name\":\"Comment\",\"target\":[\"https:\\\/\\\/quehacerpolitico.mx\\\/?p=132134#respond\"]}]},{\"@type\":\"WebPage\",\"@id\":\"https:\\\/\\\/quehacerpolitico.mx\\\/?p=132134\",\"url\":\"https:\\\/\\\/quehacerpolitico.mx\\\/?p=132134\",\"name\":\"Luis de Llano sale del Centro de Sanciones Administrativas tras ser detenido por caso de abuso contra Sasha Sokol -\",\"isPartOf\":{\"@id\":\"https:\\\/\\\/quehacerpolitico.mx\\\/#website\"},\"primaryImageOfPage\":{\"@id\":\"https:\\\/\\\/quehacerpolitico.mx\\\/?p=132134#primaryimage\"},\"image\":{\"@id\":\"https:\\\/\\\/quehacerpolitico.mx\\\/?p=132134#primaryimage\"},\"thumbnailUrl\":\"https:\\\/\\\/quehacerpolitico.mx\\\/wp-content\\\/uploads\\\/2026\\\/09\\\/IMG_9903.jpeg\",\"datePublished\":\"2026-09-04T02:46:52+00:00\",\"dateModified\":\"2026-09-04T02:46:54+00:00\",\"author\":{\"@id\":\"https:\\\/\\\/quehacerpolitico.mx\\\/#\\\/schema\\\/person\\\/496d8ad2d1d3f8036101dca7ee39e585\"},\"breadcrumb\":{\"@id\":\"https:\\\/\\\/quehacerpolitico.mx\\\/?p=132134#breadcrumb\"},\"inLanguage\":\"es\",\"potentialAction\":[{\"@type\":\"ReadAction\",\"target\":[\"https:\\\/\\\/quehacerpolitico.mx\\\/?p=132134\"]}]},{\"@type\":\"ImageObject\",\"inLanguage\":\"es\",\"@id\":\"https:\\\/\\\/quehacerpolitico.mx\\\/?p=132134#primaryimage\",\"url\":\"https:\\\/\\\/quehacerpolitico.mx\\\/wp-content\\\/uploads\\\/2026\\\/09\\\/IMG_9903.jpeg\",\"contentUrl\":\"https:\\\/\\\/quehacerpolitico.mx\\\/wp-content\\\/uploads\\\/2026\\\/09\\\/IMG_9903.jpeg\",\"width\":415,\"height\":459},{\"@type\":\"BreadcrumbList\",\"@id\":\"https:\\\/\\\/quehacerpolitico.mx\\\/?p=132134#breadcrumb\",\"itemListElement\":[{\"@type\":\"ListItem\",\"position\":1,\"name\":\"Inicio\",\"item\":\"https:\\\/\\\/quehacerpolitico.mx\\\/\"},{\"@type\":\"ListItem\",\"position\":2,\"name\":\"Luis de Llano sale del Centro de Sanciones Administrativas tras ser detenido por caso de abuso contra Sasha Sokol\"}]},{\"@type\":\"WebSite\",\"@id\":\"https:\\\/\\\/quehacerpolitico.mx\\\/#website\",\"url\":\"https:\\\/\\\/quehacerpolitico.mx\\\/\",\"name\":\"\",\"description\":\"\",\"potentialAction\":[{\"@type\":\"SearchAction\",\"target\":{\"@type\":\"EntryPoint\",\"urlTemplate\":\"https:\\\/\\\/quehacerpolitico.mx\\\/?s={search_term_string}\"},\"query-input\":{\"@type\":\"PropertyValueSpecification\",\"valueRequired\":true,\"valueName\":\"search_term_string\"}}],\"inLanguage\":\"es\"},{\"@type\":\"Person\",\"@id\":\"https:\\\/\\\/quehacerpolitico.mx\\\/#\\\/schema\\\/person\\\/496d8ad2d1d3f8036101dca7ee39e585\",\"name\":\"Redacci\u00f3n QP\",\"image\":{\"@type\":\"ImageObject\",\"inLanguage\":\"es\",\"@id\":\"https:\\\/\\\/secure.gravatar.com\\\/avatar\\\/c7164ed6fdec453195284ad24a5ae5b6e1eed2b848477fa2a4787ba9adf39a41?s=96&d=mm&r=g\",\"url\":\"https:\\\/\\\/secure.gravatar.com\\\/avatar\\\/c7164ed6fdec453195284ad24a5ae5b6e1eed2b848477fa2a4787ba9adf39a41?s=96&d=mm&r=g\",\"contentUrl\":\"https:\\\/\\\/secure.gravatar.com\\\/avatar\\\/c7164ed6fdec453195284ad24a5ae5b6e1eed2b848477fa2a4787ba9adf39a41?s=96&d=mm&r=g\",\"caption\":\"Redacci\u00f3n QP\"},\"url\":\"https:\\\/\\\/quehacerpolitico.mx\\\/?author=2\"}]}<\/script>\n<!-- \/ Yoast SEO plugin. -->","yoast_head_json":{"title":"Luis de Llano sale del Centro de Sanciones Administrativas tras ser detenido por caso de abuso contra Sasha Sokol -","robots":{"index":"index","follow":"follow","max-snippet":"max-snippet:-1","max-image-preview":"max-image-preview:large","max-video-preview":"max-video-preview:-1"},"canonical":"https:\/\/quehacerpolitico.mx\/?p=132134","og_locale":"es_MX","og_type":"article","og_title":"Luis de Llano sale del Centro de Sanciones Administrativas tras ser detenido por caso de abuso contra Sasha Sokol -","og_description":"Por Redacci\u00f3n QP Tras casi 24 horas, el productor sali\u00f3 de las instalaciones y se...","og_url":"https:\/\/quehacerpolitico.mx\/?p=132134","article_published_time":"2026-09-04T02:46:52+00:00","article_modified_time":"2026-09-04T02:46:54+00:00","og_image":[{"width":415,"height":459,"url":"https:\/\/quehacerpolitico.mx\/wp-content\/uploads\/2026\/09\/IMG_9903.jpeg","type":"image\/jpeg"}],"author":"Redacci\u00f3n QP","twitter_card":"summary_large_image","twitter_misc":{"Escrito por":"Redacci\u00f3n QP","Tiempo de lectura":"2 minutos"},"schema":{"@context":"https:\/\/schema.org","@graph":[{"@type":"Article","@id":"https:\/\/quehacerpolitico.mx\/?p=132134#article","isPartOf":{"@id":"https:\/\/quehacerpolitico.mx\/?p=132134"},"author":{"name":"Redacci\u00f3n QP","@id":"https:\/\/quehacerpolitico.mx\/#\/schema\/person\/496d8ad2d1d3f8036101dca7ee39e585"},"headline":"Luis de Llano sale del Centro de Sanciones Administrativas tras ser detenido por caso de abuso contra Sasha Sokol","datePublished":"2026-09-04T02:46:52+00:00","dateModified":"2026-09-04T02:46:54+00:00","mainEntityOfPage":{"@id":"https:\/\/quehacerpolitico.mx\/?p=132134"},"wordCount":410,"commentCount":0,"image":{"@id":"https:\/\/quehacerpolitico.mx\/?p=132134#primaryimage"},"thumbnailUrl":"https:\/\/quehacerpolitico.mx\/wp-content\/uploads\/2026\/09\/IMG_9903.jpeg","articleSection":["Cultura y Entretenimiento"],"inLanguage":"es","potentialAction":[{"@type":"CommentAction","name":"Comment","target":["https:\/\/quehacerpolitico.mx\/?p=132134#respond"]}]},{"@type":"WebPage","@id":"https:\/\/quehacerpolitico.mx\/?p=132134","url":"https:\/\/quehacerpolitico.mx\/?p=132134","name":"Luis de Llano sale del Centro de Sanciones Administrativas tras ser detenido por caso de abuso contra Sasha Sokol -","isPartOf":{"@id":"https:\/\/quehacerpolitico.mx\/#website"},"primaryImageOfPage":{"@id":"https:\/\/quehacerpolitico.mx\/?p=132134#primaryimage"},"image":{"@id":"https:\/\/quehacerpolitico.mx\/?p=132134#primaryimage"},"thumbnailUrl":"https:\/\/quehacerpolitico.mx\/wp-content\/uploads\/2026\/09\/IMG_9903.jpeg","datePublished":"2026-09-04T02:46:52+00:00","dateModified":"2026-09-04T02:46:54+00:00","author":{"@id":"https:\/\/quehacerpolitico.mx\/#\/schema\/person\/496d8ad2d1d3f8036101dca7ee39e585"},"breadcrumb":{"@id":"https:\/\/quehacerpolitico.mx\/?p=132134#breadcrumb"},"inLanguage":"es","potentialAction":[{"@type":"ReadAction","target":["https:\/\/quehacerpolitico.mx\/?p=132134"]}]},{"@type":"ImageObject","inLanguage":"es","@id":"https:\/\/quehacerpolitico.mx\/?p=132134#primaryimage","url":"https:\/\/quehacerpolitico.mx\/wp-content\/uploads\/2026\/09\/IMG_9903.jpeg","contentUrl":"https:\/\/quehacerpolitico.mx\/wp-content\/uploads\/2026\/09\/IMG_9903.jpeg","width":415,"height":459},{"@type":"BreadcrumbList","@id":"https:\/\/quehacerpolitico.mx\/?p=132134#breadcrumb","itemListElement":[{"@type":"ListItem","position":1,"name":"Inicio","item":"https:\/\/quehacerpolitico.mx\/"},{"@type":"ListItem","position":2,"name":"Luis de Llano sale del Centro de Sanciones Administrativas tras ser detenido por caso de abuso contra Sasha Sokol"}]},{"@type":"WebSite","@id":"https:\/\/quehacerpolitico.mx\/#website","url":"https:\/\/quehacerpolitico.mx\/","name":"","description":"","potentialAction":[{"@type":"SearchAction","target":{"@type":"EntryPoint","urlTemplate":"https:\/\/quehacerpolitico.mx\/?s={search_term_string}"},"query-input":{"@type":"PropertyValueSpecification","valueRequired":true,"valueName":"search_term_string"}}],"inLanguage":"es"},{"@type":"Person","@id":"https:\/\/quehacerpolitico.mx\/#\/schema\/person\/496d8ad2d1d3f8036101dca7ee39e585","name":"Redacci\u00f3n QP","image":{"@type":"ImageObject","inLanguage":"es","@id":"https:\/\/secure.gravatar.com\/avatar\/c7164ed6fdec453195284ad24a5ae5b6e1eed2b848477fa2a4787ba9adf39a41?s=96&d=mm&r=g","url":"https:\/\/secure.gravatar.com\/avatar\/c7164ed6fdec453195284ad24a5ae5b6e1eed2b848477fa2a4787ba9adf39a41?s=96&d=mm&r=g","contentUrl":"https:\/\/secure.gravatar.com\/avatar\/c7164ed6fdec453195284ad24a5ae5b6e1eed2b848477fa2a4787ba9adf39a41?s=96&d=mm&r=g","caption":"Redacci\u00f3n QP"},"url":"https:\/\/quehacerpolitico.mx\/?author=2"}]}},"featured_image_urls":{"full":["https:\/\/quehacerpolitico.mx\/wp-content\/uploads\/2026\/09\/IMG_9903.jpeg",415,459,false],"thumbnail":["https:\/\/quehacerpolitico.mx\/wp-content\/uploads\/2026\/09\/IMG_9903-150x150.jpeg",150,150,true],"medium":["https:\/\/quehacerpolitico.mx\/wp-content\/uploads\/2026\/09\/IMG_9903-271x300.jpeg",271,300,true],"medium_large":["https:\/\/quehacerpolitico.mx\/wp-content\/uploads\/2026\/09\/IMG_9903.jpeg",415,459,false],"large":["https:\/\/quehacerpolitico.mx\/wp-content\/uploads\/2026\/09\/IMG_9903.jpeg",415,459,false],"1536x1536":["https:\/\/quehacerpolitico.mx\/wp-content\/uploads\/2026\/09\/IMG_9903.jpeg",415,459,false],"2048x2048":["https:\/\/quehacerpolitico.mx\/wp-content\/uploads\/2026\/09\/IMG_9903.jpeg",415,459,false],"covernews-featured":["https:\/\/quehacerpolitico.mx\/wp-content\/uploads\/2026\/09\/IMG_9903.jpeg",415,459,false],"covernews-medium":["https:\/\/quehacerpolitico.mx\/wp-content\/uploads\/2026\/09\/IMG_9903-415x340.jpeg",415,340,true]},"author_info":{"display_name":"Redacci\u00f3n QP","author_link":"https:\/\/quehacerpolitico.mx\/?author=2"},"category_info":"<a href=\"https:\/\/quehacerpolitico.mx\/?cat=58\" rel=\"category\">Cultura y Entretenimiento<\/a>","tag_info":"Cultura y Entretenimiento","comment_count":"0","_links":{"self":[{"href":"https:\/\/quehacerpolitico.mx\/index.php?rest_route=\/wp\/v2\/posts\/132134","targetHints":{"allow":["GET"]}}],"collection":[{"href":"https:\/\/quehacerpolitico.mx\/index.php?rest_route=\/wp\/v2\/posts"}],"about":[{"href":"https:\/\/quehacerpolitico.mx\/index.php?rest_route=\/wp\/v2\/types\/post"}],"author":[{"embeddable":true,"href":"https:\/\/quehacerpolitico.mx\/index.php?rest_route=\/wp\/v2\/users\/2"}],"replies":[{"embeddable":true,"href":"https:\/\/quehacerpolitico.mx\/index.php?rest_route=%2Fwp%2Fv2%2Fcomments&post=132134"}],"version-history":[{"count":1,"href":"https:\/\/quehacerpolitico.mx\/index.php?rest_route=\/wp\/v2\/posts\/132134\/revisions"}],"predecessor-version":[{"id":132136,"href":"https:\/\/quehacerpolitico.mx\/index.php?rest_route=\/wp\/v2\/posts\/132134\/revisions\/132136"}],"wp:featuredmedia":[{"embeddable":true,"href":"https:\/\/quehacerpolitico.mx\/index.php?rest_route=\/wp\/v2\/media\/132135"}],"wp:attachment":[{"href":"https:\/\/quehacerpolitico.mx\/index.php?rest_route=%2Fwp%2Fv2%2Fmedia&parent=132134"}],"wp:term":[{"taxonomy":"category","embeddable":true,"href":"https:\/\/quehacerpolitico.mx\/index.php?rest_route=%2Fwp%2Fv2%2Fcategories&post=132134"},{"taxonomy":"post_tag","embeddable":true,"href":"https:\/\/quehacerpolitico.mx\/index.php?rest_route=%2Fwp%2Fv2%2Ftags&post=132134"}],"curies":[{"name":"wp","href":"https:\/\/api.w.org\/{rel}","templated":true}]}}