{"id":132122,"date":"2026-09-03T19:28:03","date_gmt":"2026-09-04T01:28:03","guid":{"rendered":"https:\/\/quehacerpolitico.mx\/?p=132122"},"modified":"2026-09-03T19:28:05","modified_gmt":"2026-09-04T01:28:05","slug":"retorna-a-la-actividad-la-arbitra-katia-itzel-garcia-volvera-a-pitar-en-la-liga-mx-tras-mas-de-un-mes-de-ausencia","status":"publish","type":"post","link":"https:\/\/quehacerpolitico.mx\/?p=132122","title":{"rendered":"\u00a1Retorna a la actividad! La \u00e1rbitra Katia Itzel Garc\u00eda volver\u00e1 a pitar en la Liga MX tras m\u00e1s de un mes de ausencia"},"content":{"rendered":"\n<p class=\"wp-block-paragraph\">Por Redacci\u00f3n QP<\/p>\n\n\n\n<p class=\"wp-block-paragraph\">Qued\u00f3 fuera de las tres \u00faltimas fechas luego de su pol\u00e9mica actuaci\u00f3n de la tercera jornada en el Quer\u00e9taro-Tigres.<\/p>\n\n\n\n<p class=\"wp-block-paragraph\"><strong>Katia Itzel Garc\u00eda volver\u00e1 a dirigir un partido de Liga MX despu\u00e9s de m\u00e1s de un mes de ausencia.<\/strong>&nbsp;La silbante mexicana fue incluida por la Comisi\u00f3n de \u00c1rbitros entre las designaciones para la Jornada 7 del Apertura 2026, luego de quedar fuera de las \u00faltimas tres fechas.<\/p>\n\n\n\n<p class=\"wp-block-paragraph\">La \u00e1rbitra de 33 a\u00f1os no hab\u00eda vuelto a fungir como central en la Liga desde el pasado 1 de agosto,&nbsp;<strong>cuando dirigi\u00f3 el Quer\u00e9taro 3-2 Tigres, correspondiente a la Jornada 3<\/strong>&nbsp;y que deriv\u00f3 en severos cuestionamientos a su labor.<\/p>\n\n\n\n<figure class=\"wp-block-gallery has-nested-images columns-default is-cropped wp-block-gallery-1 is-layout-flex wp-block-gallery-is-layout-flex\">\n<figure class=\"wp-block-image size-large\"><img loading=\"lazy\" decoding=\"async\" width=\"480\" height=\"640\" data-id=\"132123\" src=\"https:\/\/quehacerpolitico.mx\/wp-content\/uploads\/2026\/09\/IMG_9898.jpeg\" alt=\"\" class=\"wp-image-132123\" srcset=\"https:\/\/quehacerpolitico.mx\/wp-content\/uploads\/2026\/09\/IMG_9898.jpeg 480w, https:\/\/quehacerpolitico.mx\/wp-content\/uploads\/2026\/09\/IMG_9898-225x300.jpeg 225w\" sizes=\"auto, (max-width: 480px) 100vw, 480px\" \/><\/figure>\n\n\n\n<figure class=\"wp-block-image size-large\"><img loading=\"lazy\" decoding=\"async\" width=\"683\" height=\"990\" data-id=\"132125\" src=\"https:\/\/quehacerpolitico.mx\/wp-content\/uploads\/2026\/09\/IMG_9901.jpeg\" alt=\"\" class=\"wp-image-132125\" srcset=\"https:\/\/quehacerpolitico.mx\/wp-content\/uploads\/2026\/09\/IMG_9901.jpeg 683w, https:\/\/quehacerpolitico.mx\/wp-content\/uploads\/2026\/09\/IMG_9901-207x300.jpeg 207w\" sizes=\"auto, (max-width: 683px) 100vw, 683px\" \/><\/figure>\n\n\n\n<figure class=\"wp-block-image size-large\"><img loading=\"lazy\" decoding=\"async\" width=\"701\" height=\"438\" data-id=\"132124\" src=\"https:\/\/quehacerpolitico.mx\/wp-content\/uploads\/2026\/09\/IMG_9899.jpeg\" alt=\"\" class=\"wp-image-132124\" srcset=\"https:\/\/quehacerpolitico.mx\/wp-content\/uploads\/2026\/09\/IMG_9899.jpeg 701w, https:\/\/quehacerpolitico.mx\/wp-content\/uploads\/2026\/09\/IMG_9899-300x187.jpeg 300w\" sizes=\"auto, (max-width: 701px) 100vw, 701px\" \/><\/figure>\n<\/figure>\n\n\n\n<p class=\"wp-block-paragraph\"><strong>Ahora, Garc\u00eda ser\u00e1 la encargada de impartir justicia en el duelo entre FC Ju\u00e1rez y Pachuca.&nbsp;<\/strong>Alberto Mor\u00edn y Jaime Daniel Gonz\u00e1lez ser\u00e1n sus asistentes, mientras que Joaqu\u00edn Alberto Vizcarra fungir\u00e1 como cuarto \u00e1rbitro. Luis Enrique Santander y Edgar Magdaleno estar\u00e1n a cargo del VAR.<\/p>\n\n\n\n<p class=\"wp-block-paragraph\">La Jornada 7 tendr\u00e1 solamente cinco partidos, debido a que<strong>&nbsp;los encuentros de Am\u00e9rica, Toluca, Monterrey y Le\u00f3n fueron reprogramados&nbsp;<\/strong>por la participaci\u00f3n de estos equipos en la Final y partido por el tercer lugar de la Leagues Cup.<\/p>\n\n\n\n<figure class=\"wp-block-embed is-type-rich is-provider-twitter wp-block-embed-twitter\"><div class=\"wp-block-embed__wrapper\">\n<blockquote class=\"twitter-tweet\" data-width=\"550\" data-dnt=\"true\"><p lang=\"es\" dir=\"ltr\">Te compartimos las designaciones arbitrales correspondientes a la <a href=\"https:\/\/x.com\/hashtag\/Jornada7?src=hash&amp;ref_src=twsrc%5Etfw\">#Jornada7<\/a> del Torneo <a href=\"https:\/\/x.com\/hashtag\/Apertura2026?src=hash&amp;ref_src=twsrc%5Etfw\">#Apertura2026<\/a> de la <a href=\"https:\/\/x.com\/LigaBBVAMX?ref_src=twsrc%5Etfw\">@LigaBBVAMX<\/a>. \ud83d\udcf0   <a href=\"https:\/\/x.com\/hashtag\/ArbitrajeMX?src=hash&amp;ref_src=twsrc%5Etfw\">#ArbitrajeMX<\/a> <a href=\"https:\/\/t.co\/GE4x0pRwHH\">pic.twitter.com\/GE4x0pRwHH<\/a><\/p>&mdash; Comisi\u00f3n de \u00c1rbitros (@Arbitraje_MX) <a href=\"https:\/\/x.com\/Arbitraje_MX\/status\/2095570188707979712?ref_src=twsrc%5Etfw\">September 3, 2026<\/a><\/blockquote><script async src=\"https:\/\/platform.x.com\/widgets.js\" charset=\"utf-8\"><\/script>\n<\/div><\/figure>\n","protected":false},"excerpt":{"rendered":"<p>Por Redacci\u00f3n QP Qued\u00f3 fuera de las tres \u00faltimas fechas luego de su pol\u00e9mica actuaci\u00f3n&#8230;<\/p>\n","protected":false},"author":2,"featured_media":132126,"comment_status":"open","ping_status":"open","sticky":false,"template":"","format":"standard","meta":{"footnotes":""},"categories":[54],"tags":[],"class_list":["post-132122","post","type-post","status-publish","format-standard","has-post-thumbnail","hentry","category-deportes"],"yoast_head":"<!-- This site is optimized with the Yoast SEO plugin v27.9 - https:\/\/yoast.com\/product\/yoast-seo-wordpress\/ -->\n<title>\u00a1Retorna a la actividad! La \u00e1rbitra Katia Itzel Garc\u00eda volver\u00e1 a pitar en la Liga MX tras m\u00e1s de un mes de ausencia -<\/title>\n<meta name=\"robots\" content=\"index, follow, max-snippet:-1, max-image-preview:large, max-video-preview:-1\" \/>\n<link rel=\"canonical\" href=\"https:\/\/quehacerpolitico.mx\/?p=132122\" \/>\n<meta property=\"og:locale\" content=\"es_MX\" \/>\n<meta property=\"og:type\" content=\"article\" \/>\n<meta property=\"og:title\" content=\"\u00a1Retorna a la actividad! La \u00e1rbitra Katia Itzel Garc\u00eda volver\u00e1 a pitar en la Liga MX tras m\u00e1s de un mes de ausencia -\" \/>\n<meta property=\"og:description\" content=\"Por Redacci\u00f3n QP Qued\u00f3 fuera de las tres \u00faltimas fechas luego de su pol\u00e9mica actuaci\u00f3n...\" \/>\n<meta property=\"og:url\" content=\"https:\/\/quehacerpolitico.mx\/?p=132122\" \/>\n<meta property=\"article:published_time\" content=\"2026-09-04T01:28:03+00:00\" \/>\n<meta property=\"article:modified_time\" content=\"2026-09-04T01:28:05+00:00\" \/>\n<meta property=\"og:image\" content=\"https:\/\/quehacerpolitico.mx\/wp-content\/uploads\/2026\/09\/IMG_9900.webp\" \/>\n\t<meta property=\"og:image:width\" content=\"1024\" \/>\n\t<meta property=\"og:image:height\" content=\"512\" \/>\n\t<meta property=\"og:image:type\" content=\"image\/webp\" \/>\n<meta name=\"author\" content=\"Redacci\u00f3n QP\" \/>\n<meta name=\"twitter:card\" content=\"summary_large_image\" \/>\n<meta name=\"twitter:label1\" content=\"Escrito por\" \/>\n\t<meta name=\"twitter:data1\" content=\"Redacci\u00f3n QP\" \/>\n\t<meta name=\"twitter:label2\" content=\"Tiempo de lectura\" \/>\n\t<meta name=\"twitter:data2\" content=\"2 minutos\" \/>\n<script type=\"application\/ld+json\" class=\"yoast-schema-graph\">{\"@context\":\"https:\\\/\\\/schema.org\",\"@graph\":[{\"@type\":\"Article\",\"@id\":\"https:\\\/\\\/quehacerpolitico.mx\\\/?p=132122#article\",\"isPartOf\":{\"@id\":\"https:\\\/\\\/quehacerpolitico.mx\\\/?p=132122\"},\"author\":{\"name\":\"Redacci\u00f3n QP\",\"@id\":\"https:\\\/\\\/quehacerpolitico.mx\\\/#\\\/schema\\\/person\\\/496d8ad2d1d3f8036101dca7ee39e585\"},\"headline\":\"\u00a1Retorna a la actividad! La \u00e1rbitra Katia Itzel Garc\u00eda volver\u00e1 a pitar en la Liga MX tras m\u00e1s de un mes de ausencia\",\"datePublished\":\"2026-09-04T01:28:03+00:00\",\"dateModified\":\"2026-09-04T01:28:05+00:00\",\"mainEntityOfPage\":{\"@id\":\"https:\\\/\\\/quehacerpolitico.mx\\\/?p=132122\"},\"wordCount\":248,\"commentCount\":0,\"image\":{\"@id\":\"https:\\\/\\\/quehacerpolitico.mx\\\/?p=132122#primaryimage\"},\"thumbnailUrl\":\"https:\\\/\\\/quehacerpolitico.mx\\\/wp-content\\\/uploads\\\/2026\\\/09\\\/IMG_9900.webp\",\"articleSection\":[\"Deportes\"],\"inLanguage\":\"es\",\"potentialAction\":[{\"@type\":\"CommentAction\",\"name\":\"Comment\",\"target\":[\"https:\\\/\\\/quehacerpolitico.mx\\\/?p=132122#respond\"]}]},{\"@type\":\"WebPage\",\"@id\":\"https:\\\/\\\/quehacerpolitico.mx\\\/?p=132122\",\"url\":\"https:\\\/\\\/quehacerpolitico.mx\\\/?p=132122\",\"name\":\"\u00a1Retorna a la actividad! La \u00e1rbitra Katia Itzel Garc\u00eda volver\u00e1 a pitar en la Liga MX tras m\u00e1s de un mes de ausencia -\",\"isPartOf\":{\"@id\":\"https:\\\/\\\/quehacerpolitico.mx\\\/#website\"},\"primaryImageOfPage\":{\"@id\":\"https:\\\/\\\/quehacerpolitico.mx\\\/?p=132122#primaryimage\"},\"image\":{\"@id\":\"https:\\\/\\\/quehacerpolitico.mx\\\/?p=132122#primaryimage\"},\"thumbnailUrl\":\"https:\\\/\\\/quehacerpolitico.mx\\\/wp-content\\\/uploads\\\/2026\\\/09\\\/IMG_9900.webp\",\"datePublished\":\"2026-09-04T01:28:03+00:00\",\"dateModified\":\"2026-09-04T01:28:05+00:00\",\"author\":{\"@id\":\"https:\\\/\\\/quehacerpolitico.mx\\\/#\\\/schema\\\/person\\\/496d8ad2d1d3f8036101dca7ee39e585\"},\"breadcrumb\":{\"@id\":\"https:\\\/\\\/quehacerpolitico.mx\\\/?p=132122#breadcrumb\"},\"inLanguage\":\"es\",\"potentialAction\":[{\"@type\":\"ReadAction\",\"target\":[\"https:\\\/\\\/quehacerpolitico.mx\\\/?p=132122\"]}]},{\"@type\":\"ImageObject\",\"inLanguage\":\"es\",\"@id\":\"https:\\\/\\\/quehacerpolitico.mx\\\/?p=132122#primaryimage\",\"url\":\"https:\\\/\\\/quehacerpolitico.mx\\\/wp-content\\\/uploads\\\/2026\\\/09\\\/IMG_9900.webp\",\"contentUrl\":\"https:\\\/\\\/quehacerpolitico.mx\\\/wp-content\\\/uploads\\\/2026\\\/09\\\/IMG_9900.webp\",\"width\":1024,\"height\":512},{\"@type\":\"BreadcrumbList\",\"@id\":\"https:\\\/\\\/quehacerpolitico.mx\\\/?p=132122#breadcrumb\",\"itemListElement\":[{\"@type\":\"ListItem\",\"position\":1,\"name\":\"Inicio\",\"item\":\"https:\\\/\\\/quehacerpolitico.mx\\\/\"},{\"@type\":\"ListItem\",\"position\":2,\"name\":\"\u00a1Retorna a la actividad! La \u00e1rbitra Katia Itzel Garc\u00eda volver\u00e1 a pitar en la Liga MX tras m\u00e1s de un mes de ausencia\"}]},{\"@type\":\"WebSite\",\"@id\":\"https:\\\/\\\/quehacerpolitico.mx\\\/#website\",\"url\":\"https:\\\/\\\/quehacerpolitico.mx\\\/\",\"name\":\"\",\"description\":\"\",\"potentialAction\":[{\"@type\":\"SearchAction\",\"target\":{\"@type\":\"EntryPoint\",\"urlTemplate\":\"https:\\\/\\\/quehacerpolitico.mx\\\/?s={search_term_string}\"},\"query-input\":{\"@type\":\"PropertyValueSpecification\",\"valueRequired\":true,\"valueName\":\"search_term_string\"}}],\"inLanguage\":\"es\"},{\"@type\":\"Person\",\"@id\":\"https:\\\/\\\/quehacerpolitico.mx\\\/#\\\/schema\\\/person\\\/496d8ad2d1d3f8036101dca7ee39e585\",\"name\":\"Redacci\u00f3n QP\",\"image\":{\"@type\":\"ImageObject\",\"inLanguage\":\"es\",\"@id\":\"https:\\\/\\\/secure.gravatar.com\\\/avatar\\\/c7164ed6fdec453195284ad24a5ae5b6e1eed2b848477fa2a4787ba9adf39a41?s=96&d=mm&r=g\",\"url\":\"https:\\\/\\\/secure.gravatar.com\\\/avatar\\\/c7164ed6fdec453195284ad24a5ae5b6e1eed2b848477fa2a4787ba9adf39a41?s=96&d=mm&r=g\",\"contentUrl\":\"https:\\\/\\\/secure.gravatar.com\\\/avatar\\\/c7164ed6fdec453195284ad24a5ae5b6e1eed2b848477fa2a4787ba9adf39a41?s=96&d=mm&r=g\",\"caption\":\"Redacci\u00f3n QP\"},\"url\":\"https:\\\/\\\/quehacerpolitico.mx\\\/?author=2\"}]}<\/script>\n<!-- \/ Yoast SEO plugin. -->","yoast_head_json":{"title":"\u00a1Retorna a la actividad! La \u00e1rbitra Katia Itzel Garc\u00eda volver\u00e1 a pitar en la Liga MX tras m\u00e1s de un mes de ausencia -","robots":{"index":"index","follow":"follow","max-snippet":"max-snippet:-1","max-image-preview":"max-image-preview:large","max-video-preview":"max-video-preview:-1"},"canonical":"https:\/\/quehacerpolitico.mx\/?p=132122","og_locale":"es_MX","og_type":"article","og_title":"\u00a1Retorna a la actividad! La \u00e1rbitra Katia Itzel Garc\u00eda volver\u00e1 a pitar en la Liga MX tras m\u00e1s de un mes de ausencia -","og_description":"Por Redacci\u00f3n QP Qued\u00f3 fuera de las tres \u00faltimas fechas luego de su pol\u00e9mica actuaci\u00f3n...","og_url":"https:\/\/quehacerpolitico.mx\/?p=132122","article_published_time":"2026-09-04T01:28:03+00:00","article_modified_time":"2026-09-04T01:28:05+00:00","og_image":[{"width":1024,"height":512,"url":"https:\/\/quehacerpolitico.mx\/wp-content\/uploads\/2026\/09\/IMG_9900.webp","type":"image\/webp"}],"author":"Redacci\u00f3n QP","twitter_card":"summary_large_image","twitter_misc":{"Escrito por":"Redacci\u00f3n QP","Tiempo de lectura":"2 minutos"},"schema":{"@context":"https:\/\/schema.org","@graph":[{"@type":"Article","@id":"https:\/\/quehacerpolitico.mx\/?p=132122#article","isPartOf":{"@id":"https:\/\/quehacerpolitico.mx\/?p=132122"},"author":{"name":"Redacci\u00f3n QP","@id":"https:\/\/quehacerpolitico.mx\/#\/schema\/person\/496d8ad2d1d3f8036101dca7ee39e585"},"headline":"\u00a1Retorna a la actividad! La \u00e1rbitra Katia Itzel Garc\u00eda volver\u00e1 a pitar en la Liga MX tras m\u00e1s de un mes de ausencia","datePublished":"2026-09-04T01:28:03+00:00","dateModified":"2026-09-04T01:28:05+00:00","mainEntityOfPage":{"@id":"https:\/\/quehacerpolitico.mx\/?p=132122"},"wordCount":248,"commentCount":0,"image":{"@id":"https:\/\/quehacerpolitico.mx\/?p=132122#primaryimage"},"thumbnailUrl":"https:\/\/quehacerpolitico.mx\/wp-content\/uploads\/2026\/09\/IMG_9900.webp","articleSection":["Deportes"],"inLanguage":"es","potentialAction":[{"@type":"CommentAction","name":"Comment","target":["https:\/\/quehacerpolitico.mx\/?p=132122#respond"]}]},{"@type":"WebPage","@id":"https:\/\/quehacerpolitico.mx\/?p=132122","url":"https:\/\/quehacerpolitico.mx\/?p=132122","name":"\u00a1Retorna a la actividad! La \u00e1rbitra Katia Itzel Garc\u00eda volver\u00e1 a pitar en la Liga MX tras m\u00e1s de un mes de ausencia -","isPartOf":{"@id":"https:\/\/quehacerpolitico.mx\/#website"},"primaryImageOfPage":{"@id":"https:\/\/quehacerpolitico.mx\/?p=132122#primaryimage"},"image":{"@id":"https:\/\/quehacerpolitico.mx\/?p=132122#primaryimage"},"thumbnailUrl":"https:\/\/quehacerpolitico.mx\/wp-content\/uploads\/2026\/09\/IMG_9900.webp","datePublished":"2026-09-04T01:28:03+00:00","dateModified":"2026-09-04T01:28:05+00:00","author":{"@id":"https:\/\/quehacerpolitico.mx\/#\/schema\/person\/496d8ad2d1d3f8036101dca7ee39e585"},"breadcrumb":{"@id":"https:\/\/quehacerpolitico.mx\/?p=132122#breadcrumb"},"inLanguage":"es","potentialAction":[{"@type":"ReadAction","target":["https:\/\/quehacerpolitico.mx\/?p=132122"]}]},{"@type":"ImageObject","inLanguage":"es","@id":"https:\/\/quehacerpolitico.mx\/?p=132122#primaryimage","url":"https:\/\/quehacerpolitico.mx\/wp-content\/uploads\/2026\/09\/IMG_9900.webp","contentUrl":"https:\/\/quehacerpolitico.mx\/wp-content\/uploads\/2026\/09\/IMG_9900.webp","width":1024,"height":512},{"@type":"BreadcrumbList","@id":"https:\/\/quehacerpolitico.mx\/?p=132122#breadcrumb","itemListElement":[{"@type":"ListItem","position":1,"name":"Inicio","item":"https:\/\/quehacerpolitico.mx\/"},{"@type":"ListItem","position":2,"name":"\u00a1Retorna a la actividad! La \u00e1rbitra Katia Itzel Garc\u00eda volver\u00e1 a pitar en la Liga MX tras m\u00e1s de un mes de ausencia"}]},{"@type":"WebSite","@id":"https:\/\/quehacerpolitico.mx\/#website","url":"https:\/\/quehacerpolitico.mx\/","name":"","description":"","potentialAction":[{"@type":"SearchAction","target":{"@type":"EntryPoint","urlTemplate":"https:\/\/quehacerpolitico.mx\/?s={search_term_string}"},"query-input":{"@type":"PropertyValueSpecification","valueRequired":true,"valueName":"search_term_string"}}],"inLanguage":"es"},{"@type":"Person","@id":"https:\/\/quehacerpolitico.mx\/#\/schema\/person\/496d8ad2d1d3f8036101dca7ee39e585","name":"Redacci\u00f3n QP","image":{"@type":"ImageObject","inLanguage":"es","@id":"https:\/\/secure.gravatar.com\/avatar\/c7164ed6fdec453195284ad24a5ae5b6e1eed2b848477fa2a4787ba9adf39a41?s=96&d=mm&r=g","url":"https:\/\/secure.gravatar.com\/avatar\/c7164ed6fdec453195284ad24a5ae5b6e1eed2b848477fa2a4787ba9adf39a41?s=96&d=mm&r=g","contentUrl":"https:\/\/secure.gravatar.com\/avatar\/c7164ed6fdec453195284ad24a5ae5b6e1eed2b848477fa2a4787ba9adf39a41?s=96&d=mm&r=g","caption":"Redacci\u00f3n QP"},"url":"https:\/\/quehacerpolitico.mx\/?author=2"}]}},"featured_image_urls":{"full":["https:\/\/quehacerpolitico.mx\/wp-content\/uploads\/2026\/09\/IMG_9900.webp",1024,512,false],"thumbnail":["https:\/\/quehacerpolitico.mx\/wp-content\/uploads\/2026\/09\/IMG_9900-150x150.webp",150,150,true],"medium":["https:\/\/quehacerpolitico.mx\/wp-content\/uploads\/2026\/09\/IMG_9900-300x150.webp",300,150,true],"medium_large":["https:\/\/quehacerpolitico.mx\/wp-content\/uploads\/2026\/09\/IMG_9900-768x384.webp",640,320,true],"large":["https:\/\/quehacerpolitico.mx\/wp-content\/uploads\/2026\/09\/IMG_9900.webp",640,320,false],"1536x1536":["https:\/\/quehacerpolitico.mx\/wp-content\/uploads\/2026\/09\/IMG_9900.webp",1024,512,false],"2048x2048":["https:\/\/quehacerpolitico.mx\/wp-content\/uploads\/2026\/09\/IMG_9900.webp",1024,512,false],"covernews-featured":["https:\/\/quehacerpolitico.mx\/wp-content\/uploads\/2026\/09\/IMG_9900.webp",1024,512,false],"covernews-medium":["https:\/\/quehacerpolitico.mx\/wp-content\/uploads\/2026\/09\/IMG_9900-540x340.webp",540,340,true]},"author_info":{"display_name":"Redacci\u00f3n QP","author_link":"https:\/\/quehacerpolitico.mx\/?author=2"},"category_info":"<a href=\"https:\/\/quehacerpolitico.mx\/?cat=54\" rel=\"category\">Deportes<\/a>","tag_info":"Deportes","comment_count":"0","_links":{"self":[{"href":"https:\/\/quehacerpolitico.mx\/index.php?rest_route=\/wp\/v2\/posts\/132122","targetHints":{"allow":["GET"]}}],"collection":[{"href":"https:\/\/quehacerpolitico.mx\/index.php?rest_route=\/wp\/v2\/posts"}],"about":[{"href":"https:\/\/quehacerpolitico.mx\/index.php?rest_route=\/wp\/v2\/types\/post"}],"author":[{"embeddable":true,"href":"https:\/\/quehacerpolitico.mx\/index.php?rest_route=\/wp\/v2\/users\/2"}],"replies":[{"embeddable":true,"href":"https:\/\/quehacerpolitico.mx\/index.php?rest_route=%2Fwp%2Fv2%2Fcomments&post=132122"}],"version-history":[{"count":1,"href":"https:\/\/quehacerpolitico.mx\/index.php?rest_route=\/wp\/v2\/posts\/132122\/revisions"}],"predecessor-version":[{"id":132127,"href":"https:\/\/quehacerpolitico.mx\/index.php?rest_route=\/wp\/v2\/posts\/132122\/revisions\/132127"}],"wp:featuredmedia":[{"embeddable":true,"href":"https:\/\/quehacerpolitico.mx\/index.php?rest_route=\/wp\/v2\/media\/132126"}],"wp:attachment":[{"href":"https:\/\/quehacerpolitico.mx\/index.php?rest_route=%2Fwp%2Fv2%2Fmedia&parent=132122"}],"wp:term":[{"taxonomy":"category","embeddable":true,"href":"https:\/\/quehacerpolitico.mx\/index.php?rest_route=%2Fwp%2Fv2%2Fcategories&post=132122"},{"taxonomy":"post_tag","embeddable":true,"href":"https:\/\/quehacerpolitico.mx\/index.php?rest_route=%2Fwp%2Fv2%2Ftags&post=132122"}],"curies":[{"name":"wp","href":"https:\/\/api.w.org\/{rel}","templated":true}]}}