{"id":132117,"date":"2026-09-03T15:23:35","date_gmt":"2026-09-03T21:23:35","guid":{"rendered":"https:\/\/quehacerpolitico.mx\/?p=132117"},"modified":"2026-09-03T15:28:24","modified_gmt":"2026-09-03T21:28:24","slug":"incidente-en-el-metro-una-mujer-queda-atrapada-entre-un-tren-y-el-anden-en-la-estacion-pantitlan","status":"publish","type":"post","link":"https:\/\/quehacerpolitico.mx\/?p=132117","title":{"rendered":"Incidente en el Metro: una mujer queda atrapada entre un tren y el and\u00e9n en la estaci\u00f3n Pantitl\u00e1n"},"content":{"rendered":"\n<p class=\"wp-block-paragraph\">Por Redacci\u00f3n QP<\/p>\n\n\n\n<p class=\"wp-block-paragraph\">La persona habr\u00eda intentado ingresar al vag\u00f3n, pero su pie qued\u00f3 atorado, por lo que se tuvo que cortar la energ\u00eda para que recibiera ayuda; usuarios registraron retrasos<\/p>\n\n\n\n<p class=\"wp-block-paragraph\">Una mujer qued\u00f3 atrapada la ma\u00f1ana de este jueves&nbsp;<strong>entre un tren del Metro y el and\u00e9n,&nbsp;<\/strong>por lo que se registraron retrasos en el servicio de la L\u00ednea 9.<\/p>\n\n\n\n<figure class=\"wp-block-embed is-type-rich is-provider-twitter wp-block-embed-twitter\"><div class=\"wp-block-embed__wrapper\">\n<blockquote class=\"twitter-tweet\" data-width=\"550\" data-dnt=\"true\"><p lang=\"es\" dir=\"ltr\"><a href=\"https:\/\/x.com\/hashtag\/ULTIMAHORA?src=hash&amp;ref_src=twsrc%5Etfw\">#ULTIMAHORA<\/a> <br><br>Usuaria es sacada en camilla \ud83d\ude91 de las Instalaciones del Metro de Ciudad de M\u00e9xico \ud83c\uddf2\ud83c\uddfd <a href=\"https:\/\/x.com\/MetroCDMX?ref_src=twsrc%5Etfw\">@MetroCDMX<\/a> despu\u00e9s de qu\u00e9 se le atorara su pie entre el and\u00e9n y el Convoy\u203c\ufe0f\ud83d\udea8<br><br>Reportan caos en L\u00ednea 9 del <a href=\"https:\/\/x.com\/hashtag\/MetroCDMX?src=hash&amp;ref_src=twsrc%5Etfw\">#MetroCDMX<\/a> por una usuaria qu\u00e9 se accident\u00f3 dentro de las\u2026 <a href=\"https:\/\/t.co\/zNUMXoJPb6\">pic.twitter.com\/zNUMXoJPb6<\/a><\/p>&mdash; Fan MetroViral (@MetroViralMx) <a href=\"https:\/\/x.com\/MetroViralMx\/status\/2095591042141536382?ref_src=twsrc%5Etfw\">September 3, 2026<\/a><\/blockquote><script async src=\"https:\/\/platform.x.com\/widgets.js\" charset=\"utf-8\"><\/script>\n<\/div><\/figure>\n\n\n\n<p class=\"wp-block-paragraph\">El Sistema de Transporte Colectivo (STC) Metro di\u00f3&nbsp;a conocer que ante el reporte&nbsp;<strong>por el pie atorado de la mujer&nbsp;<\/strong>se tuvo que cortar la energ\u00eda en la estaci\u00f3n Pantitl\u00e1n.<\/p>\n\n\n\n<p class=\"wp-block-paragraph\">Ante ello, personal de Seguridad Industrial e Higiene del Metro habr\u00eda valorado a la mujer, quien&nbsp;<strong>permaneci\u00f3 en el suelo&nbsp;<\/strong>mientras los usuarios fueron replegados de la zona.<\/p>\n\n\n\n<p class=\"wp-block-paragraph\">El Metro a\u00f1adi\u00f3 un llamado a los usuarios a respetar&nbsp;<strong>la l\u00ednea amarilla de seguridad&nbsp;<\/strong>y seguir las indicaciones del personal; hasta el momento se desconoce el estado de salud de la persona.<\/p>\n\n\n\n<p class=\"wp-block-paragraph\">Usuarios en redes sociales reportaron que el pie de la mujer qued\u00f3 atrapado cuando intentaba ingresar al vag\u00f3n, por lo que ya no pudo moverse.<\/p>\n\n\n\n<p class=\"wp-block-paragraph\">Este incidente provoc\u00f3 retrasos a los ciudadanos&nbsp;<strong>alrededor de las 8:00 de la ma\u00f1ana,<\/strong>&nbsp;que tuvieron que esperar a que la mujer recibiera atenci\u00f3n y se restableciera la circulaci\u00f3n de trenes.&nbsp;<\/p>\n\n\n\n<p class=\"wp-block-paragraph\">El incidente ocurre en el marco de los 57 a\u00f1os que cumple este 4&nbsp;de septiembre el Metro, que transporta a 4.5 millones de personas al d\u00eda.<\/p>\n","protected":false},"excerpt":{"rendered":"<p>Por Redacci\u00f3n QP La persona habr\u00eda intentado ingresar al vag\u00f3n, pero su pie qued\u00f3 atorado,&#8230;<\/p>\n","protected":false},"author":2,"featured_media":132119,"comment_status":"open","ping_status":"open","sticky":false,"template":"","format":"standard","meta":{"footnotes":""},"categories":[55],"tags":[],"class_list":["post-132117","post","type-post","status-publish","format-standard","has-post-thumbnail","hentry","category-cdmx"],"yoast_head":"<!-- This site is optimized with the Yoast SEO plugin v27.9 - https:\/\/yoast.com\/product\/yoast-seo-wordpress\/ -->\n<title>Incidente en el Metro: una mujer queda atrapada entre un tren y el and\u00e9n en la estaci\u00f3n Pantitl\u00e1n -<\/title>\n<meta name=\"robots\" content=\"index, follow, max-snippet:-1, max-image-preview:large, max-video-preview:-1\" \/>\n<link rel=\"canonical\" href=\"https:\/\/quehacerpolitico.mx\/?p=132117\" \/>\n<meta property=\"og:locale\" content=\"es_MX\" \/>\n<meta property=\"og:type\" content=\"article\" \/>\n<meta property=\"og:title\" content=\"Incidente en el Metro: una mujer queda atrapada entre un tren y el and\u00e9n en la estaci\u00f3n Pantitl\u00e1n -\" \/>\n<meta property=\"og:description\" content=\"Por Redacci\u00f3n QP La persona habr\u00eda intentado ingresar al vag\u00f3n, pero su pie qued\u00f3 atorado,...\" \/>\n<meta property=\"og:url\" content=\"https:\/\/quehacerpolitico.mx\/?p=132117\" \/>\n<meta property=\"article:published_time\" content=\"2026-09-03T21:23:35+00:00\" \/>\n<meta property=\"article:modified_time\" content=\"2026-09-03T21:28:24+00:00\" \/>\n<meta property=\"og:image\" content=\"https:\/\/quehacerpolitico.mx\/wp-content\/uploads\/2026\/09\/IMG_9892.jpeg\" \/>\n\t<meta property=\"og:image:width\" content=\"1170\" \/>\n\t<meta property=\"og:image:height\" content=\"700\" \/>\n\t<meta property=\"og:image:type\" content=\"image\/jpeg\" \/>\n<meta name=\"author\" content=\"Redacci\u00f3n QP\" \/>\n<meta name=\"twitter:card\" content=\"summary_large_image\" \/>\n<meta name=\"twitter:label1\" content=\"Escrito por\" \/>\n\t<meta name=\"twitter:data1\" content=\"Redacci\u00f3n QP\" \/>\n\t<meta name=\"twitter:label2\" content=\"Tiempo de lectura\" \/>\n\t<meta name=\"twitter:data2\" content=\"2 minutos\" \/>\n<script type=\"application\/ld+json\" class=\"yoast-schema-graph\">{\"@context\":\"https:\\\/\\\/schema.org\",\"@graph\":[{\"@type\":\"Article\",\"@id\":\"https:\\\/\\\/quehacerpolitico.mx\\\/?p=132117#article\",\"isPartOf\":{\"@id\":\"https:\\\/\\\/quehacerpolitico.mx\\\/?p=132117\"},\"author\":{\"name\":\"Redacci\u00f3n QP\",\"@id\":\"https:\\\/\\\/quehacerpolitico.mx\\\/#\\\/schema\\\/person\\\/496d8ad2d1d3f8036101dca7ee39e585\"},\"headline\":\"Incidente en el Metro: una mujer queda atrapada entre un tren y el and\u00e9n en la estaci\u00f3n Pantitl\u00e1n\",\"datePublished\":\"2026-09-03T21:23:35+00:00\",\"dateModified\":\"2026-09-03T21:28:24+00:00\",\"mainEntityOfPage\":{\"@id\":\"https:\\\/\\\/quehacerpolitico.mx\\\/?p=132117\"},\"wordCount\":290,\"commentCount\":0,\"image\":{\"@id\":\"https:\\\/\\\/quehacerpolitico.mx\\\/?p=132117#primaryimage\"},\"thumbnailUrl\":\"https:\\\/\\\/quehacerpolitico.mx\\\/wp-content\\\/uploads\\\/2026\\\/09\\\/IMG_9892.jpeg\",\"articleSection\":[\"CDMX\"],\"inLanguage\":\"es\",\"potentialAction\":[{\"@type\":\"CommentAction\",\"name\":\"Comment\",\"target\":[\"https:\\\/\\\/quehacerpolitico.mx\\\/?p=132117#respond\"]}]},{\"@type\":\"WebPage\",\"@id\":\"https:\\\/\\\/quehacerpolitico.mx\\\/?p=132117\",\"url\":\"https:\\\/\\\/quehacerpolitico.mx\\\/?p=132117\",\"name\":\"Incidente en el Metro: una mujer queda atrapada entre un tren y el and\u00e9n en la estaci\u00f3n Pantitl\u00e1n -\",\"isPartOf\":{\"@id\":\"https:\\\/\\\/quehacerpolitico.mx\\\/#website\"},\"primaryImageOfPage\":{\"@id\":\"https:\\\/\\\/quehacerpolitico.mx\\\/?p=132117#primaryimage\"},\"image\":{\"@id\":\"https:\\\/\\\/quehacerpolitico.mx\\\/?p=132117#primaryimage\"},\"thumbnailUrl\":\"https:\\\/\\\/quehacerpolitico.mx\\\/wp-content\\\/uploads\\\/2026\\\/09\\\/IMG_9892.jpeg\",\"datePublished\":\"2026-09-03T21:23:35+00:00\",\"dateModified\":\"2026-09-03T21:28:24+00:00\",\"author\":{\"@id\":\"https:\\\/\\\/quehacerpolitico.mx\\\/#\\\/schema\\\/person\\\/496d8ad2d1d3f8036101dca7ee39e585\"},\"breadcrumb\":{\"@id\":\"https:\\\/\\\/quehacerpolitico.mx\\\/?p=132117#breadcrumb\"},\"inLanguage\":\"es\",\"potentialAction\":[{\"@type\":\"ReadAction\",\"target\":[\"https:\\\/\\\/quehacerpolitico.mx\\\/?p=132117\"]}]},{\"@type\":\"ImageObject\",\"inLanguage\":\"es\",\"@id\":\"https:\\\/\\\/quehacerpolitico.mx\\\/?p=132117#primaryimage\",\"url\":\"https:\\\/\\\/quehacerpolitico.mx\\\/wp-content\\\/uploads\\\/2026\\\/09\\\/IMG_9892.jpeg\",\"contentUrl\":\"https:\\\/\\\/quehacerpolitico.mx\\\/wp-content\\\/uploads\\\/2026\\\/09\\\/IMG_9892.jpeg\",\"width\":1170,\"height\":700,\"caption\":\"Screenshot\"},{\"@type\":\"BreadcrumbList\",\"@id\":\"https:\\\/\\\/quehacerpolitico.mx\\\/?p=132117#breadcrumb\",\"itemListElement\":[{\"@type\":\"ListItem\",\"position\":1,\"name\":\"Inicio\",\"item\":\"https:\\\/\\\/quehacerpolitico.mx\\\/\"},{\"@type\":\"ListItem\",\"position\":2,\"name\":\"Incidente en el Metro: una mujer queda atrapada entre un tren y el and\u00e9n en la estaci\u00f3n Pantitl\u00e1n\"}]},{\"@type\":\"WebSite\",\"@id\":\"https:\\\/\\\/quehacerpolitico.mx\\\/#website\",\"url\":\"https:\\\/\\\/quehacerpolitico.mx\\\/\",\"name\":\"\",\"description\":\"\",\"potentialAction\":[{\"@type\":\"SearchAction\",\"target\":{\"@type\":\"EntryPoint\",\"urlTemplate\":\"https:\\\/\\\/quehacerpolitico.mx\\\/?s={search_term_string}\"},\"query-input\":{\"@type\":\"PropertyValueSpecification\",\"valueRequired\":true,\"valueName\":\"search_term_string\"}}],\"inLanguage\":\"es\"},{\"@type\":\"Person\",\"@id\":\"https:\\\/\\\/quehacerpolitico.mx\\\/#\\\/schema\\\/person\\\/496d8ad2d1d3f8036101dca7ee39e585\",\"name\":\"Redacci\u00f3n QP\",\"image\":{\"@type\":\"ImageObject\",\"inLanguage\":\"es\",\"@id\":\"https:\\\/\\\/secure.gravatar.com\\\/avatar\\\/c7164ed6fdec453195284ad24a5ae5b6e1eed2b848477fa2a4787ba9adf39a41?s=96&d=mm&r=g\",\"url\":\"https:\\\/\\\/secure.gravatar.com\\\/avatar\\\/c7164ed6fdec453195284ad24a5ae5b6e1eed2b848477fa2a4787ba9adf39a41?s=96&d=mm&r=g\",\"contentUrl\":\"https:\\\/\\\/secure.gravatar.com\\\/avatar\\\/c7164ed6fdec453195284ad24a5ae5b6e1eed2b848477fa2a4787ba9adf39a41?s=96&d=mm&r=g\",\"caption\":\"Redacci\u00f3n QP\"},\"url\":\"https:\\\/\\\/quehacerpolitico.mx\\\/?author=2\"}]}<\/script>\n<!-- \/ Yoast SEO plugin. -->","yoast_head_json":{"title":"Incidente en el Metro: una mujer queda atrapada entre un tren y el and\u00e9n en la estaci\u00f3n Pantitl\u00e1n -","robots":{"index":"index","follow":"follow","max-snippet":"max-snippet:-1","max-image-preview":"max-image-preview:large","max-video-preview":"max-video-preview:-1"},"canonical":"https:\/\/quehacerpolitico.mx\/?p=132117","og_locale":"es_MX","og_type":"article","og_title":"Incidente en el Metro: una mujer queda atrapada entre un tren y el and\u00e9n en la estaci\u00f3n Pantitl\u00e1n -","og_description":"Por Redacci\u00f3n QP La persona habr\u00eda intentado ingresar al vag\u00f3n, pero su pie qued\u00f3 atorado,...","og_url":"https:\/\/quehacerpolitico.mx\/?p=132117","article_published_time":"2026-09-03T21:23:35+00:00","article_modified_time":"2026-09-03T21:28:24+00:00","og_image":[{"width":1170,"height":700,"url":"https:\/\/quehacerpolitico.mx\/wp-content\/uploads\/2026\/09\/IMG_9892.jpeg","type":"image\/jpeg"}],"author":"Redacci\u00f3n QP","twitter_card":"summary_large_image","twitter_misc":{"Escrito por":"Redacci\u00f3n QP","Tiempo de lectura":"2 minutos"},"schema":{"@context":"https:\/\/schema.org","@graph":[{"@type":"Article","@id":"https:\/\/quehacerpolitico.mx\/?p=132117#article","isPartOf":{"@id":"https:\/\/quehacerpolitico.mx\/?p=132117"},"author":{"name":"Redacci\u00f3n QP","@id":"https:\/\/quehacerpolitico.mx\/#\/schema\/person\/496d8ad2d1d3f8036101dca7ee39e585"},"headline":"Incidente en el Metro: una mujer queda atrapada entre un tren y el and\u00e9n en la estaci\u00f3n Pantitl\u00e1n","datePublished":"2026-09-03T21:23:35+00:00","dateModified":"2026-09-03T21:28:24+00:00","mainEntityOfPage":{"@id":"https:\/\/quehacerpolitico.mx\/?p=132117"},"wordCount":290,"commentCount":0,"image":{"@id":"https:\/\/quehacerpolitico.mx\/?p=132117#primaryimage"},"thumbnailUrl":"https:\/\/quehacerpolitico.mx\/wp-content\/uploads\/2026\/09\/IMG_9892.jpeg","articleSection":["CDMX"],"inLanguage":"es","potentialAction":[{"@type":"CommentAction","name":"Comment","target":["https:\/\/quehacerpolitico.mx\/?p=132117#respond"]}]},{"@type":"WebPage","@id":"https:\/\/quehacerpolitico.mx\/?p=132117","url":"https:\/\/quehacerpolitico.mx\/?p=132117","name":"Incidente en el Metro: una mujer queda atrapada entre un tren y el and\u00e9n en la estaci\u00f3n Pantitl\u00e1n -","isPartOf":{"@id":"https:\/\/quehacerpolitico.mx\/#website"},"primaryImageOfPage":{"@id":"https:\/\/quehacerpolitico.mx\/?p=132117#primaryimage"},"image":{"@id":"https:\/\/quehacerpolitico.mx\/?p=132117#primaryimage"},"thumbnailUrl":"https:\/\/quehacerpolitico.mx\/wp-content\/uploads\/2026\/09\/IMG_9892.jpeg","datePublished":"2026-09-03T21:23:35+00:00","dateModified":"2026-09-03T21:28:24+00:00","author":{"@id":"https:\/\/quehacerpolitico.mx\/#\/schema\/person\/496d8ad2d1d3f8036101dca7ee39e585"},"breadcrumb":{"@id":"https:\/\/quehacerpolitico.mx\/?p=132117#breadcrumb"},"inLanguage":"es","potentialAction":[{"@type":"ReadAction","target":["https:\/\/quehacerpolitico.mx\/?p=132117"]}]},{"@type":"ImageObject","inLanguage":"es","@id":"https:\/\/quehacerpolitico.mx\/?p=132117#primaryimage","url":"https:\/\/quehacerpolitico.mx\/wp-content\/uploads\/2026\/09\/IMG_9892.jpeg","contentUrl":"https:\/\/quehacerpolitico.mx\/wp-content\/uploads\/2026\/09\/IMG_9892.jpeg","width":1170,"height":700,"caption":"Screenshot"},{"@type":"BreadcrumbList","@id":"https:\/\/quehacerpolitico.mx\/?p=132117#breadcrumb","itemListElement":[{"@type":"ListItem","position":1,"name":"Inicio","item":"https:\/\/quehacerpolitico.mx\/"},{"@type":"ListItem","position":2,"name":"Incidente en el Metro: una mujer queda atrapada entre un tren y el and\u00e9n en la estaci\u00f3n Pantitl\u00e1n"}]},{"@type":"WebSite","@id":"https:\/\/quehacerpolitico.mx\/#website","url":"https:\/\/quehacerpolitico.mx\/","name":"","description":"","potentialAction":[{"@type":"SearchAction","target":{"@type":"EntryPoint","urlTemplate":"https:\/\/quehacerpolitico.mx\/?s={search_term_string}"},"query-input":{"@type":"PropertyValueSpecification","valueRequired":true,"valueName":"search_term_string"}}],"inLanguage":"es"},{"@type":"Person","@id":"https:\/\/quehacerpolitico.mx\/#\/schema\/person\/496d8ad2d1d3f8036101dca7ee39e585","name":"Redacci\u00f3n QP","image":{"@type":"ImageObject","inLanguage":"es","@id":"https:\/\/secure.gravatar.com\/avatar\/c7164ed6fdec453195284ad24a5ae5b6e1eed2b848477fa2a4787ba9adf39a41?s=96&d=mm&r=g","url":"https:\/\/secure.gravatar.com\/avatar\/c7164ed6fdec453195284ad24a5ae5b6e1eed2b848477fa2a4787ba9adf39a41?s=96&d=mm&r=g","contentUrl":"https:\/\/secure.gravatar.com\/avatar\/c7164ed6fdec453195284ad24a5ae5b6e1eed2b848477fa2a4787ba9adf39a41?s=96&d=mm&r=g","caption":"Redacci\u00f3n QP"},"url":"https:\/\/quehacerpolitico.mx\/?author=2"}]}},"featured_image_urls":{"full":["https:\/\/quehacerpolitico.mx\/wp-content\/uploads\/2026\/09\/IMG_9892.jpeg",1170,700,false],"thumbnail":["https:\/\/quehacerpolitico.mx\/wp-content\/uploads\/2026\/09\/IMG_9892-150x150.jpeg",150,150,true],"medium":["https:\/\/quehacerpolitico.mx\/wp-content\/uploads\/2026\/09\/IMG_9892-300x179.jpeg",300,179,true],"medium_large":["https:\/\/quehacerpolitico.mx\/wp-content\/uploads\/2026\/09\/IMG_9892-768x459.jpeg",640,383,true],"large":["https:\/\/quehacerpolitico.mx\/wp-content\/uploads\/2026\/09\/IMG_9892-1024x613.jpeg",640,383,true],"1536x1536":["https:\/\/quehacerpolitico.mx\/wp-content\/uploads\/2026\/09\/IMG_9892.jpeg",1170,700,false],"2048x2048":["https:\/\/quehacerpolitico.mx\/wp-content\/uploads\/2026\/09\/IMG_9892.jpeg",1170,700,false],"covernews-featured":["https:\/\/quehacerpolitico.mx\/wp-content\/uploads\/2026\/09\/IMG_9892-1024x613.jpeg",1024,613,true],"covernews-medium":["https:\/\/quehacerpolitico.mx\/wp-content\/uploads\/2026\/09\/IMG_9892-540x340.jpeg",540,340,true]},"author_info":{"display_name":"Redacci\u00f3n QP","author_link":"https:\/\/quehacerpolitico.mx\/?author=2"},"category_info":"<a href=\"https:\/\/quehacerpolitico.mx\/?cat=55\" rel=\"category\">CDMX<\/a>","tag_info":"CDMX","comment_count":"0","_links":{"self":[{"href":"https:\/\/quehacerpolitico.mx\/index.php?rest_route=\/wp\/v2\/posts\/132117","targetHints":{"allow":["GET"]}}],"collection":[{"href":"https:\/\/quehacerpolitico.mx\/index.php?rest_route=\/wp\/v2\/posts"}],"about":[{"href":"https:\/\/quehacerpolitico.mx\/index.php?rest_route=\/wp\/v2\/types\/post"}],"author":[{"embeddable":true,"href":"https:\/\/quehacerpolitico.mx\/index.php?rest_route=\/wp\/v2\/users\/2"}],"replies":[{"embeddable":true,"href":"https:\/\/quehacerpolitico.mx\/index.php?rest_route=%2Fwp%2Fv2%2Fcomments&post=132117"}],"version-history":[{"count":2,"href":"https:\/\/quehacerpolitico.mx\/index.php?rest_route=\/wp\/v2\/posts\/132117\/revisions"}],"predecessor-version":[{"id":132120,"href":"https:\/\/quehacerpolitico.mx\/index.php?rest_route=\/wp\/v2\/posts\/132117\/revisions\/132120"}],"wp:featuredmedia":[{"embeddable":true,"href":"https:\/\/quehacerpolitico.mx\/index.php?rest_route=\/wp\/v2\/media\/132119"}],"wp:attachment":[{"href":"https:\/\/quehacerpolitico.mx\/index.php?rest_route=%2Fwp%2Fv2%2Fmedia&parent=132117"}],"wp:term":[{"taxonomy":"category","embeddable":true,"href":"https:\/\/quehacerpolitico.mx\/index.php?rest_route=%2Fwp%2Fv2%2Fcategories&post=132117"},{"taxonomy":"post_tag","embeddable":true,"href":"https:\/\/quehacerpolitico.mx\/index.php?rest_route=%2Fwp%2Fv2%2Ftags&post=132117"}],"curies":[{"name":"wp","href":"https:\/\/api.w.org\/{rel}","templated":true}]}}