{"id":132114,"date":"2026-09-03T14:35:14","date_gmt":"2026-09-03T20:35:14","guid":{"rendered":"https:\/\/quehacerpolitico.mx\/?p=132114"},"modified":"2026-09-03T14:35:16","modified_gmt":"2026-09-03T20:35:16","slug":"yesica-luna-del-metro-a-la-cfe-bajo-la-lupa","status":"publish","type":"post","link":"https:\/\/quehacerpolitico.mx\/?p=132114","title":{"rendered":"Yesica Luna: del Metro a la CFE bajo la lupa"},"content":{"rendered":"\n<p class=\"wp-block-paragraph\">Por Israel Mendoza P\u00e9rez <\/p>\n\n\n\n<p class=\"wp-block-paragraph\">La funcionaria presume pertnecer al primer c\u00ecrculo de Palacio Nacional aunque su desarrollo laboral se divide entre disputas sindicales y denuncias por presuntas irregularidades<\/p>\n\n\n\n<p class=\"wp-block-paragraph\">La llegada de Yesica Luna Espino a la Direcci\u00f3n de Administraci\u00f3n de la Comisi\u00f3n Federal de Electricidad (CFE) no pas\u00f3 inadvertida. Funcionarios y trabajadores consultados describen una gesti\u00f3n que, desde sus primeros meses, gener\u00f3 inconformidad por cambios de personal, presuntos despidos injustificados, incorporaci\u00f3n de colaboradores cercanos y un estilo de conducci\u00f3n que califican de autoritario. La funcionaria, que de acuerdo con fuentes internas, presume gozar de una supuesta cercan\u00eda con el primer c\u00edrculo de la presidenta Claudia Sheinbaum, enfrenta ahora un episodio de mayor calado: dos denuncias presentadas por trabajadores de la empresa p\u00fablica por presuntas irregularidades en el manejo de personal y contrataciones.<\/p>\n\n\n\n<p class=\"wp-block-paragraph\">Luna Espino no es ajena a la administraci\u00f3n p\u00fablica. Entre 2019 y 2023 se desempe\u00f1\u00f3 como directora general de Recursos Materiales y Servicios Generales de la Secretar\u00eda de Administraci\u00f3n y Finanzas del gobierno de la Ciudad de M\u00e9xico y, posteriormente, entre 2023 y 2024, ocup\u00f3 la Subdirecci\u00f3n General de Administraci\u00f3n y Finanzas del Metro. Buena parte de esa trayectoria transcurri\u00f3 durante la administraci\u00f3n capitalina de Sheinbaum, circunstancia en la que fuentes consultadas sustentan la cercan\u00eda pol\u00edtica que atribuyen a la funcionaria.<\/p>\n\n\n\n<p class=\"wp-block-paragraph\">Su paso por el Metro tampoco estuvo exento de fricciones. Particip\u00f3 directamente en las negociaciones con el Sindicato, encabezado por Fernando Espino. Fuentes que conocieron aquellos episodios describen la relaci\u00f3n entre Luna y Espino como particularmente r\u00edspida y aseguran que la funcionaria lleg\u00f3 a convertirse en una de las principales adversarias del dirigente dentro de la administraci\u00f3n del Metro.<\/p>\n\n\n\n<p class=\"wp-block-paragraph\">Ahora, las inconformidades se trasladaron a la CFE. Trabajadores consultados aseguran que, desde su incorporaci\u00f3n, Luna Espino ha mantenido un trato prepotente con subordinados y le atribuyen presuntos abusos de autoridad, despidos sin justificaci\u00f3n y movimientos de personal destinados a abrir espacios para colaboradores de su confianza.<\/p>\n\n\n\n<p class=\"wp-block-paragraph\">El lunes 10 de agosto, fueron ingresados dos escritos ante la Secretar\u00eda Anticorrupci\u00f3n y Buen Gobierno, encabezada por Raquel Buenrostro, y la Unidad de Responsabilidades de la empresa p\u00fablica. De acuerdo con documentos a los que este medio tuvo acceso, el folio 113435\/2026 concentra se\u00f1alamientos relacionados con personal, mientras que el 113437\/2026 apunta a adquisiciones y contrataciones. Los trabajadores solicitaron mantener sus identidades bajo reserva ante el temor de represalias.<\/p>\n\n\n\n<p class=\"wp-block-paragraph\">El primer expediente pide revisar nombramientos, perfiles y remuneraciones de funcionarios incorporados a la estructura administrativa. Entre los casos se\u00f1alados est\u00e1 el de Sonia Hern\u00e1ndez Pineda, titular de la Unidad de Responsabilidades, a quien fuentes internas le atribuyen ingresos mensuales por 250 mil pesos.<\/p>\n\n\n\n<p class=\"wp-block-paragraph\">En la lista est\u00e1n tambi\u00e9n Octavio Francisco Estrada Hern\u00e1ndez, auxiliar t\u00e9cnico especializado en la Direcci\u00f3n de Administraci\u00f3n; Gabriela Mej\u00eda Muci\u00f1o, quien se desempe\u00f1a como jefa de Unidad en la Direcci\u00f3n de Administraci\u00f3n; Joel L\u00f3pez Villag\u00f3mez, que encabeza la Unidad de \u00c9tica y Rendici\u00f3n de Cuentas; y Laura Gabriela Honorato Boyso, jefa de proyecto en la Gerencia de Relaciones Laborales. Adem\u00e1s de Marisol Duarte Mart\u00ednez, adscrita a la Unidad de G\u00e9nero e Inclusi\u00f3n; Guillermo Eduardo Mart\u00ednez Villanueva, jefe de la Unidad de Enajenaci\u00f3n de Bienes Muebles; y Luis Landero Villalba, adscrito a la Direcci\u00f3n de Administraci\u00f3n.&nbsp;<\/p>\n\n\n\n<p class=\"wp-block-paragraph\">De confirmarse la informaci\u00f3n, sus percepciones superar\u00edan por mucho el sueldo bruto de la presidenta Claudia Sheinbaum, reportado en poco m\u00e1s de 191 mil pesos mensuales. Ello, en contravenci\u00f3n no s\u00f3lo de la pol\u00edtica de austeridad en el servicio p\u00fablico, sino del mandato constitucional que establece como l\u00edmite el sueldo de la persona titular del Poder Ejecutivo federal.&nbsp;<\/p>\n\n\n\n<p class=\"wp-block-paragraph\">La denuncia tambi\u00e9n pide investigar una presunta venta de plazas o cobros relacionados con el ingreso de trabajadores a la CFE. Seg\u00fan el escrito, empleados de reciente incorporaci\u00f3n habr\u00edan sido obligados a entregar parte de sus remuneraciones a las personas que supuestamente les consiguieron el puesto y quienes se negaran podr\u00edan enfrentar presiones laborales o perder el empleo.&nbsp;<\/p>\n\n\n\n<p class=\"wp-block-paragraph\">La segunda denuncia solicita investigar el uso de \u00f3rdenes de compra menor para mantenimiento de inmuebles, servicios y art\u00edculos de consumo, ante la sospecha de que necesidades similares o recurrentes pudieron dividirse en operaciones de menor cuant\u00eda en vez de agruparse y someterse a procedimientos competitivos. Tambi\u00e9n apunta a adjudicaciones directas de la Unidad de Servicios Generales y de Apoyo y a un posible favorecimiento recurrente de determinados proveedores.<\/p>\n\n\n\n<p class=\"wp-block-paragraph\">A ello se suman inconformidades sobre la calidad de algunos bienes y servicios recibidos y se\u00f1alamientos de un supuesto trato favorable hacia determinados proveedores. Los trabajadores piden revisar los expedientes completos, las razones utilizadas para justificar las adjudicaciones, las cotizaciones y precios pagados y, especialmente, la posible existencia de v\u00ednculos entre empresas beneficiadas y funcionarios que intervienen en los procedimientos.<\/p>\n","protected":false},"excerpt":{"rendered":"<p>Por Israel Mendoza P\u00e9rez La funcionaria presume pertnecer al primer c\u00ecrculo de Palacio Nacional aunque&#8230;<\/p>\n","protected":false},"author":2,"featured_media":132115,"comment_status":"open","ping_status":"open","sticky":false,"template":"","format":"standard","meta":{"footnotes":""},"categories":[55,280,2],"tags":[],"class_list":["post-132114","post","type-post","status-publish","format-standard","has-post-thumbnail","hentry","category-cdmx","category-nacionales","category-noticias"],"yoast_head":"<!-- This site is optimized with the Yoast SEO plugin v27.9 - https:\/\/yoast.com\/product\/yoast-seo-wordpress\/ -->\n<title>Yesica Luna: del Metro a la CFE bajo la lupa -<\/title>\n<meta name=\"robots\" content=\"index, follow, max-snippet:-1, max-image-preview:large, max-video-preview:-1\" \/>\n<link rel=\"canonical\" href=\"https:\/\/quehacerpolitico.mx\/?p=132114\" \/>\n<meta property=\"og:locale\" content=\"es_MX\" \/>\n<meta property=\"og:type\" content=\"article\" \/>\n<meta property=\"og:title\" content=\"Yesica Luna: del Metro a la CFE bajo la lupa -\" \/>\n<meta property=\"og:description\" content=\"Por Israel Mendoza P\u00e9rez La funcionaria presume pertnecer al primer c\u00ecrculo de Palacio Nacional aunque...\" \/>\n<meta property=\"og:url\" content=\"https:\/\/quehacerpolitico.mx\/?p=132114\" \/>\n<meta property=\"article:published_time\" content=\"2026-09-03T20:35:14+00:00\" \/>\n<meta property=\"article:modified_time\" content=\"2026-09-03T20:35:16+00:00\" \/>\n<meta property=\"og:image\" content=\"https:\/\/quehacerpolitico.mx\/wp-content\/uploads\/2026\/09\/IMG_9889.jpeg\" \/>\n\t<meta property=\"og:image:width\" content=\"1280\" \/>\n\t<meta property=\"og:image:height\" content=\"720\" \/>\n\t<meta property=\"og:image:type\" content=\"image\/jpeg\" \/>\n<meta name=\"author\" content=\"Redacci\u00f3n QP\" \/>\n<meta name=\"twitter:card\" content=\"summary_large_image\" \/>\n<meta name=\"twitter:label1\" content=\"Escrito por\" \/>\n\t<meta name=\"twitter:data1\" content=\"Redacci\u00f3n QP\" \/>\n\t<meta name=\"twitter:label2\" content=\"Tiempo de lectura\" \/>\n\t<meta name=\"twitter:data2\" content=\"4 minutos\" \/>\n<script type=\"application\/ld+json\" class=\"yoast-schema-graph\">{\"@context\":\"https:\\\/\\\/schema.org\",\"@graph\":[{\"@type\":\"Article\",\"@id\":\"https:\\\/\\\/quehacerpolitico.mx\\\/?p=132114#article\",\"isPartOf\":{\"@id\":\"https:\\\/\\\/quehacerpolitico.mx\\\/?p=132114\"},\"author\":{\"name\":\"Redacci\u00f3n QP\",\"@id\":\"https:\\\/\\\/quehacerpolitico.mx\\\/#\\\/schema\\\/person\\\/496d8ad2d1d3f8036101dca7ee39e585\"},\"headline\":\"Yesica Luna: del Metro a la CFE bajo la lupa\",\"datePublished\":\"2026-09-03T20:35:14+00:00\",\"dateModified\":\"2026-09-03T20:35:16+00:00\",\"mainEntityOfPage\":{\"@id\":\"https:\\\/\\\/quehacerpolitico.mx\\\/?p=132114\"},\"wordCount\":849,\"commentCount\":0,\"image\":{\"@id\":\"https:\\\/\\\/quehacerpolitico.mx\\\/?p=132114#primaryimage\"},\"thumbnailUrl\":\"https:\\\/\\\/quehacerpolitico.mx\\\/wp-content\\\/uploads\\\/2026\\\/09\\\/IMG_9889.jpeg\",\"articleSection\":[\"CDMX\",\"Nacionales\",\"Noticias\"],\"inLanguage\":\"es\",\"potentialAction\":[{\"@type\":\"CommentAction\",\"name\":\"Comment\",\"target\":[\"https:\\\/\\\/quehacerpolitico.mx\\\/?p=132114#respond\"]}]},{\"@type\":\"WebPage\",\"@id\":\"https:\\\/\\\/quehacerpolitico.mx\\\/?p=132114\",\"url\":\"https:\\\/\\\/quehacerpolitico.mx\\\/?p=132114\",\"name\":\"Yesica Luna: del Metro a la CFE bajo la lupa -\",\"isPartOf\":{\"@id\":\"https:\\\/\\\/quehacerpolitico.mx\\\/#website\"},\"primaryImageOfPage\":{\"@id\":\"https:\\\/\\\/quehacerpolitico.mx\\\/?p=132114#primaryimage\"},\"image\":{\"@id\":\"https:\\\/\\\/quehacerpolitico.mx\\\/?p=132114#primaryimage\"},\"thumbnailUrl\":\"https:\\\/\\\/quehacerpolitico.mx\\\/wp-content\\\/uploads\\\/2026\\\/09\\\/IMG_9889.jpeg\",\"datePublished\":\"2026-09-03T20:35:14+00:00\",\"dateModified\":\"2026-09-03T20:35:16+00:00\",\"author\":{\"@id\":\"https:\\\/\\\/quehacerpolitico.mx\\\/#\\\/schema\\\/person\\\/496d8ad2d1d3f8036101dca7ee39e585\"},\"breadcrumb\":{\"@id\":\"https:\\\/\\\/quehacerpolitico.mx\\\/?p=132114#breadcrumb\"},\"inLanguage\":\"es\",\"potentialAction\":[{\"@type\":\"ReadAction\",\"target\":[\"https:\\\/\\\/quehacerpolitico.mx\\\/?p=132114\"]}]},{\"@type\":\"ImageObject\",\"inLanguage\":\"es\",\"@id\":\"https:\\\/\\\/quehacerpolitico.mx\\\/?p=132114#primaryimage\",\"url\":\"https:\\\/\\\/quehacerpolitico.mx\\\/wp-content\\\/uploads\\\/2026\\\/09\\\/IMG_9889.jpeg\",\"contentUrl\":\"https:\\\/\\\/quehacerpolitico.mx\\\/wp-content\\\/uploads\\\/2026\\\/09\\\/IMG_9889.jpeg\",\"width\":1280,\"height\":720},{\"@type\":\"BreadcrumbList\",\"@id\":\"https:\\\/\\\/quehacerpolitico.mx\\\/?p=132114#breadcrumb\",\"itemListElement\":[{\"@type\":\"ListItem\",\"position\":1,\"name\":\"Inicio\",\"item\":\"https:\\\/\\\/quehacerpolitico.mx\\\/\"},{\"@type\":\"ListItem\",\"position\":2,\"name\":\"Yesica Luna: del Metro a la CFE bajo la lupa\"}]},{\"@type\":\"WebSite\",\"@id\":\"https:\\\/\\\/quehacerpolitico.mx\\\/#website\",\"url\":\"https:\\\/\\\/quehacerpolitico.mx\\\/\",\"name\":\"\",\"description\":\"\",\"potentialAction\":[{\"@type\":\"SearchAction\",\"target\":{\"@type\":\"EntryPoint\",\"urlTemplate\":\"https:\\\/\\\/quehacerpolitico.mx\\\/?s={search_term_string}\"},\"query-input\":{\"@type\":\"PropertyValueSpecification\",\"valueRequired\":true,\"valueName\":\"search_term_string\"}}],\"inLanguage\":\"es\"},{\"@type\":\"Person\",\"@id\":\"https:\\\/\\\/quehacerpolitico.mx\\\/#\\\/schema\\\/person\\\/496d8ad2d1d3f8036101dca7ee39e585\",\"name\":\"Redacci\u00f3n QP\",\"image\":{\"@type\":\"ImageObject\",\"inLanguage\":\"es\",\"@id\":\"https:\\\/\\\/secure.gravatar.com\\\/avatar\\\/c7164ed6fdec453195284ad24a5ae5b6e1eed2b848477fa2a4787ba9adf39a41?s=96&d=mm&r=g\",\"url\":\"https:\\\/\\\/secure.gravatar.com\\\/avatar\\\/c7164ed6fdec453195284ad24a5ae5b6e1eed2b848477fa2a4787ba9adf39a41?s=96&d=mm&r=g\",\"contentUrl\":\"https:\\\/\\\/secure.gravatar.com\\\/avatar\\\/c7164ed6fdec453195284ad24a5ae5b6e1eed2b848477fa2a4787ba9adf39a41?s=96&d=mm&r=g\",\"caption\":\"Redacci\u00f3n QP\"},\"url\":\"https:\\\/\\\/quehacerpolitico.mx\\\/?author=2\"}]}<\/script>\n<!-- \/ Yoast SEO plugin. -->","yoast_head_json":{"title":"Yesica Luna: del Metro a la CFE bajo la lupa -","robots":{"index":"index","follow":"follow","max-snippet":"max-snippet:-1","max-image-preview":"max-image-preview:large","max-video-preview":"max-video-preview:-1"},"canonical":"https:\/\/quehacerpolitico.mx\/?p=132114","og_locale":"es_MX","og_type":"article","og_title":"Yesica Luna: del Metro a la CFE bajo la lupa -","og_description":"Por Israel Mendoza P\u00e9rez La funcionaria presume pertnecer al primer c\u00ecrculo de Palacio Nacional aunque...","og_url":"https:\/\/quehacerpolitico.mx\/?p=132114","article_published_time":"2026-09-03T20:35:14+00:00","article_modified_time":"2026-09-03T20:35:16+00:00","og_image":[{"width":1280,"height":720,"url":"https:\/\/quehacerpolitico.mx\/wp-content\/uploads\/2026\/09\/IMG_9889.jpeg","type":"image\/jpeg"}],"author":"Redacci\u00f3n QP","twitter_card":"summary_large_image","twitter_misc":{"Escrito por":"Redacci\u00f3n QP","Tiempo de lectura":"4 minutos"},"schema":{"@context":"https:\/\/schema.org","@graph":[{"@type":"Article","@id":"https:\/\/quehacerpolitico.mx\/?p=132114#article","isPartOf":{"@id":"https:\/\/quehacerpolitico.mx\/?p=132114"},"author":{"name":"Redacci\u00f3n QP","@id":"https:\/\/quehacerpolitico.mx\/#\/schema\/person\/496d8ad2d1d3f8036101dca7ee39e585"},"headline":"Yesica Luna: del Metro a la CFE bajo la lupa","datePublished":"2026-09-03T20:35:14+00:00","dateModified":"2026-09-03T20:35:16+00:00","mainEntityOfPage":{"@id":"https:\/\/quehacerpolitico.mx\/?p=132114"},"wordCount":849,"commentCount":0,"image":{"@id":"https:\/\/quehacerpolitico.mx\/?p=132114#primaryimage"},"thumbnailUrl":"https:\/\/quehacerpolitico.mx\/wp-content\/uploads\/2026\/09\/IMG_9889.jpeg","articleSection":["CDMX","Nacionales","Noticias"],"inLanguage":"es","potentialAction":[{"@type":"CommentAction","name":"Comment","target":["https:\/\/quehacerpolitico.mx\/?p=132114#respond"]}]},{"@type":"WebPage","@id":"https:\/\/quehacerpolitico.mx\/?p=132114","url":"https:\/\/quehacerpolitico.mx\/?p=132114","name":"Yesica Luna: del Metro a la CFE bajo la lupa -","isPartOf":{"@id":"https:\/\/quehacerpolitico.mx\/#website"},"primaryImageOfPage":{"@id":"https:\/\/quehacerpolitico.mx\/?p=132114#primaryimage"},"image":{"@id":"https:\/\/quehacerpolitico.mx\/?p=132114#primaryimage"},"thumbnailUrl":"https:\/\/quehacerpolitico.mx\/wp-content\/uploads\/2026\/09\/IMG_9889.jpeg","datePublished":"2026-09-03T20:35:14+00:00","dateModified":"2026-09-03T20:35:16+00:00","author":{"@id":"https:\/\/quehacerpolitico.mx\/#\/schema\/person\/496d8ad2d1d3f8036101dca7ee39e585"},"breadcrumb":{"@id":"https:\/\/quehacerpolitico.mx\/?p=132114#breadcrumb"},"inLanguage":"es","potentialAction":[{"@type":"ReadAction","target":["https:\/\/quehacerpolitico.mx\/?p=132114"]}]},{"@type":"ImageObject","inLanguage":"es","@id":"https:\/\/quehacerpolitico.mx\/?p=132114#primaryimage","url":"https:\/\/quehacerpolitico.mx\/wp-content\/uploads\/2026\/09\/IMG_9889.jpeg","contentUrl":"https:\/\/quehacerpolitico.mx\/wp-content\/uploads\/2026\/09\/IMG_9889.jpeg","width":1280,"height":720},{"@type":"BreadcrumbList","@id":"https:\/\/quehacerpolitico.mx\/?p=132114#breadcrumb","itemListElement":[{"@type":"ListItem","position":1,"name":"Inicio","item":"https:\/\/quehacerpolitico.mx\/"},{"@type":"ListItem","position":2,"name":"Yesica Luna: del Metro a la CFE bajo la lupa"}]},{"@type":"WebSite","@id":"https:\/\/quehacerpolitico.mx\/#website","url":"https:\/\/quehacerpolitico.mx\/","name":"","description":"","potentialAction":[{"@type":"SearchAction","target":{"@type":"EntryPoint","urlTemplate":"https:\/\/quehacerpolitico.mx\/?s={search_term_string}"},"query-input":{"@type":"PropertyValueSpecification","valueRequired":true,"valueName":"search_term_string"}}],"inLanguage":"es"},{"@type":"Person","@id":"https:\/\/quehacerpolitico.mx\/#\/schema\/person\/496d8ad2d1d3f8036101dca7ee39e585","name":"Redacci\u00f3n QP","image":{"@type":"ImageObject","inLanguage":"es","@id":"https:\/\/secure.gravatar.com\/avatar\/c7164ed6fdec453195284ad24a5ae5b6e1eed2b848477fa2a4787ba9adf39a41?s=96&d=mm&r=g","url":"https:\/\/secure.gravatar.com\/avatar\/c7164ed6fdec453195284ad24a5ae5b6e1eed2b848477fa2a4787ba9adf39a41?s=96&d=mm&r=g","contentUrl":"https:\/\/secure.gravatar.com\/avatar\/c7164ed6fdec453195284ad24a5ae5b6e1eed2b848477fa2a4787ba9adf39a41?s=96&d=mm&r=g","caption":"Redacci\u00f3n QP"},"url":"https:\/\/quehacerpolitico.mx\/?author=2"}]}},"featured_image_urls":{"full":["https:\/\/quehacerpolitico.mx\/wp-content\/uploads\/2026\/09\/IMG_9889.jpeg",1280,720,false],"thumbnail":["https:\/\/quehacerpolitico.mx\/wp-content\/uploads\/2026\/09\/IMG_9889-150x150.jpeg",150,150,true],"medium":["https:\/\/quehacerpolitico.mx\/wp-content\/uploads\/2026\/09\/IMG_9889-300x169.jpeg",300,169,true],"medium_large":["https:\/\/quehacerpolitico.mx\/wp-content\/uploads\/2026\/09\/IMG_9889-768x432.jpeg",640,360,true],"large":["https:\/\/quehacerpolitico.mx\/wp-content\/uploads\/2026\/09\/IMG_9889-1024x576.jpeg",640,360,true],"1536x1536":["https:\/\/quehacerpolitico.mx\/wp-content\/uploads\/2026\/09\/IMG_9889.jpeg",1280,720,false],"2048x2048":["https:\/\/quehacerpolitico.mx\/wp-content\/uploads\/2026\/09\/IMG_9889.jpeg",1280,720,false],"covernews-featured":["https:\/\/quehacerpolitico.mx\/wp-content\/uploads\/2026\/09\/IMG_9889-1024x576.jpeg",1024,576,true],"covernews-medium":["https:\/\/quehacerpolitico.mx\/wp-content\/uploads\/2026\/09\/IMG_9889-540x340.jpeg",540,340,true]},"author_info":{"display_name":"Redacci\u00f3n QP","author_link":"https:\/\/quehacerpolitico.mx\/?author=2"},"category_info":"<a href=\"https:\/\/quehacerpolitico.mx\/?cat=55\" rel=\"category\">CDMX<\/a> <a href=\"https:\/\/quehacerpolitico.mx\/?cat=280\" rel=\"category\">Nacionales<\/a> <a href=\"https:\/\/quehacerpolitico.mx\/?cat=2\" rel=\"category\">Noticias<\/a>","tag_info":"Noticias","comment_count":"0","_links":{"self":[{"href":"https:\/\/quehacerpolitico.mx\/index.php?rest_route=\/wp\/v2\/posts\/132114","targetHints":{"allow":["GET"]}}],"collection":[{"href":"https:\/\/quehacerpolitico.mx\/index.php?rest_route=\/wp\/v2\/posts"}],"about":[{"href":"https:\/\/quehacerpolitico.mx\/index.php?rest_route=\/wp\/v2\/types\/post"}],"author":[{"embeddable":true,"href":"https:\/\/quehacerpolitico.mx\/index.php?rest_route=\/wp\/v2\/users\/2"}],"replies":[{"embeddable":true,"href":"https:\/\/quehacerpolitico.mx\/index.php?rest_route=%2Fwp%2Fv2%2Fcomments&post=132114"}],"version-history":[{"count":1,"href":"https:\/\/quehacerpolitico.mx\/index.php?rest_route=\/wp\/v2\/posts\/132114\/revisions"}],"predecessor-version":[{"id":132116,"href":"https:\/\/quehacerpolitico.mx\/index.php?rest_route=\/wp\/v2\/posts\/132114\/revisions\/132116"}],"wp:featuredmedia":[{"embeddable":true,"href":"https:\/\/quehacerpolitico.mx\/index.php?rest_route=\/wp\/v2\/media\/132115"}],"wp:attachment":[{"href":"https:\/\/quehacerpolitico.mx\/index.php?rest_route=%2Fwp%2Fv2%2Fmedia&parent=132114"}],"wp:term":[{"taxonomy":"category","embeddable":true,"href":"https:\/\/quehacerpolitico.mx\/index.php?rest_route=%2Fwp%2Fv2%2Fcategories&post=132114"},{"taxonomy":"post_tag","embeddable":true,"href":"https:\/\/quehacerpolitico.mx\/index.php?rest_route=%2Fwp%2Fv2%2Ftags&post=132114"}],"curies":[{"name":"wp","href":"https:\/\/api.w.org\/{rel}","templated":true}]}}