{"id":132110,"date":"2026-09-03T13:44:34","date_gmt":"2026-09-03T19:44:34","guid":{"rendered":"https:\/\/quehacerpolitico.mx\/?p=132110"},"modified":"2026-09-03T13:44:36","modified_gmt":"2026-09-03T19:44:36","slug":"la-morenista-julieta-ramirez-impulso-la-creacion-de-memes-contra-sheinbaum-en-tiempos-de-las-corcholatas-segun-conversaciones-reveladas","status":"publish","type":"post","link":"https:\/\/quehacerpolitico.mx\/?p=132110","title":{"rendered":"La morenista Julieta Ram\u00edrez impuls\u00f3 la creaci\u00f3n de memes contra Sheinbaum en tiempos de las \u201ccorcholatas\u201d, seg\u00fan conversaciones reveladas"},"content":{"rendered":"\n<p class=\"wp-block-paragraph\">Por Redacci\u00f3n QP<\/p>\n\n\n\n<p class=\"wp-block-paragraph\">La pl\u00e1tica habr\u00eda tuvo lugar el 12 de junio de 2023, despu\u00e9s de la conferencia de prensa en la que el partido oficialista determin\u00f3 los lineamientos de c\u00f3mo iban a elegir al candidato presidencial<\/p>\n\n\n\n<p class=\"wp-block-paragraph\">El periodista Luis Chaparro revel\u00f3 el mi\u00e9rcoles que la morenista&nbsp;<strong>Julieta Ram\u00edrez impuls\u00f3 la creaci\u00f3n de memes contra Claudia Sheinbaum&nbsp;<\/strong>durante la contienda interna de Morena para&nbsp;<strong>posicionar a Ad\u00e1n Augusto L\u00f3pez como candidato presidencial<\/strong>.&nbsp;<\/p>\n\n\n\n<p class=\"wp-block-paragraph\">En el podcast&nbsp;<em>Pie de Nota,<\/em>&nbsp;se mostr\u00f3 una conversaci\u00f3n entre Ram\u00edrez, quien aspira a la gubernatura de Baja California, con un colaborador en el que le ped\u00eda hacer un video con la canci\u00f3n &#8220;Pedro y Pablo&#8221; de la banda Tigres del Norte.<\/p>\n\n\n\n<p class=\"wp-block-paragraph\">La pl\u00e1tica ocurri\u00f3 el 12 de junio de 2023, en el que<strong>&nbsp;la morenista le pide a su colaborador&nbsp;<\/strong>que lo ayude con un meme o video &#8220;lo m\u00e1s r\u00e1pido que pueda&#8221;.<\/p>\n\n\n\n<p class=\"wp-block-paragraph\">Julieta Ram\u00edrez le env\u00eda un video de la<strong> conferencia de prensa en la que Morena<\/strong>&nbsp;inform\u00f3 c\u00f3mo se elegir\u00eda al candidato a la presidencia, en la que&nbsp;<strong>Ad\u00e1n Augusto L\u00f3pez<\/strong>&nbsp;ve su celular y Sheinbaum, sonriendo,&nbsp;lo observa de reojo y despu\u00e9s se muestra seria.<\/p>\n\n\n\n<p class=\"wp-block-paragraph\">&#8220;Ponle as\u00ed como que una foto de las manos de Ad\u00e1n y viendo algo en el celular, algo curado que hubiera estado en el cel que<strong>&nbsp;vio Claudia y no le gust\u00f3.<\/strong>Algo como una encuesta o algo as\u00ed&#8221;, dice la bajacaliforniana en una nota de voz.&nbsp;<\/p>\n\n\n\n<p class=\"wp-block-paragraph\">Despu\u00e9s, el sujeto le manda la &#8220;encuesta&#8221; que&nbsp;<strong>posiciona mejor al tabasque\u00f1o<\/strong>, a lo que ella responde ri\u00e9ndose y despu\u00e9s pone: &#8220;Pero pusiste muy mal a Claudia y&nbsp;<strong>luego salen con que es violencia&#8221;<\/strong>. A lo que ajustan la imagen.&nbsp;<\/p>\n\n\n\n<p class=\"wp-block-paragraph\">Ram\u00edrez le hace varios cambios para que&nbsp;<strong>sea m\u00e1s grande la encuesta&nbsp;<\/strong>y se pueda ver inmediatamente despu\u00e9s de que termine la canci\u00f3n.&nbsp;<\/p>\n\n\n\n<p class=\"wp-block-paragraph\">&#8220;En cuanto termin\u00e9 &#8216;Se te borr\u00f3 la sonrisa&#8217; y pon inmediatamente despu\u00e9s la conver&#8221;, da como \u00faltima instrucci\u00f3n.&nbsp;&nbsp;<\/p>\n\n\n\n<p class=\"wp-block-paragraph\">Posteriormente, el editor le manda el\u00a0<strong>video final\u00a0<\/strong>en el que se observa a Sheinbaum sonre\u00edr mientras ve de reojo el celular de Ad\u00e1n Augusto y despu\u00e9s ponerse seria con la canci\u00f3n de &#8220;Pedro y Pablo&#8221; de fondo.<\/p>\n\n\n\n<figure class=\"wp-block-embed is-type-video is-provider-youtube wp-block-embed-youtube wp-embed-aspect-16-9 wp-has-aspect-ratio\"><div class=\"wp-block-embed__wrapper\">\n<iframe loading=\"lazy\" title=\"\ud83d\udd34EXCLUSIVA: equipo de JULIETA RAM\u00cdREZ generaba memes contra SHEINBAUM y a favor de AD\u00c1N AUGUSTO.\" width=\"640\" height=\"360\" src=\"https:\/\/www.youtube.com\/embed\/2Y9W44i-6UA?feature=oembed\" frameborder=\"0\" allow=\"accelerometer; autoplay; clipboard-write; encrypted-media; gyroscope; picture-in-picture; web-share\" referrerpolicy=\"strict-origin-when-cross-origin\" allowfullscreen><\/iframe>\n<\/div><\/figure>\n\n\n\n<p class=\"wp-block-paragraph\">Despu\u00e9s, se muestra una &#8220;conversaci\u00f3n&#8221; entre el tabasque\u00f1o y&nbsp;&#8220;AMLOVE&#8221; que dice: &#8220;Hola mi hermano buenaj tardej. Ya vijetj que vaj ganando laj encuejtaj&#8221; y pone abajo una encuesta que lo muestra como el claro favorito.&nbsp;&nbsp;<\/p>\n\n\n\n<p class=\"wp-block-paragraph\">Hasta el momento,&nbsp;<strong>Julieta Ram\u00edrez no se ha desmarcado de la pl\u00e1tica<\/strong>&nbsp;y en sus redes se ha limitado a subir videos de su campa\u00f1a anticipada y respecto al segundo informe de gobierno de Sheinbaum, en el que expresa todo su respaldo.&nbsp;<\/p>\n","protected":false},"excerpt":{"rendered":"<p>Por Redacci\u00f3n QP La pl\u00e1tica habr\u00eda tuvo lugar el 12 de junio de 2023, despu\u00e9s&#8230;<\/p>\n","protected":false},"author":2,"featured_media":132111,"comment_status":"open","ping_status":"open","sticky":false,"template":"","format":"standard","meta":{"footnotes":""},"categories":[280,2],"tags":[],"class_list":["post-132110","post","type-post","status-publish","format-standard","has-post-thumbnail","hentry","category-nacionales","category-noticias"],"yoast_head":"<!-- This site is optimized with the Yoast SEO plugin v27.9 - https:\/\/yoast.com\/product\/yoast-seo-wordpress\/ -->\n<title>La morenista Julieta Ram\u00edrez impuls\u00f3 la creaci\u00f3n de memes contra Sheinbaum en tiempos de las \u201ccorcholatas\u201d, seg\u00fan conversaciones reveladas -<\/title>\n<meta name=\"robots\" content=\"index, follow, max-snippet:-1, max-image-preview:large, max-video-preview:-1\" \/>\n<link rel=\"canonical\" href=\"https:\/\/quehacerpolitico.mx\/?p=132110\" \/>\n<meta property=\"og:locale\" content=\"es_MX\" \/>\n<meta property=\"og:type\" content=\"article\" \/>\n<meta property=\"og:title\" content=\"La morenista Julieta Ram\u00edrez impuls\u00f3 la creaci\u00f3n de memes contra Sheinbaum en tiempos de las \u201ccorcholatas\u201d, seg\u00fan conversaciones reveladas -\" \/>\n<meta property=\"og:description\" content=\"Por Redacci\u00f3n QP La pl\u00e1tica habr\u00eda tuvo lugar el 12 de junio de 2023, despu\u00e9s...\" \/>\n<meta property=\"og:url\" content=\"https:\/\/quehacerpolitico.mx\/?p=132110\" \/>\n<meta property=\"article:published_time\" content=\"2026-09-03T19:44:34+00:00\" \/>\n<meta property=\"article:modified_time\" content=\"2026-09-03T19:44:36+00:00\" \/>\n<meta property=\"og:image\" content=\"https:\/\/quehacerpolitico.mx\/wp-content\/uploads\/2026\/09\/IMG_9888.jpeg\" \/>\n\t<meta property=\"og:image:width\" content=\"696\" \/>\n\t<meta property=\"og:image:height\" content=\"425\" \/>\n\t<meta property=\"og:image:type\" content=\"image\/jpeg\" \/>\n<meta name=\"author\" content=\"Redacci\u00f3n QP\" \/>\n<meta name=\"twitter:card\" content=\"summary_large_image\" \/>\n<meta name=\"twitter:label1\" content=\"Escrito por\" \/>\n\t<meta name=\"twitter:data1\" content=\"Redacci\u00f3n QP\" \/>\n\t<meta name=\"twitter:label2\" content=\"Tiempo de lectura\" \/>\n\t<meta name=\"twitter:data2\" content=\"3 minutos\" \/>\n<script type=\"application\/ld+json\" class=\"yoast-schema-graph\">{\"@context\":\"https:\\\/\\\/schema.org\",\"@graph\":[{\"@type\":\"Article\",\"@id\":\"https:\\\/\\\/quehacerpolitico.mx\\\/?p=132110#article\",\"isPartOf\":{\"@id\":\"https:\\\/\\\/quehacerpolitico.mx\\\/?p=132110\"},\"author\":{\"name\":\"Redacci\u00f3n QP\",\"@id\":\"https:\\\/\\\/quehacerpolitico.mx\\\/#\\\/schema\\\/person\\\/496d8ad2d1d3f8036101dca7ee39e585\"},\"headline\":\"La morenista Julieta Ram\u00edrez impuls\u00f3 la creaci\u00f3n de memes contra Sheinbaum en tiempos de las \u201ccorcholatas\u201d, seg\u00fan conversaciones reveladas\",\"datePublished\":\"2026-09-03T19:44:34+00:00\",\"dateModified\":\"2026-09-03T19:44:36+00:00\",\"mainEntityOfPage\":{\"@id\":\"https:\\\/\\\/quehacerpolitico.mx\\\/?p=132110\"},\"wordCount\":539,\"commentCount\":0,\"image\":{\"@id\":\"https:\\\/\\\/quehacerpolitico.mx\\\/?p=132110#primaryimage\"},\"thumbnailUrl\":\"https:\\\/\\\/quehacerpolitico.mx\\\/wp-content\\\/uploads\\\/2026\\\/09\\\/IMG_9888.jpeg\",\"articleSection\":[\"Nacionales\",\"Noticias\"],\"inLanguage\":\"es\",\"potentialAction\":[{\"@type\":\"CommentAction\",\"name\":\"Comment\",\"target\":[\"https:\\\/\\\/quehacerpolitico.mx\\\/?p=132110#respond\"]}]},{\"@type\":\"WebPage\",\"@id\":\"https:\\\/\\\/quehacerpolitico.mx\\\/?p=132110\",\"url\":\"https:\\\/\\\/quehacerpolitico.mx\\\/?p=132110\",\"name\":\"La morenista Julieta Ram\u00edrez impuls\u00f3 la creaci\u00f3n de memes contra Sheinbaum en tiempos de las \u201ccorcholatas\u201d, seg\u00fan conversaciones reveladas -\",\"isPartOf\":{\"@id\":\"https:\\\/\\\/quehacerpolitico.mx\\\/#website\"},\"primaryImageOfPage\":{\"@id\":\"https:\\\/\\\/quehacerpolitico.mx\\\/?p=132110#primaryimage\"},\"image\":{\"@id\":\"https:\\\/\\\/quehacerpolitico.mx\\\/?p=132110#primaryimage\"},\"thumbnailUrl\":\"https:\\\/\\\/quehacerpolitico.mx\\\/wp-content\\\/uploads\\\/2026\\\/09\\\/IMG_9888.jpeg\",\"datePublished\":\"2026-09-03T19:44:34+00:00\",\"dateModified\":\"2026-09-03T19:44:36+00:00\",\"author\":{\"@id\":\"https:\\\/\\\/quehacerpolitico.mx\\\/#\\\/schema\\\/person\\\/496d8ad2d1d3f8036101dca7ee39e585\"},\"breadcrumb\":{\"@id\":\"https:\\\/\\\/quehacerpolitico.mx\\\/?p=132110#breadcrumb\"},\"inLanguage\":\"es\",\"potentialAction\":[{\"@type\":\"ReadAction\",\"target\":[\"https:\\\/\\\/quehacerpolitico.mx\\\/?p=132110\"]}]},{\"@type\":\"ImageObject\",\"inLanguage\":\"es\",\"@id\":\"https:\\\/\\\/quehacerpolitico.mx\\\/?p=132110#primaryimage\",\"url\":\"https:\\\/\\\/quehacerpolitico.mx\\\/wp-content\\\/uploads\\\/2026\\\/09\\\/IMG_9888.jpeg\",\"contentUrl\":\"https:\\\/\\\/quehacerpolitico.mx\\\/wp-content\\\/uploads\\\/2026\\\/09\\\/IMG_9888.jpeg\",\"width\":696,\"height\":425},{\"@type\":\"BreadcrumbList\",\"@id\":\"https:\\\/\\\/quehacerpolitico.mx\\\/?p=132110#breadcrumb\",\"itemListElement\":[{\"@type\":\"ListItem\",\"position\":1,\"name\":\"Inicio\",\"item\":\"https:\\\/\\\/quehacerpolitico.mx\\\/\"},{\"@type\":\"ListItem\",\"position\":2,\"name\":\"La morenista Julieta Ram\u00edrez impuls\u00f3 la creaci\u00f3n de memes contra Sheinbaum en tiempos de las \u201ccorcholatas\u201d, seg\u00fan conversaciones reveladas\"}]},{\"@type\":\"WebSite\",\"@id\":\"https:\\\/\\\/quehacerpolitico.mx\\\/#website\",\"url\":\"https:\\\/\\\/quehacerpolitico.mx\\\/\",\"name\":\"\",\"description\":\"\",\"potentialAction\":[{\"@type\":\"SearchAction\",\"target\":{\"@type\":\"EntryPoint\",\"urlTemplate\":\"https:\\\/\\\/quehacerpolitico.mx\\\/?s={search_term_string}\"},\"query-input\":{\"@type\":\"PropertyValueSpecification\",\"valueRequired\":true,\"valueName\":\"search_term_string\"}}],\"inLanguage\":\"es\"},{\"@type\":\"Person\",\"@id\":\"https:\\\/\\\/quehacerpolitico.mx\\\/#\\\/schema\\\/person\\\/496d8ad2d1d3f8036101dca7ee39e585\",\"name\":\"Redacci\u00f3n QP\",\"image\":{\"@type\":\"ImageObject\",\"inLanguage\":\"es\",\"@id\":\"https:\\\/\\\/secure.gravatar.com\\\/avatar\\\/c7164ed6fdec453195284ad24a5ae5b6e1eed2b848477fa2a4787ba9adf39a41?s=96&d=mm&r=g\",\"url\":\"https:\\\/\\\/secure.gravatar.com\\\/avatar\\\/c7164ed6fdec453195284ad24a5ae5b6e1eed2b848477fa2a4787ba9adf39a41?s=96&d=mm&r=g\",\"contentUrl\":\"https:\\\/\\\/secure.gravatar.com\\\/avatar\\\/c7164ed6fdec453195284ad24a5ae5b6e1eed2b848477fa2a4787ba9adf39a41?s=96&d=mm&r=g\",\"caption\":\"Redacci\u00f3n QP\"},\"url\":\"https:\\\/\\\/quehacerpolitico.mx\\\/?author=2\"}]}<\/script>\n<!-- \/ Yoast SEO plugin. -->","yoast_head_json":{"title":"La morenista Julieta Ram\u00edrez impuls\u00f3 la creaci\u00f3n de memes contra Sheinbaum en tiempos de las \u201ccorcholatas\u201d, seg\u00fan conversaciones reveladas -","robots":{"index":"index","follow":"follow","max-snippet":"max-snippet:-1","max-image-preview":"max-image-preview:large","max-video-preview":"max-video-preview:-1"},"canonical":"https:\/\/quehacerpolitico.mx\/?p=132110","og_locale":"es_MX","og_type":"article","og_title":"La morenista Julieta Ram\u00edrez impuls\u00f3 la creaci\u00f3n de memes contra Sheinbaum en tiempos de las \u201ccorcholatas\u201d, seg\u00fan conversaciones reveladas -","og_description":"Por Redacci\u00f3n QP La pl\u00e1tica habr\u00eda tuvo lugar el 12 de junio de 2023, despu\u00e9s...","og_url":"https:\/\/quehacerpolitico.mx\/?p=132110","article_published_time":"2026-09-03T19:44:34+00:00","article_modified_time":"2026-09-03T19:44:36+00:00","og_image":[{"width":696,"height":425,"url":"https:\/\/quehacerpolitico.mx\/wp-content\/uploads\/2026\/09\/IMG_9888.jpeg","type":"image\/jpeg"}],"author":"Redacci\u00f3n QP","twitter_card":"summary_large_image","twitter_misc":{"Escrito por":"Redacci\u00f3n QP","Tiempo de lectura":"3 minutos"},"schema":{"@context":"https:\/\/schema.org","@graph":[{"@type":"Article","@id":"https:\/\/quehacerpolitico.mx\/?p=132110#article","isPartOf":{"@id":"https:\/\/quehacerpolitico.mx\/?p=132110"},"author":{"name":"Redacci\u00f3n QP","@id":"https:\/\/quehacerpolitico.mx\/#\/schema\/person\/496d8ad2d1d3f8036101dca7ee39e585"},"headline":"La morenista Julieta Ram\u00edrez impuls\u00f3 la creaci\u00f3n de memes contra Sheinbaum en tiempos de las \u201ccorcholatas\u201d, seg\u00fan conversaciones reveladas","datePublished":"2026-09-03T19:44:34+00:00","dateModified":"2026-09-03T19:44:36+00:00","mainEntityOfPage":{"@id":"https:\/\/quehacerpolitico.mx\/?p=132110"},"wordCount":539,"commentCount":0,"image":{"@id":"https:\/\/quehacerpolitico.mx\/?p=132110#primaryimage"},"thumbnailUrl":"https:\/\/quehacerpolitico.mx\/wp-content\/uploads\/2026\/09\/IMG_9888.jpeg","articleSection":["Nacionales","Noticias"],"inLanguage":"es","potentialAction":[{"@type":"CommentAction","name":"Comment","target":["https:\/\/quehacerpolitico.mx\/?p=132110#respond"]}]},{"@type":"WebPage","@id":"https:\/\/quehacerpolitico.mx\/?p=132110","url":"https:\/\/quehacerpolitico.mx\/?p=132110","name":"La morenista Julieta Ram\u00edrez impuls\u00f3 la creaci\u00f3n de memes contra Sheinbaum en tiempos de las \u201ccorcholatas\u201d, seg\u00fan conversaciones reveladas -","isPartOf":{"@id":"https:\/\/quehacerpolitico.mx\/#website"},"primaryImageOfPage":{"@id":"https:\/\/quehacerpolitico.mx\/?p=132110#primaryimage"},"image":{"@id":"https:\/\/quehacerpolitico.mx\/?p=132110#primaryimage"},"thumbnailUrl":"https:\/\/quehacerpolitico.mx\/wp-content\/uploads\/2026\/09\/IMG_9888.jpeg","datePublished":"2026-09-03T19:44:34+00:00","dateModified":"2026-09-03T19:44:36+00:00","author":{"@id":"https:\/\/quehacerpolitico.mx\/#\/schema\/person\/496d8ad2d1d3f8036101dca7ee39e585"},"breadcrumb":{"@id":"https:\/\/quehacerpolitico.mx\/?p=132110#breadcrumb"},"inLanguage":"es","potentialAction":[{"@type":"ReadAction","target":["https:\/\/quehacerpolitico.mx\/?p=132110"]}]},{"@type":"ImageObject","inLanguage":"es","@id":"https:\/\/quehacerpolitico.mx\/?p=132110#primaryimage","url":"https:\/\/quehacerpolitico.mx\/wp-content\/uploads\/2026\/09\/IMG_9888.jpeg","contentUrl":"https:\/\/quehacerpolitico.mx\/wp-content\/uploads\/2026\/09\/IMG_9888.jpeg","width":696,"height":425},{"@type":"BreadcrumbList","@id":"https:\/\/quehacerpolitico.mx\/?p=132110#breadcrumb","itemListElement":[{"@type":"ListItem","position":1,"name":"Inicio","item":"https:\/\/quehacerpolitico.mx\/"},{"@type":"ListItem","position":2,"name":"La morenista Julieta Ram\u00edrez impuls\u00f3 la creaci\u00f3n de memes contra Sheinbaum en tiempos de las \u201ccorcholatas\u201d, seg\u00fan conversaciones reveladas"}]},{"@type":"WebSite","@id":"https:\/\/quehacerpolitico.mx\/#website","url":"https:\/\/quehacerpolitico.mx\/","name":"","description":"","potentialAction":[{"@type":"SearchAction","target":{"@type":"EntryPoint","urlTemplate":"https:\/\/quehacerpolitico.mx\/?s={search_term_string}"},"query-input":{"@type":"PropertyValueSpecification","valueRequired":true,"valueName":"search_term_string"}}],"inLanguage":"es"},{"@type":"Person","@id":"https:\/\/quehacerpolitico.mx\/#\/schema\/person\/496d8ad2d1d3f8036101dca7ee39e585","name":"Redacci\u00f3n QP","image":{"@type":"ImageObject","inLanguage":"es","@id":"https:\/\/secure.gravatar.com\/avatar\/c7164ed6fdec453195284ad24a5ae5b6e1eed2b848477fa2a4787ba9adf39a41?s=96&d=mm&r=g","url":"https:\/\/secure.gravatar.com\/avatar\/c7164ed6fdec453195284ad24a5ae5b6e1eed2b848477fa2a4787ba9adf39a41?s=96&d=mm&r=g","contentUrl":"https:\/\/secure.gravatar.com\/avatar\/c7164ed6fdec453195284ad24a5ae5b6e1eed2b848477fa2a4787ba9adf39a41?s=96&d=mm&r=g","caption":"Redacci\u00f3n QP"},"url":"https:\/\/quehacerpolitico.mx\/?author=2"}]}},"featured_image_urls":{"full":["https:\/\/quehacerpolitico.mx\/wp-content\/uploads\/2026\/09\/IMG_9888.jpeg",696,425,false],"thumbnail":["https:\/\/quehacerpolitico.mx\/wp-content\/uploads\/2026\/09\/IMG_9888-150x150.jpeg",150,150,true],"medium":["https:\/\/quehacerpolitico.mx\/wp-content\/uploads\/2026\/09\/IMG_9888-300x183.jpeg",300,183,true],"medium_large":["https:\/\/quehacerpolitico.mx\/wp-content\/uploads\/2026\/09\/IMG_9888.jpeg",640,391,false],"large":["https:\/\/quehacerpolitico.mx\/wp-content\/uploads\/2026\/09\/IMG_9888.jpeg",640,391,false],"1536x1536":["https:\/\/quehacerpolitico.mx\/wp-content\/uploads\/2026\/09\/IMG_9888.jpeg",696,425,false],"2048x2048":["https:\/\/quehacerpolitico.mx\/wp-content\/uploads\/2026\/09\/IMG_9888.jpeg",696,425,false],"covernews-featured":["https:\/\/quehacerpolitico.mx\/wp-content\/uploads\/2026\/09\/IMG_9888.jpeg",696,425,false],"covernews-medium":["https:\/\/quehacerpolitico.mx\/wp-content\/uploads\/2026\/09\/IMG_9888-540x340.jpeg",540,340,true]},"author_info":{"display_name":"Redacci\u00f3n QP","author_link":"https:\/\/quehacerpolitico.mx\/?author=2"},"category_info":"<a href=\"https:\/\/quehacerpolitico.mx\/?cat=280\" rel=\"category\">Nacionales<\/a> <a href=\"https:\/\/quehacerpolitico.mx\/?cat=2\" rel=\"category\">Noticias<\/a>","tag_info":"Noticias","comment_count":"0","_links":{"self":[{"href":"https:\/\/quehacerpolitico.mx\/index.php?rest_route=\/wp\/v2\/posts\/132110","targetHints":{"allow":["GET"]}}],"collection":[{"href":"https:\/\/quehacerpolitico.mx\/index.php?rest_route=\/wp\/v2\/posts"}],"about":[{"href":"https:\/\/quehacerpolitico.mx\/index.php?rest_route=\/wp\/v2\/types\/post"}],"author":[{"embeddable":true,"href":"https:\/\/quehacerpolitico.mx\/index.php?rest_route=\/wp\/v2\/users\/2"}],"replies":[{"embeddable":true,"href":"https:\/\/quehacerpolitico.mx\/index.php?rest_route=%2Fwp%2Fv2%2Fcomments&post=132110"}],"version-history":[{"count":1,"href":"https:\/\/quehacerpolitico.mx\/index.php?rest_route=\/wp\/v2\/posts\/132110\/revisions"}],"predecessor-version":[{"id":132112,"href":"https:\/\/quehacerpolitico.mx\/index.php?rest_route=\/wp\/v2\/posts\/132110\/revisions\/132112"}],"wp:featuredmedia":[{"embeddable":true,"href":"https:\/\/quehacerpolitico.mx\/index.php?rest_route=\/wp\/v2\/media\/132111"}],"wp:attachment":[{"href":"https:\/\/quehacerpolitico.mx\/index.php?rest_route=%2Fwp%2Fv2%2Fmedia&parent=132110"}],"wp:term":[{"taxonomy":"category","embeddable":true,"href":"https:\/\/quehacerpolitico.mx\/index.php?rest_route=%2Fwp%2Fv2%2Fcategories&post=132110"},{"taxonomy":"post_tag","embeddable":true,"href":"https:\/\/quehacerpolitico.mx\/index.php?rest_route=%2Fwp%2Fv2%2Ftags&post=132110"}],"curies":[{"name":"wp","href":"https:\/\/api.w.org\/{rel}","templated":true}]}}