{"id":132098,"date":"2026-09-03T11:58:17","date_gmt":"2026-09-03T17:58:17","guid":{"rendered":"https:\/\/quehacerpolitico.mx\/?p=132098"},"modified":"2026-09-03T11:58:19","modified_gmt":"2026-09-03T17:58:19","slug":"gobierno-de-sheinbaum-anuncia-la-publicacion-de-nuevo-informe-sobre-el-caso-ayotzinapa-con-lineas-de-investigacion","status":"publish","type":"post","link":"https:\/\/quehacerpolitico.mx\/?p=132098","title":{"rendered":"Gobierno de Sheinbaum anuncia la publicaci\u00f3n de nuevo informe sobre el caso Ayotzinapa con\u00a0l\u00edneas de investigaci\u00f3n\u00a0"},"content":{"rendered":"\n<p class=\"wp-block-paragraph\">Por Redacci\u00f3n QP<\/p>\n\n\n\n<p class=\"wp-block-paragraph\">La presidenta afirm\u00f3 que este documento ser\u00e1 difundido antes delo 26 de septiembre, cuando se cumplen 12 a\u00f1os de la desaparici\u00f3n de los 43 normalistas<\/p>\n\n\n\n<p class=\"wp-block-paragraph\">El gobierno de la presidenta&nbsp;<strong>Claudia Sheinbaum&nbsp;<\/strong>anunci\u00f3 este jueves la publicaciones de un nuevo informe sobre la desaparici\u00f3n de los 43 normalistas de&nbsp;<strong>Ayotzinapa<\/strong>&nbsp;en donde se incluir\u00e1n m\u00e1s l\u00edneas de investigaci\u00f3n.<\/p>\n\n\n\n<p class=\"wp-block-paragraph\">La secretaria de Gobernaci\u00f3n,&nbsp;<strong>Rosa Icela Rodr\u00edguez,&nbsp;<\/strong>afirm\u00f3 que este documento incluir\u00e1 las labores que se han implementado en coordinaci\u00f3n con la Fiscal\u00eda General de la Rep\u00fablica (FGR).<\/p>\n\n\n\n<p class=\"wp-block-paragraph\">&#8220;Trabajamos de la mano con la FGR con nuevas metodolog\u00edas y herramientas tecnol\u00f3gicas, se analiza la informaci\u00f3n, se busca en campo y se han ofrecido elementos y datos para nuevas l\u00edneas de investigaci\u00f3n que hoy siguen&#8221;, dijo.<\/p>\n\n\n\n<figure class=\"wp-block-embed is-type-rich is-provider-twitter wp-block-embed-twitter\"><div class=\"wp-block-embed__wrapper\">\n<blockquote class=\"twitter-tweet\" data-width=\"550\" data-dnt=\"true\"><p lang=\"es\" dir=\"ltr\"><a href=\"https:\/\/x.com\/hashtag\/Ma%C3%B1anera?src=hash&amp;ref_src=twsrc%5Etfw\">#Ma\u00f1anera<\/a> Rosa Icela Rodr\u00edguez dijo que Segob alista nuevo informe sobre caso Ayotzinapa, al se\u00f1alar que el trabajo con la FGR, nuevas herramientas tecnol\u00f3gicas y b\u00fasquedas en campo abrieron l\u00edneas de investigaci\u00f3n que derivaron en detenciones y vinculaciones de personas que no\u2026 <a href=\"https:\/\/t.co\/89lGeMEY27\">pic.twitter.com\/89lGeMEY27<\/a><\/p>&mdash; REFORMA (@Reforma) <a href=\"https:\/\/x.com\/Reforma\/status\/2095512636213338422?ref_src=twsrc%5Etfw\">September 3, 2026<\/a><\/blockquote><script async src=\"https:\/\/platform.x.com\/widgets.js\" charset=\"utf-8\"><\/script>\n<\/div><\/figure>\n\n\n\n<p class=\"wp-block-paragraph\">Por su parte, la mandataria indic\u00f3 que este informe ser\u00e1 difundido previo al 12 aniversario del caso este pr\u00f3ximo 26 de septiembre.<\/p>\n\n\n\n<p class=\"wp-block-paragraph\">Esta informaci\u00f3n podr\u00eda ser informada por la fiscal&nbsp;<strong>Ernestina Godoy y Arturo Medina<\/strong>, subsecretario de Derechos Humanos y fiscal especializado en el caso Ayotzinapa, de acuerdo con la declaraci\u00f3n de Sheinbaum.&nbsp;<\/p>\n\n\n\n<p class=\"wp-block-paragraph\">Adem\u00e1s, ante la pregunta directa de la prensa no descart\u00f3 m\u00e1s detenciones por este caso tras la aprehensi\u00f3n de \u00c1ngel Aguirre, exgobernador de Guerrero.&nbsp;<\/p>\n\n\n\n<p class=\"wp-block-paragraph\">&#8220;Si es necesario y la fiscal\u00eda as\u00ed lo determina, pues habr\u00e1 m\u00e1s detenciones&#8221;, respondi\u00f3.&nbsp;<\/p>\n\n\n\n<p class=\"wp-block-paragraph\">Recientemente, la Comisi\u00f3n Nacional de los Derechos Humanos (CNDH) fue ampliamente criticada por no incluir al Ej\u00e9rcito en su reciente recomendaci\u00f3n por esta desaparici\u00f3n ocurrida en 2014.<\/p>\n","protected":false},"excerpt":{"rendered":"<p>Por Redacci\u00f3n QP La presidenta afirm\u00f3 que este documento ser\u00e1 difundido antes delo 26 de&#8230;<\/p>\n","protected":false},"author":2,"featured_media":132099,"comment_status":"open","ping_status":"open","sticky":false,"template":"","format":"standard","meta":{"footnotes":""},"categories":[280,2],"tags":[],"class_list":["post-132098","post","type-post","status-publish","format-standard","has-post-thumbnail","hentry","category-nacionales","category-noticias"],"yoast_head":"<!-- This site is optimized with the Yoast SEO plugin v27.9 - https:\/\/yoast.com\/product\/yoast-seo-wordpress\/ -->\n<title>Gobierno de Sheinbaum anuncia la publicaci\u00f3n de nuevo informe sobre el caso Ayotzinapa con\u00a0l\u00edneas de investigaci\u00f3n\u00a0 -<\/title>\n<meta name=\"robots\" content=\"index, follow, max-snippet:-1, max-image-preview:large, max-video-preview:-1\" \/>\n<link rel=\"canonical\" href=\"https:\/\/quehacerpolitico.mx\/?p=132098\" \/>\n<meta property=\"og:locale\" content=\"es_MX\" \/>\n<meta property=\"og:type\" content=\"article\" \/>\n<meta property=\"og:title\" content=\"Gobierno de Sheinbaum anuncia la publicaci\u00f3n de nuevo informe sobre el caso Ayotzinapa con\u00a0l\u00edneas de investigaci\u00f3n\u00a0 -\" \/>\n<meta property=\"og:description\" content=\"Por Redacci\u00f3n QP La presidenta afirm\u00f3 que este documento ser\u00e1 difundido antes delo 26 de...\" \/>\n<meta property=\"og:url\" content=\"https:\/\/quehacerpolitico.mx\/?p=132098\" \/>\n<meta property=\"article:published_time\" content=\"2026-09-03T17:58:17+00:00\" \/>\n<meta property=\"article:modified_time\" content=\"2026-09-03T17:58:19+00:00\" \/>\n<meta property=\"og:image\" content=\"https:\/\/quehacerpolitico.mx\/wp-content\/uploads\/2026\/09\/IMG_9882.jpeg\" \/>\n\t<meta property=\"og:image:width\" content=\"1170\" \/>\n\t<meta property=\"og:image:height\" content=\"638\" \/>\n\t<meta property=\"og:image:type\" content=\"image\/jpeg\" \/>\n<meta name=\"author\" content=\"Redacci\u00f3n QP\" \/>\n<meta name=\"twitter:card\" content=\"summary_large_image\" \/>\n<meta name=\"twitter:label1\" content=\"Escrito por\" \/>\n\t<meta name=\"twitter:data1\" content=\"Redacci\u00f3n QP\" \/>\n\t<meta name=\"twitter:label2\" content=\"Tiempo de lectura\" \/>\n\t<meta name=\"twitter:data2\" content=\"2 minutos\" \/>\n<script type=\"application\/ld+json\" class=\"yoast-schema-graph\">{\"@context\":\"https:\\\/\\\/schema.org\",\"@graph\":[{\"@type\":\"Article\",\"@id\":\"https:\\\/\\\/quehacerpolitico.mx\\\/?p=132098#article\",\"isPartOf\":{\"@id\":\"https:\\\/\\\/quehacerpolitico.mx\\\/?p=132098\"},\"author\":{\"name\":\"Redacci\u00f3n QP\",\"@id\":\"https:\\\/\\\/quehacerpolitico.mx\\\/#\\\/schema\\\/person\\\/496d8ad2d1d3f8036101dca7ee39e585\"},\"headline\":\"Gobierno de Sheinbaum anuncia la publicaci\u00f3n de nuevo informe sobre el caso Ayotzinapa con\u00a0l\u00edneas de investigaci\u00f3n\u00a0\",\"datePublished\":\"2026-09-03T17:58:17+00:00\",\"dateModified\":\"2026-09-03T17:58:19+00:00\",\"mainEntityOfPage\":{\"@id\":\"https:\\\/\\\/quehacerpolitico.mx\\\/?p=132098\"},\"wordCount\":304,\"commentCount\":0,\"image\":{\"@id\":\"https:\\\/\\\/quehacerpolitico.mx\\\/?p=132098#primaryimage\"},\"thumbnailUrl\":\"https:\\\/\\\/quehacerpolitico.mx\\\/wp-content\\\/uploads\\\/2026\\\/09\\\/IMG_9882.jpeg\",\"articleSection\":[\"Nacionales\",\"Noticias\"],\"inLanguage\":\"es\",\"potentialAction\":[{\"@type\":\"CommentAction\",\"name\":\"Comment\",\"target\":[\"https:\\\/\\\/quehacerpolitico.mx\\\/?p=132098#respond\"]}]},{\"@type\":\"WebPage\",\"@id\":\"https:\\\/\\\/quehacerpolitico.mx\\\/?p=132098\",\"url\":\"https:\\\/\\\/quehacerpolitico.mx\\\/?p=132098\",\"name\":\"Gobierno de Sheinbaum anuncia la publicaci\u00f3n de nuevo informe sobre el caso Ayotzinapa con\u00a0l\u00edneas de investigaci\u00f3n\u00a0 -\",\"isPartOf\":{\"@id\":\"https:\\\/\\\/quehacerpolitico.mx\\\/#website\"},\"primaryImageOfPage\":{\"@id\":\"https:\\\/\\\/quehacerpolitico.mx\\\/?p=132098#primaryimage\"},\"image\":{\"@id\":\"https:\\\/\\\/quehacerpolitico.mx\\\/?p=132098#primaryimage\"},\"thumbnailUrl\":\"https:\\\/\\\/quehacerpolitico.mx\\\/wp-content\\\/uploads\\\/2026\\\/09\\\/IMG_9882.jpeg\",\"datePublished\":\"2026-09-03T17:58:17+00:00\",\"dateModified\":\"2026-09-03T17:58:19+00:00\",\"author\":{\"@id\":\"https:\\\/\\\/quehacerpolitico.mx\\\/#\\\/schema\\\/person\\\/496d8ad2d1d3f8036101dca7ee39e585\"},\"breadcrumb\":{\"@id\":\"https:\\\/\\\/quehacerpolitico.mx\\\/?p=132098#breadcrumb\"},\"inLanguage\":\"es\",\"potentialAction\":[{\"@type\":\"ReadAction\",\"target\":[\"https:\\\/\\\/quehacerpolitico.mx\\\/?p=132098\"]}]},{\"@type\":\"ImageObject\",\"inLanguage\":\"es\",\"@id\":\"https:\\\/\\\/quehacerpolitico.mx\\\/?p=132098#primaryimage\",\"url\":\"https:\\\/\\\/quehacerpolitico.mx\\\/wp-content\\\/uploads\\\/2026\\\/09\\\/IMG_9882.jpeg\",\"contentUrl\":\"https:\\\/\\\/quehacerpolitico.mx\\\/wp-content\\\/uploads\\\/2026\\\/09\\\/IMG_9882.jpeg\",\"width\":1170,\"height\":638,\"caption\":\"Screenshot\"},{\"@type\":\"BreadcrumbList\",\"@id\":\"https:\\\/\\\/quehacerpolitico.mx\\\/?p=132098#breadcrumb\",\"itemListElement\":[{\"@type\":\"ListItem\",\"position\":1,\"name\":\"Inicio\",\"item\":\"https:\\\/\\\/quehacerpolitico.mx\\\/\"},{\"@type\":\"ListItem\",\"position\":2,\"name\":\"Gobierno de Sheinbaum anuncia la publicaci\u00f3n de nuevo informe sobre el caso Ayotzinapa con\u00a0l\u00edneas de investigaci\u00f3n\u00a0\"}]},{\"@type\":\"WebSite\",\"@id\":\"https:\\\/\\\/quehacerpolitico.mx\\\/#website\",\"url\":\"https:\\\/\\\/quehacerpolitico.mx\\\/\",\"name\":\"\",\"description\":\"\",\"potentialAction\":[{\"@type\":\"SearchAction\",\"target\":{\"@type\":\"EntryPoint\",\"urlTemplate\":\"https:\\\/\\\/quehacerpolitico.mx\\\/?s={search_term_string}\"},\"query-input\":{\"@type\":\"PropertyValueSpecification\",\"valueRequired\":true,\"valueName\":\"search_term_string\"}}],\"inLanguage\":\"es\"},{\"@type\":\"Person\",\"@id\":\"https:\\\/\\\/quehacerpolitico.mx\\\/#\\\/schema\\\/person\\\/496d8ad2d1d3f8036101dca7ee39e585\",\"name\":\"Redacci\u00f3n QP\",\"image\":{\"@type\":\"ImageObject\",\"inLanguage\":\"es\",\"@id\":\"https:\\\/\\\/secure.gravatar.com\\\/avatar\\\/c7164ed6fdec453195284ad24a5ae5b6e1eed2b848477fa2a4787ba9adf39a41?s=96&d=mm&r=g\",\"url\":\"https:\\\/\\\/secure.gravatar.com\\\/avatar\\\/c7164ed6fdec453195284ad24a5ae5b6e1eed2b848477fa2a4787ba9adf39a41?s=96&d=mm&r=g\",\"contentUrl\":\"https:\\\/\\\/secure.gravatar.com\\\/avatar\\\/c7164ed6fdec453195284ad24a5ae5b6e1eed2b848477fa2a4787ba9adf39a41?s=96&d=mm&r=g\",\"caption\":\"Redacci\u00f3n QP\"},\"url\":\"https:\\\/\\\/quehacerpolitico.mx\\\/?author=2\"}]}<\/script>\n<!-- \/ Yoast SEO plugin. -->","yoast_head_json":{"title":"Gobierno de Sheinbaum anuncia la publicaci\u00f3n de nuevo informe sobre el caso Ayotzinapa con\u00a0l\u00edneas de investigaci\u00f3n\u00a0 -","robots":{"index":"index","follow":"follow","max-snippet":"max-snippet:-1","max-image-preview":"max-image-preview:large","max-video-preview":"max-video-preview:-1"},"canonical":"https:\/\/quehacerpolitico.mx\/?p=132098","og_locale":"es_MX","og_type":"article","og_title":"Gobierno de Sheinbaum anuncia la publicaci\u00f3n de nuevo informe sobre el caso Ayotzinapa con\u00a0l\u00edneas de investigaci\u00f3n\u00a0 -","og_description":"Por Redacci\u00f3n QP La presidenta afirm\u00f3 que este documento ser\u00e1 difundido antes delo 26 de...","og_url":"https:\/\/quehacerpolitico.mx\/?p=132098","article_published_time":"2026-09-03T17:58:17+00:00","article_modified_time":"2026-09-03T17:58:19+00:00","og_image":[{"width":1170,"height":638,"url":"https:\/\/quehacerpolitico.mx\/wp-content\/uploads\/2026\/09\/IMG_9882.jpeg","type":"image\/jpeg"}],"author":"Redacci\u00f3n QP","twitter_card":"summary_large_image","twitter_misc":{"Escrito por":"Redacci\u00f3n QP","Tiempo de lectura":"2 minutos"},"schema":{"@context":"https:\/\/schema.org","@graph":[{"@type":"Article","@id":"https:\/\/quehacerpolitico.mx\/?p=132098#article","isPartOf":{"@id":"https:\/\/quehacerpolitico.mx\/?p=132098"},"author":{"name":"Redacci\u00f3n QP","@id":"https:\/\/quehacerpolitico.mx\/#\/schema\/person\/496d8ad2d1d3f8036101dca7ee39e585"},"headline":"Gobierno de Sheinbaum anuncia la publicaci\u00f3n de nuevo informe sobre el caso Ayotzinapa con\u00a0l\u00edneas de investigaci\u00f3n\u00a0","datePublished":"2026-09-03T17:58:17+00:00","dateModified":"2026-09-03T17:58:19+00:00","mainEntityOfPage":{"@id":"https:\/\/quehacerpolitico.mx\/?p=132098"},"wordCount":304,"commentCount":0,"image":{"@id":"https:\/\/quehacerpolitico.mx\/?p=132098#primaryimage"},"thumbnailUrl":"https:\/\/quehacerpolitico.mx\/wp-content\/uploads\/2026\/09\/IMG_9882.jpeg","articleSection":["Nacionales","Noticias"],"inLanguage":"es","potentialAction":[{"@type":"CommentAction","name":"Comment","target":["https:\/\/quehacerpolitico.mx\/?p=132098#respond"]}]},{"@type":"WebPage","@id":"https:\/\/quehacerpolitico.mx\/?p=132098","url":"https:\/\/quehacerpolitico.mx\/?p=132098","name":"Gobierno de Sheinbaum anuncia la publicaci\u00f3n de nuevo informe sobre el caso Ayotzinapa con\u00a0l\u00edneas de investigaci\u00f3n\u00a0 -","isPartOf":{"@id":"https:\/\/quehacerpolitico.mx\/#website"},"primaryImageOfPage":{"@id":"https:\/\/quehacerpolitico.mx\/?p=132098#primaryimage"},"image":{"@id":"https:\/\/quehacerpolitico.mx\/?p=132098#primaryimage"},"thumbnailUrl":"https:\/\/quehacerpolitico.mx\/wp-content\/uploads\/2026\/09\/IMG_9882.jpeg","datePublished":"2026-09-03T17:58:17+00:00","dateModified":"2026-09-03T17:58:19+00:00","author":{"@id":"https:\/\/quehacerpolitico.mx\/#\/schema\/person\/496d8ad2d1d3f8036101dca7ee39e585"},"breadcrumb":{"@id":"https:\/\/quehacerpolitico.mx\/?p=132098#breadcrumb"},"inLanguage":"es","potentialAction":[{"@type":"ReadAction","target":["https:\/\/quehacerpolitico.mx\/?p=132098"]}]},{"@type":"ImageObject","inLanguage":"es","@id":"https:\/\/quehacerpolitico.mx\/?p=132098#primaryimage","url":"https:\/\/quehacerpolitico.mx\/wp-content\/uploads\/2026\/09\/IMG_9882.jpeg","contentUrl":"https:\/\/quehacerpolitico.mx\/wp-content\/uploads\/2026\/09\/IMG_9882.jpeg","width":1170,"height":638,"caption":"Screenshot"},{"@type":"BreadcrumbList","@id":"https:\/\/quehacerpolitico.mx\/?p=132098#breadcrumb","itemListElement":[{"@type":"ListItem","position":1,"name":"Inicio","item":"https:\/\/quehacerpolitico.mx\/"},{"@type":"ListItem","position":2,"name":"Gobierno de Sheinbaum anuncia la publicaci\u00f3n de nuevo informe sobre el caso Ayotzinapa con\u00a0l\u00edneas de investigaci\u00f3n\u00a0"}]},{"@type":"WebSite","@id":"https:\/\/quehacerpolitico.mx\/#website","url":"https:\/\/quehacerpolitico.mx\/","name":"","description":"","potentialAction":[{"@type":"SearchAction","target":{"@type":"EntryPoint","urlTemplate":"https:\/\/quehacerpolitico.mx\/?s={search_term_string}"},"query-input":{"@type":"PropertyValueSpecification","valueRequired":true,"valueName":"search_term_string"}}],"inLanguage":"es"},{"@type":"Person","@id":"https:\/\/quehacerpolitico.mx\/#\/schema\/person\/496d8ad2d1d3f8036101dca7ee39e585","name":"Redacci\u00f3n QP","image":{"@type":"ImageObject","inLanguage":"es","@id":"https:\/\/secure.gravatar.com\/avatar\/c7164ed6fdec453195284ad24a5ae5b6e1eed2b848477fa2a4787ba9adf39a41?s=96&d=mm&r=g","url":"https:\/\/secure.gravatar.com\/avatar\/c7164ed6fdec453195284ad24a5ae5b6e1eed2b848477fa2a4787ba9adf39a41?s=96&d=mm&r=g","contentUrl":"https:\/\/secure.gravatar.com\/avatar\/c7164ed6fdec453195284ad24a5ae5b6e1eed2b848477fa2a4787ba9adf39a41?s=96&d=mm&r=g","caption":"Redacci\u00f3n QP"},"url":"https:\/\/quehacerpolitico.mx\/?author=2"}]}},"featured_image_urls":{"full":["https:\/\/quehacerpolitico.mx\/wp-content\/uploads\/2026\/09\/IMG_9882.jpeg",1170,638,false],"thumbnail":["https:\/\/quehacerpolitico.mx\/wp-content\/uploads\/2026\/09\/IMG_9882-150x150.jpeg",150,150,true],"medium":["https:\/\/quehacerpolitico.mx\/wp-content\/uploads\/2026\/09\/IMG_9882-300x164.jpeg",300,164,true],"medium_large":["https:\/\/quehacerpolitico.mx\/wp-content\/uploads\/2026\/09\/IMG_9882-768x419.jpeg",640,349,true],"large":["https:\/\/quehacerpolitico.mx\/wp-content\/uploads\/2026\/09\/IMG_9882-1024x558.jpeg",640,349,true],"1536x1536":["https:\/\/quehacerpolitico.mx\/wp-content\/uploads\/2026\/09\/IMG_9882.jpeg",1170,638,false],"2048x2048":["https:\/\/quehacerpolitico.mx\/wp-content\/uploads\/2026\/09\/IMG_9882.jpeg",1170,638,false],"covernews-featured":["https:\/\/quehacerpolitico.mx\/wp-content\/uploads\/2026\/09\/IMG_9882-1024x558.jpeg",1024,558,true],"covernews-medium":["https:\/\/quehacerpolitico.mx\/wp-content\/uploads\/2026\/09\/IMG_9882-540x340.jpeg",540,340,true]},"author_info":{"display_name":"Redacci\u00f3n QP","author_link":"https:\/\/quehacerpolitico.mx\/?author=2"},"category_info":"<a href=\"https:\/\/quehacerpolitico.mx\/?cat=280\" rel=\"category\">Nacionales<\/a> <a href=\"https:\/\/quehacerpolitico.mx\/?cat=2\" rel=\"category\">Noticias<\/a>","tag_info":"Noticias","comment_count":"0","_links":{"self":[{"href":"https:\/\/quehacerpolitico.mx\/index.php?rest_route=\/wp\/v2\/posts\/132098","targetHints":{"allow":["GET"]}}],"collection":[{"href":"https:\/\/quehacerpolitico.mx\/index.php?rest_route=\/wp\/v2\/posts"}],"about":[{"href":"https:\/\/quehacerpolitico.mx\/index.php?rest_route=\/wp\/v2\/types\/post"}],"author":[{"embeddable":true,"href":"https:\/\/quehacerpolitico.mx\/index.php?rest_route=\/wp\/v2\/users\/2"}],"replies":[{"embeddable":true,"href":"https:\/\/quehacerpolitico.mx\/index.php?rest_route=%2Fwp%2Fv2%2Fcomments&post=132098"}],"version-history":[{"count":1,"href":"https:\/\/quehacerpolitico.mx\/index.php?rest_route=\/wp\/v2\/posts\/132098\/revisions"}],"predecessor-version":[{"id":132100,"href":"https:\/\/quehacerpolitico.mx\/index.php?rest_route=\/wp\/v2\/posts\/132098\/revisions\/132100"}],"wp:featuredmedia":[{"embeddable":true,"href":"https:\/\/quehacerpolitico.mx\/index.php?rest_route=\/wp\/v2\/media\/132099"}],"wp:attachment":[{"href":"https:\/\/quehacerpolitico.mx\/index.php?rest_route=%2Fwp%2Fv2%2Fmedia&parent=132098"}],"wp:term":[{"taxonomy":"category","embeddable":true,"href":"https:\/\/quehacerpolitico.mx\/index.php?rest_route=%2Fwp%2Fv2%2Fcategories&post=132098"},{"taxonomy":"post_tag","embeddable":true,"href":"https:\/\/quehacerpolitico.mx\/index.php?rest_route=%2Fwp%2Fv2%2Ftags&post=132098"}],"curies":[{"name":"wp","href":"https:\/\/api.w.org\/{rel}","templated":true}]}}