{"id":132092,"date":"2026-09-03T10:08:12","date_gmt":"2026-09-03T16:08:12","guid":{"rendered":"https:\/\/quehacerpolitico.mx\/?p=132092"},"modified":"2026-09-03T10:08:14","modified_gmt":"2026-09-03T16:08:14","slug":"el-quehacer-politico-legislativo-a-traves-de-la-opinion-del-lic-eden-lozano-meza-desde-la-camara-alta-el-congreso-cambia-de-sillas-pero-la-ciudadania-sigue-esperando","status":"publish","type":"post","link":"https:\/\/quehacerpolitico.mx\/?p=132092","title":{"rendered":"El Quehacer Pol\u00edtico legislativo a trav\u00e9s de la opini\u00f3n del Lic Eden Lozano Meza desde la C\u00e1mara Alta\/\/\/EL CONGRESO CAMBIA DE SILLAS, PERO LA CIUDADAN\u00cdA SIGUE ESPERANDO"},"content":{"rendered":"\n<p class=\"wp-block-paragraph\">Por Lic Eden Lozano Meza<\/p>\n\n\n\n<p class=\"wp-block-paragraph\">Mientras diputados y senadores reparten posiciones, hacen cuentas para conservar mayor\u00edas y comienzan a mirar hacia 2027, queda pendiente una pregunta inc\u00f3moda,&nbsp;despu\u00e9s de tantas reformas y tanto poder acumulado, \u00bfqu\u00e9 ha cambiado realmente para la gente?<\/p>\n\n\n\n<p class=\"wp-block-paragraph\">El Congreso de la Uni\u00f3n comienza una nueva etapa, cambiaquienes presiden el Senado y la C\u00e1mara de Diputados, se modifican equilibrios dentro de los grupos parlamentarios, llegan nuevas propuestas de reforma y los partidos empiezan, inevitablemente, a mirar hacia las elecciones de 2027.<\/p>\n\n\n\n<p class=\"wp-block-paragraph\">Dentro del Congreso hay movimiento&nbsp;y fuera de \u00e9l, hay incertidumbre, porque mientras la clase pol\u00edtica discute qui\u00e9n preside una C\u00e1mara, qui\u00e9n controla una comisi\u00f3n, qui\u00e9n abandona una bancada y cu\u00e1ntos votos hacen falta para modificar la Constituci\u00f3n, millones de ciudadanos tienen preocupaciones bastante m\u00e1s sencillas,&nbsp;seguridad, empleo, ingreso, servicios p\u00fablicos, justicia y autoridades que realmente respondan.<\/p>\n\n\n\n<p class=\"wp-block-paragraph\">La pol\u00edtica est\u00e1 haciendo sus cuentas, la ciudadan\u00eda tambi\u00e9n har\u00e1 las suyas, un senador menos en Morena y un voto que ahora vale m\u00e1s. El caso de Enrique Inzunza dej\u00f3 una imagen particularmente inc\u00f3moda, despu\u00e9s de los cuestionamientos p\u00fablicos formulados en su contra&nbsp;(que el propio senador ha rechazado)&nbsp;se gener\u00f3 una discusi\u00f3n sobre la posibilidad de que solicitara licencia, la decisi\u00f3n fue distinta,&nbsp;Inzunza dej\u00f3 el Grupo Parlamentario de Morena, pero no dej\u00f3 el Senado, jur\u00eddicamente puede hacerlo, la legislaci\u00f3n permite que un senador permanezca en funciones sin pertenecer a un grupo parlamentario.<\/p>\n\n\n\n<p class=\"wp-block-paragraph\">Pero que algo sea legal no significa que carezca de consecuencias pol\u00edticas,&nbsp;Morena perdi\u00f3 el control directo de uno de sus votos&nbsp;y&nbsp;eso importa porque para modificar la&nbsp;<em>Constituci\u00f3n<\/em>&nbsp;no basta una mayor\u00eda sencilla, el art\u00edculo 135 constitucional exige el respaldo de las dos terceras partes de los legisladores presentes en cada C\u00e1mara y, posteriormente, de la mayor\u00eda de las legislaturas de los estados y de la Ciudad de M\u00e9xico.<\/p>\n\n\n\n<p class=\"wp-block-paragraph\">Cuando los n\u00fameros son cerrados, cada voto adquiere poder, una ausencia puede importar, una ruptura puede importar, un senador independiente puede importar todav\u00eda m\u00e1s,&nbsp;Inzunza podr\u00e1 seguir votando junto con Morena, nada se lo impide, pero existe una diferencia pol\u00edtica evidente&nbsp;una cosa es tener un voto dentro de la bancada y otra tener que confiar en que ese voto seguir\u00e1 acompa\u00f1ando a la bancada desde fuera.<\/p>\n\n\n\n<p class=\"wp-block-paragraph\">El episodio demuestra tambi\u00e9n algo que los partidos suelen olvidar cuando construyen grandes mayor\u00edas,&nbsp;el poder parlamentario parece s\u00f3lido hasta que comienzan las divisiones internas, en medio de ese escenario llega Higinio Mart\u00ednez a la conducci\u00f3n del Senado, su mensaje ha sido de di\u00e1logo, institucionalidad y respeto a las distintas fuerzas pol\u00edticas, eso deber\u00eda ser normal, lo extraordinario es que en nuestra pol\u00edtica tengamos que celebrarlo, quien preside el Senado no est\u00e1 para representar exclusivamente al partido que lo propuso, su responsabilidad es conducir una instituci\u00f3n del Estado mexicano y garantizar que las reglas sean respetadas tanto para la mayor\u00eda como para la oposici\u00f3n.<\/p>\n\n\n\n<p class=\"wp-block-paragraph\">La verdadera prueba llegar\u00e1 cuando exista desacuerdo, porque respetar a la oposici\u00f3n cuando su voto no hace falta es sencillo, respetarla cuando necesitas sus votos es otra historia,&nbsp;Morena entra a esta etapa con una paradoja: despu\u00e9s de ejercer una mayor\u00eda extraordinariamente poderosa, ahora necesita cuidar con mayor atenci\u00f3n sus acuerdos.<\/p>\n\n\n\n<p class=\"wp-block-paragraph\">El di\u00e1logo que antes pod\u00eda presentarse como una virtud pol\u00edtica empieza a convertirse en una necesidad parlamentaria, en Diputados tambi\u00e9n cambiaron las sillas, en San L\u00e1zaro, Ra\u00fal Bola\u00f1os&nbsp;Cacho Cu\u00e9&nbsp;del Partido Verde, asumi\u00f3 la Presidencia de la C\u00e1mara de Diputados con un amplio respaldo, tambi\u00e9n prometi\u00f3 imparcialidad, legalidad y respeto.<\/p>\n\n\n\n<p class=\"wp-block-paragraph\">Las instituciones no se miden por los discursos pronunciados cuando todos est\u00e1n de acuerdo, se miden cuando llega el conflicto, cuando la oposici\u00f3n protesta, cuando la mayor\u00eda tiene prisa, cuando aparece una iniciativa pol\u00edticamente conveniente pero jur\u00eddicamente deficiente, cuando respetar el procedimiento resulta inc\u00f3modo, ah\u00ed conoceremos la verdadera independencia de las nuevas presidencias del Congreso.<\/p>\n\n\n\n<p class=\"wp-block-paragraph\">El Congreso no fue creado para levantar la mano, existe adem\u00e1s una discusi\u00f3n que deber\u00eda preocupar mucho m\u00e1s de lo que aparentemente preocupa, dentro de la propia mayor\u00eda han aparecido cuestionamientos sobre errores e inconsistencias t\u00e9cnicas en iniciativas provenientes del Ejecutivo&nbsp;y&nbsp;aqu\u00ed conviene decirlo claramente, el Congreso no es la oficina jur\u00eddica del Gobierno Federal, tampoco es una oficial\u00eda de partes donde llegan iniciativas para recibir un sello y posteriormente reunir los votos necesarios para aprobarlas.<\/p>\n\n\n\n<p class=\"wp-block-paragraph\">La divisi\u00f3n de poderes existe precisamente para evitar eso, el Ejecutivo propone, el Legislativo analiza, discute,&nbsp;modifica, corrige y&nbsp;cuando corresponde, rechaza, que un partido tenga mayor\u00eda no elimina esas responsabilidades.&nbsp;Al contrario, mientras mayor sea el poder para modificar las leyes, mayor deber\u00eda ser el cuidado con el que se ejerce.<\/p>\n\n\n\n<p class=\"wp-block-paragraph\">El problema aparece cuando la disciplina partidista sustituye al an\u00e1lisis legislativo, porque entonces dejamos de tener legisladores que revisan al poder y comenzamos a tener mayor\u00edas encargadas simplemente de formalizar decisiones tomadas en otro lugar, tener los votos no significa tener la raz\u00f3n, est\u00f3&nbsp;ser\u00e1 particularmente importante ante las nuevas reformas constitucionales.<\/p>\n\n\n\n<p class=\"wp-block-paragraph\">Modificar la Constituci\u00f3n no deber\u00eda convertirse en una rutina, antes de preguntar cu\u00e1ntos votos existen para aprobar una reforma, el Congreso tendr\u00eda que preguntarse:<\/p>\n\n\n\n<p class=\"wp-block-paragraph\">\u00bfEs necesaria?<\/p>\n\n\n\n<p class=\"wp-block-paragraph\">\u00bfEst\u00e1 correctamente dise\u00f1ada?<\/p>\n\n\n\n<p class=\"wp-block-paragraph\">\u00bfRespeta los derechos de las personas?<\/p>\n\n\n\n<p class=\"wp-block-paragraph\">\u00bfPuede provocar consecuencias no previstas?<\/p>\n\n\n\n<p class=\"wp-block-paragraph\">\u00bfResuelve realmente el problema que dice combatir?<\/p>\n\n\n\n<p class=\"wp-block-paragraph\">\u00bfBeneficia al ciudadano?<\/p>\n\n\n\n<p class=\"wp-block-paragraph\">Son preguntas elementales&nbsp;pero en un Congreso dominado por la l\u00f3gica de las mayor\u00edas existe siempre el riesgo de sustituirlas por una sola,&nbsp;\u00bfnos alcanzan los votos?&nbsp;una democracia no funciona as\u00ed, tener suficientes legisladores para cambiar una norma otorga la capacidad jur\u00eddica para hacerlo, no concede autom\u00e1ticamente la raz\u00f3n.<\/p>\n\n\n\n<p class=\"wp-block-paragraph\">La presidenta Claudia Sheinbaum present\u00f3 su Segundo Informe de Gobierno y ahora comienza una responsabilidad que muchas veces termina convertida en espect\u00e1culo partidista&nbsp;y el Congreso debe analizarlo, la Constituci\u00f3n permite formular preguntas y llamar a funcionarios para explicar las acciones y resultados del Gobierno,&nbsp;dicho&nbsp;sin tecnicismos,&nbsp;el Gobierno tiene obligaci\u00f3n de informar y el Congreso tiene obligaci\u00f3n de preguntar, pero preguntar de verdad, no organizar comparecencias para que la mayor\u00eda felicite al funcionario mientras la oposici\u00f3n intenta convertir cada intervenci\u00f3n en un ataque.<\/p>\n\n\n\n<p class=\"wp-block-paragraph\">El ciudadano necesita respuestas mucho m\u00e1s concretas.<\/p>\n\n\n\n<p class=\"wp-block-paragraph\">\u00bfQu\u00e9 funcion\u00f3?<\/p>\n\n\n\n<p class=\"wp-block-paragraph\">\u00bfQu\u00e9 no funcion\u00f3?<\/p>\n\n\n\n<p class=\"wp-block-paragraph\">\u00bfCu\u00e1nto cost\u00f3?<\/p>\n\n\n\n<p class=\"wp-block-paragraph\">\u00bfQu\u00e9 resultado produjo?<\/p>\n\n\n\n<p class=\"wp-block-paragraph\">\u00bfQu\u00e9 falta por cumplir?<\/p>\n\n\n\n<p class=\"wp-block-paragraph\">\u00bfQui\u00e9n responde cuando una pol\u00edtica fracasa?<\/p>\n\n\n\n<p class=\"wp-block-paragraph\">Eso es rendici\u00f3n de cuentas, todo lo dem\u00e1s corre el riesgo de convertirse en ceremonia&nbsp;y&nbsp;mientras tanto, 2027 comienza a&nbsp;aparecer,&nbsp;este&nbsp;quiz\u00e1 sea el mayor riesgo para el \u00faltimo tramo de la Legislatura.<\/p>\n\n\n\n<p class=\"wp-block-paragraph\">Los partidos empiezan a mirar hacia 2027, comienzan los movimientos internos, las aspiraciones, los c\u00e1lculos territoriales y la b\u00fasqueda de futuras candidaturas, es parte de la pol\u00edtica, pero existe una enorme diferencia entre prepararse para una elecci\u00f3n y abandonar anticipadamente la responsabilidad para la que se fue electo.<\/p>\n\n\n\n<p class=\"wp-block-paragraph\">Mientras algunos legisladores comienzan a preguntarse cu\u00e1l ser\u00e1 su pr\u00f3ximo cargo, millones de mexicanos contin\u00faan pregunt\u00e1ndose c\u00f3mo resolver\u00e1n ma\u00f1ana sus problemas, son dos calendarios completamente distintos, el calendario del pol\u00edtico pregunta,&nbsp;\u00bfqu\u00e9 sigue para m\u00ed en 2027?&nbsp;y el del ciudadano pregunta,&nbsp;\u00bfqu\u00e9 van a resolver para m\u00ed hoy?&nbsp;y&nbsp;esa distancia puede resultar muy costosa, despu\u00e9s de tantas reformas, \u00bfqu\u00e9 cambi\u00f3 para la gente?&nbsp;\u00c9sta deber\u00eda ser la pregunta central, durante estos a\u00f1os hemos escuchado hablar de transformaciones hist\u00f3ricas, reformas constitucionales, nuevos derechos, cambios institucionales y grandes mayor\u00edas.<\/p>\n\n\n\n<p class=\"wp-block-paragraph\">Pero una reforma no deber\u00eda evaluarse solamente el d\u00eda que se publica, debe evaluarse cuando comienza a producir resultados, porque la ciudadan\u00eda no vive dentro de la Constituci\u00f3n ni de la Gaceta Parlamentaria, vive en una colonia, toma transporte, trabaja&nbsp;y paga impuestos, busca atenci\u00f3n m\u00e9dica, manda a sus hijos a la escuela, enfrenta tr\u00e1mites, denuncia delitos, busca justicia, intenta que su salario alcance.&nbsp;Por eso existe una enorme diferencia entre cambiar una ley y cambiar una realidad&nbsp;y&nbsp;esa diferencia ser\u00e1 cada vez m\u00e1s dif\u00edcil de esconder detr\u00e1s de los discursos, en 2027 llegar\u00e1 la evaluaci\u00f3n, todav\u00eda existe tiempo, el Congreso puede corregir, puede revisar lo que no ha funcionado, puede ejercer verdadero control sobre el Gobierno, puede discutir reformas con mayor seriedad, puede abandonar la tentaci\u00f3n de medir su productividad por toneladas de iniciativas y comenzar a medirla por resultados, pero el tiempo pol\u00edtico corre.<\/p>\n\n\n\n<p class=\"wp-block-paragraph\">A partir de 2027, la ciudadan\u00eda comenzar\u00e1 a emitir su propio balance&nbsp;y&nbsp;ese balance no se realizar\u00e1 en una comisi\u00f3n legislativa, ser\u00e1 en las urnas, ah\u00ed poco importar\u00e1 cu\u00e1ntas conferencias de prensa ofreci\u00f3 un coordinador parlamentario, qui\u00e9n gan\u00f3 una discusi\u00f3n interna o cu\u00e1ntas veces se calific\u00f3 una reforma como \u201chist\u00f3rica\u201d, el ciudadano tendr\u00e1 frente a s\u00ed preguntas mucho m\u00e1s sencillas:<\/p>\n\n\n\n<p class=\"wp-block-paragraph\">\u00bfEstoy mejor que antes?<\/p>\n\n\n\n<p class=\"wp-block-paragraph\">\u00bfTengo mayor seguridad?<\/p>\n\n\n\n<p class=\"wp-block-paragraph\">\u00bfMi familia tiene mejores oportunidades?<\/p>\n\n\n\n<p class=\"wp-block-paragraph\">\u00bfMis derechos est\u00e1n mejor protegidos?<\/p>\n\n\n\n<p class=\"wp-block-paragraph\">\u00bfLas instituciones funcionan mejor?<\/p>\n\n\n\n<p class=\"wp-block-paragraph\">\u00bfEl Congreso trabaj\u00f3 para nosotros o para los intereses de los partidos?<\/p>\n\n\n\n<p class=\"wp-block-paragraph\">Y ah\u00ed aparecer\u00e1 la verdadera incertidumbre para quienes hoy tienen el poder, porque las mayor\u00edas legislativas pueden modificar leyes, pueden modificar instituciones, incluso pueden modificar la Constituci\u00f3n, lo que no pueden modificar por decreto es la percepci\u00f3n de una ciudadan\u00eda que no ve resultados, el Congreso inicia esta etapa haciendo cuentas sobre sus votos,&nbsp;Morena calcula su mayor\u00eda, los partidos calculan sus posiciones, los legisladores comienzan a calcular 2027.&nbsp;Est\u00e1 bien, que hagan sus cuentas, porque a partir de 2027 la ciudadan\u00eda har\u00e1 la suya&nbsp;y&nbsp;entonces sabremos si todo el poder acumulado durante esta Legislatura sirvi\u00f3 para cambiar la vida de los mexicanos,&nbsp;o solamente para cambiar las leyes.<\/p>\n","protected":false},"excerpt":{"rendered":"<p>Por Lic Eden Lozano Meza Mientras diputados y senadores reparten posiciones, hacen cuentas para conservar&#8230;<\/p>\n","protected":false},"author":2,"featured_media":131930,"comment_status":"open","ping_status":"open","sticky":false,"template":"","format":"standard","meta":{"footnotes":""},"categories":[280,2],"tags":[],"class_list":["post-132092","post","type-post","status-publish","format-standard","has-post-thumbnail","hentry","category-nacionales","category-noticias"],"yoast_head":"<!-- This site is optimized with the Yoast SEO plugin v27.9 - https:\/\/yoast.com\/product\/yoast-seo-wordpress\/ -->\n<title>El Quehacer Pol\u00edtico legislativo a trav\u00e9s de la opini\u00f3n del Lic Eden Lozano Meza desde la C\u00e1mara Alta\/\/\/EL CONGRESO CAMBIA DE SILLAS, PERO LA CIUDADAN\u00cdA SIGUE ESPERANDO -<\/title>\n<meta name=\"robots\" content=\"index, follow, max-snippet:-1, max-image-preview:large, max-video-preview:-1\" \/>\n<link rel=\"canonical\" href=\"https:\/\/quehacerpolitico.mx\/?p=132092\" \/>\n<meta property=\"og:locale\" content=\"es_MX\" \/>\n<meta property=\"og:type\" content=\"article\" \/>\n<meta property=\"og:title\" content=\"El Quehacer Pol\u00edtico legislativo a trav\u00e9s de la opini\u00f3n del Lic Eden Lozano Meza desde la C\u00e1mara Alta\/\/\/EL CONGRESO CAMBIA DE SILLAS, PERO LA CIUDADAN\u00cdA SIGUE ESPERANDO -\" \/>\n<meta property=\"og:description\" content=\"Por Lic Eden Lozano Meza Mientras diputados y senadores reparten posiciones, hacen cuentas para conservar...\" \/>\n<meta property=\"og:url\" content=\"https:\/\/quehacerpolitico.mx\/?p=132092\" \/>\n<meta property=\"article:published_time\" content=\"2026-09-03T16:08:12+00:00\" \/>\n<meta property=\"article:modified_time\" content=\"2026-09-03T16:08:14+00:00\" \/>\n<meta property=\"og:image\" content=\"https:\/\/quehacerpolitico.mx\/wp-content\/uploads\/2026\/08\/4b0cab15-6cd1-46ce-9a6f-4c9e79d53038.jpeg\" \/>\n\t<meta property=\"og:image:width\" content=\"963\" \/>\n\t<meta property=\"og:image:height\" content=\"493\" \/>\n\t<meta property=\"og:image:type\" content=\"image\/jpeg\" \/>\n<meta name=\"author\" content=\"Redacci\u00f3n QP\" \/>\n<meta name=\"twitter:card\" content=\"summary_large_image\" \/>\n<meta name=\"twitter:label1\" content=\"Escrito por\" \/>\n\t<meta name=\"twitter:data1\" content=\"Redacci\u00f3n QP\" \/>\n\t<meta name=\"twitter:label2\" content=\"Tiempo de lectura\" \/>\n\t<meta name=\"twitter:data2\" content=\"8 minutos\" \/>\n<script type=\"application\/ld+json\" class=\"yoast-schema-graph\">{\"@context\":\"https:\\\/\\\/schema.org\",\"@graph\":[{\"@type\":\"Article\",\"@id\":\"https:\\\/\\\/quehacerpolitico.mx\\\/?p=132092#article\",\"isPartOf\":{\"@id\":\"https:\\\/\\\/quehacerpolitico.mx\\\/?p=132092\"},\"author\":{\"name\":\"Redacci\u00f3n QP\",\"@id\":\"https:\\\/\\\/quehacerpolitico.mx\\\/#\\\/schema\\\/person\\\/496d8ad2d1d3f8036101dca7ee39e585\"},\"headline\":\"El Quehacer Pol\u00edtico legislativo a trav\u00e9s de la opini\u00f3n del Lic Eden Lozano Meza desde la C\u00e1mara Alta\\\/\\\/\\\/EL CONGRESO CAMBIA DE SILLAS, PERO LA CIUDADAN\u00cdA SIGUE ESPERANDO\",\"datePublished\":\"2026-09-03T16:08:12+00:00\",\"dateModified\":\"2026-09-03T16:08:14+00:00\",\"mainEntityOfPage\":{\"@id\":\"https:\\\/\\\/quehacerpolitico.mx\\\/?p=132092\"},\"wordCount\":1778,\"commentCount\":0,\"image\":{\"@id\":\"https:\\\/\\\/quehacerpolitico.mx\\\/?p=132092#primaryimage\"},\"thumbnailUrl\":\"https:\\\/\\\/quehacerpolitico.mx\\\/wp-content\\\/uploads\\\/2026\\\/08\\\/4b0cab15-6cd1-46ce-9a6f-4c9e79d53038.jpeg\",\"articleSection\":[\"Nacionales\",\"Noticias\"],\"inLanguage\":\"es\",\"potentialAction\":[{\"@type\":\"CommentAction\",\"name\":\"Comment\",\"target\":[\"https:\\\/\\\/quehacerpolitico.mx\\\/?p=132092#respond\"]}]},{\"@type\":\"WebPage\",\"@id\":\"https:\\\/\\\/quehacerpolitico.mx\\\/?p=132092\",\"url\":\"https:\\\/\\\/quehacerpolitico.mx\\\/?p=132092\",\"name\":\"El Quehacer Pol\u00edtico legislativo a trav\u00e9s de la opini\u00f3n del Lic Eden Lozano Meza desde la C\u00e1mara Alta\\\/\\\/\\\/EL CONGRESO CAMBIA DE SILLAS, PERO LA CIUDADAN\u00cdA SIGUE ESPERANDO -\",\"isPartOf\":{\"@id\":\"https:\\\/\\\/quehacerpolitico.mx\\\/#website\"},\"primaryImageOfPage\":{\"@id\":\"https:\\\/\\\/quehacerpolitico.mx\\\/?p=132092#primaryimage\"},\"image\":{\"@id\":\"https:\\\/\\\/quehacerpolitico.mx\\\/?p=132092#primaryimage\"},\"thumbnailUrl\":\"https:\\\/\\\/quehacerpolitico.mx\\\/wp-content\\\/uploads\\\/2026\\\/08\\\/4b0cab15-6cd1-46ce-9a6f-4c9e79d53038.jpeg\",\"datePublished\":\"2026-09-03T16:08:12+00:00\",\"dateModified\":\"2026-09-03T16:08:14+00:00\",\"author\":{\"@id\":\"https:\\\/\\\/quehacerpolitico.mx\\\/#\\\/schema\\\/person\\\/496d8ad2d1d3f8036101dca7ee39e585\"},\"breadcrumb\":{\"@id\":\"https:\\\/\\\/quehacerpolitico.mx\\\/?p=132092#breadcrumb\"},\"inLanguage\":\"es\",\"potentialAction\":[{\"@type\":\"ReadAction\",\"target\":[\"https:\\\/\\\/quehacerpolitico.mx\\\/?p=132092\"]}]},{\"@type\":\"ImageObject\",\"inLanguage\":\"es\",\"@id\":\"https:\\\/\\\/quehacerpolitico.mx\\\/?p=132092#primaryimage\",\"url\":\"https:\\\/\\\/quehacerpolitico.mx\\\/wp-content\\\/uploads\\\/2026\\\/08\\\/4b0cab15-6cd1-46ce-9a6f-4c9e79d53038.jpeg\",\"contentUrl\":\"https:\\\/\\\/quehacerpolitico.mx\\\/wp-content\\\/uploads\\\/2026\\\/08\\\/4b0cab15-6cd1-46ce-9a6f-4c9e79d53038.jpeg\",\"width\":963,\"height\":493},{\"@type\":\"BreadcrumbList\",\"@id\":\"https:\\\/\\\/quehacerpolitico.mx\\\/?p=132092#breadcrumb\",\"itemListElement\":[{\"@type\":\"ListItem\",\"position\":1,\"name\":\"Inicio\",\"item\":\"https:\\\/\\\/quehacerpolitico.mx\\\/\"},{\"@type\":\"ListItem\",\"position\":2,\"name\":\"El Quehacer Pol\u00edtico legislativo a trav\u00e9s de la opini\u00f3n del Lic Eden Lozano Meza desde la C\u00e1mara Alta\\\/\\\/\\\/EL CONGRESO CAMBIA DE SILLAS, PERO LA CIUDADAN\u00cdA SIGUE ESPERANDO\"}]},{\"@type\":\"WebSite\",\"@id\":\"https:\\\/\\\/quehacerpolitico.mx\\\/#website\",\"url\":\"https:\\\/\\\/quehacerpolitico.mx\\\/\",\"name\":\"\",\"description\":\"\",\"potentialAction\":[{\"@type\":\"SearchAction\",\"target\":{\"@type\":\"EntryPoint\",\"urlTemplate\":\"https:\\\/\\\/quehacerpolitico.mx\\\/?s={search_term_string}\"},\"query-input\":{\"@type\":\"PropertyValueSpecification\",\"valueRequired\":true,\"valueName\":\"search_term_string\"}}],\"inLanguage\":\"es\"},{\"@type\":\"Person\",\"@id\":\"https:\\\/\\\/quehacerpolitico.mx\\\/#\\\/schema\\\/person\\\/496d8ad2d1d3f8036101dca7ee39e585\",\"name\":\"Redacci\u00f3n QP\",\"image\":{\"@type\":\"ImageObject\",\"inLanguage\":\"es\",\"@id\":\"https:\\\/\\\/secure.gravatar.com\\\/avatar\\\/c7164ed6fdec453195284ad24a5ae5b6e1eed2b848477fa2a4787ba9adf39a41?s=96&d=mm&r=g\",\"url\":\"https:\\\/\\\/secure.gravatar.com\\\/avatar\\\/c7164ed6fdec453195284ad24a5ae5b6e1eed2b848477fa2a4787ba9adf39a41?s=96&d=mm&r=g\",\"contentUrl\":\"https:\\\/\\\/secure.gravatar.com\\\/avatar\\\/c7164ed6fdec453195284ad24a5ae5b6e1eed2b848477fa2a4787ba9adf39a41?s=96&d=mm&r=g\",\"caption\":\"Redacci\u00f3n QP\"},\"url\":\"https:\\\/\\\/quehacerpolitico.mx\\\/?author=2\"}]}<\/script>\n<!-- \/ Yoast SEO plugin. -->","yoast_head_json":{"title":"El Quehacer Pol\u00edtico legislativo a trav\u00e9s de la opini\u00f3n del Lic Eden Lozano Meza desde la C\u00e1mara Alta\/\/\/EL CONGRESO CAMBIA DE SILLAS, PERO LA CIUDADAN\u00cdA SIGUE ESPERANDO -","robots":{"index":"index","follow":"follow","max-snippet":"max-snippet:-1","max-image-preview":"max-image-preview:large","max-video-preview":"max-video-preview:-1"},"canonical":"https:\/\/quehacerpolitico.mx\/?p=132092","og_locale":"es_MX","og_type":"article","og_title":"El Quehacer Pol\u00edtico legislativo a trav\u00e9s de la opini\u00f3n del Lic Eden Lozano Meza desde la C\u00e1mara Alta\/\/\/EL CONGRESO CAMBIA DE SILLAS, PERO LA CIUDADAN\u00cdA SIGUE ESPERANDO -","og_description":"Por Lic Eden Lozano Meza Mientras diputados y senadores reparten posiciones, hacen cuentas para conservar...","og_url":"https:\/\/quehacerpolitico.mx\/?p=132092","article_published_time":"2026-09-03T16:08:12+00:00","article_modified_time":"2026-09-03T16:08:14+00:00","og_image":[{"width":963,"height":493,"url":"https:\/\/quehacerpolitico.mx\/wp-content\/uploads\/2026\/08\/4b0cab15-6cd1-46ce-9a6f-4c9e79d53038.jpeg","type":"image\/jpeg"}],"author":"Redacci\u00f3n QP","twitter_card":"summary_large_image","twitter_misc":{"Escrito por":"Redacci\u00f3n QP","Tiempo de lectura":"8 minutos"},"schema":{"@context":"https:\/\/schema.org","@graph":[{"@type":"Article","@id":"https:\/\/quehacerpolitico.mx\/?p=132092#article","isPartOf":{"@id":"https:\/\/quehacerpolitico.mx\/?p=132092"},"author":{"name":"Redacci\u00f3n QP","@id":"https:\/\/quehacerpolitico.mx\/#\/schema\/person\/496d8ad2d1d3f8036101dca7ee39e585"},"headline":"El Quehacer Pol\u00edtico legislativo a trav\u00e9s de la opini\u00f3n del Lic Eden Lozano Meza desde la C\u00e1mara Alta\/\/\/EL CONGRESO CAMBIA DE SILLAS, PERO LA CIUDADAN\u00cdA SIGUE ESPERANDO","datePublished":"2026-09-03T16:08:12+00:00","dateModified":"2026-09-03T16:08:14+00:00","mainEntityOfPage":{"@id":"https:\/\/quehacerpolitico.mx\/?p=132092"},"wordCount":1778,"commentCount":0,"image":{"@id":"https:\/\/quehacerpolitico.mx\/?p=132092#primaryimage"},"thumbnailUrl":"https:\/\/quehacerpolitico.mx\/wp-content\/uploads\/2026\/08\/4b0cab15-6cd1-46ce-9a6f-4c9e79d53038.jpeg","articleSection":["Nacionales","Noticias"],"inLanguage":"es","potentialAction":[{"@type":"CommentAction","name":"Comment","target":["https:\/\/quehacerpolitico.mx\/?p=132092#respond"]}]},{"@type":"WebPage","@id":"https:\/\/quehacerpolitico.mx\/?p=132092","url":"https:\/\/quehacerpolitico.mx\/?p=132092","name":"El Quehacer Pol\u00edtico legislativo a trav\u00e9s de la opini\u00f3n del Lic Eden Lozano Meza desde la C\u00e1mara Alta\/\/\/EL CONGRESO CAMBIA DE SILLAS, PERO LA CIUDADAN\u00cdA SIGUE ESPERANDO -","isPartOf":{"@id":"https:\/\/quehacerpolitico.mx\/#website"},"primaryImageOfPage":{"@id":"https:\/\/quehacerpolitico.mx\/?p=132092#primaryimage"},"image":{"@id":"https:\/\/quehacerpolitico.mx\/?p=132092#primaryimage"},"thumbnailUrl":"https:\/\/quehacerpolitico.mx\/wp-content\/uploads\/2026\/08\/4b0cab15-6cd1-46ce-9a6f-4c9e79d53038.jpeg","datePublished":"2026-09-03T16:08:12+00:00","dateModified":"2026-09-03T16:08:14+00:00","author":{"@id":"https:\/\/quehacerpolitico.mx\/#\/schema\/person\/496d8ad2d1d3f8036101dca7ee39e585"},"breadcrumb":{"@id":"https:\/\/quehacerpolitico.mx\/?p=132092#breadcrumb"},"inLanguage":"es","potentialAction":[{"@type":"ReadAction","target":["https:\/\/quehacerpolitico.mx\/?p=132092"]}]},{"@type":"ImageObject","inLanguage":"es","@id":"https:\/\/quehacerpolitico.mx\/?p=132092#primaryimage","url":"https:\/\/quehacerpolitico.mx\/wp-content\/uploads\/2026\/08\/4b0cab15-6cd1-46ce-9a6f-4c9e79d53038.jpeg","contentUrl":"https:\/\/quehacerpolitico.mx\/wp-content\/uploads\/2026\/08\/4b0cab15-6cd1-46ce-9a6f-4c9e79d53038.jpeg","width":963,"height":493},{"@type":"BreadcrumbList","@id":"https:\/\/quehacerpolitico.mx\/?p=132092#breadcrumb","itemListElement":[{"@type":"ListItem","position":1,"name":"Inicio","item":"https:\/\/quehacerpolitico.mx\/"},{"@type":"ListItem","position":2,"name":"El Quehacer Pol\u00edtico legislativo a trav\u00e9s de la opini\u00f3n del Lic Eden Lozano Meza desde la C\u00e1mara Alta\/\/\/EL CONGRESO CAMBIA DE SILLAS, PERO LA CIUDADAN\u00cdA SIGUE ESPERANDO"}]},{"@type":"WebSite","@id":"https:\/\/quehacerpolitico.mx\/#website","url":"https:\/\/quehacerpolitico.mx\/","name":"","description":"","potentialAction":[{"@type":"SearchAction","target":{"@type":"EntryPoint","urlTemplate":"https:\/\/quehacerpolitico.mx\/?s={search_term_string}"},"query-input":{"@type":"PropertyValueSpecification","valueRequired":true,"valueName":"search_term_string"}}],"inLanguage":"es"},{"@type":"Person","@id":"https:\/\/quehacerpolitico.mx\/#\/schema\/person\/496d8ad2d1d3f8036101dca7ee39e585","name":"Redacci\u00f3n QP","image":{"@type":"ImageObject","inLanguage":"es","@id":"https:\/\/secure.gravatar.com\/avatar\/c7164ed6fdec453195284ad24a5ae5b6e1eed2b848477fa2a4787ba9adf39a41?s=96&d=mm&r=g","url":"https:\/\/secure.gravatar.com\/avatar\/c7164ed6fdec453195284ad24a5ae5b6e1eed2b848477fa2a4787ba9adf39a41?s=96&d=mm&r=g","contentUrl":"https:\/\/secure.gravatar.com\/avatar\/c7164ed6fdec453195284ad24a5ae5b6e1eed2b848477fa2a4787ba9adf39a41?s=96&d=mm&r=g","caption":"Redacci\u00f3n QP"},"url":"https:\/\/quehacerpolitico.mx\/?author=2"}]}},"featured_image_urls":{"full":["https:\/\/quehacerpolitico.mx\/wp-content\/uploads\/2026\/08\/4b0cab15-6cd1-46ce-9a6f-4c9e79d53038.jpeg",963,493,false],"thumbnail":["https:\/\/quehacerpolitico.mx\/wp-content\/uploads\/2026\/08\/4b0cab15-6cd1-46ce-9a6f-4c9e79d53038-150x150.jpeg",150,150,true],"medium":["https:\/\/quehacerpolitico.mx\/wp-content\/uploads\/2026\/08\/4b0cab15-6cd1-46ce-9a6f-4c9e79d53038-300x154.jpeg",300,154,true],"medium_large":["https:\/\/quehacerpolitico.mx\/wp-content\/uploads\/2026\/08\/4b0cab15-6cd1-46ce-9a6f-4c9e79d53038-768x393.jpeg",640,328,true],"large":["https:\/\/quehacerpolitico.mx\/wp-content\/uploads\/2026\/08\/4b0cab15-6cd1-46ce-9a6f-4c9e79d53038.jpeg",640,328,false],"1536x1536":["https:\/\/quehacerpolitico.mx\/wp-content\/uploads\/2026\/08\/4b0cab15-6cd1-46ce-9a6f-4c9e79d53038.jpeg",963,493,false],"2048x2048":["https:\/\/quehacerpolitico.mx\/wp-content\/uploads\/2026\/08\/4b0cab15-6cd1-46ce-9a6f-4c9e79d53038.jpeg",963,493,false],"covernews-featured":["https:\/\/quehacerpolitico.mx\/wp-content\/uploads\/2026\/08\/4b0cab15-6cd1-46ce-9a6f-4c9e79d53038.jpeg",963,493,false],"covernews-medium":["https:\/\/quehacerpolitico.mx\/wp-content\/uploads\/2026\/08\/4b0cab15-6cd1-46ce-9a6f-4c9e79d53038-540x340.jpeg",540,340,true]},"author_info":{"display_name":"Redacci\u00f3n QP","author_link":"https:\/\/quehacerpolitico.mx\/?author=2"},"category_info":"<a href=\"https:\/\/quehacerpolitico.mx\/?cat=280\" rel=\"category\">Nacionales<\/a> <a href=\"https:\/\/quehacerpolitico.mx\/?cat=2\" rel=\"category\">Noticias<\/a>","tag_info":"Noticias","comment_count":"0","_links":{"self":[{"href":"https:\/\/quehacerpolitico.mx\/index.php?rest_route=\/wp\/v2\/posts\/132092","targetHints":{"allow":["GET"]}}],"collection":[{"href":"https:\/\/quehacerpolitico.mx\/index.php?rest_route=\/wp\/v2\/posts"}],"about":[{"href":"https:\/\/quehacerpolitico.mx\/index.php?rest_route=\/wp\/v2\/types\/post"}],"author":[{"embeddable":true,"href":"https:\/\/quehacerpolitico.mx\/index.php?rest_route=\/wp\/v2\/users\/2"}],"replies":[{"embeddable":true,"href":"https:\/\/quehacerpolitico.mx\/index.php?rest_route=%2Fwp%2Fv2%2Fcomments&post=132092"}],"version-history":[{"count":1,"href":"https:\/\/quehacerpolitico.mx\/index.php?rest_route=\/wp\/v2\/posts\/132092\/revisions"}],"predecessor-version":[{"id":132093,"href":"https:\/\/quehacerpolitico.mx\/index.php?rest_route=\/wp\/v2\/posts\/132092\/revisions\/132093"}],"wp:featuredmedia":[{"embeddable":true,"href":"https:\/\/quehacerpolitico.mx\/index.php?rest_route=\/wp\/v2\/media\/131930"}],"wp:attachment":[{"href":"https:\/\/quehacerpolitico.mx\/index.php?rest_route=%2Fwp%2Fv2%2Fmedia&parent=132092"}],"wp:term":[{"taxonomy":"category","embeddable":true,"href":"https:\/\/quehacerpolitico.mx\/index.php?rest_route=%2Fwp%2Fv2%2Fcategories&post=132092"},{"taxonomy":"post_tag","embeddable":true,"href":"https:\/\/quehacerpolitico.mx\/index.php?rest_route=%2Fwp%2Fv2%2Ftags&post=132092"}],"curies":[{"name":"wp","href":"https:\/\/api.w.org\/{rel}","templated":true}]}}