{"id":132089,"date":"2026-09-03T07:58:26","date_gmt":"2026-09-03T13:58:26","guid":{"rendered":"https:\/\/quehacerpolitico.mx\/?p=132089"},"modified":"2026-09-03T07:58:27","modified_gmt":"2026-09-03T13:58:27","slug":"el-quehacer-politico-a-traves-jose-alberto-prado-angeles-la-farsa-de-culiacan","status":"publish","type":"post","link":"https:\/\/quehacerpolitico.mx\/?p=132089","title":{"rendered":"El Quehacer Pol\u00edtico a trav\u00e9s\/\/\/Jose Alberto Prado Angeles\/\/\/LA FARSA DE CULIAC\u00c1N"},"content":{"rendered":"\n<p class=\"wp-block-paragraph\">Por Jos\u00e9 Alberto Prado Angeles <\/p>\n\n\n\n<p class=\"wp-block-paragraph\">Director General y Editor <\/p>\n\n\n\n<p class=\"wp-block-paragraph\">La renuncia, el regreso y la renuncia de Rub\u00e9n Rocha Moya no es una an\u00e9cdota sinaloense. Es la radiograf\u00eda del poder en Morena y el s\u00edntoma m\u00e1s claro de la crisis que ya no puede esconder la Cuarta Transformaci\u00f3n.<br>Recordemos los hechos en orden, porque importan:<br>1 de mayo de 2026: Rocha Moya pide licencia temporal al Congreso de Sinaloa para que la Fiscal\u00eda General lo investigue, despu\u00e9s de que Estados Unidos presentara se\u00f1alamientos por presuntos delitos de tr\u00e1fico de drogas y armas en beneficio de &#8220;Los Chapitos&#8221;, facci\u00f3n del C\u00e1rtel de Sinaloa. La oposici\u00f3n ya exig\u00eda su renuncia inmediata ante una solicitud de extradici\u00f3n emitida por EE.UU.. \ufffc<br>21 de agosto de 2026: Tras 112 d\u00edas fuera, reaparece. Anuncia que retoma formalmente sus funciones como gobernador constitucional, asegura que no cometi\u00f3 ning\u00fan delito y que la FGR no encontr\u00f3 nada contra \u00e9l. \ufffc<br>22 de agosto de 2026: Menos de 24 horas despu\u00e9s, da marcha atr\u00e1s. Vuelve a pedir licencia indefinida. &#8220;Sinaloa, la naci\u00f3n y el movimiento de transformaci\u00f3n est\u00e1n por encima de todo&#8221;, dice. En la versi\u00f3n m\u00e1s cruda de Reuters: un gobernador acusado de narco por EE.UU. vuelve a pedir licencia tras las cr\u00edticas por volver al cargo en un gesto desafiante. \ufffc<br>\u00bfPor qu\u00e9 ese regreso expr\u00e9s? Porque fue una prueba. Y la prueba fracas\u00f3.<br>1. La consecuencia para Morena: el fin de la impunidad selectiva<br>Morena construy\u00f3 su hegemon\u00eda bajo la premisa moral: &#8220;no somos iguales&#8221;. Rocha rompe esa ficci\u00f3n. Su caso ya no es defendible como &#8220;golpeteo medi\u00e1tico&#8221;. Es un gobernador se\u00f1alado por EE.UU. por narcotr\u00e1fico, que tuvo que irse, que intent\u00f3 regresar por la puerta de atr\u00e1s, y que fue frenado no por la oposici\u00f3n, sino por su propia presidenta. \ufffc<br>El da\u00f1o es doble. Hacia afuera, confirma que el partido toler\u00f3 hasta lo intolerable en Sinaloa. Hacia adentro, manda un mensaje brutal a los gobernadores: nadie tiene seguro su cargo si se convierte en pasivo electoral. La disciplina que antes garantizaba AMLO con un abrazo, hoy la impone Sheinbaum con el costo pol\u00edtico.<br>Morena entra as\u00ed en una fase in\u00e9dita: la purga ya no es opcional. Si no hay un deslinde real con personajes bajo sospecha, el caso Rocha ser\u00e1 el Ayotzinapa de este sexenio: la mancha que no se borra.<br>2. La consecuencia para Andy L\u00f3pez Beltr\u00e1n y para AMLO<br>Aqu\u00ed est\u00e1 el n\u00facleo. Rocha Moya no es un gobernador cualquiera. Es del primer c\u00edrculo del obradorismo. Fue el gobernador al que AMLO defendi\u00f3 hasta el final: &#8220;descarta renunciar tras las acusaciones de Estados Unidos de v\u00ednculos con el narco&#8221;. \ufffc<br>Y es operador clave del grupo que hoy controla Morena: el de Andr\u00e9s Manuel L\u00f3pez Beltr\u00e1n.<br>Andy ha construido su poder como secretario de Organizaci\u00f3n de Morena a partir de lealtades territoriales. Sinaloa era una de ellas. La ca\u00edda de Rocha es, por extensi\u00f3n, la primera derrota p\u00fablica del andysmo. Demuestra que su red de protecci\u00f3n no puede contra una acusaci\u00f3n internacional y contra Los Pinos \u2014ahora Palacio Nacional\u2014 cuando decide soltarle la mano.<br>Para Andr\u00e9s Manuel L\u00f3pez Obrador, el golpe es hist\u00f3rico y personal. Por primera vez, su palabra ya no alcanza para sostener a un aliado. Su narrativa de &#8220;todo es un complot de EE.UU.&#8221; choc\u00f3 con la necesidad de Sheinbaum de dar &#8220;se\u00f1ales contra la impunidad&#8221;, especialmente en la misma semana que el esc\u00e1ndalo de la Marina y el huachicol fiscal. El padre fundador ve c\u00f3mo su sucesora corrige, en p\u00fablico, lo que \u00e9l se neg\u00f3 a corregir. El obradorismo ya no es monol\u00edtico: hay un antes y un despu\u00e9s de Sinaloa. \ufffc<br>3. Lo que se le viene encima a Claudia Sheinbaum y a la pol\u00edtica mexicana<br>La presidenta hizo lo correcto, pero tarde y a empujones. Seg\u00fan El Pa\u00eds, Rocha pide licencia un d\u00eda despu\u00e9s de volver al cargo tras la desaprobaci\u00f3n de Sheinbaum. Eso significa que el regreso no estaba consensuado con ella. Alguien se le adelant\u00f3. Tuvo que desautorizarlo. \ufffc<br>Esa es la buena noticia para Sheinbaum: mostr\u00f3 autonom\u00eda y colmillo. La mala noticia es que exhibi\u00f3 que no controla del todo a Morena. Si un gobernador acusado por EE.UU. puede regresar por su cuenta un viernes, \u00bfqui\u00e9n m\u00e1s puede hacerlo?<br>Lo que viene es una tormenta perfecta:<br>a) La presi\u00f3n de Washington. EE.UU. ya no acusa a capos, acusa a gobernadores en funciones. La carpeta de Rocha es la punta de lanza. Vendr\u00e1n m\u00e1s.<br>b) La sucesi\u00f3n de 2027. Con Sinaloa ac\u00e9falo \u2014m\u00e1s de 30 d\u00edas sin gobernador ya generaban &#8220;incertidumbre&#8221;\u2014, Morena tendr\u00e1 que decidir si impone un interino de continuidad o si rompe con el rochismo. Cualquier opci\u00f3n divide al partido en el estado m\u00e1s violento del pa\u00eds. \ufffc<br>c) La prueba del Estado. M\u00e9xico no puede darse el lujo de tener estados donde el gobernador entra y sale como si fuera un tr\u00e1mite administrativo mientras el c\u00e1rtel gobierna. La farsa de las 24 horas de Rocha deja claro que la crisis de Sinaloa no es de gobernabilidad, es de legitimidad.<br>Rocha Moya crey\u00f3 que pod\u00eda renunciar para lavarse la cara, regresar para demostrar poder y renunciar de nuevo para fingir sacrificio. Lo que logr\u00f3 fue demostrar que el ciclo de protecci\u00f3n pol\u00edtica se acab\u00f3.<br>Morena ya no puede gobernar Sinaloa como si fuera un basti\u00f3n. Ahora tiene que reconquistarlo. Y Sheinbaum ya no puede gobernar M\u00e9xico cargando con los muertos pol\u00edticos de su antecesor. Tiene que enterrarlos.<\/p>\n\n\n\n<p class=\"wp-block-paragraph\">As\u00ed el Quehacer Pol\u00edtico Desde 1980, 46 a\u00f1os inquiriendo en la pol\u00edtica de M\u00e9xico, cuestionando, exponiendo, revelando y razonando.Es cuanto.<\/p>\n","protected":false},"excerpt":{"rendered":"<p>Por Jos\u00e9 Alberto Prado Angeles Director General y Editor La renuncia, el regreso y la&#8230;<\/p>\n","protected":false},"author":2,"featured_media":131576,"comment_status":"open","ping_status":"open","sticky":false,"template":"","format":"standard","meta":{"footnotes":""},"categories":[280,2],"tags":[],"class_list":["post-132089","post","type-post","status-publish","format-standard","has-post-thumbnail","hentry","category-nacionales","category-noticias"],"yoast_head":"<!-- This site is optimized with the Yoast SEO plugin v27.9 - https:\/\/yoast.com\/product\/yoast-seo-wordpress\/ -->\n<title>El Quehacer Pol\u00edtico a trav\u00e9s\/\/\/Jose Alberto Prado Angeles\/\/\/LA FARSA DE CULIAC\u00c1N -<\/title>\n<meta name=\"robots\" content=\"index, follow, max-snippet:-1, max-image-preview:large, max-video-preview:-1\" \/>\n<link rel=\"canonical\" href=\"https:\/\/quehacerpolitico.mx\/?p=132089\" \/>\n<meta property=\"og:locale\" content=\"es_MX\" \/>\n<meta property=\"og:type\" content=\"article\" \/>\n<meta property=\"og:title\" content=\"El Quehacer Pol\u00edtico a trav\u00e9s\/\/\/Jose Alberto Prado Angeles\/\/\/LA FARSA DE CULIAC\u00c1N -\" \/>\n<meta property=\"og:description\" content=\"Por Jos\u00e9 Alberto Prado Angeles Director General y Editor La renuncia, el regreso y la...\" \/>\n<meta property=\"og:url\" content=\"https:\/\/quehacerpolitico.mx\/?p=132089\" \/>\n<meta property=\"article:published_time\" content=\"2026-09-03T13:58:26+00:00\" \/>\n<meta property=\"article:modified_time\" content=\"2026-09-03T13:58:27+00:00\" \/>\n<meta property=\"og:image\" content=\"https:\/\/quehacerpolitico.mx\/wp-content\/uploads\/2026\/08\/921e0283-24ae-4908-b1ab-fa3ea0d47174.jpeg\" \/>\n\t<meta property=\"og:image:width\" content=\"963\" \/>\n\t<meta property=\"og:image:height\" content=\"493\" \/>\n\t<meta property=\"og:image:type\" content=\"image\/jpeg\" \/>\n<meta name=\"author\" content=\"Redacci\u00f3n QP\" \/>\n<meta name=\"twitter:card\" content=\"summary_large_image\" \/>\n<meta name=\"twitter:label1\" content=\"Escrito por\" \/>\n\t<meta name=\"twitter:data1\" content=\"Redacci\u00f3n QP\" \/>\n\t<meta name=\"twitter:label2\" content=\"Tiempo de lectura\" \/>\n\t<meta name=\"twitter:data2\" content=\"5 minutos\" \/>\n<script type=\"application\/ld+json\" class=\"yoast-schema-graph\">{\"@context\":\"https:\\\/\\\/schema.org\",\"@graph\":[{\"@type\":\"Article\",\"@id\":\"https:\\\/\\\/quehacerpolitico.mx\\\/?p=132089#article\",\"isPartOf\":{\"@id\":\"https:\\\/\\\/quehacerpolitico.mx\\\/?p=132089\"},\"author\":{\"name\":\"Redacci\u00f3n QP\",\"@id\":\"https:\\\/\\\/quehacerpolitico.mx\\\/#\\\/schema\\\/person\\\/496d8ad2d1d3f8036101dca7ee39e585\"},\"headline\":\"El Quehacer Pol\u00edtico a trav\u00e9s\\\/\\\/\\\/Jose Alberto Prado Angeles\\\/\\\/\\\/LA FARSA DE CULIAC\u00c1N\",\"datePublished\":\"2026-09-03T13:58:26+00:00\",\"dateModified\":\"2026-09-03T13:58:27+00:00\",\"mainEntityOfPage\":{\"@id\":\"https:\\\/\\\/quehacerpolitico.mx\\\/?p=132089\"},\"wordCount\":1013,\"commentCount\":0,\"image\":{\"@id\":\"https:\\\/\\\/quehacerpolitico.mx\\\/?p=132089#primaryimage\"},\"thumbnailUrl\":\"https:\\\/\\\/quehacerpolitico.mx\\\/wp-content\\\/uploads\\\/2026\\\/08\\\/921e0283-24ae-4908-b1ab-fa3ea0d47174.jpeg\",\"articleSection\":[\"Nacionales\",\"Noticias\"],\"inLanguage\":\"es\",\"potentialAction\":[{\"@type\":\"CommentAction\",\"name\":\"Comment\",\"target\":[\"https:\\\/\\\/quehacerpolitico.mx\\\/?p=132089#respond\"]}]},{\"@type\":\"WebPage\",\"@id\":\"https:\\\/\\\/quehacerpolitico.mx\\\/?p=132089\",\"url\":\"https:\\\/\\\/quehacerpolitico.mx\\\/?p=132089\",\"name\":\"El Quehacer Pol\u00edtico a trav\u00e9s\\\/\\\/\\\/Jose Alberto Prado Angeles\\\/\\\/\\\/LA FARSA DE CULIAC\u00c1N -\",\"isPartOf\":{\"@id\":\"https:\\\/\\\/quehacerpolitico.mx\\\/#website\"},\"primaryImageOfPage\":{\"@id\":\"https:\\\/\\\/quehacerpolitico.mx\\\/?p=132089#primaryimage\"},\"image\":{\"@id\":\"https:\\\/\\\/quehacerpolitico.mx\\\/?p=132089#primaryimage\"},\"thumbnailUrl\":\"https:\\\/\\\/quehacerpolitico.mx\\\/wp-content\\\/uploads\\\/2026\\\/08\\\/921e0283-24ae-4908-b1ab-fa3ea0d47174.jpeg\",\"datePublished\":\"2026-09-03T13:58:26+00:00\",\"dateModified\":\"2026-09-03T13:58:27+00:00\",\"author\":{\"@id\":\"https:\\\/\\\/quehacerpolitico.mx\\\/#\\\/schema\\\/person\\\/496d8ad2d1d3f8036101dca7ee39e585\"},\"breadcrumb\":{\"@id\":\"https:\\\/\\\/quehacerpolitico.mx\\\/?p=132089#breadcrumb\"},\"inLanguage\":\"es\",\"potentialAction\":[{\"@type\":\"ReadAction\",\"target\":[\"https:\\\/\\\/quehacerpolitico.mx\\\/?p=132089\"]}]},{\"@type\":\"ImageObject\",\"inLanguage\":\"es\",\"@id\":\"https:\\\/\\\/quehacerpolitico.mx\\\/?p=132089#primaryimage\",\"url\":\"https:\\\/\\\/quehacerpolitico.mx\\\/wp-content\\\/uploads\\\/2026\\\/08\\\/921e0283-24ae-4908-b1ab-fa3ea0d47174.jpeg\",\"contentUrl\":\"https:\\\/\\\/quehacerpolitico.mx\\\/wp-content\\\/uploads\\\/2026\\\/08\\\/921e0283-24ae-4908-b1ab-fa3ea0d47174.jpeg\",\"width\":963,\"height\":493},{\"@type\":\"BreadcrumbList\",\"@id\":\"https:\\\/\\\/quehacerpolitico.mx\\\/?p=132089#breadcrumb\",\"itemListElement\":[{\"@type\":\"ListItem\",\"position\":1,\"name\":\"Inicio\",\"item\":\"https:\\\/\\\/quehacerpolitico.mx\\\/\"},{\"@type\":\"ListItem\",\"position\":2,\"name\":\"El Quehacer Pol\u00edtico a trav\u00e9s\\\/\\\/\\\/Jose Alberto Prado Angeles\\\/\\\/\\\/LA FARSA DE CULIAC\u00c1N\"}]},{\"@type\":\"WebSite\",\"@id\":\"https:\\\/\\\/quehacerpolitico.mx\\\/#website\",\"url\":\"https:\\\/\\\/quehacerpolitico.mx\\\/\",\"name\":\"\",\"description\":\"\",\"potentialAction\":[{\"@type\":\"SearchAction\",\"target\":{\"@type\":\"EntryPoint\",\"urlTemplate\":\"https:\\\/\\\/quehacerpolitico.mx\\\/?s={search_term_string}\"},\"query-input\":{\"@type\":\"PropertyValueSpecification\",\"valueRequired\":true,\"valueName\":\"search_term_string\"}}],\"inLanguage\":\"es\"},{\"@type\":\"Person\",\"@id\":\"https:\\\/\\\/quehacerpolitico.mx\\\/#\\\/schema\\\/person\\\/496d8ad2d1d3f8036101dca7ee39e585\",\"name\":\"Redacci\u00f3n QP\",\"image\":{\"@type\":\"ImageObject\",\"inLanguage\":\"es\",\"@id\":\"https:\\\/\\\/secure.gravatar.com\\\/avatar\\\/c7164ed6fdec453195284ad24a5ae5b6e1eed2b848477fa2a4787ba9adf39a41?s=96&d=mm&r=g\",\"url\":\"https:\\\/\\\/secure.gravatar.com\\\/avatar\\\/c7164ed6fdec453195284ad24a5ae5b6e1eed2b848477fa2a4787ba9adf39a41?s=96&d=mm&r=g\",\"contentUrl\":\"https:\\\/\\\/secure.gravatar.com\\\/avatar\\\/c7164ed6fdec453195284ad24a5ae5b6e1eed2b848477fa2a4787ba9adf39a41?s=96&d=mm&r=g\",\"caption\":\"Redacci\u00f3n QP\"},\"url\":\"https:\\\/\\\/quehacerpolitico.mx\\\/?author=2\"}]}<\/script>\n<!-- \/ Yoast SEO plugin. -->","yoast_head_json":{"title":"El Quehacer Pol\u00edtico a trav\u00e9s\/\/\/Jose Alberto Prado Angeles\/\/\/LA FARSA DE CULIAC\u00c1N -","robots":{"index":"index","follow":"follow","max-snippet":"max-snippet:-1","max-image-preview":"max-image-preview:large","max-video-preview":"max-video-preview:-1"},"canonical":"https:\/\/quehacerpolitico.mx\/?p=132089","og_locale":"es_MX","og_type":"article","og_title":"El Quehacer Pol\u00edtico a trav\u00e9s\/\/\/Jose Alberto Prado Angeles\/\/\/LA FARSA DE CULIAC\u00c1N -","og_description":"Por Jos\u00e9 Alberto Prado Angeles Director General y Editor La renuncia, el regreso y la...","og_url":"https:\/\/quehacerpolitico.mx\/?p=132089","article_published_time":"2026-09-03T13:58:26+00:00","article_modified_time":"2026-09-03T13:58:27+00:00","og_image":[{"width":963,"height":493,"url":"https:\/\/quehacerpolitico.mx\/wp-content\/uploads\/2026\/08\/921e0283-24ae-4908-b1ab-fa3ea0d47174.jpeg","type":"image\/jpeg"}],"author":"Redacci\u00f3n QP","twitter_card":"summary_large_image","twitter_misc":{"Escrito por":"Redacci\u00f3n QP","Tiempo de lectura":"5 minutos"},"schema":{"@context":"https:\/\/schema.org","@graph":[{"@type":"Article","@id":"https:\/\/quehacerpolitico.mx\/?p=132089#article","isPartOf":{"@id":"https:\/\/quehacerpolitico.mx\/?p=132089"},"author":{"name":"Redacci\u00f3n QP","@id":"https:\/\/quehacerpolitico.mx\/#\/schema\/person\/496d8ad2d1d3f8036101dca7ee39e585"},"headline":"El Quehacer Pol\u00edtico a trav\u00e9s\/\/\/Jose Alberto Prado Angeles\/\/\/LA FARSA DE CULIAC\u00c1N","datePublished":"2026-09-03T13:58:26+00:00","dateModified":"2026-09-03T13:58:27+00:00","mainEntityOfPage":{"@id":"https:\/\/quehacerpolitico.mx\/?p=132089"},"wordCount":1013,"commentCount":0,"image":{"@id":"https:\/\/quehacerpolitico.mx\/?p=132089#primaryimage"},"thumbnailUrl":"https:\/\/quehacerpolitico.mx\/wp-content\/uploads\/2026\/08\/921e0283-24ae-4908-b1ab-fa3ea0d47174.jpeg","articleSection":["Nacionales","Noticias"],"inLanguage":"es","potentialAction":[{"@type":"CommentAction","name":"Comment","target":["https:\/\/quehacerpolitico.mx\/?p=132089#respond"]}]},{"@type":"WebPage","@id":"https:\/\/quehacerpolitico.mx\/?p=132089","url":"https:\/\/quehacerpolitico.mx\/?p=132089","name":"El Quehacer Pol\u00edtico a trav\u00e9s\/\/\/Jose Alberto Prado Angeles\/\/\/LA FARSA DE CULIAC\u00c1N -","isPartOf":{"@id":"https:\/\/quehacerpolitico.mx\/#website"},"primaryImageOfPage":{"@id":"https:\/\/quehacerpolitico.mx\/?p=132089#primaryimage"},"image":{"@id":"https:\/\/quehacerpolitico.mx\/?p=132089#primaryimage"},"thumbnailUrl":"https:\/\/quehacerpolitico.mx\/wp-content\/uploads\/2026\/08\/921e0283-24ae-4908-b1ab-fa3ea0d47174.jpeg","datePublished":"2026-09-03T13:58:26+00:00","dateModified":"2026-09-03T13:58:27+00:00","author":{"@id":"https:\/\/quehacerpolitico.mx\/#\/schema\/person\/496d8ad2d1d3f8036101dca7ee39e585"},"breadcrumb":{"@id":"https:\/\/quehacerpolitico.mx\/?p=132089#breadcrumb"},"inLanguage":"es","potentialAction":[{"@type":"ReadAction","target":["https:\/\/quehacerpolitico.mx\/?p=132089"]}]},{"@type":"ImageObject","inLanguage":"es","@id":"https:\/\/quehacerpolitico.mx\/?p=132089#primaryimage","url":"https:\/\/quehacerpolitico.mx\/wp-content\/uploads\/2026\/08\/921e0283-24ae-4908-b1ab-fa3ea0d47174.jpeg","contentUrl":"https:\/\/quehacerpolitico.mx\/wp-content\/uploads\/2026\/08\/921e0283-24ae-4908-b1ab-fa3ea0d47174.jpeg","width":963,"height":493},{"@type":"BreadcrumbList","@id":"https:\/\/quehacerpolitico.mx\/?p=132089#breadcrumb","itemListElement":[{"@type":"ListItem","position":1,"name":"Inicio","item":"https:\/\/quehacerpolitico.mx\/"},{"@type":"ListItem","position":2,"name":"El Quehacer Pol\u00edtico a trav\u00e9s\/\/\/Jose Alberto Prado Angeles\/\/\/LA FARSA DE CULIAC\u00c1N"}]},{"@type":"WebSite","@id":"https:\/\/quehacerpolitico.mx\/#website","url":"https:\/\/quehacerpolitico.mx\/","name":"","description":"","potentialAction":[{"@type":"SearchAction","target":{"@type":"EntryPoint","urlTemplate":"https:\/\/quehacerpolitico.mx\/?s={search_term_string}"},"query-input":{"@type":"PropertyValueSpecification","valueRequired":true,"valueName":"search_term_string"}}],"inLanguage":"es"},{"@type":"Person","@id":"https:\/\/quehacerpolitico.mx\/#\/schema\/person\/496d8ad2d1d3f8036101dca7ee39e585","name":"Redacci\u00f3n QP","image":{"@type":"ImageObject","inLanguage":"es","@id":"https:\/\/secure.gravatar.com\/avatar\/c7164ed6fdec453195284ad24a5ae5b6e1eed2b848477fa2a4787ba9adf39a41?s=96&d=mm&r=g","url":"https:\/\/secure.gravatar.com\/avatar\/c7164ed6fdec453195284ad24a5ae5b6e1eed2b848477fa2a4787ba9adf39a41?s=96&d=mm&r=g","contentUrl":"https:\/\/secure.gravatar.com\/avatar\/c7164ed6fdec453195284ad24a5ae5b6e1eed2b848477fa2a4787ba9adf39a41?s=96&d=mm&r=g","caption":"Redacci\u00f3n QP"},"url":"https:\/\/quehacerpolitico.mx\/?author=2"}]}},"featured_image_urls":{"full":["https:\/\/quehacerpolitico.mx\/wp-content\/uploads\/2026\/08\/921e0283-24ae-4908-b1ab-fa3ea0d47174.jpeg",963,493,false],"thumbnail":["https:\/\/quehacerpolitico.mx\/wp-content\/uploads\/2026\/08\/921e0283-24ae-4908-b1ab-fa3ea0d47174-150x150.jpeg",150,150,true],"medium":["https:\/\/quehacerpolitico.mx\/wp-content\/uploads\/2026\/08\/921e0283-24ae-4908-b1ab-fa3ea0d47174-300x154.jpeg",300,154,true],"medium_large":["https:\/\/quehacerpolitico.mx\/wp-content\/uploads\/2026\/08\/921e0283-24ae-4908-b1ab-fa3ea0d47174-768x393.jpeg",640,328,true],"large":["https:\/\/quehacerpolitico.mx\/wp-content\/uploads\/2026\/08\/921e0283-24ae-4908-b1ab-fa3ea0d47174.jpeg",640,328,false],"1536x1536":["https:\/\/quehacerpolitico.mx\/wp-content\/uploads\/2026\/08\/921e0283-24ae-4908-b1ab-fa3ea0d47174.jpeg",963,493,false],"2048x2048":["https:\/\/quehacerpolitico.mx\/wp-content\/uploads\/2026\/08\/921e0283-24ae-4908-b1ab-fa3ea0d47174.jpeg",963,493,false],"covernews-featured":["https:\/\/quehacerpolitico.mx\/wp-content\/uploads\/2026\/08\/921e0283-24ae-4908-b1ab-fa3ea0d47174.jpeg",963,493,false],"covernews-medium":["https:\/\/quehacerpolitico.mx\/wp-content\/uploads\/2026\/08\/921e0283-24ae-4908-b1ab-fa3ea0d47174-540x340.jpeg",540,340,true]},"author_info":{"display_name":"Redacci\u00f3n QP","author_link":"https:\/\/quehacerpolitico.mx\/?author=2"},"category_info":"<a href=\"https:\/\/quehacerpolitico.mx\/?cat=280\" rel=\"category\">Nacionales<\/a> <a href=\"https:\/\/quehacerpolitico.mx\/?cat=2\" rel=\"category\">Noticias<\/a>","tag_info":"Noticias","comment_count":"0","_links":{"self":[{"href":"https:\/\/quehacerpolitico.mx\/index.php?rest_route=\/wp\/v2\/posts\/132089","targetHints":{"allow":["GET"]}}],"collection":[{"href":"https:\/\/quehacerpolitico.mx\/index.php?rest_route=\/wp\/v2\/posts"}],"about":[{"href":"https:\/\/quehacerpolitico.mx\/index.php?rest_route=\/wp\/v2\/types\/post"}],"author":[{"embeddable":true,"href":"https:\/\/quehacerpolitico.mx\/index.php?rest_route=\/wp\/v2\/users\/2"}],"replies":[{"embeddable":true,"href":"https:\/\/quehacerpolitico.mx\/index.php?rest_route=%2Fwp%2Fv2%2Fcomments&post=132089"}],"version-history":[{"count":1,"href":"https:\/\/quehacerpolitico.mx\/index.php?rest_route=\/wp\/v2\/posts\/132089\/revisions"}],"predecessor-version":[{"id":132090,"href":"https:\/\/quehacerpolitico.mx\/index.php?rest_route=\/wp\/v2\/posts\/132089\/revisions\/132090"}],"wp:featuredmedia":[{"embeddable":true,"href":"https:\/\/quehacerpolitico.mx\/index.php?rest_route=\/wp\/v2\/media\/131576"}],"wp:attachment":[{"href":"https:\/\/quehacerpolitico.mx\/index.php?rest_route=%2Fwp%2Fv2%2Fmedia&parent=132089"}],"wp:term":[{"taxonomy":"category","embeddable":true,"href":"https:\/\/quehacerpolitico.mx\/index.php?rest_route=%2Fwp%2Fv2%2Fcategories&post=132089"},{"taxonomy":"post_tag","embeddable":true,"href":"https:\/\/quehacerpolitico.mx\/index.php?rest_route=%2Fwp%2Fv2%2Ftags&post=132089"}],"curies":[{"name":"wp","href":"https:\/\/api.w.org\/{rel}","templated":true}]}}