{"id":132085,"date":"2026-09-02T22:09:22","date_gmt":"2026-09-03T04:09:22","guid":{"rendered":"https:\/\/quehacerpolitico.mx\/?p=132085"},"modified":"2026-09-02T22:09:25","modified_gmt":"2026-09-03T04:09:25","slug":"lord-polanco-quien-es-el-joven-que-se-volvio-viral-tras-choque-con-taxista","status":"publish","type":"post","link":"https:\/\/quehacerpolitico.mx\/?p=132085","title":{"rendered":"&#8216;Lord Polanco&#8217;: qui\u00e9n es el joven que se volvi\u00f3 viral tras choque con taxista"},"content":{"rendered":"\n<p class=\"wp-block-paragraph\">Por Redacci\u00f3n QP<\/p>\n\n\n\n<p class=\"wp-block-paragraph\">Un incidente vial en una de las zonas m\u00e1s conocidas de CDMX termin\u00f3 causando revuelo en redes.<\/p>\n\n\n\n<p class=\"wp-block-paragraph\">Un accidente vial ocurrido en la zona de Polanco, en la Ciudad de M\u00e9xico, termin\u00f3 convirti\u00e9ndose en un fen\u00f3meno viral luego de que se difundiera un video en el que un automovilista aparece discutiendo con el conductor de un veh\u00edculo utilizado para prestar servicio mediante una plataforma de transporte.<\/p>\n\n\n\n<p class=\"wp-block-paragraph\">Los hechos habr\u00edan ocurrido durante la noche del domingo 30 de agosto en la colonia Polanco I Secci\u00f3n, alcald\u00eda Miguel Hidalgo. De acuerdo con los reportes difundidos por distintos medios,&nbsp;<mark><strong>el conductor de un autom\u00f3vil de alta gama habr\u00eda impactado contra la unidad de transporte tras un percance vial.<\/strong><\/mark><\/p>\n\n\n\n<figure class=\"wp-block-embed is-type-video is-provider-youtube wp-block-embed-youtube wp-embed-aspect-9-16 wp-has-aspect-ratio\"><div class=\"wp-block-embed__wrapper\">\n<iframe loading=\"lazy\" title=\"&quot;Lord Polanco&quot; presume ser \u201cmuy influyente\u201d tras choque en auto de lujo #shorts\" width=\"540\" height=\"960\" src=\"https:\/\/www.youtube.com\/embed\/vGW5qG6jCRc?feature=oembed\" frameborder=\"0\" allow=\"accelerometer; autoplay; clipboard-write; encrypted-media; gyroscope; picture-in-picture; web-share\" referrerpolicy=\"strict-origin-when-cross-origin\" allowfullscreen><\/iframe>\n<\/div><\/figure>\n\n\n\n<p class=\"wp-block-paragraph\">Lo que llam\u00f3 la atenci\u00f3n no fue \u00fanicamente el choque, sino la discusi\u00f3n que ocurri\u00f3 posteriormente.<\/p>\n\n\n\n<p class=\"wp-block-paragraph\">En las im\u00e1genes que circulan en redes sociales se observa al automovilista enfrentarse verbalmente con el otro conductor, quien aparentemente le solicitaba resolver el incidente mediante la aseguradora correspondiente. Durante el intercambio, el hombre lanz\u00f3 expresiones intimidatorias, entre ellas una que r\u00e1pidamente se convirti\u00f3 en el elemento m\u00e1s compartido del video:\u00a0<mark><strong>\u201cNo sabes qui\u00e9n soy\u201d.<\/strong><\/mark><\/p>\n\n\n\n<p class=\"wp-block-paragraph\">La discusi\u00f3n tambi\u00e9n habr\u00eda contado con la participaci\u00f3n de un acompa\u00f1ante del automovilista, quien igualmente lanz\u00f3 insultos contra el conductor afectado.<\/p>\n\n\n\n<p class=\"wp-block-paragraph\">Seg\u00fan las versiones que acompa\u00f1an la grabaci\u00f3n, el hombre se\u00f1alado como responsable habr\u00eda mostrado aparentes&nbsp;<mark><strong>signos de encontrarse bajo los efectos del alcohol<\/strong><\/mark>&nbsp;y posteriormente se habr\u00eda retirado del sitio sin resolver en ese momento el pago de los da\u00f1os. No obstante, hasta ahora no existe informaci\u00f3n p\u00fablica suficiente para establecer de manera independiente su identidad o confirmar oficialmente que conduc\u00eda en estado de ebriedad.<\/p>\n\n\n\n<h3 class=\"wp-block-heading\">\u00bfPor qu\u00e9 lo llaman \u201cLord Polanco\u201d?<\/h3>\n\n\n\n<p class=\"wp-block-paragraph\">Como ocurre con otros casos similares que se vuelven virales en M\u00e9xico, usuarios de redes sociales comenzaron a utilizar el t\u00e9rmino \u201cLord\u201d acompa\u00f1ado del lugar donde ocurri\u00f3 el incidente. As\u00ed surgi\u00f3 el apodo de \u201cLord Polanco\u201d, utilizado para referirse al automovilista protagonista de la grabaci\u00f3n.<\/p>\n\n\n\n<p class=\"wp-block-paragraph\">La difusi\u00f3n del video provoc\u00f3 cr\u00edticas hacia la actitud mostrada durante el conflicto y llev\u00f3 a usuarios de redes sociales a pedir que el involucrado fuera identificado y respondiera por los da\u00f1os ocasionados.<\/p>\n\n\n\n<p class=\"wp-block-paragraph\">M\u00e1s all\u00e1 del fen\u00f3meno viral, el caso volvi\u00f3 a poner en discusi\u00f3n el comportamiento de algunos automovilistas despu\u00e9s de un accidente y la importancia de resolver este tipo de hechos por las v\u00edas correspondientes, particularmente mediante las aseguradoras y las autoridades competentes, en lugar de recurrir a amenazas o confrontaciones.<\/p>\n\n\n\n<figure class=\"wp-block-embed is-type-video is-provider-youtube wp-block-embed-youtube wp-embed-aspect-16-9 wp-has-aspect-ratio\"><div class=\"wp-block-embed__wrapper\">\n<iframe loading=\"lazy\" title=\"Lord Polanco choca contra un auto de Uber y discute por el pago de los da\u00f1os\" width=\"640\" height=\"360\" src=\"https:\/\/www.youtube.com\/embed\/h5d3ZbSRCSg?feature=oembed\" frameborder=\"0\" allow=\"accelerometer; autoplay; clipboard-write; encrypted-media; gyroscope; picture-in-picture; web-share\" referrerpolicy=\"strict-origin-when-cross-origin\" allowfullscreen><\/iframe>\n<\/div><\/figure>\n\n\n\n<h3 class=\"wp-block-heading\">\u00bfYa fue identificado? Esto se sabe<\/h3>\n\n\n\n<p class=\"wp-block-paragraph\">La identidad de \u201cLord Polanco\u201d no ha sido confirmada oficialmente por las autoridades. Tampoco se ha informado p\u00fablicamente sobre una posible detenci\u00f3n, denuncia formal o acuerdo para reparar los da\u00f1os derivados del accidente.<\/p>\n\n\n\n<p class=\"wp-block-paragraph\">El video contin\u00faa circulando en redes sociales, mientras \u201cLord Polanco\u201d se suma a la lista de personajes que han adquirido notoriedad en internet a partir de una conducta captada en la v\u00eda p\u00fablica<\/p>\n","protected":false},"excerpt":{"rendered":"<p>Por Redacci\u00f3n QP Un incidente vial en una de las zonas m\u00e1s conocidas de CDMX&#8230;<\/p>\n","protected":false},"author":2,"featured_media":132086,"comment_status":"open","ping_status":"open","sticky":false,"template":"","format":"standard","meta":{"footnotes":""},"categories":[55],"tags":[],"class_list":["post-132085","post","type-post","status-publish","format-standard","has-post-thumbnail","hentry","category-cdmx"],"yoast_head":"<!-- This site is optimized with the Yoast SEO plugin v27.9 - https:\/\/yoast.com\/product\/yoast-seo-wordpress\/ -->\n<title>&#039;Lord Polanco&#039;: qui\u00e9n es el joven que se volvi\u00f3 viral tras choque con taxista -<\/title>\n<meta name=\"robots\" content=\"index, follow, max-snippet:-1, max-image-preview:large, max-video-preview:-1\" \/>\n<link rel=\"canonical\" href=\"https:\/\/quehacerpolitico.mx\/?p=132085\" \/>\n<meta property=\"og:locale\" content=\"es_MX\" \/>\n<meta property=\"og:type\" content=\"article\" \/>\n<meta property=\"og:title\" content=\"&#039;Lord Polanco&#039;: qui\u00e9n es el joven que se volvi\u00f3 viral tras choque con taxista -\" \/>\n<meta property=\"og:description\" content=\"Por Redacci\u00f3n QP Un incidente vial en una de las zonas m\u00e1s conocidas de CDMX...\" \/>\n<meta property=\"og:url\" content=\"https:\/\/quehacerpolitico.mx\/?p=132085\" \/>\n<meta property=\"article:published_time\" content=\"2026-09-03T04:09:22+00:00\" \/>\n<meta property=\"article:modified_time\" content=\"2026-09-03T04:09:25+00:00\" \/>\n<meta property=\"og:image\" content=\"https:\/\/quehacerpolitico.mx\/wp-content\/uploads\/2026\/09\/IMG_9876.webp\" \/>\n\t<meta property=\"og:image:width\" content=\"355\" \/>\n\t<meta property=\"og:image:height\" content=\"223\" \/>\n\t<meta property=\"og:image:type\" content=\"image\/webp\" \/>\n<meta name=\"author\" content=\"Redacci\u00f3n QP\" \/>\n<meta name=\"twitter:card\" content=\"summary_large_image\" \/>\n<meta name=\"twitter:label1\" content=\"Escrito por\" \/>\n\t<meta name=\"twitter:data1\" content=\"Redacci\u00f3n QP\" \/>\n\t<meta name=\"twitter:label2\" content=\"Tiempo de lectura\" \/>\n\t<meta name=\"twitter:data2\" content=\"3 minutos\" \/>\n<script type=\"application\/ld+json\" class=\"yoast-schema-graph\">{\"@context\":\"https:\\\/\\\/schema.org\",\"@graph\":[{\"@type\":\"Article\",\"@id\":\"https:\\\/\\\/quehacerpolitico.mx\\\/?p=132085#article\",\"isPartOf\":{\"@id\":\"https:\\\/\\\/quehacerpolitico.mx\\\/?p=132085\"},\"author\":{\"name\":\"Redacci\u00f3n QP\",\"@id\":\"https:\\\/\\\/quehacerpolitico.mx\\\/#\\\/schema\\\/person\\\/496d8ad2d1d3f8036101dca7ee39e585\"},\"headline\":\"&#8216;Lord Polanco&#8217;: qui\u00e9n es el joven que se volvi\u00f3 viral tras choque con taxista\",\"datePublished\":\"2026-09-03T04:09:22+00:00\",\"dateModified\":\"2026-09-03T04:09:25+00:00\",\"mainEntityOfPage\":{\"@id\":\"https:\\\/\\\/quehacerpolitico.mx\\\/?p=132085\"},\"wordCount\":566,\"commentCount\":0,\"image\":{\"@id\":\"https:\\\/\\\/quehacerpolitico.mx\\\/?p=132085#primaryimage\"},\"thumbnailUrl\":\"https:\\\/\\\/quehacerpolitico.mx\\\/wp-content\\\/uploads\\\/2026\\\/09\\\/IMG_9876.webp\",\"articleSection\":[\"CDMX\"],\"inLanguage\":\"es\",\"potentialAction\":[{\"@type\":\"CommentAction\",\"name\":\"Comment\",\"target\":[\"https:\\\/\\\/quehacerpolitico.mx\\\/?p=132085#respond\"]}]},{\"@type\":\"WebPage\",\"@id\":\"https:\\\/\\\/quehacerpolitico.mx\\\/?p=132085\",\"url\":\"https:\\\/\\\/quehacerpolitico.mx\\\/?p=132085\",\"name\":\"'Lord Polanco': qui\u00e9n es el joven que se volvi\u00f3 viral tras choque con taxista -\",\"isPartOf\":{\"@id\":\"https:\\\/\\\/quehacerpolitico.mx\\\/#website\"},\"primaryImageOfPage\":{\"@id\":\"https:\\\/\\\/quehacerpolitico.mx\\\/?p=132085#primaryimage\"},\"image\":{\"@id\":\"https:\\\/\\\/quehacerpolitico.mx\\\/?p=132085#primaryimage\"},\"thumbnailUrl\":\"https:\\\/\\\/quehacerpolitico.mx\\\/wp-content\\\/uploads\\\/2026\\\/09\\\/IMG_9876.webp\",\"datePublished\":\"2026-09-03T04:09:22+00:00\",\"dateModified\":\"2026-09-03T04:09:25+00:00\",\"author\":{\"@id\":\"https:\\\/\\\/quehacerpolitico.mx\\\/#\\\/schema\\\/person\\\/496d8ad2d1d3f8036101dca7ee39e585\"},\"breadcrumb\":{\"@id\":\"https:\\\/\\\/quehacerpolitico.mx\\\/?p=132085#breadcrumb\"},\"inLanguage\":\"es\",\"potentialAction\":[{\"@type\":\"ReadAction\",\"target\":[\"https:\\\/\\\/quehacerpolitico.mx\\\/?p=132085\"]}]},{\"@type\":\"ImageObject\",\"inLanguage\":\"es\",\"@id\":\"https:\\\/\\\/quehacerpolitico.mx\\\/?p=132085#primaryimage\",\"url\":\"https:\\\/\\\/quehacerpolitico.mx\\\/wp-content\\\/uploads\\\/2026\\\/09\\\/IMG_9876.webp\",\"contentUrl\":\"https:\\\/\\\/quehacerpolitico.mx\\\/wp-content\\\/uploads\\\/2026\\\/09\\\/IMG_9876.webp\",\"width\":355,\"height\":223},{\"@type\":\"BreadcrumbList\",\"@id\":\"https:\\\/\\\/quehacerpolitico.mx\\\/?p=132085#breadcrumb\",\"itemListElement\":[{\"@type\":\"ListItem\",\"position\":1,\"name\":\"Inicio\",\"item\":\"https:\\\/\\\/quehacerpolitico.mx\\\/\"},{\"@type\":\"ListItem\",\"position\":2,\"name\":\"&#8216;Lord Polanco&#8217;: qui\u00e9n es el joven que se volvi\u00f3 viral tras choque con taxista\"}]},{\"@type\":\"WebSite\",\"@id\":\"https:\\\/\\\/quehacerpolitico.mx\\\/#website\",\"url\":\"https:\\\/\\\/quehacerpolitico.mx\\\/\",\"name\":\"\",\"description\":\"\",\"potentialAction\":[{\"@type\":\"SearchAction\",\"target\":{\"@type\":\"EntryPoint\",\"urlTemplate\":\"https:\\\/\\\/quehacerpolitico.mx\\\/?s={search_term_string}\"},\"query-input\":{\"@type\":\"PropertyValueSpecification\",\"valueRequired\":true,\"valueName\":\"search_term_string\"}}],\"inLanguage\":\"es\"},{\"@type\":\"Person\",\"@id\":\"https:\\\/\\\/quehacerpolitico.mx\\\/#\\\/schema\\\/person\\\/496d8ad2d1d3f8036101dca7ee39e585\",\"name\":\"Redacci\u00f3n QP\",\"image\":{\"@type\":\"ImageObject\",\"inLanguage\":\"es\",\"@id\":\"https:\\\/\\\/secure.gravatar.com\\\/avatar\\\/c7164ed6fdec453195284ad24a5ae5b6e1eed2b848477fa2a4787ba9adf39a41?s=96&d=mm&r=g\",\"url\":\"https:\\\/\\\/secure.gravatar.com\\\/avatar\\\/c7164ed6fdec453195284ad24a5ae5b6e1eed2b848477fa2a4787ba9adf39a41?s=96&d=mm&r=g\",\"contentUrl\":\"https:\\\/\\\/secure.gravatar.com\\\/avatar\\\/c7164ed6fdec453195284ad24a5ae5b6e1eed2b848477fa2a4787ba9adf39a41?s=96&d=mm&r=g\",\"caption\":\"Redacci\u00f3n QP\"},\"url\":\"https:\\\/\\\/quehacerpolitico.mx\\\/?author=2\"}]}<\/script>\n<!-- \/ Yoast SEO plugin. -->","yoast_head_json":{"title":"'Lord Polanco': qui\u00e9n es el joven que se volvi\u00f3 viral tras choque con taxista -","robots":{"index":"index","follow":"follow","max-snippet":"max-snippet:-1","max-image-preview":"max-image-preview:large","max-video-preview":"max-video-preview:-1"},"canonical":"https:\/\/quehacerpolitico.mx\/?p=132085","og_locale":"es_MX","og_type":"article","og_title":"'Lord Polanco': qui\u00e9n es el joven que se volvi\u00f3 viral tras choque con taxista -","og_description":"Por Redacci\u00f3n QP Un incidente vial en una de las zonas m\u00e1s conocidas de CDMX...","og_url":"https:\/\/quehacerpolitico.mx\/?p=132085","article_published_time":"2026-09-03T04:09:22+00:00","article_modified_time":"2026-09-03T04:09:25+00:00","og_image":[{"width":355,"height":223,"url":"https:\/\/quehacerpolitico.mx\/wp-content\/uploads\/2026\/09\/IMG_9876.webp","type":"image\/webp"}],"author":"Redacci\u00f3n QP","twitter_card":"summary_large_image","twitter_misc":{"Escrito por":"Redacci\u00f3n QP","Tiempo de lectura":"3 minutos"},"schema":{"@context":"https:\/\/schema.org","@graph":[{"@type":"Article","@id":"https:\/\/quehacerpolitico.mx\/?p=132085#article","isPartOf":{"@id":"https:\/\/quehacerpolitico.mx\/?p=132085"},"author":{"name":"Redacci\u00f3n QP","@id":"https:\/\/quehacerpolitico.mx\/#\/schema\/person\/496d8ad2d1d3f8036101dca7ee39e585"},"headline":"&#8216;Lord Polanco&#8217;: qui\u00e9n es el joven que se volvi\u00f3 viral tras choque con taxista","datePublished":"2026-09-03T04:09:22+00:00","dateModified":"2026-09-03T04:09:25+00:00","mainEntityOfPage":{"@id":"https:\/\/quehacerpolitico.mx\/?p=132085"},"wordCount":566,"commentCount":0,"image":{"@id":"https:\/\/quehacerpolitico.mx\/?p=132085#primaryimage"},"thumbnailUrl":"https:\/\/quehacerpolitico.mx\/wp-content\/uploads\/2026\/09\/IMG_9876.webp","articleSection":["CDMX"],"inLanguage":"es","potentialAction":[{"@type":"CommentAction","name":"Comment","target":["https:\/\/quehacerpolitico.mx\/?p=132085#respond"]}]},{"@type":"WebPage","@id":"https:\/\/quehacerpolitico.mx\/?p=132085","url":"https:\/\/quehacerpolitico.mx\/?p=132085","name":"'Lord Polanco': qui\u00e9n es el joven que se volvi\u00f3 viral tras choque con taxista -","isPartOf":{"@id":"https:\/\/quehacerpolitico.mx\/#website"},"primaryImageOfPage":{"@id":"https:\/\/quehacerpolitico.mx\/?p=132085#primaryimage"},"image":{"@id":"https:\/\/quehacerpolitico.mx\/?p=132085#primaryimage"},"thumbnailUrl":"https:\/\/quehacerpolitico.mx\/wp-content\/uploads\/2026\/09\/IMG_9876.webp","datePublished":"2026-09-03T04:09:22+00:00","dateModified":"2026-09-03T04:09:25+00:00","author":{"@id":"https:\/\/quehacerpolitico.mx\/#\/schema\/person\/496d8ad2d1d3f8036101dca7ee39e585"},"breadcrumb":{"@id":"https:\/\/quehacerpolitico.mx\/?p=132085#breadcrumb"},"inLanguage":"es","potentialAction":[{"@type":"ReadAction","target":["https:\/\/quehacerpolitico.mx\/?p=132085"]}]},{"@type":"ImageObject","inLanguage":"es","@id":"https:\/\/quehacerpolitico.mx\/?p=132085#primaryimage","url":"https:\/\/quehacerpolitico.mx\/wp-content\/uploads\/2026\/09\/IMG_9876.webp","contentUrl":"https:\/\/quehacerpolitico.mx\/wp-content\/uploads\/2026\/09\/IMG_9876.webp","width":355,"height":223},{"@type":"BreadcrumbList","@id":"https:\/\/quehacerpolitico.mx\/?p=132085#breadcrumb","itemListElement":[{"@type":"ListItem","position":1,"name":"Inicio","item":"https:\/\/quehacerpolitico.mx\/"},{"@type":"ListItem","position":2,"name":"&#8216;Lord Polanco&#8217;: qui\u00e9n es el joven que se volvi\u00f3 viral tras choque con taxista"}]},{"@type":"WebSite","@id":"https:\/\/quehacerpolitico.mx\/#website","url":"https:\/\/quehacerpolitico.mx\/","name":"","description":"","potentialAction":[{"@type":"SearchAction","target":{"@type":"EntryPoint","urlTemplate":"https:\/\/quehacerpolitico.mx\/?s={search_term_string}"},"query-input":{"@type":"PropertyValueSpecification","valueRequired":true,"valueName":"search_term_string"}}],"inLanguage":"es"},{"@type":"Person","@id":"https:\/\/quehacerpolitico.mx\/#\/schema\/person\/496d8ad2d1d3f8036101dca7ee39e585","name":"Redacci\u00f3n QP","image":{"@type":"ImageObject","inLanguage":"es","@id":"https:\/\/secure.gravatar.com\/avatar\/c7164ed6fdec453195284ad24a5ae5b6e1eed2b848477fa2a4787ba9adf39a41?s=96&d=mm&r=g","url":"https:\/\/secure.gravatar.com\/avatar\/c7164ed6fdec453195284ad24a5ae5b6e1eed2b848477fa2a4787ba9adf39a41?s=96&d=mm&r=g","contentUrl":"https:\/\/secure.gravatar.com\/avatar\/c7164ed6fdec453195284ad24a5ae5b6e1eed2b848477fa2a4787ba9adf39a41?s=96&d=mm&r=g","caption":"Redacci\u00f3n QP"},"url":"https:\/\/quehacerpolitico.mx\/?author=2"}]}},"featured_image_urls":{"full":["https:\/\/quehacerpolitico.mx\/wp-content\/uploads\/2026\/09\/IMG_9876.webp",355,223,false],"thumbnail":["https:\/\/quehacerpolitico.mx\/wp-content\/uploads\/2026\/09\/IMG_9876-150x150.webp",150,150,true],"medium":["https:\/\/quehacerpolitico.mx\/wp-content\/uploads\/2026\/09\/IMG_9876-300x188.webp",300,188,true],"medium_large":["https:\/\/quehacerpolitico.mx\/wp-content\/uploads\/2026\/09\/IMG_9876.webp",355,223,false],"large":["https:\/\/quehacerpolitico.mx\/wp-content\/uploads\/2026\/09\/IMG_9876.webp",355,223,false],"1536x1536":["https:\/\/quehacerpolitico.mx\/wp-content\/uploads\/2026\/09\/IMG_9876.webp",355,223,false],"2048x2048":["https:\/\/quehacerpolitico.mx\/wp-content\/uploads\/2026\/09\/IMG_9876.webp",355,223,false],"covernews-featured":["https:\/\/quehacerpolitico.mx\/wp-content\/uploads\/2026\/09\/IMG_9876.webp",355,223,false],"covernews-medium":["https:\/\/quehacerpolitico.mx\/wp-content\/uploads\/2026\/09\/IMG_9876.webp",355,223,false]},"author_info":{"display_name":"Redacci\u00f3n QP","author_link":"https:\/\/quehacerpolitico.mx\/?author=2"},"category_info":"<a href=\"https:\/\/quehacerpolitico.mx\/?cat=55\" rel=\"category\">CDMX<\/a>","tag_info":"CDMX","comment_count":"0","_links":{"self":[{"href":"https:\/\/quehacerpolitico.mx\/index.php?rest_route=\/wp\/v2\/posts\/132085","targetHints":{"allow":["GET"]}}],"collection":[{"href":"https:\/\/quehacerpolitico.mx\/index.php?rest_route=\/wp\/v2\/posts"}],"about":[{"href":"https:\/\/quehacerpolitico.mx\/index.php?rest_route=\/wp\/v2\/types\/post"}],"author":[{"embeddable":true,"href":"https:\/\/quehacerpolitico.mx\/index.php?rest_route=\/wp\/v2\/users\/2"}],"replies":[{"embeddable":true,"href":"https:\/\/quehacerpolitico.mx\/index.php?rest_route=%2Fwp%2Fv2%2Fcomments&post=132085"}],"version-history":[{"count":1,"href":"https:\/\/quehacerpolitico.mx\/index.php?rest_route=\/wp\/v2\/posts\/132085\/revisions"}],"predecessor-version":[{"id":132087,"href":"https:\/\/quehacerpolitico.mx\/index.php?rest_route=\/wp\/v2\/posts\/132085\/revisions\/132087"}],"wp:featuredmedia":[{"embeddable":true,"href":"https:\/\/quehacerpolitico.mx\/index.php?rest_route=\/wp\/v2\/media\/132086"}],"wp:attachment":[{"href":"https:\/\/quehacerpolitico.mx\/index.php?rest_route=%2Fwp%2Fv2%2Fmedia&parent=132085"}],"wp:term":[{"taxonomy":"category","embeddable":true,"href":"https:\/\/quehacerpolitico.mx\/index.php?rest_route=%2Fwp%2Fv2%2Fcategories&post=132085"},{"taxonomy":"post_tag","embeddable":true,"href":"https:\/\/quehacerpolitico.mx\/index.php?rest_route=%2Fwp%2Fv2%2Ftags&post=132085"}],"curies":[{"name":"wp","href":"https:\/\/api.w.org\/{rel}","templated":true}]}}