{"id":132079,"date":"2026-09-02T21:37:13","date_gmt":"2026-09-03T03:37:13","guid":{"rendered":"https:\/\/quehacerpolitico.mx\/?p=132079"},"modified":"2026-09-02T21:37:16","modified_gmt":"2026-09-03T03:37:16","slug":"detienen-al-productor-luis-de-llano-por-caso-de-abuso-sexual-contra-sasha-sokol","status":"publish","type":"post","link":"https:\/\/quehacerpolitico.mx\/?p=132079","title":{"rendered":"Detienen al productor Luis de Llano por caso de abuso sexual contra Sasha Sokol"},"content":{"rendered":"\n<p class=\"wp-block-paragraph\">Por Redacci\u00f3n QP<\/p>\n\n\n\n<p class=\"wp-block-paragraph\">La defensa de la cantante inform\u00f3 que hab\u00eda dos \u00f3rdenes de aprehensi\u00f3n contra el se\u00f1alado porque el se\u00f1alado se ha resistido a cumplir en lo ordenado por la sentencia definitiva en su contra<\/p>\n\n\n\n<p class=\"wp-block-paragraph\">El productor musical&nbsp;<strong>Luis<\/strong>&nbsp;<strong>de<\/strong>&nbsp;<strong>Llano<\/strong>, fue detenido la tarde de este mi\u00e9rcoles en la&nbsp;<strong>Ciudad de M\u00e9xico<\/strong>&nbsp;luego de ser acusado por&nbsp;<strong>abuso<\/strong>&nbsp;<strong>sexual<\/strong>&nbsp;contra menores contra la cantante&nbsp;<strong>Sasha<\/strong>&nbsp;<strong>Sokol<\/strong>&nbsp;cuando era menor de edad.&nbsp;<\/p>\n\n\n\n<p class=\"wp-block-paragraph\">El equipo legal de Sokol inform\u00f3 que hab\u00eda dos \u00f3rdenes de detenci\u00f3n contra el productor y fue aprehendido por su resistencia a cumplir con\u00a0lo ordenado en la sentencia definitiva en su contra\u00a0publicada por la Suprema Corte de Justicia de la Naci\u00f3n (<strong>SCJN<\/strong>).<\/p>\n\n\n\n<p class=\"wp-block-paragraph\">Se detall\u00f3 que estas \u00f3rdenes de arresto son medidas de apremio por dos incumplimientos distintos y por separado derivados de la sentencia.<\/p>\n\n\n\n<figure class=\"wp-block-image size-large\"><img loading=\"lazy\" decoding=\"async\" width=\"746\" height=\"1024\" src=\"https:\/\/quehacerpolitico.mx\/wp-content\/uploads\/2026\/09\/image-1-746x1024.jpeg\" alt=\"\" class=\"wp-image-132080\" srcset=\"https:\/\/quehacerpolitico.mx\/wp-content\/uploads\/2026\/09\/image-1-746x1024.jpeg 746w, https:\/\/quehacerpolitico.mx\/wp-content\/uploads\/2026\/09\/image-1-218x300.jpeg 218w, https:\/\/quehacerpolitico.mx\/wp-content\/uploads\/2026\/09\/image-1-768x1055.jpeg 768w, https:\/\/quehacerpolitico.mx\/wp-content\/uploads\/2026\/09\/image-1.jpeg 879w\" sizes=\"auto, (max-width: 746px) 100vw, 746px\" \/><\/figure>\n\n\n\n<p class=\"wp-block-paragraph\">En la primera, De Llano se ha negado a grabar y exhibir ante un juzgado una disculpa p\u00fablica dirigida a Sasha Sokol, mientras que en el otro asunto, el productor se neg\u00f3 a\u00a0publicar la s\u00edntesis de la sentencia donde se confirm\u00f3 su responsabilidad por da\u00f1o moral en contra de\u00a0<strong>Sasha<\/strong>\u00a0<strong>Sokol<\/strong>.<\/p>\n\n\n\n<p class=\"wp-block-paragraph\">&#8220;Las \u00f3rdenes de arresto no son un hecho aislado ni sorpresivo. Llegan despu\u00e9s de meses de incumplimiento, multas ignoradas y m\u00faltiples requerimientos de la juez que<strong>&nbsp;Luis de Llano&nbsp;<\/strong>desatendi\u00f3&#8221;, asegura el escrito.&nbsp;<\/p>\n\n\n\n<p class=\"wp-block-paragraph\">Sobre el posible castigo contra el productor al llegar a estas instancias, se inform\u00f3 que De Llano podr\u00eda afrontar diversas multas, entre las que se encuentran al menos 36 horas de arresto administrativo.&nbsp;<\/p>\n\n\n\n<p class=\"wp-block-paragraph\">&#8220;De continuar con el incumplimiento de la sentencia y el desaf\u00edo sistem\u00e1tico de las \u00f3rdenes judiciales, podr\u00eda configurarse un delito que implica hasta 5 a\u00f1os de prisi\u00f3n&#8221;, se inform\u00f3.&nbsp;<\/p>\n","protected":false},"excerpt":{"rendered":"<p>Por Redacci\u00f3n QP La defensa de la cantante inform\u00f3 que hab\u00eda dos \u00f3rdenes de aprehensi\u00f3n&#8230;<\/p>\n","protected":false},"author":2,"featured_media":132081,"comment_status":"open","ping_status":"open","sticky":false,"template":"","format":"standard","meta":{"footnotes":""},"categories":[58],"tags":[],"class_list":["post-132079","post","type-post","status-publish","format-standard","has-post-thumbnail","hentry","category-cultura"],"yoast_head":"<!-- This site is optimized with the Yoast SEO plugin v27.9 - https:\/\/yoast.com\/product\/yoast-seo-wordpress\/ -->\n<title>Detienen al productor Luis de Llano por caso de abuso sexual contra Sasha Sokol -<\/title>\n<meta name=\"robots\" content=\"index, follow, max-snippet:-1, max-image-preview:large, max-video-preview:-1\" \/>\n<link rel=\"canonical\" href=\"https:\/\/quehacerpolitico.mx\/?p=132079\" \/>\n<meta property=\"og:locale\" content=\"es_MX\" \/>\n<meta property=\"og:type\" content=\"article\" \/>\n<meta property=\"og:title\" content=\"Detienen al productor Luis de Llano por caso de abuso sexual contra Sasha Sokol -\" \/>\n<meta property=\"og:description\" content=\"Por Redacci\u00f3n QP La defensa de la cantante inform\u00f3 que hab\u00eda dos \u00f3rdenes de aprehensi\u00f3n...\" \/>\n<meta property=\"og:url\" content=\"https:\/\/quehacerpolitico.mx\/?p=132079\" \/>\n<meta property=\"article:published_time\" content=\"2026-09-03T03:37:13+00:00\" \/>\n<meta property=\"article:modified_time\" content=\"2026-09-03T03:37:16+00:00\" \/>\n<meta property=\"og:image\" content=\"https:\/\/quehacerpolitico.mx\/wp-content\/uploads\/2026\/09\/165262B6-4997-4E6E-8919-6D7DA0EE11BE.jpeg\" \/>\n\t<meta property=\"og:image:width\" content=\"640\" \/>\n\t<meta property=\"og:image:height\" content=\"480\" \/>\n\t<meta property=\"og:image:type\" content=\"image\/jpeg\" \/>\n<meta name=\"author\" content=\"Redacci\u00f3n QP\" \/>\n<meta name=\"twitter:card\" content=\"summary_large_image\" \/>\n<meta name=\"twitter:label1\" content=\"Escrito por\" \/>\n\t<meta name=\"twitter:data1\" content=\"Redacci\u00f3n QP\" \/>\n\t<meta name=\"twitter:label2\" content=\"Tiempo de lectura\" \/>\n\t<meta name=\"twitter:data2\" content=\"2 minutos\" \/>\n<script type=\"application\/ld+json\" class=\"yoast-schema-graph\">{\"@context\":\"https:\\\/\\\/schema.org\",\"@graph\":[{\"@type\":\"Article\",\"@id\":\"https:\\\/\\\/quehacerpolitico.mx\\\/?p=132079#article\",\"isPartOf\":{\"@id\":\"https:\\\/\\\/quehacerpolitico.mx\\\/?p=132079\"},\"author\":{\"name\":\"Redacci\u00f3n QP\",\"@id\":\"https:\\\/\\\/quehacerpolitico.mx\\\/#\\\/schema\\\/person\\\/496d8ad2d1d3f8036101dca7ee39e585\"},\"headline\":\"Detienen al productor Luis de Llano por caso de abuso sexual contra Sasha Sokol\",\"datePublished\":\"2026-09-03T03:37:13+00:00\",\"dateModified\":\"2026-09-03T03:37:16+00:00\",\"mainEntityOfPage\":{\"@id\":\"https:\\\/\\\/quehacerpolitico.mx\\\/?p=132079\"},\"wordCount\":336,\"commentCount\":0,\"image\":{\"@id\":\"https:\\\/\\\/quehacerpolitico.mx\\\/?p=132079#primaryimage\"},\"thumbnailUrl\":\"https:\\\/\\\/quehacerpolitico.mx\\\/wp-content\\\/uploads\\\/2026\\\/09\\\/165262B6-4997-4E6E-8919-6D7DA0EE11BE.jpeg\",\"articleSection\":[\"Cultura y Entretenimiento\"],\"inLanguage\":\"es\",\"potentialAction\":[{\"@type\":\"CommentAction\",\"name\":\"Comment\",\"target\":[\"https:\\\/\\\/quehacerpolitico.mx\\\/?p=132079#respond\"]}]},{\"@type\":\"WebPage\",\"@id\":\"https:\\\/\\\/quehacerpolitico.mx\\\/?p=132079\",\"url\":\"https:\\\/\\\/quehacerpolitico.mx\\\/?p=132079\",\"name\":\"Detienen al productor Luis de Llano por caso de abuso sexual contra Sasha Sokol -\",\"isPartOf\":{\"@id\":\"https:\\\/\\\/quehacerpolitico.mx\\\/#website\"},\"primaryImageOfPage\":{\"@id\":\"https:\\\/\\\/quehacerpolitico.mx\\\/?p=132079#primaryimage\"},\"image\":{\"@id\":\"https:\\\/\\\/quehacerpolitico.mx\\\/?p=132079#primaryimage\"},\"thumbnailUrl\":\"https:\\\/\\\/quehacerpolitico.mx\\\/wp-content\\\/uploads\\\/2026\\\/09\\\/165262B6-4997-4E6E-8919-6D7DA0EE11BE.jpeg\",\"datePublished\":\"2026-09-03T03:37:13+00:00\",\"dateModified\":\"2026-09-03T03:37:16+00:00\",\"author\":{\"@id\":\"https:\\\/\\\/quehacerpolitico.mx\\\/#\\\/schema\\\/person\\\/496d8ad2d1d3f8036101dca7ee39e585\"},\"breadcrumb\":{\"@id\":\"https:\\\/\\\/quehacerpolitico.mx\\\/?p=132079#breadcrumb\"},\"inLanguage\":\"es\",\"potentialAction\":[{\"@type\":\"ReadAction\",\"target\":[\"https:\\\/\\\/quehacerpolitico.mx\\\/?p=132079\"]}]},{\"@type\":\"ImageObject\",\"inLanguage\":\"es\",\"@id\":\"https:\\\/\\\/quehacerpolitico.mx\\\/?p=132079#primaryimage\",\"url\":\"https:\\\/\\\/quehacerpolitico.mx\\\/wp-content\\\/uploads\\\/2026\\\/09\\\/165262B6-4997-4E6E-8919-6D7DA0EE11BE.jpeg\",\"contentUrl\":\"https:\\\/\\\/quehacerpolitico.mx\\\/wp-content\\\/uploads\\\/2026\\\/09\\\/165262B6-4997-4E6E-8919-6D7DA0EE11BE.jpeg\",\"width\":640,\"height\":480},{\"@type\":\"BreadcrumbList\",\"@id\":\"https:\\\/\\\/quehacerpolitico.mx\\\/?p=132079#breadcrumb\",\"itemListElement\":[{\"@type\":\"ListItem\",\"position\":1,\"name\":\"Inicio\",\"item\":\"https:\\\/\\\/quehacerpolitico.mx\\\/\"},{\"@type\":\"ListItem\",\"position\":2,\"name\":\"Detienen al productor Luis de Llano por caso de abuso sexual contra Sasha Sokol\"}]},{\"@type\":\"WebSite\",\"@id\":\"https:\\\/\\\/quehacerpolitico.mx\\\/#website\",\"url\":\"https:\\\/\\\/quehacerpolitico.mx\\\/\",\"name\":\"\",\"description\":\"\",\"potentialAction\":[{\"@type\":\"SearchAction\",\"target\":{\"@type\":\"EntryPoint\",\"urlTemplate\":\"https:\\\/\\\/quehacerpolitico.mx\\\/?s={search_term_string}\"},\"query-input\":{\"@type\":\"PropertyValueSpecification\",\"valueRequired\":true,\"valueName\":\"search_term_string\"}}],\"inLanguage\":\"es\"},{\"@type\":\"Person\",\"@id\":\"https:\\\/\\\/quehacerpolitico.mx\\\/#\\\/schema\\\/person\\\/496d8ad2d1d3f8036101dca7ee39e585\",\"name\":\"Redacci\u00f3n QP\",\"image\":{\"@type\":\"ImageObject\",\"inLanguage\":\"es\",\"@id\":\"https:\\\/\\\/secure.gravatar.com\\\/avatar\\\/c7164ed6fdec453195284ad24a5ae5b6e1eed2b848477fa2a4787ba9adf39a41?s=96&d=mm&r=g\",\"url\":\"https:\\\/\\\/secure.gravatar.com\\\/avatar\\\/c7164ed6fdec453195284ad24a5ae5b6e1eed2b848477fa2a4787ba9adf39a41?s=96&d=mm&r=g\",\"contentUrl\":\"https:\\\/\\\/secure.gravatar.com\\\/avatar\\\/c7164ed6fdec453195284ad24a5ae5b6e1eed2b848477fa2a4787ba9adf39a41?s=96&d=mm&r=g\",\"caption\":\"Redacci\u00f3n QP\"},\"url\":\"https:\\\/\\\/quehacerpolitico.mx\\\/?author=2\"}]}<\/script>\n<!-- \/ Yoast SEO plugin. -->","yoast_head_json":{"title":"Detienen al productor Luis de Llano por caso de abuso sexual contra Sasha Sokol -","robots":{"index":"index","follow":"follow","max-snippet":"max-snippet:-1","max-image-preview":"max-image-preview:large","max-video-preview":"max-video-preview:-1"},"canonical":"https:\/\/quehacerpolitico.mx\/?p=132079","og_locale":"es_MX","og_type":"article","og_title":"Detienen al productor Luis de Llano por caso de abuso sexual contra Sasha Sokol -","og_description":"Por Redacci\u00f3n QP La defensa de la cantante inform\u00f3 que hab\u00eda dos \u00f3rdenes de aprehensi\u00f3n...","og_url":"https:\/\/quehacerpolitico.mx\/?p=132079","article_published_time":"2026-09-03T03:37:13+00:00","article_modified_time":"2026-09-03T03:37:16+00:00","og_image":[{"width":640,"height":480,"url":"https:\/\/quehacerpolitico.mx\/wp-content\/uploads\/2026\/09\/165262B6-4997-4E6E-8919-6D7DA0EE11BE.jpeg","type":"image\/jpeg"}],"author":"Redacci\u00f3n QP","twitter_card":"summary_large_image","twitter_misc":{"Escrito por":"Redacci\u00f3n QP","Tiempo de lectura":"2 minutos"},"schema":{"@context":"https:\/\/schema.org","@graph":[{"@type":"Article","@id":"https:\/\/quehacerpolitico.mx\/?p=132079#article","isPartOf":{"@id":"https:\/\/quehacerpolitico.mx\/?p=132079"},"author":{"name":"Redacci\u00f3n QP","@id":"https:\/\/quehacerpolitico.mx\/#\/schema\/person\/496d8ad2d1d3f8036101dca7ee39e585"},"headline":"Detienen al productor Luis de Llano por caso de abuso sexual contra Sasha Sokol","datePublished":"2026-09-03T03:37:13+00:00","dateModified":"2026-09-03T03:37:16+00:00","mainEntityOfPage":{"@id":"https:\/\/quehacerpolitico.mx\/?p=132079"},"wordCount":336,"commentCount":0,"image":{"@id":"https:\/\/quehacerpolitico.mx\/?p=132079#primaryimage"},"thumbnailUrl":"https:\/\/quehacerpolitico.mx\/wp-content\/uploads\/2026\/09\/165262B6-4997-4E6E-8919-6D7DA0EE11BE.jpeg","articleSection":["Cultura y Entretenimiento"],"inLanguage":"es","potentialAction":[{"@type":"CommentAction","name":"Comment","target":["https:\/\/quehacerpolitico.mx\/?p=132079#respond"]}]},{"@type":"WebPage","@id":"https:\/\/quehacerpolitico.mx\/?p=132079","url":"https:\/\/quehacerpolitico.mx\/?p=132079","name":"Detienen al productor Luis de Llano por caso de abuso sexual contra Sasha Sokol -","isPartOf":{"@id":"https:\/\/quehacerpolitico.mx\/#website"},"primaryImageOfPage":{"@id":"https:\/\/quehacerpolitico.mx\/?p=132079#primaryimage"},"image":{"@id":"https:\/\/quehacerpolitico.mx\/?p=132079#primaryimage"},"thumbnailUrl":"https:\/\/quehacerpolitico.mx\/wp-content\/uploads\/2026\/09\/165262B6-4997-4E6E-8919-6D7DA0EE11BE.jpeg","datePublished":"2026-09-03T03:37:13+00:00","dateModified":"2026-09-03T03:37:16+00:00","author":{"@id":"https:\/\/quehacerpolitico.mx\/#\/schema\/person\/496d8ad2d1d3f8036101dca7ee39e585"},"breadcrumb":{"@id":"https:\/\/quehacerpolitico.mx\/?p=132079#breadcrumb"},"inLanguage":"es","potentialAction":[{"@type":"ReadAction","target":["https:\/\/quehacerpolitico.mx\/?p=132079"]}]},{"@type":"ImageObject","inLanguage":"es","@id":"https:\/\/quehacerpolitico.mx\/?p=132079#primaryimage","url":"https:\/\/quehacerpolitico.mx\/wp-content\/uploads\/2026\/09\/165262B6-4997-4E6E-8919-6D7DA0EE11BE.jpeg","contentUrl":"https:\/\/quehacerpolitico.mx\/wp-content\/uploads\/2026\/09\/165262B6-4997-4E6E-8919-6D7DA0EE11BE.jpeg","width":640,"height":480},{"@type":"BreadcrumbList","@id":"https:\/\/quehacerpolitico.mx\/?p=132079#breadcrumb","itemListElement":[{"@type":"ListItem","position":1,"name":"Inicio","item":"https:\/\/quehacerpolitico.mx\/"},{"@type":"ListItem","position":2,"name":"Detienen al productor Luis de Llano por caso de abuso sexual contra Sasha Sokol"}]},{"@type":"WebSite","@id":"https:\/\/quehacerpolitico.mx\/#website","url":"https:\/\/quehacerpolitico.mx\/","name":"","description":"","potentialAction":[{"@type":"SearchAction","target":{"@type":"EntryPoint","urlTemplate":"https:\/\/quehacerpolitico.mx\/?s={search_term_string}"},"query-input":{"@type":"PropertyValueSpecification","valueRequired":true,"valueName":"search_term_string"}}],"inLanguage":"es"},{"@type":"Person","@id":"https:\/\/quehacerpolitico.mx\/#\/schema\/person\/496d8ad2d1d3f8036101dca7ee39e585","name":"Redacci\u00f3n QP","image":{"@type":"ImageObject","inLanguage":"es","@id":"https:\/\/secure.gravatar.com\/avatar\/c7164ed6fdec453195284ad24a5ae5b6e1eed2b848477fa2a4787ba9adf39a41?s=96&d=mm&r=g","url":"https:\/\/secure.gravatar.com\/avatar\/c7164ed6fdec453195284ad24a5ae5b6e1eed2b848477fa2a4787ba9adf39a41?s=96&d=mm&r=g","contentUrl":"https:\/\/secure.gravatar.com\/avatar\/c7164ed6fdec453195284ad24a5ae5b6e1eed2b848477fa2a4787ba9adf39a41?s=96&d=mm&r=g","caption":"Redacci\u00f3n QP"},"url":"https:\/\/quehacerpolitico.mx\/?author=2"}]}},"featured_image_urls":{"full":["https:\/\/quehacerpolitico.mx\/wp-content\/uploads\/2026\/09\/165262B6-4997-4E6E-8919-6D7DA0EE11BE.jpeg",640,480,false],"thumbnail":["https:\/\/quehacerpolitico.mx\/wp-content\/uploads\/2026\/09\/165262B6-4997-4E6E-8919-6D7DA0EE11BE-150x150.jpeg",150,150,true],"medium":["https:\/\/quehacerpolitico.mx\/wp-content\/uploads\/2026\/09\/165262B6-4997-4E6E-8919-6D7DA0EE11BE-300x225.jpeg",300,225,true],"medium_large":["https:\/\/quehacerpolitico.mx\/wp-content\/uploads\/2026\/09\/165262B6-4997-4E6E-8919-6D7DA0EE11BE.jpeg",640,480,false],"large":["https:\/\/quehacerpolitico.mx\/wp-content\/uploads\/2026\/09\/165262B6-4997-4E6E-8919-6D7DA0EE11BE.jpeg",640,480,false],"1536x1536":["https:\/\/quehacerpolitico.mx\/wp-content\/uploads\/2026\/09\/165262B6-4997-4E6E-8919-6D7DA0EE11BE.jpeg",640,480,false],"2048x2048":["https:\/\/quehacerpolitico.mx\/wp-content\/uploads\/2026\/09\/165262B6-4997-4E6E-8919-6D7DA0EE11BE.jpeg",640,480,false],"covernews-featured":["https:\/\/quehacerpolitico.mx\/wp-content\/uploads\/2026\/09\/165262B6-4997-4E6E-8919-6D7DA0EE11BE.jpeg",640,480,false],"covernews-medium":["https:\/\/quehacerpolitico.mx\/wp-content\/uploads\/2026\/09\/165262B6-4997-4E6E-8919-6D7DA0EE11BE-540x340.jpeg",540,340,true]},"author_info":{"display_name":"Redacci\u00f3n QP","author_link":"https:\/\/quehacerpolitico.mx\/?author=2"},"category_info":"<a href=\"https:\/\/quehacerpolitico.mx\/?cat=58\" rel=\"category\">Cultura y Entretenimiento<\/a>","tag_info":"Cultura y Entretenimiento","comment_count":"0","_links":{"self":[{"href":"https:\/\/quehacerpolitico.mx\/index.php?rest_route=\/wp\/v2\/posts\/132079","targetHints":{"allow":["GET"]}}],"collection":[{"href":"https:\/\/quehacerpolitico.mx\/index.php?rest_route=\/wp\/v2\/posts"}],"about":[{"href":"https:\/\/quehacerpolitico.mx\/index.php?rest_route=\/wp\/v2\/types\/post"}],"author":[{"embeddable":true,"href":"https:\/\/quehacerpolitico.mx\/index.php?rest_route=\/wp\/v2\/users\/2"}],"replies":[{"embeddable":true,"href":"https:\/\/quehacerpolitico.mx\/index.php?rest_route=%2Fwp%2Fv2%2Fcomments&post=132079"}],"version-history":[{"count":1,"href":"https:\/\/quehacerpolitico.mx\/index.php?rest_route=\/wp\/v2\/posts\/132079\/revisions"}],"predecessor-version":[{"id":132082,"href":"https:\/\/quehacerpolitico.mx\/index.php?rest_route=\/wp\/v2\/posts\/132079\/revisions\/132082"}],"wp:featuredmedia":[{"embeddable":true,"href":"https:\/\/quehacerpolitico.mx\/index.php?rest_route=\/wp\/v2\/media\/132081"}],"wp:attachment":[{"href":"https:\/\/quehacerpolitico.mx\/index.php?rest_route=%2Fwp%2Fv2%2Fmedia&parent=132079"}],"wp:term":[{"taxonomy":"category","embeddable":true,"href":"https:\/\/quehacerpolitico.mx\/index.php?rest_route=%2Fwp%2Fv2%2Fcategories&post=132079"},{"taxonomy":"post_tag","embeddable":true,"href":"https:\/\/quehacerpolitico.mx\/index.php?rest_route=%2Fwp%2Fv2%2Ftags&post=132079"}],"curies":[{"name":"wp","href":"https:\/\/api.w.org\/{rel}","templated":true}]}}