{"id":132076,"date":"2026-09-02T21:06:22","date_gmt":"2026-09-03T03:06:22","guid":{"rendered":"https:\/\/quehacerpolitico.mx\/?p=132076"},"modified":"2026-09-02T21:06:24","modified_gmt":"2026-09-03T03:06:24","slug":"se-registran-fuertes-lluvias-en-la-cdmx-activan-alerta-amarilla-en-las-16-alcaldias","status":"publish","type":"post","link":"https:\/\/quehacerpolitico.mx\/?p=132076","title":{"rendered":"Se registran fuertes lluvias en la CDMX; activan alerta amarilla en las 16 alcald\u00edas"},"content":{"rendered":"\n<p class=\"wp-block-paragraph\">Por Redacci\u00f3n QP<\/p>\n\n\n\n<p class=\"wp-block-paragraph\">La Secretar\u00eda de Gesti\u00f3n Integral de Riesgos y Protecci\u00f3n Civil advirti\u00f3 que algunas de las precipitaciones pueden estar acompa\u00f1adas de la ca\u00edda de granizo<\/p>\n\n\n\n<p class=\"wp-block-paragraph\">Ante las<strong>&nbsp;fuertes lluvias&nbsp;<\/strong>registradas este mi\u00e9rcoles en la capital, la Secretar\u00eda de Gesti\u00f3n Integral de Riesgos y Protecci\u00f3n Civil (SGIRPC) de la Ciudad de M\u00e9xico activ\u00f3 la alerta amarilla en las 16 alcald\u00edas, debido a que las precipitaciones pueden continuar durante la noche y estar&nbsp;acompa\u00f1adas de posible ca\u00edda de granizo.<\/p>\n\n\n\n<p class=\"wp-block-paragraph\">A trav\u00e9s de sus redes sociales, la dependencia advirti\u00f3 que las lluvias pueden generar<strong>&nbsp;encharcamientos<\/strong>, inundaciones y corrientes de agua sobre calles y avenidas de la capital.<\/p>\n\n\n\n<p class=\"wp-block-paragraph\">Ante las posibles afectaciones, las autoridades recomiendan utilizar paraguas e impermeables, no resguardarse debajo de \u00e1rboles y evitar cruzar calles con corrientes de agua.<\/p>\n\n\n\n<p class=\"wp-block-paragraph\">De acuerdo con el monitoreo de la Secretar\u00eda de Gesti\u00f3n Integral del Agua (Segiagua), se registran\u00a0<strong>lluvias fuertes\u00a0<\/strong>en las alcald\u00edas Cuauht\u00e9moc y Tlalpan. En las dem\u00e1s demarcaciones van de ligeras a moderadas.<\/p>\n\n\n\n<figure class=\"wp-block-embed is-type-rich is-provider-x wp-block-embed-x\"><div class=\"wp-block-embed__wrapper\">\n<blockquote class=\"twitter-tweet\" data-width=\"550\" data-dnt=\"true\"><p lang=\"es\" dir=\"ltr\">\u26a0\ufe0f\ud83c\udf27\ufe0f Se actualiza <a href=\"https:\/\/x.com\/hashtag\/AlertaAmarilla?src=hash&amp;ref_src=twsrc%5Etfw\">#AlertaAmarilla<\/a> por persistencia de <a href=\"https:\/\/x.com\/hashtag\/lluvias?src=hash&amp;ref_src=twsrc%5Etfw\">#lluvias<\/a> fuertes y posible ca\u00edda de <a href=\"https:\/\/x.com\/hashtag\/granizo?src=hash&amp;ref_src=twsrc%5Etfw\">#granizo<\/a>, para la tarde y noche del mi\u00e9rcoles 02\/09\/2026, en todas las demarcaciones de la Ciudad de M\u00e9xico.<br><br>Atiende las recomendaciones y mantente informado.<a href=\"https:\/\/x.com\/hashtag\/Pron%C3%B3sticoDelTiempo?src=hash&amp;ref_src=twsrc%5Etfw\">#Pron\u00f3sticoDelTiempo<\/a>\u2026 <a href=\"https:\/\/t.co\/cA0Jgqo70j\">pic.twitter.com\/cA0Jgqo70j<\/a><\/p>&mdash; Secretar\u00eda de Gesti\u00f3n Integral de Riesgos y PC (@SGIRPC_CDMX) <a href=\"https:\/\/x.com\/SGIRPC_CDMX\/status\/2095307690280993015?ref_src=twsrc%5Etfw\">September 3, 2026<\/a><\/blockquote><script async src=\"https:\/\/platform.x.com\/widgets.js\" charset=\"utf-8\"><\/script>\n<\/div><\/figure>\n\n\n\n<p class=\"wp-block-paragraph\">Por su parte, el Centro de Orientaci\u00f3n Vial (Ovial) de la Secretar\u00eda de Seguridad Ciudadana (SSC) alert\u00f3 que en la zona poniente de la capital, en espec\u00edfico en el Circuito Interior y Gutenberg, se registra una fuerte lluvia, por lo que solicit\u00f3 a los automovilistas conducir con precauci\u00f3n.<\/p>\n\n\n\n<figure class=\"wp-block-embed is-type-rich is-provider-x wp-block-embed-x\"><div class=\"wp-block-embed__wrapper\">\n<blockquote class=\"twitter-tweet\" data-width=\"550\" data-dnt=\"true\"><p lang=\"es\" dir=\"ltr\">18:55 <a href=\"https:\/\/x.com\/hashtag\/Precauci%C3%B3nVial?src=hash&amp;ref_src=twsrc%5Etfw\">#Precauci\u00f3nVial<\/a> | Contin\u00faa fuerte <a href=\"https:\/\/x.com\/hashtag\/Lluvia?src=hash&amp;ref_src=twsrc%5Etfw\">#Lluvia<\/a> en la zona Poniente de la <a href=\"https:\/\/x.com\/hashtag\/CDMX?src=hash&amp;ref_src=twsrc%5Etfw\">#CDMX<\/a>, Circuito Interior y Gutenberg, en todo momento utiliza cintur\u00f3n de seguridad. <a href=\"https:\/\/x.com\/hashtag\/Tlaloque2026?src=hash&amp;ref_src=twsrc%5Etfw\">#Tlaloque2026<\/a> <a href=\"https:\/\/t.co\/nbBzzKdiNa\">pic.twitter.com\/nbBzzKdiNa<\/a><\/p>&mdash; OVIAL_SSCCDMX (@OVIALCDMX) <a href=\"https:\/\/x.com\/OVIALCDMX\/status\/2095314736040513537?ref_src=twsrc%5Etfw\">September 3, 2026<\/a><\/blockquote><script async src=\"https:\/\/platform.x.com\/widgets.js\" charset=\"utf-8\"><\/script>\n<\/div><\/figure>\n\n\n\n<p class=\"wp-block-paragraph\">La SSC tambi\u00e9n advirti\u00f3 sobre fuertes precipitaciones en la calzada de los Misterios y Eje 3 Norte en la alcald\u00eda Gustavo A. Madero en el norte de la ciudad.<\/p>\n","protected":false},"excerpt":{"rendered":"<p>Por Redacci\u00f3n QP La Secretar\u00eda de Gesti\u00f3n Integral de Riesgos y Protecci\u00f3n Civil advirti\u00f3 que&#8230;<\/p>\n","protected":false},"author":2,"featured_media":132077,"comment_status":"open","ping_status":"open","sticky":false,"template":"","format":"standard","meta":{"footnotes":""},"categories":[55],"tags":[],"class_list":["post-132076","post","type-post","status-publish","format-standard","has-post-thumbnail","hentry","category-cdmx"],"yoast_head":"<!-- This site is optimized with the Yoast SEO plugin v27.9 - https:\/\/yoast.com\/product\/yoast-seo-wordpress\/ -->\n<title>Se registran fuertes lluvias en la CDMX; activan alerta amarilla en las 16 alcald\u00edas -<\/title>\n<meta name=\"robots\" content=\"index, follow, max-snippet:-1, max-image-preview:large, max-video-preview:-1\" \/>\n<link rel=\"canonical\" href=\"https:\/\/quehacerpolitico.mx\/?p=132076\" \/>\n<meta property=\"og:locale\" content=\"es_MX\" \/>\n<meta property=\"og:type\" content=\"article\" \/>\n<meta property=\"og:title\" content=\"Se registran fuertes lluvias en la CDMX; activan alerta amarilla en las 16 alcald\u00edas -\" \/>\n<meta property=\"og:description\" content=\"Por Redacci\u00f3n QP La Secretar\u00eda de Gesti\u00f3n Integral de Riesgos y Protecci\u00f3n Civil advirti\u00f3 que...\" \/>\n<meta property=\"og:url\" content=\"https:\/\/quehacerpolitico.mx\/?p=132076\" \/>\n<meta property=\"article:published_time\" content=\"2026-09-03T03:06:22+00:00\" \/>\n<meta property=\"article:modified_time\" content=\"2026-09-03T03:06:24+00:00\" \/>\n<meta property=\"og:image\" content=\"https:\/\/quehacerpolitico.mx\/wp-content\/uploads\/2026\/09\/IMG_9872.webp\" \/>\n\t<meta property=\"og:image:width\" content=\"1960\" \/>\n\t<meta property=\"og:image:height\" content=\"1198\" \/>\n\t<meta property=\"og:image:type\" content=\"image\/webp\" \/>\n<meta name=\"author\" content=\"Redacci\u00f3n QP\" \/>\n<meta name=\"twitter:card\" content=\"summary_large_image\" \/>\n<meta name=\"twitter:label1\" content=\"Escrito por\" \/>\n\t<meta name=\"twitter:data1\" content=\"Redacci\u00f3n QP\" \/>\n\t<meta name=\"twitter:label2\" content=\"Tiempo de lectura\" \/>\n\t<meta name=\"twitter:data2\" content=\"2 minutos\" \/>\n<script type=\"application\/ld+json\" class=\"yoast-schema-graph\">{\"@context\":\"https:\\\/\\\/schema.org\",\"@graph\":[{\"@type\":\"Article\",\"@id\":\"https:\\\/\\\/quehacerpolitico.mx\\\/?p=132076#article\",\"isPartOf\":{\"@id\":\"https:\\\/\\\/quehacerpolitico.mx\\\/?p=132076\"},\"author\":{\"name\":\"Redacci\u00f3n QP\",\"@id\":\"https:\\\/\\\/quehacerpolitico.mx\\\/#\\\/schema\\\/person\\\/496d8ad2d1d3f8036101dca7ee39e585\"},\"headline\":\"Se registran fuertes lluvias en la CDMX; activan alerta amarilla en las 16 alcald\u00edas\",\"datePublished\":\"2026-09-03T03:06:22+00:00\",\"dateModified\":\"2026-09-03T03:06:24+00:00\",\"mainEntityOfPage\":{\"@id\":\"https:\\\/\\\/quehacerpolitico.mx\\\/?p=132076\"},\"wordCount\":295,\"commentCount\":0,\"image\":{\"@id\":\"https:\\\/\\\/quehacerpolitico.mx\\\/?p=132076#primaryimage\"},\"thumbnailUrl\":\"https:\\\/\\\/quehacerpolitico.mx\\\/wp-content\\\/uploads\\\/2026\\\/09\\\/IMG_9872.webp\",\"articleSection\":[\"CDMX\"],\"inLanguage\":\"es\",\"potentialAction\":[{\"@type\":\"CommentAction\",\"name\":\"Comment\",\"target\":[\"https:\\\/\\\/quehacerpolitico.mx\\\/?p=132076#respond\"]}]},{\"@type\":\"WebPage\",\"@id\":\"https:\\\/\\\/quehacerpolitico.mx\\\/?p=132076\",\"url\":\"https:\\\/\\\/quehacerpolitico.mx\\\/?p=132076\",\"name\":\"Se registran fuertes lluvias en la CDMX; activan alerta amarilla en las 16 alcald\u00edas -\",\"isPartOf\":{\"@id\":\"https:\\\/\\\/quehacerpolitico.mx\\\/#website\"},\"primaryImageOfPage\":{\"@id\":\"https:\\\/\\\/quehacerpolitico.mx\\\/?p=132076#primaryimage\"},\"image\":{\"@id\":\"https:\\\/\\\/quehacerpolitico.mx\\\/?p=132076#primaryimage\"},\"thumbnailUrl\":\"https:\\\/\\\/quehacerpolitico.mx\\\/wp-content\\\/uploads\\\/2026\\\/09\\\/IMG_9872.webp\",\"datePublished\":\"2026-09-03T03:06:22+00:00\",\"dateModified\":\"2026-09-03T03:06:24+00:00\",\"author\":{\"@id\":\"https:\\\/\\\/quehacerpolitico.mx\\\/#\\\/schema\\\/person\\\/496d8ad2d1d3f8036101dca7ee39e585\"},\"breadcrumb\":{\"@id\":\"https:\\\/\\\/quehacerpolitico.mx\\\/?p=132076#breadcrumb\"},\"inLanguage\":\"es\",\"potentialAction\":[{\"@type\":\"ReadAction\",\"target\":[\"https:\\\/\\\/quehacerpolitico.mx\\\/?p=132076\"]}]},{\"@type\":\"ImageObject\",\"inLanguage\":\"es\",\"@id\":\"https:\\\/\\\/quehacerpolitico.mx\\\/?p=132076#primaryimage\",\"url\":\"https:\\\/\\\/quehacerpolitico.mx\\\/wp-content\\\/uploads\\\/2026\\\/09\\\/IMG_9872.webp\",\"contentUrl\":\"https:\\\/\\\/quehacerpolitico.mx\\\/wp-content\\\/uploads\\\/2026\\\/09\\\/IMG_9872.webp\",\"width\":1960,\"height\":1198},{\"@type\":\"BreadcrumbList\",\"@id\":\"https:\\\/\\\/quehacerpolitico.mx\\\/?p=132076#breadcrumb\",\"itemListElement\":[{\"@type\":\"ListItem\",\"position\":1,\"name\":\"Inicio\",\"item\":\"https:\\\/\\\/quehacerpolitico.mx\\\/\"},{\"@type\":\"ListItem\",\"position\":2,\"name\":\"Se registran fuertes lluvias en la CDMX; activan alerta amarilla en las 16 alcald\u00edas\"}]},{\"@type\":\"WebSite\",\"@id\":\"https:\\\/\\\/quehacerpolitico.mx\\\/#website\",\"url\":\"https:\\\/\\\/quehacerpolitico.mx\\\/\",\"name\":\"\",\"description\":\"\",\"potentialAction\":[{\"@type\":\"SearchAction\",\"target\":{\"@type\":\"EntryPoint\",\"urlTemplate\":\"https:\\\/\\\/quehacerpolitico.mx\\\/?s={search_term_string}\"},\"query-input\":{\"@type\":\"PropertyValueSpecification\",\"valueRequired\":true,\"valueName\":\"search_term_string\"}}],\"inLanguage\":\"es\"},{\"@type\":\"Person\",\"@id\":\"https:\\\/\\\/quehacerpolitico.mx\\\/#\\\/schema\\\/person\\\/496d8ad2d1d3f8036101dca7ee39e585\",\"name\":\"Redacci\u00f3n QP\",\"image\":{\"@type\":\"ImageObject\",\"inLanguage\":\"es\",\"@id\":\"https:\\\/\\\/secure.gravatar.com\\\/avatar\\\/c7164ed6fdec453195284ad24a5ae5b6e1eed2b848477fa2a4787ba9adf39a41?s=96&d=mm&r=g\",\"url\":\"https:\\\/\\\/secure.gravatar.com\\\/avatar\\\/c7164ed6fdec453195284ad24a5ae5b6e1eed2b848477fa2a4787ba9adf39a41?s=96&d=mm&r=g\",\"contentUrl\":\"https:\\\/\\\/secure.gravatar.com\\\/avatar\\\/c7164ed6fdec453195284ad24a5ae5b6e1eed2b848477fa2a4787ba9adf39a41?s=96&d=mm&r=g\",\"caption\":\"Redacci\u00f3n QP\"},\"url\":\"https:\\\/\\\/quehacerpolitico.mx\\\/?author=2\"}]}<\/script>\n<!-- \/ Yoast SEO plugin. -->","yoast_head_json":{"title":"Se registran fuertes lluvias en la CDMX; activan alerta amarilla en las 16 alcald\u00edas -","robots":{"index":"index","follow":"follow","max-snippet":"max-snippet:-1","max-image-preview":"max-image-preview:large","max-video-preview":"max-video-preview:-1"},"canonical":"https:\/\/quehacerpolitico.mx\/?p=132076","og_locale":"es_MX","og_type":"article","og_title":"Se registran fuertes lluvias en la CDMX; activan alerta amarilla en las 16 alcald\u00edas -","og_description":"Por Redacci\u00f3n QP La Secretar\u00eda de Gesti\u00f3n Integral de Riesgos y Protecci\u00f3n Civil advirti\u00f3 que...","og_url":"https:\/\/quehacerpolitico.mx\/?p=132076","article_published_time":"2026-09-03T03:06:22+00:00","article_modified_time":"2026-09-03T03:06:24+00:00","og_image":[{"width":1960,"height":1198,"url":"https:\/\/quehacerpolitico.mx\/wp-content\/uploads\/2026\/09\/IMG_9872.webp","type":"image\/webp"}],"author":"Redacci\u00f3n QP","twitter_card":"summary_large_image","twitter_misc":{"Escrito por":"Redacci\u00f3n QP","Tiempo de lectura":"2 minutos"},"schema":{"@context":"https:\/\/schema.org","@graph":[{"@type":"Article","@id":"https:\/\/quehacerpolitico.mx\/?p=132076#article","isPartOf":{"@id":"https:\/\/quehacerpolitico.mx\/?p=132076"},"author":{"name":"Redacci\u00f3n QP","@id":"https:\/\/quehacerpolitico.mx\/#\/schema\/person\/496d8ad2d1d3f8036101dca7ee39e585"},"headline":"Se registran fuertes lluvias en la CDMX; activan alerta amarilla en las 16 alcald\u00edas","datePublished":"2026-09-03T03:06:22+00:00","dateModified":"2026-09-03T03:06:24+00:00","mainEntityOfPage":{"@id":"https:\/\/quehacerpolitico.mx\/?p=132076"},"wordCount":295,"commentCount":0,"image":{"@id":"https:\/\/quehacerpolitico.mx\/?p=132076#primaryimage"},"thumbnailUrl":"https:\/\/quehacerpolitico.mx\/wp-content\/uploads\/2026\/09\/IMG_9872.webp","articleSection":["CDMX"],"inLanguage":"es","potentialAction":[{"@type":"CommentAction","name":"Comment","target":["https:\/\/quehacerpolitico.mx\/?p=132076#respond"]}]},{"@type":"WebPage","@id":"https:\/\/quehacerpolitico.mx\/?p=132076","url":"https:\/\/quehacerpolitico.mx\/?p=132076","name":"Se registran fuertes lluvias en la CDMX; activan alerta amarilla en las 16 alcald\u00edas -","isPartOf":{"@id":"https:\/\/quehacerpolitico.mx\/#website"},"primaryImageOfPage":{"@id":"https:\/\/quehacerpolitico.mx\/?p=132076#primaryimage"},"image":{"@id":"https:\/\/quehacerpolitico.mx\/?p=132076#primaryimage"},"thumbnailUrl":"https:\/\/quehacerpolitico.mx\/wp-content\/uploads\/2026\/09\/IMG_9872.webp","datePublished":"2026-09-03T03:06:22+00:00","dateModified":"2026-09-03T03:06:24+00:00","author":{"@id":"https:\/\/quehacerpolitico.mx\/#\/schema\/person\/496d8ad2d1d3f8036101dca7ee39e585"},"breadcrumb":{"@id":"https:\/\/quehacerpolitico.mx\/?p=132076#breadcrumb"},"inLanguage":"es","potentialAction":[{"@type":"ReadAction","target":["https:\/\/quehacerpolitico.mx\/?p=132076"]}]},{"@type":"ImageObject","inLanguage":"es","@id":"https:\/\/quehacerpolitico.mx\/?p=132076#primaryimage","url":"https:\/\/quehacerpolitico.mx\/wp-content\/uploads\/2026\/09\/IMG_9872.webp","contentUrl":"https:\/\/quehacerpolitico.mx\/wp-content\/uploads\/2026\/09\/IMG_9872.webp","width":1960,"height":1198},{"@type":"BreadcrumbList","@id":"https:\/\/quehacerpolitico.mx\/?p=132076#breadcrumb","itemListElement":[{"@type":"ListItem","position":1,"name":"Inicio","item":"https:\/\/quehacerpolitico.mx\/"},{"@type":"ListItem","position":2,"name":"Se registran fuertes lluvias en la CDMX; activan alerta amarilla en las 16 alcald\u00edas"}]},{"@type":"WebSite","@id":"https:\/\/quehacerpolitico.mx\/#website","url":"https:\/\/quehacerpolitico.mx\/","name":"","description":"","potentialAction":[{"@type":"SearchAction","target":{"@type":"EntryPoint","urlTemplate":"https:\/\/quehacerpolitico.mx\/?s={search_term_string}"},"query-input":{"@type":"PropertyValueSpecification","valueRequired":true,"valueName":"search_term_string"}}],"inLanguage":"es"},{"@type":"Person","@id":"https:\/\/quehacerpolitico.mx\/#\/schema\/person\/496d8ad2d1d3f8036101dca7ee39e585","name":"Redacci\u00f3n QP","image":{"@type":"ImageObject","inLanguage":"es","@id":"https:\/\/secure.gravatar.com\/avatar\/c7164ed6fdec453195284ad24a5ae5b6e1eed2b848477fa2a4787ba9adf39a41?s=96&d=mm&r=g","url":"https:\/\/secure.gravatar.com\/avatar\/c7164ed6fdec453195284ad24a5ae5b6e1eed2b848477fa2a4787ba9adf39a41?s=96&d=mm&r=g","contentUrl":"https:\/\/secure.gravatar.com\/avatar\/c7164ed6fdec453195284ad24a5ae5b6e1eed2b848477fa2a4787ba9adf39a41?s=96&d=mm&r=g","caption":"Redacci\u00f3n QP"},"url":"https:\/\/quehacerpolitico.mx\/?author=2"}]}},"featured_image_urls":{"full":["https:\/\/quehacerpolitico.mx\/wp-content\/uploads\/2026\/09\/IMG_9872.webp",1960,1198,false],"thumbnail":["https:\/\/quehacerpolitico.mx\/wp-content\/uploads\/2026\/09\/IMG_9872-150x150.webp",150,150,true],"medium":["https:\/\/quehacerpolitico.mx\/wp-content\/uploads\/2026\/09\/IMG_9872-300x183.webp",300,183,true],"medium_large":["https:\/\/quehacerpolitico.mx\/wp-content\/uploads\/2026\/09\/IMG_9872-768x469.webp",640,391,true],"large":["https:\/\/quehacerpolitico.mx\/wp-content\/uploads\/2026\/09\/IMG_9872-1024x626.webp",640,391,true],"1536x1536":["https:\/\/quehacerpolitico.mx\/wp-content\/uploads\/2026\/09\/IMG_9872-1536x939.webp",1536,939,true],"2048x2048":["https:\/\/quehacerpolitico.mx\/wp-content\/uploads\/2026\/09\/IMG_9872.webp",1960,1198,false],"covernews-featured":["https:\/\/quehacerpolitico.mx\/wp-content\/uploads\/2026\/09\/IMG_9872-1024x626.webp",1024,626,true],"covernews-medium":["https:\/\/quehacerpolitico.mx\/wp-content\/uploads\/2026\/09\/IMG_9872-540x340.webp",540,340,true]},"author_info":{"display_name":"Redacci\u00f3n QP","author_link":"https:\/\/quehacerpolitico.mx\/?author=2"},"category_info":"<a href=\"https:\/\/quehacerpolitico.mx\/?cat=55\" rel=\"category\">CDMX<\/a>","tag_info":"CDMX","comment_count":"0","_links":{"self":[{"href":"https:\/\/quehacerpolitico.mx\/index.php?rest_route=\/wp\/v2\/posts\/132076","targetHints":{"allow":["GET"]}}],"collection":[{"href":"https:\/\/quehacerpolitico.mx\/index.php?rest_route=\/wp\/v2\/posts"}],"about":[{"href":"https:\/\/quehacerpolitico.mx\/index.php?rest_route=\/wp\/v2\/types\/post"}],"author":[{"embeddable":true,"href":"https:\/\/quehacerpolitico.mx\/index.php?rest_route=\/wp\/v2\/users\/2"}],"replies":[{"embeddable":true,"href":"https:\/\/quehacerpolitico.mx\/index.php?rest_route=%2Fwp%2Fv2%2Fcomments&post=132076"}],"version-history":[{"count":1,"href":"https:\/\/quehacerpolitico.mx\/index.php?rest_route=\/wp\/v2\/posts\/132076\/revisions"}],"predecessor-version":[{"id":132078,"href":"https:\/\/quehacerpolitico.mx\/index.php?rest_route=\/wp\/v2\/posts\/132076\/revisions\/132078"}],"wp:featuredmedia":[{"embeddable":true,"href":"https:\/\/quehacerpolitico.mx\/index.php?rest_route=\/wp\/v2\/media\/132077"}],"wp:attachment":[{"href":"https:\/\/quehacerpolitico.mx\/index.php?rest_route=%2Fwp%2Fv2%2Fmedia&parent=132076"}],"wp:term":[{"taxonomy":"category","embeddable":true,"href":"https:\/\/quehacerpolitico.mx\/index.php?rest_route=%2Fwp%2Fv2%2Fcategories&post=132076"},{"taxonomy":"post_tag","embeddable":true,"href":"https:\/\/quehacerpolitico.mx\/index.php?rest_route=%2Fwp%2Fv2%2Ftags&post=132076"}],"curies":[{"name":"wp","href":"https:\/\/api.w.org\/{rel}","templated":true}]}}